{"id":10972,"date":"2023-11-16T17:14:42","date_gmt":"2023-11-16T20:14:42","guid":{"rendered":"https:\/\/brasilnoticias.org\/site\/?p=10972"},"modified":"2023-11-16T17:14:42","modified_gmt":"2023-11-16T20:14:42","slug":"rio-de-janeiro-atinge-sensacao-termica-acima-de-50c-antes-das-11h-da-manha","status":"publish","type":"post","link":"https:\/\/brasilnoticias.org\/site\/rio-de-janeiro-atinge-sensacao-termica-acima-de-50c-antes-das-11h-da-manha\/","title":{"rendered":"Rio de Janeiro atinge sensa\u00e7\u00e3o t\u00e9rmica acima de 50\u00b0C antes das 11h da manh\u00e3"},"content":{"rendered":"<p>A sensa\u00e7\u00e3o de 50,6\u00b0C, que leva em considera\u00e7\u00e3o a temperatura e a umidade do ar, foi aferida em Guaratiba, na zona oeste, \u00e0s 10h40<\/p>\n<p>A sensa\u00e7\u00e3o t\u00e9rmica na cidade do Rio de Janeiro voltou a superar os 50 graus Celsius (\u00b0C) na manh\u00e3 desta quinta-feira (16\/11), com a onda de calor que atinge boa parte do Brasil. A sensa\u00e7\u00e3o de 50,6\u00b0C, que leva em considera\u00e7\u00e3o a temperatura e a umidade do ar, foi aferida em Guaratiba, na zona oeste, \u00e0s 10h40. Nessa hora, a esta\u00e7\u00e3o de meteorologia do bairro marcava 41,4\u00b0C. As informa\u00e7\u00f5es s\u00e3o da Ag\u00eancia Brasil.<\/p>\n<p>Dia ap\u00f3s dia, o bairro da zona oeste do Rio de Janeiro tem registrado sensa\u00e7\u00f5es t\u00e9rmicas extremas, incluindo o recorde de 58,5\u00b0C da \u00faltima ter\u00e7a-feira (14). No feriado de 15 de novembro, a sensa\u00e7\u00e3o chegou a 55,6\u00b0C, \u00e0s 11h05.<\/p>\n<p>A previs\u00e3o do Sistema Alerta Rio, da Prefeitura do Rio de Janeiro, era de que a temperatura m\u00e1xima na cidade iria atingir os 41\u00b0C nesta quinta-feira, com a umidade do ar entre 21% e 30%. Essa temperatura, entretanto, j\u00e1 havia sido superada em Guaratiba antes das 11h da manh\u00e3.<\/p>\n<p>A onda de calor intensa que atinge principalmente o Centro-Oeste e o Sudeste do pa\u00eds \u00e9 influenciada pelo fen\u00f4meno El Ni\u00f1o, que ocorre de f\u00f3rmula particularmente intensa neste ano.<\/p>\n<p>Foto: Ilustrativa\/Pexels<br \/>\nAratu On<\/p>\n","protected":false},"excerpt":{"rendered":"<p>A sensa\u00e7\u00e3o de 50,6\u00b0C, que leva em considera\u00e7\u00e3o a temperatura e a umidade do ar, foi aferida em Guaratiba, na<\/p>\n","protected":false},"author":4,"featured_media":10973,"comment_status":"open","ping_status":"open","sticky":false,"template":"","format":"standard","meta":{"colormag_page_container_layout":"default_layout","colormag_page_sidebar_layout":"default_layout","_FSMCFIC_featured_image_caption":"","_FSMCFIC_featured_image_nocaption":"","_FSMCFIC_featured_image_hide":"","footnotes":""},"categories":[2,1],"tags":[],"class_list":["post-10972","post","type-post","status-publish","format-standard","has-post-thumbnail","hentry","category-noticias","category-ultimas"],"yoast_head":"<!-- This site is optimized with the Yoast SEO plugin v27.1.1 - https:\/\/yoast.com\/product\/yoast-seo-wordpress\/ -->\n<title>Rio de Janeiro atinge sensa\u00e7\u00e3o t\u00e9rmica acima de 50\u00b0C antes das 11h da manh\u00e3 - Brasil not\u00edcias<\/title>\n<meta name=\"robots\" content=\"index, follow, max-snippet:-1, max-image-preview:large, max-video-preview:-1\" \/>\n<link rel=\"canonical\" href=\"https:\/\/brasilnoticias.org\/site\/rio-de-janeiro-atinge-sensacao-termica-acima-de-50c-antes-das-11h-da-manha\/\" \/>\n<meta property=\"og:locale\" content=\"pt_PT\" \/>\n<meta property=\"og:type\" content=\"article\" \/>\n<meta property=\"og:title\" content=\"Rio de Janeiro atinge sensa\u00e7\u00e3o t\u00e9rmica acima de 50\u00b0C antes das 11h da manh\u00e3 - Brasil not\u00edcias\" \/>\n<meta property=\"og:description\" content=\"A sensa\u00e7\u00e3o de 50,6\u00b0C, que leva em considera\u00e7\u00e3o a temperatura e a umidade do ar, foi aferida em Guaratiba, na\" \/>\n<meta property=\"og:url\" content=\"https:\/\/brasilnoticias.org\/site\/rio-de-janeiro-atinge-sensacao-termica-acima-de-50c-antes-das-11h-da-manha\/\" \/>\n<meta property=\"og:site_name\" content=\"Brasil not\u00edcias\" \/>\n<meta property=\"article:published_time\" content=\"2023-11-16T20:14:42+00:00\" \/>\n<meta property=\"og:image\" content=\"https:\/\/brasilnoticias.org\/site\/wp-content\/uploads\/2023\/11\/pexels-monica-silvestre-1118877-740x470-1.jpg\" \/>\n\t<meta property=\"og:image:width\" content=\"740\" \/>\n\t<meta property=\"og:image:height\" content=\"470\" \/>\n\t<meta property=\"og:image:type\" content=\"image\/jpeg\" \/>\n<meta name=\"author\" content=\"Reda\u00e7\u00e3o\" \/>\n<meta name=\"twitter:card\" content=\"summary_large_image\" \/>\n<meta name=\"twitter:label1\" content=\"Escrito por\" \/>\n\t<meta name=\"twitter:data1\" content=\"Reda\u00e7\u00e3o\" \/>\n<script type=\"application\/ld+json\" class=\"yoast-schema-graph\">{\"@context\":\"https:\/\/schema.org\",\"@graph\":[{\"@type\":\"Article\",\"@id\":\"https:\/\/brasilnoticias.org\/site\/rio-de-janeiro-atinge-sensacao-termica-acima-de-50c-antes-das-11h-da-manha\/#article\",\"isPartOf\":{\"@id\":\"https:\/\/brasilnoticias.org\/site\/rio-de-janeiro-atinge-sensacao-termica-acima-de-50c-antes-das-11h-da-manha\/\"},\"author\":{\"name\":\"Reda\u00e7\u00e3o\",\"@id\":\"https:\/\/brasilnoticias.org\/site\/#\/schema\/person\/03bbbfe6c7634ad18c26444ea39049fa\"},\"headline\":\"Rio de Janeiro atinge sensa\u00e7\u00e3o t\u00e9rmica acima de 50\u00b0C antes das 11h da manh\u00e3\",\"datePublished\":\"2023-11-16T20:14:42+00:00\",\"mainEntityOfPage\":{\"@id\":\"https:\/\/brasilnoticias.org\/site\/rio-de-janeiro-atinge-sensacao-termica-acima-de-50c-antes-das-11h-da-manha\/\"},\"wordCount\":249,\"commentCount\":0,\"publisher\":{\"@id\":\"https:\/\/brasilnoticias.org\/site\/#organization\"},\"image\":{\"@id\":\"https:\/\/brasilnoticias.org\/site\/rio-de-janeiro-atinge-sensacao-termica-acima-de-50c-antes-das-11h-da-manha\/#primaryimage\"},\"thumbnailUrl\":\"https:\/\/brasilnoticias.org\/site\/wp-content\/uploads\/2023\/11\/pexels-monica-silvestre-1118877-740x470-1.jpg\",\"articleSection\":[\"Not\u00edcias\",\"\u00daltimas\"],\"inLanguage\":\"pt-PT\",\"potentialAction\":[{\"@type\":\"CommentAction\",\"name\":\"Comment\",\"target\":[\"https:\/\/brasilnoticias.org\/site\/rio-de-janeiro-atinge-sensacao-termica-acima-de-50c-antes-das-11h-da-manha\/#respond\"]}]},{\"@type\":\"WebPage\",\"@id\":\"https:\/\/brasilnoticias.org\/site\/rio-de-janeiro-atinge-sensacao-termica-acima-de-50c-antes-das-11h-da-manha\/\",\"url\":\"https:\/\/brasilnoticias.org\/site\/rio-de-janeiro-atinge-sensacao-termica-acima-de-50c-antes-das-11h-da-manha\/\",\"name\":\"Rio de Janeiro atinge sensa\u00e7\u00e3o t\u00e9rmica acima de 50\u00b0C antes das 11h da manh\u00e3 - Brasil not\u00edcias\",\"isPartOf\":{\"@id\":\"https:\/\/brasilnoticias.org\/site\/#website\"},\"primaryImageOfPage\":{\"@id\":\"https:\/\/brasilnoticias.org\/site\/rio-de-janeiro-atinge-sensacao-termica-acima-de-50c-antes-das-11h-da-manha\/#primaryimage\"},\"image\":{\"@id\":\"https:\/\/brasilnoticias.org\/site\/rio-de-janeiro-atinge-sensacao-termica-acima-de-50c-antes-das-11h-da-manha\/#primaryimage\"},\"thumbnailUrl\":\"https:\/\/brasilnoticias.org\/site\/wp-content\/uploads\/2023\/11\/pexels-monica-silvestre-1118877-740x470-1.jpg\",\"datePublished\":\"2023-11-16T20:14:42+00:00\",\"breadcrumb\":{\"@id\":\"https:\/\/brasilnoticias.org\/site\/rio-de-janeiro-atinge-sensacao-termica-acima-de-50c-antes-das-11h-da-manha\/#breadcrumb\"},\"inLanguage\":\"pt-PT\",\"potentialAction\":[{\"@type\":\"ReadAction\",\"target\":[\"https:\/\/brasilnoticias.org\/site\/rio-de-janeiro-atinge-sensacao-termica-acima-de-50c-antes-das-11h-da-manha\/\"]}]},{\"@type\":\"ImageObject\",\"inLanguage\":\"pt-PT\",\"@id\":\"https:\/\/brasilnoticias.org\/site\/rio-de-janeiro-atinge-sensacao-termica-acima-de-50c-antes-das-11h-da-manha\/#primaryimage\",\"url\":\"https:\/\/brasilnoticias.org\/site\/wp-content\/uploads\/2023\/11\/pexels-monica-silvestre-1118877-740x470-1.jpg\",\"contentUrl\":\"https:\/\/brasilnoticias.org\/site\/wp-content\/uploads\/2023\/11\/pexels-monica-silvestre-1118877-740x470-1.jpg\",\"width\":740,\"height\":470},{\"@type\":\"BreadcrumbList\",\"@id\":\"https:\/\/brasilnoticias.org\/site\/rio-de-janeiro-atinge-sensacao-termica-acima-de-50c-antes-das-11h-da-manha\/#breadcrumb\",\"itemListElement\":[{\"@type\":\"ListItem\",\"position\":1,\"name\":\"In\u00edcio\",\"item\":\"https:\/\/brasilnoticias.org\/site\/\"},{\"@type\":\"ListItem\",\"position\":2,\"name\":\"Rio de Janeiro atinge sensa\u00e7\u00e3o t\u00e9rmica acima de 50\u00b0C antes das 11h da manh\u00e3\"}]},{\"@type\":\"WebSite\",\"@id\":\"https:\/\/brasilnoticias.org\/site\/#website\",\"url\":\"https:\/\/brasilnoticias.org\/site\/\",\"name\":\"Brasil not\u00edcias\",\"description\":\"Brasil not\u00edcias\",\"publisher\":{\"@id\":\"https:\/\/brasilnoticias.org\/site\/#organization\"},\"potentialAction\":[{\"@type\":\"SearchAction\",\"target\":{\"@type\":\"EntryPoint\",\"urlTemplate\":\"https:\/\/brasilnoticias.org\/site\/?s={search_term_string}\"},\"query-input\":{\"@type\":\"PropertyValueSpecification\",\"valueRequired\":true,\"valueName\":\"search_term_string\"}}],\"inLanguage\":\"pt-PT\"},{\"@type\":\"Organization\",\"@id\":\"https:\/\/brasilnoticias.org\/site\/#organization\",\"name\":\"Brasil not\u00edcias\",\"url\":\"https:\/\/brasilnoticias.org\/site\/\",\"logo\":{\"@type\":\"ImageObject\",\"inLanguage\":\"pt-PT\",\"@id\":\"https:\/\/brasilnoticias.org\/site\/#\/schema\/logo\/image\/\",\"url\":\"https:\/\/brasilnoticias.org\/site\/wp-content\/uploads\/2022\/05\/cropped-brasilnoticias-mini.jpg\",\"contentUrl\":\"https:\/\/brasilnoticias.org\/site\/wp-content\/uploads\/2022\/05\/cropped-brasilnoticias-mini.jpg\",\"width\":314,\"height\":86,\"caption\":\"Brasil not\u00edcias\"},\"image\":{\"@id\":\"https:\/\/brasilnoticias.org\/site\/#\/schema\/logo\/image\/\"}},{\"@type\":\"Person\",\"@id\":\"https:\/\/brasilnoticias.org\/site\/#\/schema\/person\/03bbbfe6c7634ad18c26444ea39049fa\",\"name\":\"Reda\u00e7\u00e3o\",\"image\":{\"@type\":\"ImageObject\",\"inLanguage\":\"pt-PT\",\"@id\":\"https:\/\/brasilnoticias.org\/site\/#\/schema\/person\/image\/\",\"url\":\"https:\/\/secure.gravatar.com\/avatar\/9ecaf7327a696cb23ad926fedded5f1f04d7049de9e445375d55b48c001a6e42?s=96&d=mm&r=g\",\"contentUrl\":\"https:\/\/secure.gravatar.com\/avatar\/9ecaf7327a696cb23ad926fedded5f1f04d7049de9e445375d55b48c001a6e42?s=96&d=mm&r=g\",\"caption\":\"Reda\u00e7\u00e3o\"},\"url\":\"https:\/\/brasilnoticias.org\/site\/author\/henrique\/\"}]}<\/script>\n<!-- \/ Yoast SEO plugin. -->","yoast_head_json":{"title":"Rio de Janeiro atinge sensa\u00e7\u00e3o t\u00e9rmica acima de 50\u00b0C antes das 11h da manh\u00e3 - Brasil not\u00edcias","robots":{"index":"index","follow":"follow","max-snippet":"max-snippet:-1","max-image-preview":"max-image-preview:large","max-video-preview":"max-video-preview:-1"},"canonical":"https:\/\/brasilnoticias.org\/site\/rio-de-janeiro-atinge-sensacao-termica-acima-de-50c-antes-das-11h-da-manha\/","og_locale":"pt_PT","og_type":"article","og_title":"Rio de Janeiro atinge sensa\u00e7\u00e3o t\u00e9rmica acima de 50\u00b0C antes das 11h da manh\u00e3 - Brasil not\u00edcias","og_description":"A sensa\u00e7\u00e3o de 50,6\u00b0C, que leva em considera\u00e7\u00e3o a temperatura e a umidade do ar, foi aferida em Guaratiba, na","og_url":"https:\/\/brasilnoticias.org\/site\/rio-de-janeiro-atinge-sensacao-termica-acima-de-50c-antes-das-11h-da-manha\/","og_site_name":"Brasil not\u00edcias","article_published_time":"2023-11-16T20:14:42+00:00","og_image":[{"width":740,"height":470,"url":"https:\/\/brasilnoticias.org\/site\/wp-content\/uploads\/2023\/11\/pexels-monica-silvestre-1118877-740x470-1.jpg","type":"image\/jpeg"}],"author":"Reda\u00e7\u00e3o","twitter_card":"summary_large_image","twitter_misc":{"Escrito por":"Reda\u00e7\u00e3o"},"schema":{"@context":"https:\/\/schema.org","@graph":[{"@type":"Article","@id":"https:\/\/brasilnoticias.org\/site\/rio-de-janeiro-atinge-sensacao-termica-acima-de-50c-antes-das-11h-da-manha\/#article","isPartOf":{"@id":"https:\/\/brasilnoticias.org\/site\/rio-de-janeiro-atinge-sensacao-termica-acima-de-50c-antes-das-11h-da-manha\/"},"author":{"name":"Reda\u00e7\u00e3o","@id":"https:\/\/brasilnoticias.org\/site\/#\/schema\/person\/03bbbfe6c7634ad18c26444ea39049fa"},"headline":"Rio de Janeiro atinge sensa\u00e7\u00e3o t\u00e9rmica acima de 50\u00b0C antes das 11h da manh\u00e3","datePublished":"2023-11-16T20:14:42+00:00","mainEntityOfPage":{"@id":"https:\/\/brasilnoticias.org\/site\/rio-de-janeiro-atinge-sensacao-termica-acima-de-50c-antes-das-11h-da-manha\/"},"wordCount":249,"commentCount":0,"publisher":{"@id":"https:\/\/brasilnoticias.org\/site\/#organization"},"image":{"@id":"https:\/\/brasilnoticias.org\/site\/rio-de-janeiro-atinge-sensacao-termica-acima-de-50c-antes-das-11h-da-manha\/#primaryimage"},"thumbnailUrl":"https:\/\/brasilnoticias.org\/site\/wp-content\/uploads\/2023\/11\/pexels-monica-silvestre-1118877-740x470-1.jpg","articleSection":["Not\u00edcias","\u00daltimas"],"inLanguage":"pt-PT","potentialAction":[{"@type":"CommentAction","name":"Comment","target":["https:\/\/brasilnoticias.org\/site\/rio-de-janeiro-atinge-sensacao-termica-acima-de-50c-antes-das-11h-da-manha\/#respond"]}]},{"@type":"WebPage","@id":"https:\/\/brasilnoticias.org\/site\/rio-de-janeiro-atinge-sensacao-termica-acima-de-50c-antes-das-11h-da-manha\/","url":"https:\/\/brasilnoticias.org\/site\/rio-de-janeiro-atinge-sensacao-termica-acima-de-50c-antes-das-11h-da-manha\/","name":"Rio de Janeiro atinge sensa\u00e7\u00e3o t\u00e9rmica acima de 50\u00b0C antes das 11h da manh\u00e3 - Brasil not\u00edcias","isPartOf":{"@id":"https:\/\/brasilnoticias.org\/site\/#website"},"primaryImageOfPage":{"@id":"https:\/\/brasilnoticias.org\/site\/rio-de-janeiro-atinge-sensacao-termica-acima-de-50c-antes-das-11h-da-manha\/#primaryimage"},"image":{"@id":"https:\/\/brasilnoticias.org\/site\/rio-de-janeiro-atinge-sensacao-termica-acima-de-50c-antes-das-11h-da-manha\/#primaryimage"},"thumbnailUrl":"https:\/\/brasilnoticias.org\/site\/wp-content\/uploads\/2023\/11\/pexels-monica-silvestre-1118877-740x470-1.jpg","datePublished":"2023-11-16T20:14:42+00:00","breadcrumb":{"@id":"https:\/\/brasilnoticias.org\/site\/rio-de-janeiro-atinge-sensacao-termica-acima-de-50c-antes-das-11h-da-manha\/#breadcrumb"},"inLanguage":"pt-PT","potentialAction":[{"@type":"ReadAction","target":["https:\/\/brasilnoticias.org\/site\/rio-de-janeiro-atinge-sensacao-termica-acima-de-50c-antes-das-11h-da-manha\/"]}]},{"@type":"ImageObject","inLanguage":"pt-PT","@id":"https:\/\/brasilnoticias.org\/site\/rio-de-janeiro-atinge-sensacao-termica-acima-de-50c-antes-das-11h-da-manha\/#primaryimage","url":"https:\/\/brasilnoticias.org\/site\/wp-content\/uploads\/2023\/11\/pexels-monica-silvestre-1118877-740x470-1.jpg","contentUrl":"https:\/\/brasilnoticias.org\/site\/wp-content\/uploads\/2023\/11\/pexels-monica-silvestre-1118877-740x470-1.jpg","width":740,"height":470},{"@type":"BreadcrumbList","@id":"https:\/\/brasilnoticias.org\/site\/rio-de-janeiro-atinge-sensacao-termica-acima-de-50c-antes-das-11h-da-manha\/#breadcrumb","itemListElement":[{"@type":"ListItem","position":1,"name":"In\u00edcio","item":"https:\/\/brasilnoticias.org\/site\/"},{"@type":"ListItem","position":2,"name":"Rio de Janeiro atinge sensa\u00e7\u00e3o t\u00e9rmica acima de 50\u00b0C antes das 11h da manh\u00e3"}]},{"@type":"WebSite","@id":"https:\/\/brasilnoticias.org\/site\/#website","url":"https:\/\/brasilnoticias.org\/site\/","name":"Brasil not\u00edcias","description":"Brasil not\u00edcias","publisher":{"@id":"https:\/\/brasilnoticias.org\/site\/#organization"},"potentialAction":[{"@type":"SearchAction","target":{"@type":"EntryPoint","urlTemplate":"https:\/\/brasilnoticias.org\/site\/?s={search_term_string}"},"query-input":{"@type":"PropertyValueSpecification","valueRequired":true,"valueName":"search_term_string"}}],"inLanguage":"pt-PT"},{"@type":"Organization","@id":"https:\/\/brasilnoticias.org\/site\/#organization","name":"Brasil not\u00edcias","url":"https:\/\/brasilnoticias.org\/site\/","logo":{"@type":"ImageObject","inLanguage":"pt-PT","@id":"https:\/\/brasilnoticias.org\/site\/#\/schema\/logo\/image\/","url":"https:\/\/brasilnoticias.org\/site\/wp-content\/uploads\/2022\/05\/cropped-brasilnoticias-mini.jpg","contentUrl":"https:\/\/brasilnoticias.org\/site\/wp-content\/uploads\/2022\/05\/cropped-brasilnoticias-mini.jpg","width":314,"height":86,"caption":"Brasil not\u00edcias"},"image":{"@id":"https:\/\/brasilnoticias.org\/site\/#\/schema\/logo\/image\/"}},{"@type":"Person","@id":"https:\/\/brasilnoticias.org\/site\/#\/schema\/person\/03bbbfe6c7634ad18c26444ea39049fa","name":"Reda\u00e7\u00e3o","image":{"@type":"ImageObject","inLanguage":"pt-PT","@id":"https:\/\/brasilnoticias.org\/site\/#\/schema\/person\/image\/","url":"https:\/\/secure.gravatar.com\/avatar\/9ecaf7327a696cb23ad926fedded5f1f04d7049de9e445375d55b48c001a6e42?s=96&d=mm&r=g","contentUrl":"https:\/\/secure.gravatar.com\/avatar\/9ecaf7327a696cb23ad926fedded5f1f04d7049de9e445375d55b48c001a6e42?s=96&d=mm&r=g","caption":"Reda\u00e7\u00e3o"},"url":"https:\/\/brasilnoticias.org\/site\/author\/henrique\/"}]}},"_links":{"self":[{"href":"https:\/\/brasilnoticias.org\/site\/wp-json\/wp\/v2\/posts\/10972","targetHints":{"allow":["GET"]}}],"collection":[{"href":"https:\/\/brasilnoticias.org\/site\/wp-json\/wp\/v2\/posts"}],"about":[{"href":"https:\/\/brasilnoticias.org\/site\/wp-json\/wp\/v2\/types\/post"}],"author":[{"embeddable":true,"href":"https:\/\/brasilnoticias.org\/site\/wp-json\/wp\/v2\/users\/4"}],"replies":[{"embeddable":true,"href":"https:\/\/brasilnoticias.org\/site\/wp-json\/wp\/v2\/comments?post=10972"}],"version-history":[{"count":1,"href":"https:\/\/brasilnoticias.org\/site\/wp-json\/wp\/v2\/posts\/10972\/revisions"}],"predecessor-version":[{"id":10974,"href":"https:\/\/brasilnoticias.org\/site\/wp-json\/wp\/v2\/posts\/10972\/revisions\/10974"}],"wp:featuredmedia":[{"embeddable":true,"href":"https:\/\/brasilnoticias.org\/site\/wp-json\/wp\/v2\/media\/10973"}],"wp:attachment":[{"href":"https:\/\/brasilnoticias.org\/site\/wp-json\/wp\/v2\/media?parent=10972"}],"wp:term":[{"taxonomy":"category","embeddable":true,"href":"https:\/\/brasilnoticias.org\/site\/wp-json\/wp\/v2\/categories?post=10972"},{"taxonomy":"post_tag","embeddable":true,"href":"https:\/\/brasilnoticias.org\/site\/wp-json\/wp\/v2\/tags?post=10972"}],"curies":[{"name":"wp","href":"https:\/\/api.w.org\/{rel}","templated":true}]}}