{"id":10978,"date":"2023-11-16T17:30:11","date_gmt":"2023-11-16T20:30:11","guid":{"rendered":"https:\/\/brasilnoticias.org\/site\/?p=10978"},"modified":"2023-11-16T17:30:11","modified_gmt":"2023-11-16T20:30:11","slug":"vai-comprar-alguma-coisa-nessa-black-friday-conheca-os-direitos-do-consumidor","status":"publish","type":"post","link":"https:\/\/brasilnoticias.org\/site\/vai-comprar-alguma-coisa-nessa-black-friday-conheca-os-direitos-do-consumidor\/","title":{"rendered":"Vai comprar alguma coisa nessa Black Friday? Conhe\u00e7a os direitos do consumidor"},"content":{"rendered":"<p>Para te ajudar a se livrar de poss\u00edveis fraudes ou golpes, confira abaixo uma lista de direitos importantes para se ter em mente durante a Black Friday<\/p>\n<p>Conhecida por aquecer o com\u00e9rcio no final do ano e por ser um momento interessante para comprar produtos com descontos, a Black Friday \u00e9 uma data muito aguardada pelos consumidores. Mas, o que fazer se o produto vier com defeito? E o que pode ser feito caso o consumidor se arrependa da compra?<\/p>\n<p>O advogado e s\u00f3cio do escrit\u00f3rio Pedreira Franco e Advogados Associados, Paulo Andr\u00e9 Mettig Rocha, explica: \u201c\u00c9 poss\u00edvel aproveitar as promo\u00e7\u00f5es com seguran\u00e7a e sem preju\u00edzos. Planejamento, cuidado ao escolher o local da compra e conhecimento s\u00e3o os melhores aliados neste per\u00edodo de promo\u00e7\u00f5es\u201d.<\/p>\n<p>Para te ajudar a se livrar de poss\u00edveis fraudes ou golpes, confira, abaixo, uma lista de direitos importantes para se ter em mente durante a Black Friday, segundo o especialista:<\/p>\n<p>\u2013 Direito de arrependimento:<\/p>\n<p>Todo consumidor tem at\u00e9 7 dias a partir da contrata\u00e7\u00e3o ou do recebimento de um produto para desistir sem qualquer justificativa ou penaliza\u00e7\u00e3o de uma compra realizada fora do estabelecimento comercial, tal como ocorre nas compras pela internet, por telefone ou cat\u00e1logo. Se o consumidor entrar em contato com o fornecedor dentro do prazo informando que deseja devolver o produto, o comerciante dever\u00e1 indicar os meios para viabilizar a devolu\u00e7\u00e3o do produto, sem custos, assim como realizar a restitui\u00e7\u00e3o integral do valor pago.<\/p>\n<p>\u2013 Direito \u00e0 informa\u00e7\u00e3o:<\/p>\n<p>Previsto no C\u00f3digo de Defesa do Consumidor (CDC), o Princ\u00edpio da Informa\u00e7\u00e3o concede ao cliente o direito a receber do fornecedor uma informa\u00e7\u00e3o adequada e clara sobre os diferentes produtos e servi\u00e7os, sempre indicando as especifica\u00e7\u00f5es corretas sobre a quantidade, qualidade, composi\u00e7\u00e3o, caracter\u00edsticas, pre\u00e7o, dentre outros, sendo necess\u00e1rio, ainda, indicar eventuais riscos ou contraindica\u00e7\u00f5es relevantes.<\/p>\n<p>\u2013 Prote\u00e7\u00e3o contra a propaganda enganosa:<\/p>\n<p>A maquiagem de pre\u00e7os ou qualquer informa\u00e7\u00e3o capaz de induzir em erro o consumidor sobre diversos aspectos de um produto \u00e9 considerada uma manobra ilegal e caracteriza publicidade enganosa. Nestes casos, o consumidor pode requerer a rescis\u00e3o do contrato com a restitui\u00e7\u00e3o do valor pago de forma atualizada, al\u00e9m de eventuais perdas e danos, pode exigir o cumprimento for\u00e7ado da oferta, assim como a troca do produto ou que seja fornecido um servi\u00e7o equivalente.<\/p>\n<p>\u2013 Troca de produto com v\u00edcio aparente ou oculto:<\/p>\n<p>O consumidor que constatar qualquer defeito de fabrica\u00e7\u00e3o no produto pode reclamar dentro do prazo de 30 dias para produtos n\u00e3o dur\u00e1veis (perec\u00edveis) e 90 dias para produtos dur\u00e1veis. O fabricante ter\u00e1 um prazo de at\u00e9 30 dias para consert\u00e1-lo, sob pena de autorizar o consumidor a escolher entre receber o dinheiro de volta, solicitar o abatimento proporcional do pre\u00e7o pago ou trocar o produto por outro semelhante.<\/p>\n<p>\u2013 Proibi\u00e7\u00e3o de venda casada:<\/p>\n<p>O artigo 39 do CDC tamb\u00e9m pro\u00edbe \u201ccondicionar o fornecimento de produto ou de servi\u00e7o ao fornecimento de outro produto ou servi\u00e7o, bem como, sem justa causa, a limites quantitativos\u201d, ou seja, a conhecida venda casada, quando o lojista s\u00f3 permite a venda de um produto se o consumidor tamb\u00e9m adquirir outro.<\/p>\n<p>\u2013 Direito de pagar o menor valor anunciado:<\/p>\n<p>Caso o consumidor observe dois pre\u00e7os diferentes em etiquetas do mesmo produto, ele tem direito a pagar pelo menor pre\u00e7o anunciado. Isso tamb\u00e9m vale se, ao chegar no caixa de uma loja, o pre\u00e7o cobrado for superior ao que est\u00e1 registrado na etiqueta.<\/p>\n<p>\u2013 Cuidados que o consumidor deve adotar:<\/p>\n<p>Atualmente, \u00e9 recomend\u00e1vel que o consumidor n\u00e3o acesse links disponibilizados em redes sociais, j\u00e1 que podem ser p\u00e1ginas clonadas ou que viabilizam o furto de dados pessoais e banc\u00e1rios.<\/p>\n<p>\u201c\u00c9 importante que o consumidor esteja atento, ainda, \u00e0 credibilidade do fornecedor onde pretende realizar compras n\u00e3o presenciais, j\u00e1 que sem um cupom ou nota fiscal com a indica\u00e7\u00e3o no nome, CNPJ e endere\u00e7o da loja, al\u00e9m da descri\u00e7\u00e3o do produto, fica muito mais dif\u00edcil requerer uma indeniza\u00e7\u00e3o futura ou exigir o cumprimento de uma oferta enganosa, j\u00e1 que estas informa\u00e7\u00f5es s\u00e3o fundamentais para o ajuizamento de um processo\u201d, adverte o especialista.<\/p>\n<p>Teve algum desses problemas durante a Black Friday e n\u00e3o conseguiu resolver diretamente com o fornecedor? Ent\u00e3o, segundo o advogado, voc\u00ea pode registrar uma reclama\u00e7\u00e3o no Procon, no Reclame Aqui, ou buscar a orienta\u00e7\u00e3o de um advogado ou defensor p\u00fablico.<\/p>\n<p>Foto: Ilustrativa\/Pexels<br \/>\nAratu On<\/p>\n","protected":false},"excerpt":{"rendered":"<p>Para te ajudar a se livrar de poss\u00edveis fraudes ou golpes, confira abaixo uma lista de direitos importantes para se<\/p>\n","protected":false},"author":4,"featured_media":10979,"comment_status":"open","ping_status":"open","sticky":false,"template":"","format":"standard","meta":{"colormag_page_container_layout":"default_layout","colormag_page_sidebar_layout":"default_layout","_FSMCFIC_featured_image_caption":"","_FSMCFIC_featured_image_nocaption":"","_FSMCFIC_featured_image_hide":"","footnotes":""},"categories":[2,1],"tags":[],"class_list":["post-10978","post","type-post","status-publish","format-standard","has-post-thumbnail","hentry","category-noticias","category-ultimas"],"yoast_head":"<!-- This site is optimized with the Yoast SEO plugin v27.1.1 - https:\/\/yoast.com\/product\/yoast-seo-wordpress\/ -->\n<title>Vai comprar alguma coisa nessa Black Friday? Conhe\u00e7a os direitos do consumidor - Brasil not\u00edcias<\/title>\n<meta name=\"robots\" content=\"index, follow, max-snippet:-1, max-image-preview:large, max-video-preview:-1\" \/>\n<link rel=\"canonical\" href=\"https:\/\/brasilnoticias.org\/site\/vai-comprar-alguma-coisa-nessa-black-friday-conheca-os-direitos-do-consumidor\/\" \/>\n<meta property=\"og:locale\" content=\"pt_PT\" \/>\n<meta property=\"og:type\" content=\"article\" \/>\n<meta property=\"og:title\" content=\"Vai comprar alguma coisa nessa Black Friday? Conhe\u00e7a os direitos do consumidor - Brasil not\u00edcias\" \/>\n<meta property=\"og:description\" content=\"Para te ajudar a se livrar de poss\u00edveis fraudes ou golpes, confira abaixo uma lista de direitos importantes para se\" \/>\n<meta property=\"og:url\" content=\"https:\/\/brasilnoticias.org\/site\/vai-comprar-alguma-coisa-nessa-black-friday-conheca-os-direitos-do-consumidor\/\" \/>\n<meta property=\"og:site_name\" content=\"Brasil not\u00edcias\" \/>\n<meta property=\"article:published_time\" content=\"2023-11-16T20:30:11+00:00\" \/>\n<meta property=\"og:image\" content=\"https:\/\/brasilnoticias.org\/site\/wp-content\/uploads\/2023\/11\/pexels-max-fischer-5868272-740x470-1.jpg\" \/>\n\t<meta property=\"og:image:width\" content=\"740\" \/>\n\t<meta property=\"og:image:height\" content=\"470\" \/>\n\t<meta property=\"og:image:type\" content=\"image\/jpeg\" \/>\n<meta name=\"author\" content=\"Reda\u00e7\u00e3o\" \/>\n<meta name=\"twitter:card\" content=\"summary_large_image\" \/>\n<meta name=\"twitter:label1\" content=\"Escrito por\" \/>\n\t<meta name=\"twitter:data1\" content=\"Reda\u00e7\u00e3o\" \/>\n<script type=\"application\/ld+json\" class=\"yoast-schema-graph\">{\"@context\":\"https:\/\/schema.org\",\"@graph\":[{\"@type\":\"Article\",\"@id\":\"https:\/\/brasilnoticias.org\/site\/vai-comprar-alguma-coisa-nessa-black-friday-conheca-os-direitos-do-consumidor\/#article\",\"isPartOf\":{\"@id\":\"https:\/\/brasilnoticias.org\/site\/vai-comprar-alguma-coisa-nessa-black-friday-conheca-os-direitos-do-consumidor\/\"},\"author\":{\"name\":\"Reda\u00e7\u00e3o\",\"@id\":\"https:\/\/brasilnoticias.org\/site\/#\/schema\/person\/03bbbfe6c7634ad18c26444ea39049fa\"},\"headline\":\"Vai comprar alguma coisa nessa Black Friday? Conhe\u00e7a os direitos do consumidor\",\"datePublished\":\"2023-11-16T20:30:11+00:00\",\"mainEntityOfPage\":{\"@id\":\"https:\/\/brasilnoticias.org\/site\/vai-comprar-alguma-coisa-nessa-black-friday-conheca-os-direitos-do-consumidor\/\"},\"wordCount\":785,\"commentCount\":0,\"publisher\":{\"@id\":\"https:\/\/brasilnoticias.org\/site\/#organization\"},\"image\":{\"@id\":\"https:\/\/brasilnoticias.org\/site\/vai-comprar-alguma-coisa-nessa-black-friday-conheca-os-direitos-do-consumidor\/#primaryimage\"},\"thumbnailUrl\":\"https:\/\/brasilnoticias.org\/site\/wp-content\/uploads\/2023\/11\/pexels-max-fischer-5868272-740x470-1.jpg\",\"articleSection\":[\"Not\u00edcias\",\"\u00daltimas\"],\"inLanguage\":\"pt-PT\",\"potentialAction\":[{\"@type\":\"CommentAction\",\"name\":\"Comment\",\"target\":[\"https:\/\/brasilnoticias.org\/site\/vai-comprar-alguma-coisa-nessa-black-friday-conheca-os-direitos-do-consumidor\/#respond\"]}]},{\"@type\":\"WebPage\",\"@id\":\"https:\/\/brasilnoticias.org\/site\/vai-comprar-alguma-coisa-nessa-black-friday-conheca-os-direitos-do-consumidor\/\",\"url\":\"https:\/\/brasilnoticias.org\/site\/vai-comprar-alguma-coisa-nessa-black-friday-conheca-os-direitos-do-consumidor\/\",\"name\":\"Vai comprar alguma coisa nessa Black Friday? Conhe\u00e7a os direitos do consumidor - Brasil not\u00edcias\",\"isPartOf\":{\"@id\":\"https:\/\/brasilnoticias.org\/site\/#website\"},\"primaryImageOfPage\":{\"@id\":\"https:\/\/brasilnoticias.org\/site\/vai-comprar-alguma-coisa-nessa-black-friday-conheca-os-direitos-do-consumidor\/#primaryimage\"},\"image\":{\"@id\":\"https:\/\/brasilnoticias.org\/site\/vai-comprar-alguma-coisa-nessa-black-friday-conheca-os-direitos-do-consumidor\/#primaryimage\"},\"thumbnailUrl\":\"https:\/\/brasilnoticias.org\/site\/wp-content\/uploads\/2023\/11\/pexels-max-fischer-5868272-740x470-1.jpg\",\"datePublished\":\"2023-11-16T20:30:11+00:00\",\"breadcrumb\":{\"@id\":\"https:\/\/brasilnoticias.org\/site\/vai-comprar-alguma-coisa-nessa-black-friday-conheca-os-direitos-do-consumidor\/#breadcrumb\"},\"inLanguage\":\"pt-PT\",\"potentialAction\":[{\"@type\":\"ReadAction\",\"target\":[\"https:\/\/brasilnoticias.org\/site\/vai-comprar-alguma-coisa-nessa-black-friday-conheca-os-direitos-do-consumidor\/\"]}]},{\"@type\":\"ImageObject\",\"inLanguage\":\"pt-PT\",\"@id\":\"https:\/\/brasilnoticias.org\/site\/vai-comprar-alguma-coisa-nessa-black-friday-conheca-os-direitos-do-consumidor\/#primaryimage\",\"url\":\"https:\/\/brasilnoticias.org\/site\/wp-content\/uploads\/2023\/11\/pexels-max-fischer-5868272-740x470-1.jpg\",\"contentUrl\":\"https:\/\/brasilnoticias.org\/site\/wp-content\/uploads\/2023\/11\/pexels-max-fischer-5868272-740x470-1.jpg\",\"width\":740,\"height\":470},{\"@type\":\"BreadcrumbList\",\"@id\":\"https:\/\/brasilnoticias.org\/site\/vai-comprar-alguma-coisa-nessa-black-friday-conheca-os-direitos-do-consumidor\/#breadcrumb\",\"itemListElement\":[{\"@type\":\"ListItem\",\"position\":1,\"name\":\"In\u00edcio\",\"item\":\"https:\/\/brasilnoticias.org\/site\/\"},{\"@type\":\"ListItem\",\"position\":2,\"name\":\"Vai comprar alguma coisa nessa Black Friday? Conhe\u00e7a os direitos do consumidor\"}]},{\"@type\":\"WebSite\",\"@id\":\"https:\/\/brasilnoticias.org\/site\/#website\",\"url\":\"https:\/\/brasilnoticias.org\/site\/\",\"name\":\"Brasil not\u00edcias\",\"description\":\"Brasil not\u00edcias\",\"publisher\":{\"@id\":\"https:\/\/brasilnoticias.org\/site\/#organization\"},\"potentialAction\":[{\"@type\":\"SearchAction\",\"target\":{\"@type\":\"EntryPoint\",\"urlTemplate\":\"https:\/\/brasilnoticias.org\/site\/?s={search_term_string}\"},\"query-input\":{\"@type\":\"PropertyValueSpecification\",\"valueRequired\":true,\"valueName\":\"search_term_string\"}}],\"inLanguage\":\"pt-PT\"},{\"@type\":\"Organization\",\"@id\":\"https:\/\/brasilnoticias.org\/site\/#organization\",\"name\":\"Brasil not\u00edcias\",\"url\":\"https:\/\/brasilnoticias.org\/site\/\",\"logo\":{\"@type\":\"ImageObject\",\"inLanguage\":\"pt-PT\",\"@id\":\"https:\/\/brasilnoticias.org\/site\/#\/schema\/logo\/image\/\",\"url\":\"https:\/\/brasilnoticias.org\/site\/wp-content\/uploads\/2022\/05\/cropped-brasilnoticias-mini.jpg\",\"contentUrl\":\"https:\/\/brasilnoticias.org\/site\/wp-content\/uploads\/2022\/05\/cropped-brasilnoticias-mini.jpg\",\"width\":314,\"height\":86,\"caption\":\"Brasil not\u00edcias\"},\"image\":{\"@id\":\"https:\/\/brasilnoticias.org\/site\/#\/schema\/logo\/image\/\"}},{\"@type\":\"Person\",\"@id\":\"https:\/\/brasilnoticias.org\/site\/#\/schema\/person\/03bbbfe6c7634ad18c26444ea39049fa\",\"name\":\"Reda\u00e7\u00e3o\",\"image\":{\"@type\":\"ImageObject\",\"inLanguage\":\"pt-PT\",\"@id\":\"https:\/\/brasilnoticias.org\/site\/#\/schema\/person\/image\/\",\"url\":\"https:\/\/secure.gravatar.com\/avatar\/9ecaf7327a696cb23ad926fedded5f1f04d7049de9e445375d55b48c001a6e42?s=96&d=mm&r=g\",\"contentUrl\":\"https:\/\/secure.gravatar.com\/avatar\/9ecaf7327a696cb23ad926fedded5f1f04d7049de9e445375d55b48c001a6e42?s=96&d=mm&r=g\",\"caption\":\"Reda\u00e7\u00e3o\"},\"url\":\"https:\/\/brasilnoticias.org\/site\/author\/henrique\/\"}]}<\/script>\n<!-- \/ Yoast SEO plugin. -->","yoast_head_json":{"title":"Vai comprar alguma coisa nessa Black Friday? Conhe\u00e7a os direitos do consumidor - Brasil not\u00edcias","robots":{"index":"index","follow":"follow","max-snippet":"max-snippet:-1","max-image-preview":"max-image-preview:large","max-video-preview":"max-video-preview:-1"},"canonical":"https:\/\/brasilnoticias.org\/site\/vai-comprar-alguma-coisa-nessa-black-friday-conheca-os-direitos-do-consumidor\/","og_locale":"pt_PT","og_type":"article","og_title":"Vai comprar alguma coisa nessa Black Friday? Conhe\u00e7a os direitos do consumidor - Brasil not\u00edcias","og_description":"Para te ajudar a se livrar de poss\u00edveis fraudes ou golpes, confira abaixo uma lista de direitos importantes para se","og_url":"https:\/\/brasilnoticias.org\/site\/vai-comprar-alguma-coisa-nessa-black-friday-conheca-os-direitos-do-consumidor\/","og_site_name":"Brasil not\u00edcias","article_published_time":"2023-11-16T20:30:11+00:00","og_image":[{"width":740,"height":470,"url":"https:\/\/brasilnoticias.org\/site\/wp-content\/uploads\/2023\/11\/pexels-max-fischer-5868272-740x470-1.jpg","type":"image\/jpeg"}],"author":"Reda\u00e7\u00e3o","twitter_card":"summary_large_image","twitter_misc":{"Escrito por":"Reda\u00e7\u00e3o"},"schema":{"@context":"https:\/\/schema.org","@graph":[{"@type":"Article","@id":"https:\/\/brasilnoticias.org\/site\/vai-comprar-alguma-coisa-nessa-black-friday-conheca-os-direitos-do-consumidor\/#article","isPartOf":{"@id":"https:\/\/brasilnoticias.org\/site\/vai-comprar-alguma-coisa-nessa-black-friday-conheca-os-direitos-do-consumidor\/"},"author":{"name":"Reda\u00e7\u00e3o","@id":"https:\/\/brasilnoticias.org\/site\/#\/schema\/person\/03bbbfe6c7634ad18c26444ea39049fa"},"headline":"Vai comprar alguma coisa nessa Black Friday? Conhe\u00e7a os direitos do consumidor","datePublished":"2023-11-16T20:30:11+00:00","mainEntityOfPage":{"@id":"https:\/\/brasilnoticias.org\/site\/vai-comprar-alguma-coisa-nessa-black-friday-conheca-os-direitos-do-consumidor\/"},"wordCount":785,"commentCount":0,"publisher":{"@id":"https:\/\/brasilnoticias.org\/site\/#organization"},"image":{"@id":"https:\/\/brasilnoticias.org\/site\/vai-comprar-alguma-coisa-nessa-black-friday-conheca-os-direitos-do-consumidor\/#primaryimage"},"thumbnailUrl":"https:\/\/brasilnoticias.org\/site\/wp-content\/uploads\/2023\/11\/pexels-max-fischer-5868272-740x470-1.jpg","articleSection":["Not\u00edcias","\u00daltimas"],"inLanguage":"pt-PT","potentialAction":[{"@type":"CommentAction","name":"Comment","target":["https:\/\/brasilnoticias.org\/site\/vai-comprar-alguma-coisa-nessa-black-friday-conheca-os-direitos-do-consumidor\/#respond"]}]},{"@type":"WebPage","@id":"https:\/\/brasilnoticias.org\/site\/vai-comprar-alguma-coisa-nessa-black-friday-conheca-os-direitos-do-consumidor\/","url":"https:\/\/brasilnoticias.org\/site\/vai-comprar-alguma-coisa-nessa-black-friday-conheca-os-direitos-do-consumidor\/","name":"Vai comprar alguma coisa nessa Black Friday? Conhe\u00e7a os direitos do consumidor - Brasil not\u00edcias","isPartOf":{"@id":"https:\/\/brasilnoticias.org\/site\/#website"},"primaryImageOfPage":{"@id":"https:\/\/brasilnoticias.org\/site\/vai-comprar-alguma-coisa-nessa-black-friday-conheca-os-direitos-do-consumidor\/#primaryimage"},"image":{"@id":"https:\/\/brasilnoticias.org\/site\/vai-comprar-alguma-coisa-nessa-black-friday-conheca-os-direitos-do-consumidor\/#primaryimage"},"thumbnailUrl":"https:\/\/brasilnoticias.org\/site\/wp-content\/uploads\/2023\/11\/pexels-max-fischer-5868272-740x470-1.jpg","datePublished":"2023-11-16T20:30:11+00:00","breadcrumb":{"@id":"https:\/\/brasilnoticias.org\/site\/vai-comprar-alguma-coisa-nessa-black-friday-conheca-os-direitos-do-consumidor\/#breadcrumb"},"inLanguage":"pt-PT","potentialAction":[{"@type":"ReadAction","target":["https:\/\/brasilnoticias.org\/site\/vai-comprar-alguma-coisa-nessa-black-friday-conheca-os-direitos-do-consumidor\/"]}]},{"@type":"ImageObject","inLanguage":"pt-PT","@id":"https:\/\/brasilnoticias.org\/site\/vai-comprar-alguma-coisa-nessa-black-friday-conheca-os-direitos-do-consumidor\/#primaryimage","url":"https:\/\/brasilnoticias.org\/site\/wp-content\/uploads\/2023\/11\/pexels-max-fischer-5868272-740x470-1.jpg","contentUrl":"https:\/\/brasilnoticias.org\/site\/wp-content\/uploads\/2023\/11\/pexels-max-fischer-5868272-740x470-1.jpg","width":740,"height":470},{"@type":"BreadcrumbList","@id":"https:\/\/brasilnoticias.org\/site\/vai-comprar-alguma-coisa-nessa-black-friday-conheca-os-direitos-do-consumidor\/#breadcrumb","itemListElement":[{"@type":"ListItem","position":1,"name":"In\u00edcio","item":"https:\/\/brasilnoticias.org\/site\/"},{"@type":"ListItem","position":2,"name":"Vai comprar alguma coisa nessa Black Friday? Conhe\u00e7a os direitos do consumidor"}]},{"@type":"WebSite","@id":"https:\/\/brasilnoticias.org\/site\/#website","url":"https:\/\/brasilnoticias.org\/site\/","name":"Brasil not\u00edcias","description":"Brasil not\u00edcias","publisher":{"@id":"https:\/\/brasilnoticias.org\/site\/#organization"},"potentialAction":[{"@type":"SearchAction","target":{"@type":"EntryPoint","urlTemplate":"https:\/\/brasilnoticias.org\/site\/?s={search_term_string}"},"query-input":{"@type":"PropertyValueSpecification","valueRequired":true,"valueName":"search_term_string"}}],"inLanguage":"pt-PT"},{"@type":"Organization","@id":"https:\/\/brasilnoticias.org\/site\/#organization","name":"Brasil not\u00edcias","url":"https:\/\/brasilnoticias.org\/site\/","logo":{"@type":"ImageObject","inLanguage":"pt-PT","@id":"https:\/\/brasilnoticias.org\/site\/#\/schema\/logo\/image\/","url":"https:\/\/brasilnoticias.org\/site\/wp-content\/uploads\/2022\/05\/cropped-brasilnoticias-mini.jpg","contentUrl":"https:\/\/brasilnoticias.org\/site\/wp-content\/uploads\/2022\/05\/cropped-brasilnoticias-mini.jpg","width":314,"height":86,"caption":"Brasil not\u00edcias"},"image":{"@id":"https:\/\/brasilnoticias.org\/site\/#\/schema\/logo\/image\/"}},{"@type":"Person","@id":"https:\/\/brasilnoticias.org\/site\/#\/schema\/person\/03bbbfe6c7634ad18c26444ea39049fa","name":"Reda\u00e7\u00e3o","image":{"@type":"ImageObject","inLanguage":"pt-PT","@id":"https:\/\/brasilnoticias.org\/site\/#\/schema\/person\/image\/","url":"https:\/\/secure.gravatar.com\/avatar\/9ecaf7327a696cb23ad926fedded5f1f04d7049de9e445375d55b48c001a6e42?s=96&d=mm&r=g","contentUrl":"https:\/\/secure.gravatar.com\/avatar\/9ecaf7327a696cb23ad926fedded5f1f04d7049de9e445375d55b48c001a6e42?s=96&d=mm&r=g","caption":"Reda\u00e7\u00e3o"},"url":"https:\/\/brasilnoticias.org\/site\/author\/henrique\/"}]}},"_links":{"self":[{"href":"https:\/\/brasilnoticias.org\/site\/wp-json\/wp\/v2\/posts\/10978","targetHints":{"allow":["GET"]}}],"collection":[{"href":"https:\/\/brasilnoticias.org\/site\/wp-json\/wp\/v2\/posts"}],"about":[{"href":"https:\/\/brasilnoticias.org\/site\/wp-json\/wp\/v2\/types\/post"}],"author":[{"embeddable":true,"href":"https:\/\/brasilnoticias.org\/site\/wp-json\/wp\/v2\/users\/4"}],"replies":[{"embeddable":true,"href":"https:\/\/brasilnoticias.org\/site\/wp-json\/wp\/v2\/comments?post=10978"}],"version-history":[{"count":1,"href":"https:\/\/brasilnoticias.org\/site\/wp-json\/wp\/v2\/posts\/10978\/revisions"}],"predecessor-version":[{"id":10980,"href":"https:\/\/brasilnoticias.org\/site\/wp-json\/wp\/v2\/posts\/10978\/revisions\/10980"}],"wp:featuredmedia":[{"embeddable":true,"href":"https:\/\/brasilnoticias.org\/site\/wp-json\/wp\/v2\/media\/10979"}],"wp:attachment":[{"href":"https:\/\/brasilnoticias.org\/site\/wp-json\/wp\/v2\/media?parent=10978"}],"wp:term":[{"taxonomy":"category","embeddable":true,"href":"https:\/\/brasilnoticias.org\/site\/wp-json\/wp\/v2\/categories?post=10978"},{"taxonomy":"post_tag","embeddable":true,"href":"https:\/\/brasilnoticias.org\/site\/wp-json\/wp\/v2\/tags?post=10978"}],"curies":[{"name":"wp","href":"https:\/\/api.w.org\/{rel}","templated":true}]}}