{"id":10981,"date":"2023-11-16T17:31:27","date_gmt":"2023-11-16T20:31:27","guid":{"rendered":"https:\/\/brasilnoticias.org\/site\/?p=10981"},"modified":"2023-11-16T17:31:27","modified_gmt":"2023-11-16T20:31:27","slug":"influenciadora-baiana-morre-por-complicacoes-de-anemia-falciforme-salvador-e-recorde-de-casos-no-brasil","status":"publish","type":"post","link":"https:\/\/brasilnoticias.org\/site\/influenciadora-baiana-morre-por-complicacoes-de-anemia-falciforme-salvador-e-recorde-de-casos-no-brasil\/","title":{"rendered":"Influenciadora baiana morre por complica\u00e7\u00f5es de anemia falciforme; Salvador \u00e9 recorde de casos no Brasil"},"content":{"rendered":"<p>Ontem (15\/11), a equipe de Jeane informou, nas redes sociais da influenciadora, que ela estava impossibilitada de usar o celular e produzir conte\u00fado, e pediu ora\u00e7\u00f5es<\/p>\n<p>A influenciadora digital de moda, casa e beleza, Jeane Passos, de 34 anos, faleceu por conta de complica\u00e7\u00f5es da anemia falciforme. A informa\u00e7\u00e3o foi confirmada pela equipe da influencer nesta quinta-feira (16\/11).<\/p>\n<p>Ontem (15\/11), a equipe de Jeane informou, pelas redes sociais da blogueira, que ela estava impossibilitada de usar o celular e produzir conte\u00fado, e pediu ora\u00e7\u00f5es.<\/p>\n<p>\u201cVenho por meio dessa nota, por respeito aos seguidores e parceiros, comunicar que Jeane est\u00e1 internada por complica\u00e7\u00f5es de anemia falciforme. Neste momento, ela est\u00e1 impossibilitada de acessar o celular. Pe\u00e7o ora\u00e7\u00f5es por ela, para que Deus restaure a sua vida\u201c, disse a publica\u00e7\u00e3o.<\/p>\n<p>O vel\u00f3rio de Jeane ser\u00e1 realizado no Cemit\u00e9rio Bosque da Paz, nesta quinta-feira (16), \u00e0s 15h15. O sepultamento est\u00e1 marcado para as 17h.<\/p>\n<p>Salvador \u00e9 a cidade com maior n\u00famero de casos de anemia falciforme do pa\u00eds. Segundo um levantamento feito pelo Minist\u00e9rio da Sa\u00fade, a 650 beb\u00eas que nascem, um tem a doen\u00e7a, o que representa, em m\u00e9dia, 65 doentes no ano. No restante do Brasil, a m\u00e9dia \u00e9 de um beb\u00ea a cada 1 mil nascimentos.<\/p>\n<p>Foto: Redes Sociais<br \/>\nAratu On<\/p>\n","protected":false},"excerpt":{"rendered":"<p>Ontem (15\/11), a equipe de Jeane informou, nas redes sociais da influenciadora, que ela estava impossibilitada de usar o celular<\/p>\n","protected":false},"author":4,"featured_media":10982,"comment_status":"open","ping_status":"open","sticky":false,"template":"","format":"standard","meta":{"colormag_page_container_layout":"default_layout","colormag_page_sidebar_layout":"default_layout","_FSMCFIC_featured_image_caption":"","_FSMCFIC_featured_image_nocaption":"","_FSMCFIC_featured_image_hide":"","footnotes":""},"categories":[2,1],"tags":[],"class_list":["post-10981","post","type-post","status-publish","format-standard","has-post-thumbnail","hentry","category-noticias","category-ultimas"],"yoast_head":"<!-- This site is optimized with the Yoast SEO plugin v27.1.1 - https:\/\/yoast.com\/product\/yoast-seo-wordpress\/ -->\n<title>Influenciadora baiana morre por complica\u00e7\u00f5es de anemia falciforme; Salvador \u00e9 recorde de casos no Brasil - Brasil not\u00edcias<\/title>\n<meta name=\"robots\" content=\"index, follow, max-snippet:-1, max-image-preview:large, max-video-preview:-1\" \/>\n<link rel=\"canonical\" href=\"https:\/\/brasilnoticias.org\/site\/influenciadora-baiana-morre-por-complicacoes-de-anemia-falciforme-salvador-e-recorde-de-casos-no-brasil\/\" \/>\n<meta property=\"og:locale\" content=\"pt_PT\" \/>\n<meta property=\"og:type\" content=\"article\" \/>\n<meta property=\"og:title\" content=\"Influenciadora baiana morre por complica\u00e7\u00f5es de anemia falciforme; Salvador \u00e9 recorde de casos no Brasil - Brasil not\u00edcias\" \/>\n<meta property=\"og:description\" content=\"Ontem (15\/11), a equipe de Jeane informou, nas redes sociais da influenciadora, que ela estava impossibilitada de usar o celular\" \/>\n<meta property=\"og:url\" content=\"https:\/\/brasilnoticias.org\/site\/influenciadora-baiana-morre-por-complicacoes-de-anemia-falciforme-salvador-e-recorde-de-casos-no-brasil\/\" \/>\n<meta property=\"og:site_name\" content=\"Brasil not\u00edcias\" \/>\n<meta property=\"article:published_time\" content=\"2023-11-16T20:31:27+00:00\" \/>\n<meta property=\"og:image\" content=\"https:\/\/brasilnoticias.org\/site\/wp-content\/uploads\/2023\/11\/WhatsApp-Image-2023-11-16-at-14.34.28-740x470-1.jpeg\" \/>\n\t<meta property=\"og:image:width\" content=\"740\" \/>\n\t<meta property=\"og:image:height\" content=\"470\" \/>\n\t<meta property=\"og:image:type\" content=\"image\/jpeg\" \/>\n<meta name=\"author\" content=\"Reda\u00e7\u00e3o\" \/>\n<meta name=\"twitter:card\" content=\"summary_large_image\" \/>\n<meta name=\"twitter:label1\" content=\"Escrito por\" \/>\n\t<meta name=\"twitter:data1\" content=\"Reda\u00e7\u00e3o\" \/>\n<script type=\"application\/ld+json\" class=\"yoast-schema-graph\">{\"@context\":\"https:\/\/schema.org\",\"@graph\":[{\"@type\":\"Article\",\"@id\":\"https:\/\/brasilnoticias.org\/site\/influenciadora-baiana-morre-por-complicacoes-de-anemia-falciforme-salvador-e-recorde-de-casos-no-brasil\/#article\",\"isPartOf\":{\"@id\":\"https:\/\/brasilnoticias.org\/site\/influenciadora-baiana-morre-por-complicacoes-de-anemia-falciforme-salvador-e-recorde-de-casos-no-brasil\/\"},\"author\":{\"name\":\"Reda\u00e7\u00e3o\",\"@id\":\"https:\/\/brasilnoticias.org\/site\/#\/schema\/person\/03bbbfe6c7634ad18c26444ea39049fa\"},\"headline\":\"Influenciadora baiana morre por complica\u00e7\u00f5es de anemia falciforme; Salvador \u00e9 recorde de casos no Brasil\",\"datePublished\":\"2023-11-16T20:31:27+00:00\",\"mainEntityOfPage\":{\"@id\":\"https:\/\/brasilnoticias.org\/site\/influenciadora-baiana-morre-por-complicacoes-de-anemia-falciforme-salvador-e-recorde-de-casos-no-brasil\/\"},\"wordCount\":236,\"commentCount\":0,\"publisher\":{\"@id\":\"https:\/\/brasilnoticias.org\/site\/#organization\"},\"image\":{\"@id\":\"https:\/\/brasilnoticias.org\/site\/influenciadora-baiana-morre-por-complicacoes-de-anemia-falciforme-salvador-e-recorde-de-casos-no-brasil\/#primaryimage\"},\"thumbnailUrl\":\"https:\/\/brasilnoticias.org\/site\/wp-content\/uploads\/2023\/11\/WhatsApp-Image-2023-11-16-at-14.34.28-740x470-1.jpeg\",\"articleSection\":[\"Not\u00edcias\",\"\u00daltimas\"],\"inLanguage\":\"pt-PT\",\"potentialAction\":[{\"@type\":\"CommentAction\",\"name\":\"Comment\",\"target\":[\"https:\/\/brasilnoticias.org\/site\/influenciadora-baiana-morre-por-complicacoes-de-anemia-falciforme-salvador-e-recorde-de-casos-no-brasil\/#respond\"]}]},{\"@type\":\"WebPage\",\"@id\":\"https:\/\/brasilnoticias.org\/site\/influenciadora-baiana-morre-por-complicacoes-de-anemia-falciforme-salvador-e-recorde-de-casos-no-brasil\/\",\"url\":\"https:\/\/brasilnoticias.org\/site\/influenciadora-baiana-morre-por-complicacoes-de-anemia-falciforme-salvador-e-recorde-de-casos-no-brasil\/\",\"name\":\"Influenciadora baiana morre por complica\u00e7\u00f5es de anemia falciforme; Salvador \u00e9 recorde de casos no Brasil - Brasil not\u00edcias\",\"isPartOf\":{\"@id\":\"https:\/\/brasilnoticias.org\/site\/#website\"},\"primaryImageOfPage\":{\"@id\":\"https:\/\/brasilnoticias.org\/site\/influenciadora-baiana-morre-por-complicacoes-de-anemia-falciforme-salvador-e-recorde-de-casos-no-brasil\/#primaryimage\"},\"image\":{\"@id\":\"https:\/\/brasilnoticias.org\/site\/influenciadora-baiana-morre-por-complicacoes-de-anemia-falciforme-salvador-e-recorde-de-casos-no-brasil\/#primaryimage\"},\"thumbnailUrl\":\"https:\/\/brasilnoticias.org\/site\/wp-content\/uploads\/2023\/11\/WhatsApp-Image-2023-11-16-at-14.34.28-740x470-1.jpeg\",\"datePublished\":\"2023-11-16T20:31:27+00:00\",\"breadcrumb\":{\"@id\":\"https:\/\/brasilnoticias.org\/site\/influenciadora-baiana-morre-por-complicacoes-de-anemia-falciforme-salvador-e-recorde-de-casos-no-brasil\/#breadcrumb\"},\"inLanguage\":\"pt-PT\",\"potentialAction\":[{\"@type\":\"ReadAction\",\"target\":[\"https:\/\/brasilnoticias.org\/site\/influenciadora-baiana-morre-por-complicacoes-de-anemia-falciforme-salvador-e-recorde-de-casos-no-brasil\/\"]}]},{\"@type\":\"ImageObject\",\"inLanguage\":\"pt-PT\",\"@id\":\"https:\/\/brasilnoticias.org\/site\/influenciadora-baiana-morre-por-complicacoes-de-anemia-falciforme-salvador-e-recorde-de-casos-no-brasil\/#primaryimage\",\"url\":\"https:\/\/brasilnoticias.org\/site\/wp-content\/uploads\/2023\/11\/WhatsApp-Image-2023-11-16-at-14.34.28-740x470-1.jpeg\",\"contentUrl\":\"https:\/\/brasilnoticias.org\/site\/wp-content\/uploads\/2023\/11\/WhatsApp-Image-2023-11-16-at-14.34.28-740x470-1.jpeg\",\"width\":740,\"height\":470},{\"@type\":\"BreadcrumbList\",\"@id\":\"https:\/\/brasilnoticias.org\/site\/influenciadora-baiana-morre-por-complicacoes-de-anemia-falciforme-salvador-e-recorde-de-casos-no-brasil\/#breadcrumb\",\"itemListElement\":[{\"@type\":\"ListItem\",\"position\":1,\"name\":\"In\u00edcio\",\"item\":\"https:\/\/brasilnoticias.org\/site\/\"},{\"@type\":\"ListItem\",\"position\":2,\"name\":\"Influenciadora baiana morre por complica\u00e7\u00f5es de anemia falciforme; Salvador \u00e9 recorde de casos no Brasil\"}]},{\"@type\":\"WebSite\",\"@id\":\"https:\/\/brasilnoticias.org\/site\/#website\",\"url\":\"https:\/\/brasilnoticias.org\/site\/\",\"name\":\"Brasil not\u00edcias\",\"description\":\"Brasil not\u00edcias\",\"publisher\":{\"@id\":\"https:\/\/brasilnoticias.org\/site\/#organization\"},\"potentialAction\":[{\"@type\":\"SearchAction\",\"target\":{\"@type\":\"EntryPoint\",\"urlTemplate\":\"https:\/\/brasilnoticias.org\/site\/?s={search_term_string}\"},\"query-input\":{\"@type\":\"PropertyValueSpecification\",\"valueRequired\":true,\"valueName\":\"search_term_string\"}}],\"inLanguage\":\"pt-PT\"},{\"@type\":\"Organization\",\"@id\":\"https:\/\/brasilnoticias.org\/site\/#organization\",\"name\":\"Brasil not\u00edcias\",\"url\":\"https:\/\/brasilnoticias.org\/site\/\",\"logo\":{\"@type\":\"ImageObject\",\"inLanguage\":\"pt-PT\",\"@id\":\"https:\/\/brasilnoticias.org\/site\/#\/schema\/logo\/image\/\",\"url\":\"https:\/\/brasilnoticias.org\/site\/wp-content\/uploads\/2022\/05\/cropped-brasilnoticias-mini.jpg\",\"contentUrl\":\"https:\/\/brasilnoticias.org\/site\/wp-content\/uploads\/2022\/05\/cropped-brasilnoticias-mini.jpg\",\"width\":314,\"height\":86,\"caption\":\"Brasil not\u00edcias\"},\"image\":{\"@id\":\"https:\/\/brasilnoticias.org\/site\/#\/schema\/logo\/image\/\"}},{\"@type\":\"Person\",\"@id\":\"https:\/\/brasilnoticias.org\/site\/#\/schema\/person\/03bbbfe6c7634ad18c26444ea39049fa\",\"name\":\"Reda\u00e7\u00e3o\",\"image\":{\"@type\":\"ImageObject\",\"inLanguage\":\"pt-PT\",\"@id\":\"https:\/\/brasilnoticias.org\/site\/#\/schema\/person\/image\/\",\"url\":\"https:\/\/secure.gravatar.com\/avatar\/9ecaf7327a696cb23ad926fedded5f1f04d7049de9e445375d55b48c001a6e42?s=96&d=mm&r=g\",\"contentUrl\":\"https:\/\/secure.gravatar.com\/avatar\/9ecaf7327a696cb23ad926fedded5f1f04d7049de9e445375d55b48c001a6e42?s=96&d=mm&r=g\",\"caption\":\"Reda\u00e7\u00e3o\"},\"url\":\"https:\/\/brasilnoticias.org\/site\/author\/henrique\/\"}]}<\/script>\n<!-- \/ Yoast SEO plugin. -->","yoast_head_json":{"title":"Influenciadora baiana morre por complica\u00e7\u00f5es de anemia falciforme; Salvador \u00e9 recorde de casos no Brasil - Brasil not\u00edcias","robots":{"index":"index","follow":"follow","max-snippet":"max-snippet:-1","max-image-preview":"max-image-preview:large","max-video-preview":"max-video-preview:-1"},"canonical":"https:\/\/brasilnoticias.org\/site\/influenciadora-baiana-morre-por-complicacoes-de-anemia-falciforme-salvador-e-recorde-de-casos-no-brasil\/","og_locale":"pt_PT","og_type":"article","og_title":"Influenciadora baiana morre por complica\u00e7\u00f5es de anemia falciforme; Salvador \u00e9 recorde de casos no Brasil - Brasil not\u00edcias","og_description":"Ontem (15\/11), a equipe de Jeane informou, nas redes sociais da influenciadora, que ela estava impossibilitada de usar o celular","og_url":"https:\/\/brasilnoticias.org\/site\/influenciadora-baiana-morre-por-complicacoes-de-anemia-falciforme-salvador-e-recorde-de-casos-no-brasil\/","og_site_name":"Brasil not\u00edcias","article_published_time":"2023-11-16T20:31:27+00:00","og_image":[{"width":740,"height":470,"url":"https:\/\/brasilnoticias.org\/site\/wp-content\/uploads\/2023\/11\/WhatsApp-Image-2023-11-16-at-14.34.28-740x470-1.jpeg","type":"image\/jpeg"}],"author":"Reda\u00e7\u00e3o","twitter_card":"summary_large_image","twitter_misc":{"Escrito por":"Reda\u00e7\u00e3o"},"schema":{"@context":"https:\/\/schema.org","@graph":[{"@type":"Article","@id":"https:\/\/brasilnoticias.org\/site\/influenciadora-baiana-morre-por-complicacoes-de-anemia-falciforme-salvador-e-recorde-de-casos-no-brasil\/#article","isPartOf":{"@id":"https:\/\/brasilnoticias.org\/site\/influenciadora-baiana-morre-por-complicacoes-de-anemia-falciforme-salvador-e-recorde-de-casos-no-brasil\/"},"author":{"name":"Reda\u00e7\u00e3o","@id":"https:\/\/brasilnoticias.org\/site\/#\/schema\/person\/03bbbfe6c7634ad18c26444ea39049fa"},"headline":"Influenciadora baiana morre por complica\u00e7\u00f5es de anemia falciforme; Salvador \u00e9 recorde de casos no Brasil","datePublished":"2023-11-16T20:31:27+00:00","mainEntityOfPage":{"@id":"https:\/\/brasilnoticias.org\/site\/influenciadora-baiana-morre-por-complicacoes-de-anemia-falciforme-salvador-e-recorde-de-casos-no-brasil\/"},"wordCount":236,"commentCount":0,"publisher":{"@id":"https:\/\/brasilnoticias.org\/site\/#organization"},"image":{"@id":"https:\/\/brasilnoticias.org\/site\/influenciadora-baiana-morre-por-complicacoes-de-anemia-falciforme-salvador-e-recorde-de-casos-no-brasil\/#primaryimage"},"thumbnailUrl":"https:\/\/brasilnoticias.org\/site\/wp-content\/uploads\/2023\/11\/WhatsApp-Image-2023-11-16-at-14.34.28-740x470-1.jpeg","articleSection":["Not\u00edcias","\u00daltimas"],"inLanguage":"pt-PT","potentialAction":[{"@type":"CommentAction","name":"Comment","target":["https:\/\/brasilnoticias.org\/site\/influenciadora-baiana-morre-por-complicacoes-de-anemia-falciforme-salvador-e-recorde-de-casos-no-brasil\/#respond"]}]},{"@type":"WebPage","@id":"https:\/\/brasilnoticias.org\/site\/influenciadora-baiana-morre-por-complicacoes-de-anemia-falciforme-salvador-e-recorde-de-casos-no-brasil\/","url":"https:\/\/brasilnoticias.org\/site\/influenciadora-baiana-morre-por-complicacoes-de-anemia-falciforme-salvador-e-recorde-de-casos-no-brasil\/","name":"Influenciadora baiana morre por complica\u00e7\u00f5es de anemia falciforme; Salvador \u00e9 recorde de casos no Brasil - Brasil not\u00edcias","isPartOf":{"@id":"https:\/\/brasilnoticias.org\/site\/#website"},"primaryImageOfPage":{"@id":"https:\/\/brasilnoticias.org\/site\/influenciadora-baiana-morre-por-complicacoes-de-anemia-falciforme-salvador-e-recorde-de-casos-no-brasil\/#primaryimage"},"image":{"@id":"https:\/\/brasilnoticias.org\/site\/influenciadora-baiana-morre-por-complicacoes-de-anemia-falciforme-salvador-e-recorde-de-casos-no-brasil\/#primaryimage"},"thumbnailUrl":"https:\/\/brasilnoticias.org\/site\/wp-content\/uploads\/2023\/11\/WhatsApp-Image-2023-11-16-at-14.34.28-740x470-1.jpeg","datePublished":"2023-11-16T20:31:27+00:00","breadcrumb":{"@id":"https:\/\/brasilnoticias.org\/site\/influenciadora-baiana-morre-por-complicacoes-de-anemia-falciforme-salvador-e-recorde-de-casos-no-brasil\/#breadcrumb"},"inLanguage":"pt-PT","potentialAction":[{"@type":"ReadAction","target":["https:\/\/brasilnoticias.org\/site\/influenciadora-baiana-morre-por-complicacoes-de-anemia-falciforme-salvador-e-recorde-de-casos-no-brasil\/"]}]},{"@type":"ImageObject","inLanguage":"pt-PT","@id":"https:\/\/brasilnoticias.org\/site\/influenciadora-baiana-morre-por-complicacoes-de-anemia-falciforme-salvador-e-recorde-de-casos-no-brasil\/#primaryimage","url":"https:\/\/brasilnoticias.org\/site\/wp-content\/uploads\/2023\/11\/WhatsApp-Image-2023-11-16-at-14.34.28-740x470-1.jpeg","contentUrl":"https:\/\/brasilnoticias.org\/site\/wp-content\/uploads\/2023\/11\/WhatsApp-Image-2023-11-16-at-14.34.28-740x470-1.jpeg","width":740,"height":470},{"@type":"BreadcrumbList","@id":"https:\/\/brasilnoticias.org\/site\/influenciadora-baiana-morre-por-complicacoes-de-anemia-falciforme-salvador-e-recorde-de-casos-no-brasil\/#breadcrumb","itemListElement":[{"@type":"ListItem","position":1,"name":"In\u00edcio","item":"https:\/\/brasilnoticias.org\/site\/"},{"@type":"ListItem","position":2,"name":"Influenciadora baiana morre por complica\u00e7\u00f5es de anemia falciforme; Salvador \u00e9 recorde de casos no Brasil"}]},{"@type":"WebSite","@id":"https:\/\/brasilnoticias.org\/site\/#website","url":"https:\/\/brasilnoticias.org\/site\/","name":"Brasil not\u00edcias","description":"Brasil not\u00edcias","publisher":{"@id":"https:\/\/brasilnoticias.org\/site\/#organization"},"potentialAction":[{"@type":"SearchAction","target":{"@type":"EntryPoint","urlTemplate":"https:\/\/brasilnoticias.org\/site\/?s={search_term_string}"},"query-input":{"@type":"PropertyValueSpecification","valueRequired":true,"valueName":"search_term_string"}}],"inLanguage":"pt-PT"},{"@type":"Organization","@id":"https:\/\/brasilnoticias.org\/site\/#organization","name":"Brasil not\u00edcias","url":"https:\/\/brasilnoticias.org\/site\/","logo":{"@type":"ImageObject","inLanguage":"pt-PT","@id":"https:\/\/brasilnoticias.org\/site\/#\/schema\/logo\/image\/","url":"https:\/\/brasilnoticias.org\/site\/wp-content\/uploads\/2022\/05\/cropped-brasilnoticias-mini.jpg","contentUrl":"https:\/\/brasilnoticias.org\/site\/wp-content\/uploads\/2022\/05\/cropped-brasilnoticias-mini.jpg","width":314,"height":86,"caption":"Brasil not\u00edcias"},"image":{"@id":"https:\/\/brasilnoticias.org\/site\/#\/schema\/logo\/image\/"}},{"@type":"Person","@id":"https:\/\/brasilnoticias.org\/site\/#\/schema\/person\/03bbbfe6c7634ad18c26444ea39049fa","name":"Reda\u00e7\u00e3o","image":{"@type":"ImageObject","inLanguage":"pt-PT","@id":"https:\/\/brasilnoticias.org\/site\/#\/schema\/person\/image\/","url":"https:\/\/secure.gravatar.com\/avatar\/9ecaf7327a696cb23ad926fedded5f1f04d7049de9e445375d55b48c001a6e42?s=96&d=mm&r=g","contentUrl":"https:\/\/secure.gravatar.com\/avatar\/9ecaf7327a696cb23ad926fedded5f1f04d7049de9e445375d55b48c001a6e42?s=96&d=mm&r=g","caption":"Reda\u00e7\u00e3o"},"url":"https:\/\/brasilnoticias.org\/site\/author\/henrique\/"}]}},"_links":{"self":[{"href":"https:\/\/brasilnoticias.org\/site\/wp-json\/wp\/v2\/posts\/10981","targetHints":{"allow":["GET"]}}],"collection":[{"href":"https:\/\/brasilnoticias.org\/site\/wp-json\/wp\/v2\/posts"}],"about":[{"href":"https:\/\/brasilnoticias.org\/site\/wp-json\/wp\/v2\/types\/post"}],"author":[{"embeddable":true,"href":"https:\/\/brasilnoticias.org\/site\/wp-json\/wp\/v2\/users\/4"}],"replies":[{"embeddable":true,"href":"https:\/\/brasilnoticias.org\/site\/wp-json\/wp\/v2\/comments?post=10981"}],"version-history":[{"count":1,"href":"https:\/\/brasilnoticias.org\/site\/wp-json\/wp\/v2\/posts\/10981\/revisions"}],"predecessor-version":[{"id":10983,"href":"https:\/\/brasilnoticias.org\/site\/wp-json\/wp\/v2\/posts\/10981\/revisions\/10983"}],"wp:featuredmedia":[{"embeddable":true,"href":"https:\/\/brasilnoticias.org\/site\/wp-json\/wp\/v2\/media\/10982"}],"wp:attachment":[{"href":"https:\/\/brasilnoticias.org\/site\/wp-json\/wp\/v2\/media?parent=10981"}],"wp:term":[{"taxonomy":"category","embeddable":true,"href":"https:\/\/brasilnoticias.org\/site\/wp-json\/wp\/v2\/categories?post=10981"},{"taxonomy":"post_tag","embeddable":true,"href":"https:\/\/brasilnoticias.org\/site\/wp-json\/wp\/v2\/tags?post=10981"}],"curies":[{"name":"wp","href":"https:\/\/api.w.org\/{rel}","templated":true}]}}