{"id":10984,"date":"2023-11-16T17:33:16","date_gmt":"2023-11-16T20:33:16","guid":{"rendered":"https:\/\/brasilnoticias.org\/site\/?p=10984"},"modified":"2023-11-16T17:33:16","modified_gmt":"2023-11-16T20:33:16","slug":"traficantes-de-drogas-sao-culpados-pela-morte-de-mae-bernadete-indica-policia-6-homens-foram-indiciados","status":"publish","type":"post","link":"https:\/\/brasilnoticias.org\/site\/traficantes-de-drogas-sao-culpados-pela-morte-de-mae-bernadete-indica-policia-6-homens-foram-indiciados\/","title":{"rendered":"Traficantes de drogas s\u00e3o culpados pela morte de M\u00e3e Bernadete, indica pol\u00edcia; 6 homens foram indiciados"},"content":{"rendered":"<p>Ialorix\u00e1 e l\u00edder quilombola sofreu 25 tiros em casa, todos ouvidos pelos netos que estavam no quarto ao lado do crime<\/p>\n<p>Seis homens est\u00e3o sendo indiciados por participa\u00e7\u00e3o direta e indireta no morte da l\u00edder quilombola Bernadete Pac\u00edfico, morta em agosto na localidade do Quilombo das Pitangueiras, no munic\u00edpio de Sim\u00f5es Filho, na Regi\u00e3o Metropolitana de Salvador.<\/p>\n<p>S\u00e3o eles: o madeireiro ilegal S\u00e9rgio Ferreira de Jesus, o interceptador Carlos Gyodai e os membros de uma fac\u00e7\u00e3o criminosa Arielson da Concei\u00e7\u00e3o Santos, Mar\u00edlio dos Santos, Ydney Carlos dos Santos de Jesus e Josevan Dion\u00edsio dos Santos. S\u00e9rgio, Gyodai e Arielson est\u00e3o presos. Os demais est\u00e3o foragidos.<\/p>\n<p>Segundo as investiga\u00e7\u00f5es da Pol\u00edcia Civil, Bernadete teria se oposto \u00e0 extra\u00e7\u00e3o de madeira ilegal realizada por S\u00e9rgio Ferreira de Jesus, de 45 anos, amigo pr\u00f3ximo de traficantes que comandam o tr\u00e1fico em regi\u00f5es pr\u00f3ximas ao quilombo.<\/p>\n<p>Segundo o Minist\u00e9rio P\u00fablico (PM-BA), S\u00e9rgio teria comunicado a duas lideran\u00e7as do tr\u00e1fico de drogas locais:  Mar\u00edlio dos Santos, 34 anos, vulgo \u201cMaquinista\u201d, e Ydney Carlos dos Santos de Jesus, 28 anos, vulgo \u201cCaf\u00e9\u201d. No momento de contato entre o madeireiro e os criminosos, ele teria afirmado que Bernadete teria prometido chamar policiais para o entorno da comunidade, com a promessa de prender e barrar o com\u00e9rcio de il\u00edcitos na regi\u00e3o.<\/p>\n<p>Somado a isso, os traficantes estavam prestes a abrirem um bar dentro do quilombo, que seria utilizado para o com\u00e9rcio das drogas e a realiza\u00e7\u00e3o de festas do tipo \u201cpared\u00e3o\u201d. Com isso, a presen\u00e7a de mais pol\u00edcias no local poderia impedir o plano do grupo.<\/p>\n<p>Vale ressaltar que, apura\u00e7\u00e3o do Aratu On, feita em setembro, deu conta de que uma casa que ficava em frente ao local onde a Ialorix\u00e1 foi morta era utilizada como dep\u00f3sito de armas para o crime organizado.<\/p>\n<p>Em posse de uma poss\u00edvel interven\u00e7\u00e3o da PM, que teria sido pedida por Bernadete, \u201cCaf\u00e9\u201d e \u201cMaquinista\u201d deram a ordem para que Arielson da Concei\u00e7\u00e3o Santos, 24 anos e Josevan Dion\u00edsio dos Santos, 26, vulgo \u201cBuzui\u201d fossem at\u00e9 a casa da v\u00edtima a p\u00e9, em posses de duas pistolas para que cometessem o homic\u00eddio. Ao todo, todos os quatro envolvidos integram a mesma fac\u00e7\u00e3o criminosa.<\/p>\n<p>Ainda conforme as investiga\u00e7\u00f5es, partiu de S\u00e9rgio, o madeireiro ilegal, a ordem do momento exato e mais oportuno para que os executores pudessem agir sem ser pegos. No dia do crime, M\u00e3e Bernadete sofreu com 25 disparos de arma de fogo em casa, morrendo no local.<\/p>\n<p>As armas usadas foram entregues a um sexto rapaz, indicado pelo nome do interceptador Carlos Gyodai, 47 anos. O MP pediu a pris\u00e3o preventiva de Ydney de Jesus. Mar\u00edlio, que possui quatro mandados de pris\u00e3o em aberto, e Josevam. Ambos est\u00e3o foragidos. Al\u00e9m deles, Arielson e S\u00e9rgio j\u00e1 est\u00e3o presos.<\/p>\n<p>Ao todo, 80 oitivas, 20 pris\u00f5es cautelares foram deferidas pelo MP e 14 laudos periciais, al\u00e9m de 17 relat\u00f3rios t\u00e9cnicos e de investiga\u00e7\u00e3o foram produzidos pelo inqu\u00e9rito. A conclus\u00e3o oficial indiciou os cinco citados pelos crimes de homic\u00eddio triplamente qualificado, motivo torpe, recurso que dificulta ou impossibilita a defesa e emprego de arma de fogo de uso restrito. J\u00e1 Gyodai, que recebeu as armas e auxiliou na fuga de Arielson, foi preso no munic\u00edpio de Ara\u00e7as.<\/p>\n<p>Sobre uma poss\u00edvel rela\u00e7\u00e3o entre as mortes da Ialorix\u00e1 e seu filho, Binho do Quilombo, ocorrida em 2017, a Pol\u00edcia Civil afirmou que a investiga\u00e7\u00e3o do rapaz segue em sigilo total pela Pol\u00edcia Federal. Somado a isso, os investigares se colocaram \u00e0 disposi\u00e7\u00e3o dos agentes da federa\u00e7\u00e3o para disponibilizarem as pe\u00e7as do inqu\u00e9rito de Bernadete para que compusessem suas investiga\u00e7\u00f5es.<\/p>\n<p>OUTRAS INVESTIGA\u00c7\u00d5ES<\/p>\n<p>Ainda conforme a Pol\u00edcia Civil, o caso ainda segue sendo investigado, por\u00e9m, por outras vertentes. Segundo Helo\u00edsa Brito, coordenadora geral da entidade, outros dois inqu\u00e9ritos que tangem Bernadete buscam elucidar a situa\u00e7\u00e3o do tr\u00e1fico de drogas em Sim\u00f5es Filho e os conflitos fundi\u00e1rios, ou seja, por terras, que ocorrem na cidade e no quilombo.<\/p>\n<p>Foto: Arquivo Pessoal<br \/>\nAratu On<\/p>\n","protected":false},"excerpt":{"rendered":"<p>Ialorix\u00e1 e l\u00edder quilombola sofreu 25 tiros em casa, todos ouvidos pelos netos que estavam no quarto ao lado do<\/p>\n","protected":false},"author":4,"featured_media":10985,"comment_status":"open","ping_status":"open","sticky":false,"template":"","format":"standard","meta":{"colormag_page_container_layout":"default_layout","colormag_page_sidebar_layout":"default_layout","_FSMCFIC_featured_image_caption":"","_FSMCFIC_featured_image_nocaption":"","_FSMCFIC_featured_image_hide":"","footnotes":""},"categories":[1],"tags":[],"class_list":["post-10984","post","type-post","status-publish","format-standard","has-post-thumbnail","hentry","category-ultimas"],"yoast_head":"<!-- This site is optimized with the Yoast SEO plugin v27.1.1 - https:\/\/yoast.com\/product\/yoast-seo-wordpress\/ -->\n<title>Traficantes de drogas s\u00e3o culpados pela morte de M\u00e3e Bernadete, indica pol\u00edcia; 6 homens foram indiciados - Brasil not\u00edcias<\/title>\n<meta name=\"robots\" content=\"index, follow, max-snippet:-1, max-image-preview:large, max-video-preview:-1\" \/>\n<link rel=\"canonical\" href=\"https:\/\/brasilnoticias.org\/site\/traficantes-de-drogas-sao-culpados-pela-morte-de-mae-bernadete-indica-policia-6-homens-foram-indiciados\/\" \/>\n<meta property=\"og:locale\" content=\"pt_PT\" \/>\n<meta property=\"og:type\" content=\"article\" \/>\n<meta property=\"og:title\" content=\"Traficantes de drogas s\u00e3o culpados pela morte de M\u00e3e Bernadete, indica pol\u00edcia; 6 homens foram indiciados - Brasil not\u00edcias\" \/>\n<meta property=\"og:description\" content=\"Ialorix\u00e1 e l\u00edder quilombola sofreu 25 tiros em casa, todos ouvidos pelos netos que estavam no quarto ao lado do\" \/>\n<meta property=\"og:url\" content=\"https:\/\/brasilnoticias.org\/site\/traficantes-de-drogas-sao-culpados-pela-morte-de-mae-bernadete-indica-policia-6-homens-foram-indiciados\/\" \/>\n<meta property=\"og:site_name\" content=\"Brasil not\u00edcias\" \/>\n<meta property=\"article:published_time\" content=\"2023-11-16T20:33:16+00:00\" \/>\n<meta property=\"og:image\" content=\"https:\/\/brasilnoticias.org\/site\/wp-content\/uploads\/2023\/11\/Mae-Bernadete-TV-aratu.jpg\" \/>\n\t<meta property=\"og:image:width\" content=\"740\" \/>\n\t<meta property=\"og:image:height\" content=\"470\" \/>\n\t<meta property=\"og:image:type\" content=\"image\/jpeg\" \/>\n<meta name=\"author\" content=\"Reda\u00e7\u00e3o\" \/>\n<meta name=\"twitter:card\" content=\"summary_large_image\" \/>\n<meta name=\"twitter:label1\" content=\"Escrito por\" \/>\n\t<meta name=\"twitter:data1\" content=\"Reda\u00e7\u00e3o\" \/>\n<script type=\"application\/ld+json\" class=\"yoast-schema-graph\">{\"@context\":\"https:\/\/schema.org\",\"@graph\":[{\"@type\":\"Article\",\"@id\":\"https:\/\/brasilnoticias.org\/site\/traficantes-de-drogas-sao-culpados-pela-morte-de-mae-bernadete-indica-policia-6-homens-foram-indiciados\/#article\",\"isPartOf\":{\"@id\":\"https:\/\/brasilnoticias.org\/site\/traficantes-de-drogas-sao-culpados-pela-morte-de-mae-bernadete-indica-policia-6-homens-foram-indiciados\/\"},\"author\":{\"name\":\"Reda\u00e7\u00e3o\",\"@id\":\"https:\/\/brasilnoticias.org\/site\/#\/schema\/person\/03bbbfe6c7634ad18c26444ea39049fa\"},\"headline\":\"Traficantes de drogas s\u00e3o culpados pela morte de M\u00e3e Bernadete, indica pol\u00edcia; 6 homens foram indiciados\",\"datePublished\":\"2023-11-16T20:33:16+00:00\",\"mainEntityOfPage\":{\"@id\":\"https:\/\/brasilnoticias.org\/site\/traficantes-de-drogas-sao-culpados-pela-morte-de-mae-bernadete-indica-policia-6-homens-foram-indiciados\/\"},\"wordCount\":743,\"commentCount\":0,\"publisher\":{\"@id\":\"https:\/\/brasilnoticias.org\/site\/#organization\"},\"image\":{\"@id\":\"https:\/\/brasilnoticias.org\/site\/traficantes-de-drogas-sao-culpados-pela-morte-de-mae-bernadete-indica-policia-6-homens-foram-indiciados\/#primaryimage\"},\"thumbnailUrl\":\"https:\/\/brasilnoticias.org\/site\/wp-content\/uploads\/2023\/11\/Mae-Bernadete-TV-aratu.jpg\",\"articleSection\":[\"\u00daltimas\"],\"inLanguage\":\"pt-PT\",\"potentialAction\":[{\"@type\":\"CommentAction\",\"name\":\"Comment\",\"target\":[\"https:\/\/brasilnoticias.org\/site\/traficantes-de-drogas-sao-culpados-pela-morte-de-mae-bernadete-indica-policia-6-homens-foram-indiciados\/#respond\"]}]},{\"@type\":\"WebPage\",\"@id\":\"https:\/\/brasilnoticias.org\/site\/traficantes-de-drogas-sao-culpados-pela-morte-de-mae-bernadete-indica-policia-6-homens-foram-indiciados\/\",\"url\":\"https:\/\/brasilnoticias.org\/site\/traficantes-de-drogas-sao-culpados-pela-morte-de-mae-bernadete-indica-policia-6-homens-foram-indiciados\/\",\"name\":\"Traficantes de drogas s\u00e3o culpados pela morte de M\u00e3e Bernadete, indica pol\u00edcia; 6 homens foram indiciados - Brasil not\u00edcias\",\"isPartOf\":{\"@id\":\"https:\/\/brasilnoticias.org\/site\/#website\"},\"primaryImageOfPage\":{\"@id\":\"https:\/\/brasilnoticias.org\/site\/traficantes-de-drogas-sao-culpados-pela-morte-de-mae-bernadete-indica-policia-6-homens-foram-indiciados\/#primaryimage\"},\"image\":{\"@id\":\"https:\/\/brasilnoticias.org\/site\/traficantes-de-drogas-sao-culpados-pela-morte-de-mae-bernadete-indica-policia-6-homens-foram-indiciados\/#primaryimage\"},\"thumbnailUrl\":\"https:\/\/brasilnoticias.org\/site\/wp-content\/uploads\/2023\/11\/Mae-Bernadete-TV-aratu.jpg\",\"datePublished\":\"2023-11-16T20:33:16+00:00\",\"breadcrumb\":{\"@id\":\"https:\/\/brasilnoticias.org\/site\/traficantes-de-drogas-sao-culpados-pela-morte-de-mae-bernadete-indica-policia-6-homens-foram-indiciados\/#breadcrumb\"},\"inLanguage\":\"pt-PT\",\"potentialAction\":[{\"@type\":\"ReadAction\",\"target\":[\"https:\/\/brasilnoticias.org\/site\/traficantes-de-drogas-sao-culpados-pela-morte-de-mae-bernadete-indica-policia-6-homens-foram-indiciados\/\"]}]},{\"@type\":\"ImageObject\",\"inLanguage\":\"pt-PT\",\"@id\":\"https:\/\/brasilnoticias.org\/site\/traficantes-de-drogas-sao-culpados-pela-morte-de-mae-bernadete-indica-policia-6-homens-foram-indiciados\/#primaryimage\",\"url\":\"https:\/\/brasilnoticias.org\/site\/wp-content\/uploads\/2023\/11\/Mae-Bernadete-TV-aratu.jpg\",\"contentUrl\":\"https:\/\/brasilnoticias.org\/site\/wp-content\/uploads\/2023\/11\/Mae-Bernadete-TV-aratu.jpg\",\"width\":740,\"height\":470},{\"@type\":\"BreadcrumbList\",\"@id\":\"https:\/\/brasilnoticias.org\/site\/traficantes-de-drogas-sao-culpados-pela-morte-de-mae-bernadete-indica-policia-6-homens-foram-indiciados\/#breadcrumb\",\"itemListElement\":[{\"@type\":\"ListItem\",\"position\":1,\"name\":\"In\u00edcio\",\"item\":\"https:\/\/brasilnoticias.org\/site\/\"},{\"@type\":\"ListItem\",\"position\":2,\"name\":\"Traficantes de drogas s\u00e3o culpados pela morte de M\u00e3e Bernadete, indica pol\u00edcia; 6 homens foram indiciados\"}]},{\"@type\":\"WebSite\",\"@id\":\"https:\/\/brasilnoticias.org\/site\/#website\",\"url\":\"https:\/\/brasilnoticias.org\/site\/\",\"name\":\"Brasil not\u00edcias\",\"description\":\"Brasil not\u00edcias\",\"publisher\":{\"@id\":\"https:\/\/brasilnoticias.org\/site\/#organization\"},\"potentialAction\":[{\"@type\":\"SearchAction\",\"target\":{\"@type\":\"EntryPoint\",\"urlTemplate\":\"https:\/\/brasilnoticias.org\/site\/?s={search_term_string}\"},\"query-input\":{\"@type\":\"PropertyValueSpecification\",\"valueRequired\":true,\"valueName\":\"search_term_string\"}}],\"inLanguage\":\"pt-PT\"},{\"@type\":\"Organization\",\"@id\":\"https:\/\/brasilnoticias.org\/site\/#organization\",\"name\":\"Brasil not\u00edcias\",\"url\":\"https:\/\/brasilnoticias.org\/site\/\",\"logo\":{\"@type\":\"ImageObject\",\"inLanguage\":\"pt-PT\",\"@id\":\"https:\/\/brasilnoticias.org\/site\/#\/schema\/logo\/image\/\",\"url\":\"https:\/\/brasilnoticias.org\/site\/wp-content\/uploads\/2022\/05\/cropped-brasilnoticias-mini.jpg\",\"contentUrl\":\"https:\/\/brasilnoticias.org\/site\/wp-content\/uploads\/2022\/05\/cropped-brasilnoticias-mini.jpg\",\"width\":314,\"height\":86,\"caption\":\"Brasil not\u00edcias\"},\"image\":{\"@id\":\"https:\/\/brasilnoticias.org\/site\/#\/schema\/logo\/image\/\"}},{\"@type\":\"Person\",\"@id\":\"https:\/\/brasilnoticias.org\/site\/#\/schema\/person\/03bbbfe6c7634ad18c26444ea39049fa\",\"name\":\"Reda\u00e7\u00e3o\",\"image\":{\"@type\":\"ImageObject\",\"inLanguage\":\"pt-PT\",\"@id\":\"https:\/\/brasilnoticias.org\/site\/#\/schema\/person\/image\/\",\"url\":\"https:\/\/secure.gravatar.com\/avatar\/9ecaf7327a696cb23ad926fedded5f1f04d7049de9e445375d55b48c001a6e42?s=96&d=mm&r=g\",\"contentUrl\":\"https:\/\/secure.gravatar.com\/avatar\/9ecaf7327a696cb23ad926fedded5f1f04d7049de9e445375d55b48c001a6e42?s=96&d=mm&r=g\",\"caption\":\"Reda\u00e7\u00e3o\"},\"url\":\"https:\/\/brasilnoticias.org\/site\/author\/henrique\/\"}]}<\/script>\n<!-- \/ Yoast SEO plugin. -->","yoast_head_json":{"title":"Traficantes de drogas s\u00e3o culpados pela morte de M\u00e3e Bernadete, indica pol\u00edcia; 6 homens foram indiciados - Brasil not\u00edcias","robots":{"index":"index","follow":"follow","max-snippet":"max-snippet:-1","max-image-preview":"max-image-preview:large","max-video-preview":"max-video-preview:-1"},"canonical":"https:\/\/brasilnoticias.org\/site\/traficantes-de-drogas-sao-culpados-pela-morte-de-mae-bernadete-indica-policia-6-homens-foram-indiciados\/","og_locale":"pt_PT","og_type":"article","og_title":"Traficantes de drogas s\u00e3o culpados pela morte de M\u00e3e Bernadete, indica pol\u00edcia; 6 homens foram indiciados - Brasil not\u00edcias","og_description":"Ialorix\u00e1 e l\u00edder quilombola sofreu 25 tiros em casa, todos ouvidos pelos netos que estavam no quarto ao lado do","og_url":"https:\/\/brasilnoticias.org\/site\/traficantes-de-drogas-sao-culpados-pela-morte-de-mae-bernadete-indica-policia-6-homens-foram-indiciados\/","og_site_name":"Brasil not\u00edcias","article_published_time":"2023-11-16T20:33:16+00:00","og_image":[{"width":740,"height":470,"url":"https:\/\/brasilnoticias.org\/site\/wp-content\/uploads\/2023\/11\/Mae-Bernadete-TV-aratu.jpg","type":"image\/jpeg"}],"author":"Reda\u00e7\u00e3o","twitter_card":"summary_large_image","twitter_misc":{"Escrito por":"Reda\u00e7\u00e3o"},"schema":{"@context":"https:\/\/schema.org","@graph":[{"@type":"Article","@id":"https:\/\/brasilnoticias.org\/site\/traficantes-de-drogas-sao-culpados-pela-morte-de-mae-bernadete-indica-policia-6-homens-foram-indiciados\/#article","isPartOf":{"@id":"https:\/\/brasilnoticias.org\/site\/traficantes-de-drogas-sao-culpados-pela-morte-de-mae-bernadete-indica-policia-6-homens-foram-indiciados\/"},"author":{"name":"Reda\u00e7\u00e3o","@id":"https:\/\/brasilnoticias.org\/site\/#\/schema\/person\/03bbbfe6c7634ad18c26444ea39049fa"},"headline":"Traficantes de drogas s\u00e3o culpados pela morte de M\u00e3e Bernadete, indica pol\u00edcia; 6 homens foram indiciados","datePublished":"2023-11-16T20:33:16+00:00","mainEntityOfPage":{"@id":"https:\/\/brasilnoticias.org\/site\/traficantes-de-drogas-sao-culpados-pela-morte-de-mae-bernadete-indica-policia-6-homens-foram-indiciados\/"},"wordCount":743,"commentCount":0,"publisher":{"@id":"https:\/\/brasilnoticias.org\/site\/#organization"},"image":{"@id":"https:\/\/brasilnoticias.org\/site\/traficantes-de-drogas-sao-culpados-pela-morte-de-mae-bernadete-indica-policia-6-homens-foram-indiciados\/#primaryimage"},"thumbnailUrl":"https:\/\/brasilnoticias.org\/site\/wp-content\/uploads\/2023\/11\/Mae-Bernadete-TV-aratu.jpg","articleSection":["\u00daltimas"],"inLanguage":"pt-PT","potentialAction":[{"@type":"CommentAction","name":"Comment","target":["https:\/\/brasilnoticias.org\/site\/traficantes-de-drogas-sao-culpados-pela-morte-de-mae-bernadete-indica-policia-6-homens-foram-indiciados\/#respond"]}]},{"@type":"WebPage","@id":"https:\/\/brasilnoticias.org\/site\/traficantes-de-drogas-sao-culpados-pela-morte-de-mae-bernadete-indica-policia-6-homens-foram-indiciados\/","url":"https:\/\/brasilnoticias.org\/site\/traficantes-de-drogas-sao-culpados-pela-morte-de-mae-bernadete-indica-policia-6-homens-foram-indiciados\/","name":"Traficantes de drogas s\u00e3o culpados pela morte de M\u00e3e Bernadete, indica pol\u00edcia; 6 homens foram indiciados - Brasil not\u00edcias","isPartOf":{"@id":"https:\/\/brasilnoticias.org\/site\/#website"},"primaryImageOfPage":{"@id":"https:\/\/brasilnoticias.org\/site\/traficantes-de-drogas-sao-culpados-pela-morte-de-mae-bernadete-indica-policia-6-homens-foram-indiciados\/#primaryimage"},"image":{"@id":"https:\/\/brasilnoticias.org\/site\/traficantes-de-drogas-sao-culpados-pela-morte-de-mae-bernadete-indica-policia-6-homens-foram-indiciados\/#primaryimage"},"thumbnailUrl":"https:\/\/brasilnoticias.org\/site\/wp-content\/uploads\/2023\/11\/Mae-Bernadete-TV-aratu.jpg","datePublished":"2023-11-16T20:33:16+00:00","breadcrumb":{"@id":"https:\/\/brasilnoticias.org\/site\/traficantes-de-drogas-sao-culpados-pela-morte-de-mae-bernadete-indica-policia-6-homens-foram-indiciados\/#breadcrumb"},"inLanguage":"pt-PT","potentialAction":[{"@type":"ReadAction","target":["https:\/\/brasilnoticias.org\/site\/traficantes-de-drogas-sao-culpados-pela-morte-de-mae-bernadete-indica-policia-6-homens-foram-indiciados\/"]}]},{"@type":"ImageObject","inLanguage":"pt-PT","@id":"https:\/\/brasilnoticias.org\/site\/traficantes-de-drogas-sao-culpados-pela-morte-de-mae-bernadete-indica-policia-6-homens-foram-indiciados\/#primaryimage","url":"https:\/\/brasilnoticias.org\/site\/wp-content\/uploads\/2023\/11\/Mae-Bernadete-TV-aratu.jpg","contentUrl":"https:\/\/brasilnoticias.org\/site\/wp-content\/uploads\/2023\/11\/Mae-Bernadete-TV-aratu.jpg","width":740,"height":470},{"@type":"BreadcrumbList","@id":"https:\/\/brasilnoticias.org\/site\/traficantes-de-drogas-sao-culpados-pela-morte-de-mae-bernadete-indica-policia-6-homens-foram-indiciados\/#breadcrumb","itemListElement":[{"@type":"ListItem","position":1,"name":"In\u00edcio","item":"https:\/\/brasilnoticias.org\/site\/"},{"@type":"ListItem","position":2,"name":"Traficantes de drogas s\u00e3o culpados pela morte de M\u00e3e Bernadete, indica pol\u00edcia; 6 homens foram indiciados"}]},{"@type":"WebSite","@id":"https:\/\/brasilnoticias.org\/site\/#website","url":"https:\/\/brasilnoticias.org\/site\/","name":"Brasil not\u00edcias","description":"Brasil not\u00edcias","publisher":{"@id":"https:\/\/brasilnoticias.org\/site\/#organization"},"potentialAction":[{"@type":"SearchAction","target":{"@type":"EntryPoint","urlTemplate":"https:\/\/brasilnoticias.org\/site\/?s={search_term_string}"},"query-input":{"@type":"PropertyValueSpecification","valueRequired":true,"valueName":"search_term_string"}}],"inLanguage":"pt-PT"},{"@type":"Organization","@id":"https:\/\/brasilnoticias.org\/site\/#organization","name":"Brasil not\u00edcias","url":"https:\/\/brasilnoticias.org\/site\/","logo":{"@type":"ImageObject","inLanguage":"pt-PT","@id":"https:\/\/brasilnoticias.org\/site\/#\/schema\/logo\/image\/","url":"https:\/\/brasilnoticias.org\/site\/wp-content\/uploads\/2022\/05\/cropped-brasilnoticias-mini.jpg","contentUrl":"https:\/\/brasilnoticias.org\/site\/wp-content\/uploads\/2022\/05\/cropped-brasilnoticias-mini.jpg","width":314,"height":86,"caption":"Brasil not\u00edcias"},"image":{"@id":"https:\/\/brasilnoticias.org\/site\/#\/schema\/logo\/image\/"}},{"@type":"Person","@id":"https:\/\/brasilnoticias.org\/site\/#\/schema\/person\/03bbbfe6c7634ad18c26444ea39049fa","name":"Reda\u00e7\u00e3o","image":{"@type":"ImageObject","inLanguage":"pt-PT","@id":"https:\/\/brasilnoticias.org\/site\/#\/schema\/person\/image\/","url":"https:\/\/secure.gravatar.com\/avatar\/9ecaf7327a696cb23ad926fedded5f1f04d7049de9e445375d55b48c001a6e42?s=96&d=mm&r=g","contentUrl":"https:\/\/secure.gravatar.com\/avatar\/9ecaf7327a696cb23ad926fedded5f1f04d7049de9e445375d55b48c001a6e42?s=96&d=mm&r=g","caption":"Reda\u00e7\u00e3o"},"url":"https:\/\/brasilnoticias.org\/site\/author\/henrique\/"}]}},"_links":{"self":[{"href":"https:\/\/brasilnoticias.org\/site\/wp-json\/wp\/v2\/posts\/10984","targetHints":{"allow":["GET"]}}],"collection":[{"href":"https:\/\/brasilnoticias.org\/site\/wp-json\/wp\/v2\/posts"}],"about":[{"href":"https:\/\/brasilnoticias.org\/site\/wp-json\/wp\/v2\/types\/post"}],"author":[{"embeddable":true,"href":"https:\/\/brasilnoticias.org\/site\/wp-json\/wp\/v2\/users\/4"}],"replies":[{"embeddable":true,"href":"https:\/\/brasilnoticias.org\/site\/wp-json\/wp\/v2\/comments?post=10984"}],"version-history":[{"count":1,"href":"https:\/\/brasilnoticias.org\/site\/wp-json\/wp\/v2\/posts\/10984\/revisions"}],"predecessor-version":[{"id":10986,"href":"https:\/\/brasilnoticias.org\/site\/wp-json\/wp\/v2\/posts\/10984\/revisions\/10986"}],"wp:featuredmedia":[{"embeddable":true,"href":"https:\/\/brasilnoticias.org\/site\/wp-json\/wp\/v2\/media\/10985"}],"wp:attachment":[{"href":"https:\/\/brasilnoticias.org\/site\/wp-json\/wp\/v2\/media?parent=10984"}],"wp:term":[{"taxonomy":"category","embeddable":true,"href":"https:\/\/brasilnoticias.org\/site\/wp-json\/wp\/v2\/categories?post=10984"},{"taxonomy":"post_tag","embeddable":true,"href":"https:\/\/brasilnoticias.org\/site\/wp-json\/wp\/v2\/tags?post=10984"}],"curies":[{"name":"wp","href":"https:\/\/api.w.org\/{rel}","templated":true}]}}