{"id":10987,"date":"2023-11-16T17:35:00","date_gmt":"2023-11-16T20:35:00","guid":{"rendered":"https:\/\/brasilnoticias.org\/site\/?p=10987"},"modified":"2023-11-16T17:35:00","modified_gmt":"2023-11-16T20:35:00","slug":"lula-esta-inclinado-a-indicar-paulo-gonet-para-pgr-diz-jornal","status":"publish","type":"post","link":"https:\/\/brasilnoticias.org\/site\/lula-esta-inclinado-a-indicar-paulo-gonet-para-pgr-diz-jornal\/","title":{"rendered":"Lula est\u00e1 inclinado a indicar Paulo Gonet para PGR, diz jornal"},"content":{"rendered":"<p>Gonet \u00e9 apoiado pelos ministros Gilmar Mendes e Alexandre de Moraes, do STF, e era um dos favoritos desde o in\u00edcio da disputa pela PGR<\/p>\n<p>O presidente Luiz In\u00e1cio Lula da Silva (PT) est\u00e1 inclinado a indicar o subprocurador-geral Paulo Gonet Branco como pr\u00f3ximo procurador-geral da Rep\u00fablica, segundo o jornal Folha de S. Paulo.<\/p>\n<p>Ap\u00f3s reuni\u00e3o com ao menos cinco cotados, o petista deu a indica\u00e7\u00e3o em reuni\u00f5es com aliados nesta semana.  A expectativa no Pal\u00e1cio do Planalto \u00e9 que ele bata o martelo at\u00e9 a pr\u00f3xima semana. Gonet \u00e9 apoiado pelos ministros Gilmar Mendes e Alexandre de Moraes, do Supremo Tribunal Federal (STF), e era um dos favoritos desde o in\u00edcio da disputa pela PGR.<\/p>\n<p>Lula chegou a ouvi-lo em setembro, quando tamb\u00e9m teve encontro com o subprocurador Antonio Bigonha, que tem apoio massivo no PT e era apontado como favorito. Como ainda n\u00e3o estava certo da decis\u00e3o, na \u00e9poca Lula pediu mais sugest\u00f5es aos auxiliares e se reuniu-se com os subprocuradores Carlos Frederico, Aur\u00e9lio Rios e Luiz Augusto Santos.<\/p>\n<p>Depois dessas conversas, o presidente da Rep\u00fablica demonstrou a aliados ter afunilado a decis\u00e3o entre Gonet e Bigonha, considerados favoritos. Agora, de acordo com auxiliares, Lula est\u00e1 inclinado a nomear Gonet.<\/p>\n<p>Foto: Marcelo Camargo\/Ag\u00eancia Brasil<br \/>\nMetro1<\/p>\n","protected":false},"excerpt":{"rendered":"<p>Gonet \u00e9 apoiado pelos ministros Gilmar Mendes e Alexandre de Moraes, do STF, e era um dos favoritos desde o<\/p>\n","protected":false},"author":4,"featured_media":10988,"comment_status":"open","ping_status":"open","sticky":false,"template":"","format":"standard","meta":{"colormag_page_container_layout":"default_layout","colormag_page_sidebar_layout":"default_layout","_FSMCFIC_featured_image_caption":"","_FSMCFIC_featured_image_nocaption":"","_FSMCFIC_featured_image_hide":"","footnotes":""},"categories":[5,1],"tags":[],"class_list":["post-10987","post","type-post","status-publish","format-standard","has-post-thumbnail","hentry","category-politica","category-ultimas"],"yoast_head":"<!-- This site is optimized with the Yoast SEO plugin v27.1.1 - https:\/\/yoast.com\/product\/yoast-seo-wordpress\/ -->\n<title>Lula est\u00e1 inclinado a indicar Paulo Gonet para PGR, diz jornal - Brasil not\u00edcias<\/title>\n<meta name=\"robots\" content=\"index, follow, max-snippet:-1, max-image-preview:large, max-video-preview:-1\" \/>\n<link rel=\"canonical\" href=\"https:\/\/brasilnoticias.org\/site\/lula-esta-inclinado-a-indicar-paulo-gonet-para-pgr-diz-jornal\/\" \/>\n<meta property=\"og:locale\" content=\"pt_PT\" \/>\n<meta property=\"og:type\" content=\"article\" \/>\n<meta property=\"og:title\" content=\"Lula est\u00e1 inclinado a indicar Paulo Gonet para PGR, diz jornal - Brasil not\u00edcias\" \/>\n<meta property=\"og:description\" content=\"Gonet \u00e9 apoiado pelos ministros Gilmar Mendes e Alexandre de Moraes, do STF, e era um dos favoritos desde o\" \/>\n<meta property=\"og:url\" content=\"https:\/\/brasilnoticias.org\/site\/lula-esta-inclinado-a-indicar-paulo-gonet-para-pgr-diz-jornal\/\" \/>\n<meta property=\"og:site_name\" content=\"Brasil not\u00edcias\" \/>\n<meta property=\"article:published_time\" content=\"2023-11-16T20:35:00+00:00\" \/>\n<meta property=\"og:image\" content=\"https:\/\/brasilnoticias.org\/site\/wp-content\/uploads\/2023\/11\/143224lula-esta-inclinado-a-indicar-paulo-gonet-para-pgr-diz-jornal-3.jpg\" \/>\n\t<meta property=\"og:image:width\" content=\"1600\" \/>\n\t<meta property=\"og:image:height\" content=\"752\" \/>\n\t<meta property=\"og:image:type\" content=\"image\/jpeg\" \/>\n<meta name=\"author\" content=\"Reda\u00e7\u00e3o\" \/>\n<meta name=\"twitter:card\" content=\"summary_large_image\" \/>\n<meta name=\"twitter:label1\" content=\"Escrito por\" \/>\n\t<meta name=\"twitter:data1\" content=\"Reda\u00e7\u00e3o\" \/>\n<script type=\"application\/ld+json\" class=\"yoast-schema-graph\">{\"@context\":\"https:\/\/schema.org\",\"@graph\":[{\"@type\":\"Article\",\"@id\":\"https:\/\/brasilnoticias.org\/site\/lula-esta-inclinado-a-indicar-paulo-gonet-para-pgr-diz-jornal\/#article\",\"isPartOf\":{\"@id\":\"https:\/\/brasilnoticias.org\/site\/lula-esta-inclinado-a-indicar-paulo-gonet-para-pgr-diz-jornal\/\"},\"author\":{\"name\":\"Reda\u00e7\u00e3o\",\"@id\":\"https:\/\/brasilnoticias.org\/site\/#\/schema\/person\/03bbbfe6c7634ad18c26444ea39049fa\"},\"headline\":\"Lula est\u00e1 inclinado a indicar Paulo Gonet para PGR, diz jornal\",\"datePublished\":\"2023-11-16T20:35:00+00:00\",\"mainEntityOfPage\":{\"@id\":\"https:\/\/brasilnoticias.org\/site\/lula-esta-inclinado-a-indicar-paulo-gonet-para-pgr-diz-jornal\/\"},\"wordCount\":235,\"commentCount\":0,\"publisher\":{\"@id\":\"https:\/\/brasilnoticias.org\/site\/#organization\"},\"image\":{\"@id\":\"https:\/\/brasilnoticias.org\/site\/lula-esta-inclinado-a-indicar-paulo-gonet-para-pgr-diz-jornal\/#primaryimage\"},\"thumbnailUrl\":\"https:\/\/brasilnoticias.org\/site\/wp-content\/uploads\/2023\/11\/143224lula-esta-inclinado-a-indicar-paulo-gonet-para-pgr-diz-jornal-3.jpg\",\"articleSection\":[\"Pol\u00edtica\",\"\u00daltimas\"],\"inLanguage\":\"pt-PT\",\"potentialAction\":[{\"@type\":\"CommentAction\",\"name\":\"Comment\",\"target\":[\"https:\/\/brasilnoticias.org\/site\/lula-esta-inclinado-a-indicar-paulo-gonet-para-pgr-diz-jornal\/#respond\"]}]},{\"@type\":\"WebPage\",\"@id\":\"https:\/\/brasilnoticias.org\/site\/lula-esta-inclinado-a-indicar-paulo-gonet-para-pgr-diz-jornal\/\",\"url\":\"https:\/\/brasilnoticias.org\/site\/lula-esta-inclinado-a-indicar-paulo-gonet-para-pgr-diz-jornal\/\",\"name\":\"Lula est\u00e1 inclinado a indicar Paulo Gonet para PGR, diz jornal - Brasil not\u00edcias\",\"isPartOf\":{\"@id\":\"https:\/\/brasilnoticias.org\/site\/#website\"},\"primaryImageOfPage\":{\"@id\":\"https:\/\/brasilnoticias.org\/site\/lula-esta-inclinado-a-indicar-paulo-gonet-para-pgr-diz-jornal\/#primaryimage\"},\"image\":{\"@id\":\"https:\/\/brasilnoticias.org\/site\/lula-esta-inclinado-a-indicar-paulo-gonet-para-pgr-diz-jornal\/#primaryimage\"},\"thumbnailUrl\":\"https:\/\/brasilnoticias.org\/site\/wp-content\/uploads\/2023\/11\/143224lula-esta-inclinado-a-indicar-paulo-gonet-para-pgr-diz-jornal-3.jpg\",\"datePublished\":\"2023-11-16T20:35:00+00:00\",\"breadcrumb\":{\"@id\":\"https:\/\/brasilnoticias.org\/site\/lula-esta-inclinado-a-indicar-paulo-gonet-para-pgr-diz-jornal\/#breadcrumb\"},\"inLanguage\":\"pt-PT\",\"potentialAction\":[{\"@type\":\"ReadAction\",\"target\":[\"https:\/\/brasilnoticias.org\/site\/lula-esta-inclinado-a-indicar-paulo-gonet-para-pgr-diz-jornal\/\"]}]},{\"@type\":\"ImageObject\",\"inLanguage\":\"pt-PT\",\"@id\":\"https:\/\/brasilnoticias.org\/site\/lula-esta-inclinado-a-indicar-paulo-gonet-para-pgr-diz-jornal\/#primaryimage\",\"url\":\"https:\/\/brasilnoticias.org\/site\/wp-content\/uploads\/2023\/11\/143224lula-esta-inclinado-a-indicar-paulo-gonet-para-pgr-diz-jornal-3.jpg\",\"contentUrl\":\"https:\/\/brasilnoticias.org\/site\/wp-content\/uploads\/2023\/11\/143224lula-esta-inclinado-a-indicar-paulo-gonet-para-pgr-diz-jornal-3.jpg\",\"width\":1600,\"height\":752},{\"@type\":\"BreadcrumbList\",\"@id\":\"https:\/\/brasilnoticias.org\/site\/lula-esta-inclinado-a-indicar-paulo-gonet-para-pgr-diz-jornal\/#breadcrumb\",\"itemListElement\":[{\"@type\":\"ListItem\",\"position\":1,\"name\":\"In\u00edcio\",\"item\":\"https:\/\/brasilnoticias.org\/site\/\"},{\"@type\":\"ListItem\",\"position\":2,\"name\":\"Lula est\u00e1 inclinado a indicar Paulo Gonet para PGR, diz jornal\"}]},{\"@type\":\"WebSite\",\"@id\":\"https:\/\/brasilnoticias.org\/site\/#website\",\"url\":\"https:\/\/brasilnoticias.org\/site\/\",\"name\":\"Brasil not\u00edcias\",\"description\":\"Brasil not\u00edcias\",\"publisher\":{\"@id\":\"https:\/\/brasilnoticias.org\/site\/#organization\"},\"potentialAction\":[{\"@type\":\"SearchAction\",\"target\":{\"@type\":\"EntryPoint\",\"urlTemplate\":\"https:\/\/brasilnoticias.org\/site\/?s={search_term_string}\"},\"query-input\":{\"@type\":\"PropertyValueSpecification\",\"valueRequired\":true,\"valueName\":\"search_term_string\"}}],\"inLanguage\":\"pt-PT\"},{\"@type\":\"Organization\",\"@id\":\"https:\/\/brasilnoticias.org\/site\/#organization\",\"name\":\"Brasil not\u00edcias\",\"url\":\"https:\/\/brasilnoticias.org\/site\/\",\"logo\":{\"@type\":\"ImageObject\",\"inLanguage\":\"pt-PT\",\"@id\":\"https:\/\/brasilnoticias.org\/site\/#\/schema\/logo\/image\/\",\"url\":\"https:\/\/brasilnoticias.org\/site\/wp-content\/uploads\/2022\/05\/cropped-brasilnoticias-mini.jpg\",\"contentUrl\":\"https:\/\/brasilnoticias.org\/site\/wp-content\/uploads\/2022\/05\/cropped-brasilnoticias-mini.jpg\",\"width\":314,\"height\":86,\"caption\":\"Brasil not\u00edcias\"},\"image\":{\"@id\":\"https:\/\/brasilnoticias.org\/site\/#\/schema\/logo\/image\/\"}},{\"@type\":\"Person\",\"@id\":\"https:\/\/brasilnoticias.org\/site\/#\/schema\/person\/03bbbfe6c7634ad18c26444ea39049fa\",\"name\":\"Reda\u00e7\u00e3o\",\"image\":{\"@type\":\"ImageObject\",\"inLanguage\":\"pt-PT\",\"@id\":\"https:\/\/brasilnoticias.org\/site\/#\/schema\/person\/image\/\",\"url\":\"https:\/\/secure.gravatar.com\/avatar\/9ecaf7327a696cb23ad926fedded5f1f04d7049de9e445375d55b48c001a6e42?s=96&d=mm&r=g\",\"contentUrl\":\"https:\/\/secure.gravatar.com\/avatar\/9ecaf7327a696cb23ad926fedded5f1f04d7049de9e445375d55b48c001a6e42?s=96&d=mm&r=g\",\"caption\":\"Reda\u00e7\u00e3o\"},\"url\":\"https:\/\/brasilnoticias.org\/site\/author\/henrique\/\"}]}<\/script>\n<!-- \/ Yoast SEO plugin. -->","yoast_head_json":{"title":"Lula est\u00e1 inclinado a indicar Paulo Gonet para PGR, diz jornal - Brasil not\u00edcias","robots":{"index":"index","follow":"follow","max-snippet":"max-snippet:-1","max-image-preview":"max-image-preview:large","max-video-preview":"max-video-preview:-1"},"canonical":"https:\/\/brasilnoticias.org\/site\/lula-esta-inclinado-a-indicar-paulo-gonet-para-pgr-diz-jornal\/","og_locale":"pt_PT","og_type":"article","og_title":"Lula est\u00e1 inclinado a indicar Paulo Gonet para PGR, diz jornal - Brasil not\u00edcias","og_description":"Gonet \u00e9 apoiado pelos ministros Gilmar Mendes e Alexandre de Moraes, do STF, e era um dos favoritos desde o","og_url":"https:\/\/brasilnoticias.org\/site\/lula-esta-inclinado-a-indicar-paulo-gonet-para-pgr-diz-jornal\/","og_site_name":"Brasil not\u00edcias","article_published_time":"2023-11-16T20:35:00+00:00","og_image":[{"width":1600,"height":752,"url":"https:\/\/brasilnoticias.org\/site\/wp-content\/uploads\/2023\/11\/143224lula-esta-inclinado-a-indicar-paulo-gonet-para-pgr-diz-jornal-3.jpg","type":"image\/jpeg"}],"author":"Reda\u00e7\u00e3o","twitter_card":"summary_large_image","twitter_misc":{"Escrito por":"Reda\u00e7\u00e3o"},"schema":{"@context":"https:\/\/schema.org","@graph":[{"@type":"Article","@id":"https:\/\/brasilnoticias.org\/site\/lula-esta-inclinado-a-indicar-paulo-gonet-para-pgr-diz-jornal\/#article","isPartOf":{"@id":"https:\/\/brasilnoticias.org\/site\/lula-esta-inclinado-a-indicar-paulo-gonet-para-pgr-diz-jornal\/"},"author":{"name":"Reda\u00e7\u00e3o","@id":"https:\/\/brasilnoticias.org\/site\/#\/schema\/person\/03bbbfe6c7634ad18c26444ea39049fa"},"headline":"Lula est\u00e1 inclinado a indicar Paulo Gonet para PGR, diz jornal","datePublished":"2023-11-16T20:35:00+00:00","mainEntityOfPage":{"@id":"https:\/\/brasilnoticias.org\/site\/lula-esta-inclinado-a-indicar-paulo-gonet-para-pgr-diz-jornal\/"},"wordCount":235,"commentCount":0,"publisher":{"@id":"https:\/\/brasilnoticias.org\/site\/#organization"},"image":{"@id":"https:\/\/brasilnoticias.org\/site\/lula-esta-inclinado-a-indicar-paulo-gonet-para-pgr-diz-jornal\/#primaryimage"},"thumbnailUrl":"https:\/\/brasilnoticias.org\/site\/wp-content\/uploads\/2023\/11\/143224lula-esta-inclinado-a-indicar-paulo-gonet-para-pgr-diz-jornal-3.jpg","articleSection":["Pol\u00edtica","\u00daltimas"],"inLanguage":"pt-PT","potentialAction":[{"@type":"CommentAction","name":"Comment","target":["https:\/\/brasilnoticias.org\/site\/lula-esta-inclinado-a-indicar-paulo-gonet-para-pgr-diz-jornal\/#respond"]}]},{"@type":"WebPage","@id":"https:\/\/brasilnoticias.org\/site\/lula-esta-inclinado-a-indicar-paulo-gonet-para-pgr-diz-jornal\/","url":"https:\/\/brasilnoticias.org\/site\/lula-esta-inclinado-a-indicar-paulo-gonet-para-pgr-diz-jornal\/","name":"Lula est\u00e1 inclinado a indicar Paulo Gonet para PGR, diz jornal - Brasil not\u00edcias","isPartOf":{"@id":"https:\/\/brasilnoticias.org\/site\/#website"},"primaryImageOfPage":{"@id":"https:\/\/brasilnoticias.org\/site\/lula-esta-inclinado-a-indicar-paulo-gonet-para-pgr-diz-jornal\/#primaryimage"},"image":{"@id":"https:\/\/brasilnoticias.org\/site\/lula-esta-inclinado-a-indicar-paulo-gonet-para-pgr-diz-jornal\/#primaryimage"},"thumbnailUrl":"https:\/\/brasilnoticias.org\/site\/wp-content\/uploads\/2023\/11\/143224lula-esta-inclinado-a-indicar-paulo-gonet-para-pgr-diz-jornal-3.jpg","datePublished":"2023-11-16T20:35:00+00:00","breadcrumb":{"@id":"https:\/\/brasilnoticias.org\/site\/lula-esta-inclinado-a-indicar-paulo-gonet-para-pgr-diz-jornal\/#breadcrumb"},"inLanguage":"pt-PT","potentialAction":[{"@type":"ReadAction","target":["https:\/\/brasilnoticias.org\/site\/lula-esta-inclinado-a-indicar-paulo-gonet-para-pgr-diz-jornal\/"]}]},{"@type":"ImageObject","inLanguage":"pt-PT","@id":"https:\/\/brasilnoticias.org\/site\/lula-esta-inclinado-a-indicar-paulo-gonet-para-pgr-diz-jornal\/#primaryimage","url":"https:\/\/brasilnoticias.org\/site\/wp-content\/uploads\/2023\/11\/143224lula-esta-inclinado-a-indicar-paulo-gonet-para-pgr-diz-jornal-3.jpg","contentUrl":"https:\/\/brasilnoticias.org\/site\/wp-content\/uploads\/2023\/11\/143224lula-esta-inclinado-a-indicar-paulo-gonet-para-pgr-diz-jornal-3.jpg","width":1600,"height":752},{"@type":"BreadcrumbList","@id":"https:\/\/brasilnoticias.org\/site\/lula-esta-inclinado-a-indicar-paulo-gonet-para-pgr-diz-jornal\/#breadcrumb","itemListElement":[{"@type":"ListItem","position":1,"name":"In\u00edcio","item":"https:\/\/brasilnoticias.org\/site\/"},{"@type":"ListItem","position":2,"name":"Lula est\u00e1 inclinado a indicar Paulo Gonet para PGR, diz jornal"}]},{"@type":"WebSite","@id":"https:\/\/brasilnoticias.org\/site\/#website","url":"https:\/\/brasilnoticias.org\/site\/","name":"Brasil not\u00edcias","description":"Brasil not\u00edcias","publisher":{"@id":"https:\/\/brasilnoticias.org\/site\/#organization"},"potentialAction":[{"@type":"SearchAction","target":{"@type":"EntryPoint","urlTemplate":"https:\/\/brasilnoticias.org\/site\/?s={search_term_string}"},"query-input":{"@type":"PropertyValueSpecification","valueRequired":true,"valueName":"search_term_string"}}],"inLanguage":"pt-PT"},{"@type":"Organization","@id":"https:\/\/brasilnoticias.org\/site\/#organization","name":"Brasil not\u00edcias","url":"https:\/\/brasilnoticias.org\/site\/","logo":{"@type":"ImageObject","inLanguage":"pt-PT","@id":"https:\/\/brasilnoticias.org\/site\/#\/schema\/logo\/image\/","url":"https:\/\/brasilnoticias.org\/site\/wp-content\/uploads\/2022\/05\/cropped-brasilnoticias-mini.jpg","contentUrl":"https:\/\/brasilnoticias.org\/site\/wp-content\/uploads\/2022\/05\/cropped-brasilnoticias-mini.jpg","width":314,"height":86,"caption":"Brasil not\u00edcias"},"image":{"@id":"https:\/\/brasilnoticias.org\/site\/#\/schema\/logo\/image\/"}},{"@type":"Person","@id":"https:\/\/brasilnoticias.org\/site\/#\/schema\/person\/03bbbfe6c7634ad18c26444ea39049fa","name":"Reda\u00e7\u00e3o","image":{"@type":"ImageObject","inLanguage":"pt-PT","@id":"https:\/\/brasilnoticias.org\/site\/#\/schema\/person\/image\/","url":"https:\/\/secure.gravatar.com\/avatar\/9ecaf7327a696cb23ad926fedded5f1f04d7049de9e445375d55b48c001a6e42?s=96&d=mm&r=g","contentUrl":"https:\/\/secure.gravatar.com\/avatar\/9ecaf7327a696cb23ad926fedded5f1f04d7049de9e445375d55b48c001a6e42?s=96&d=mm&r=g","caption":"Reda\u00e7\u00e3o"},"url":"https:\/\/brasilnoticias.org\/site\/author\/henrique\/"}]}},"_links":{"self":[{"href":"https:\/\/brasilnoticias.org\/site\/wp-json\/wp\/v2\/posts\/10987","targetHints":{"allow":["GET"]}}],"collection":[{"href":"https:\/\/brasilnoticias.org\/site\/wp-json\/wp\/v2\/posts"}],"about":[{"href":"https:\/\/brasilnoticias.org\/site\/wp-json\/wp\/v2\/types\/post"}],"author":[{"embeddable":true,"href":"https:\/\/brasilnoticias.org\/site\/wp-json\/wp\/v2\/users\/4"}],"replies":[{"embeddable":true,"href":"https:\/\/brasilnoticias.org\/site\/wp-json\/wp\/v2\/comments?post=10987"}],"version-history":[{"count":1,"href":"https:\/\/brasilnoticias.org\/site\/wp-json\/wp\/v2\/posts\/10987\/revisions"}],"predecessor-version":[{"id":10989,"href":"https:\/\/brasilnoticias.org\/site\/wp-json\/wp\/v2\/posts\/10987\/revisions\/10989"}],"wp:featuredmedia":[{"embeddable":true,"href":"https:\/\/brasilnoticias.org\/site\/wp-json\/wp\/v2\/media\/10988"}],"wp:attachment":[{"href":"https:\/\/brasilnoticias.org\/site\/wp-json\/wp\/v2\/media?parent=10987"}],"wp:term":[{"taxonomy":"category","embeddable":true,"href":"https:\/\/brasilnoticias.org\/site\/wp-json\/wp\/v2\/categories?post=10987"},{"taxonomy":"post_tag","embeddable":true,"href":"https:\/\/brasilnoticias.org\/site\/wp-json\/wp\/v2\/tags?post=10987"}],"curies":[{"name":"wp","href":"https:\/\/api.w.org\/{rel}","templated":true}]}}