{"id":1099,"date":"2022-08-07T09:05:19","date_gmt":"2022-08-07T12:05:19","guid":{"rendered":"https:\/\/brasilnoticias.org\/site\/?p=1099"},"modified":"2022-08-07T09:05:19","modified_gmt":"2022-08-07T12:05:19","slug":"familiares-de-vitimas-de-capitolio-pedem-r-18-mi-em-indenizacao-a-justica","status":"publish","type":"post","link":"https:\/\/brasilnoticias.org\/site\/familiares-de-vitimas-de-capitolio-pedem-r-18-mi-em-indenizacao-a-justica\/","title":{"rendered":"Familiares de v\u00edtimas de Capit\u00f3lio pedem R$ 18 mi em indeniza\u00e7\u00e3o \u00e0 Justi\u00e7a"},"content":{"rendered":"<p>Um sobrevivente da\u00a0<a href=\"https:\/\/www.bnews.com.br\/amp\/noticias\/geral\/tragedia-em-capitolio-5-pessoas-morrem-20-estao-desaparecidas.html\" target=\"_blank\" rel=\"noopener\">trag\u00e9dia de Capit\u00f3lio (MG), ocorrida em janeiro deste ano<\/a>, e familiares de cinco v\u00edtimas mortas no acidente acionaram o Tribunal de Justi\u00e7a de Minas Gerais contra o munic\u00edpio. Juntos, eles pedem R$ 18 milh\u00f5es em indeniza\u00e7\u00e3o por danos morais, materiais e ao projeto de vida.<\/p>\n<p>A queda de parte de um c\u00e2nion no lago de Furnas sobre pessoas que passeavam de lancha deixou dez mortos no in\u00edcio deste ano. Cerca de 30 turistas ficaram feridos.<br \/>\nA peti\u00e7\u00e3o apresentada junto ao Judici\u00e1rio mineiro \u00e9 subscrita por 15 familiares de cinco v\u00edtimas, entre pais, m\u00e3es, irm\u00e3os e filhos, al\u00e9m do sobrevivente, propriet\u00e1rio da embarca\u00e7\u00e3o que foi atingida.<\/p>\n<p>Nenhum deles teria sido procurado por representantes do munic\u00edpio desde o acidente -na pr\u00f3xima segunda-feira (8), o epis\u00f3dio completar\u00e1 sete meses. Procurada, a Prefeitura de Capit\u00f3lio n\u00e3o respondeu at\u00e9 a publica\u00e7\u00e3o deste texto.<\/p>\n<p>A a\u00e7\u00e3o acusa o Executivo municipal de omiss\u00e3o, afirmando que a gest\u00e3o autorizou e fomentou a atividade tur\u00edstica no local sem antes fazer uma an\u00e1lise de risco geol\u00f3gico apropriada.<\/p>\n<p>A pe\u00e7a ainda cita um inqu\u00e9rito policial, que apontou n\u00e3o haver qualquer sinaliza\u00e7\u00e3o de eventuais riscos no local, e comunica\u00e7\u00f5es feitas pela Defesa Civil e pelo Instituto Nacional de Meteorologia (Inmet) sobre a possibilidade de desabamentos e de trombas d&#8217;\u00e1gua na regi\u00e3o onde est\u00e1 o lago.<\/p>\n<p>&#8220;Se as v\u00edtimas ao menos soubessem do risco de colapso das rochas no local, teriam o direito de escolher n\u00e3o se colocar em risco ou ao menos evitar locais impr\u00f3prios \u00e0 visita\u00e7\u00e3o&#8221;, afirmam na a\u00e7\u00e3o.<\/p>\n<p>O que se pretende aqui n\u00e3o \u00e9 reparar o irrepar\u00e1vel, mas, sim, ainda que de forma estimativa, promover uma compensa\u00e7\u00e3o pecuni\u00e1ria que permita aos familiares das v\u00edtimas seguir suas vidas mesmo diante do inevit\u00e1vel confronto com o trauma, com a dor e com a saudade&#8221;, segue a peti\u00e7\u00e3o, \u00e0 qual a coluna teve acesso.<\/p>\n<p>O documento \u00e9 assinado pelos advogados Breno Lemos Soares Maia, Donizete Aparecido Barbosa, F\u00e1bio Luiz Barbosa e Raissa Melo Soares Maia.<\/p>\n<p>A solicita\u00e7\u00e3o feita \u00e0 Justi\u00e7a afirma que a indeniza\u00e7\u00e3o busca compensar as v\u00edtimas pelos dissabores experimentados em decorr\u00eancia da omiss\u00e3o, al\u00e9m de servir de medida educativa.<\/p>\n<p>Eles destacam que o lago de Furnas deveria ter sido fechado para visita\u00e7\u00e3o no dia em que ocorreu a trag\u00e9dia, uma vez que fortes chuvas assolavam o estado de Minas Gerais e o Inmet havia emitido alertas.<\/p>\n<p>&#8220;A trag\u00e9dia poderia e deveria ter sido evitada, n\u00e3o fosse a omiss\u00e3o notoriamente caracterizada pelo ente federativo municipal, a quem incumbia o dever de regular a atividade tur\u00edstica por ele autorizada e fomentada&#8221;, diz a a\u00e7\u00e3o.<\/p>\n<p>O sobrevivente e os familiares das v\u00edtimas reconhecem que o tombamento de parte do c\u00e2nion est\u00e1 relacionado a um processo natural, mas afirmam que, justamente por ser um processo comum \u00e0 regi\u00e3o, deveria ter sido previsto pelas autoridades.<\/p>\n<p>Ao Tribunal de Justi\u00e7a de Minas Gerais, relatam tamb\u00e9m que houve despesas com funeral e com tratamentos pelos danos psicol\u00f3gicos causados pelo acidente.<\/p>\n<p>&#8220;Some-se a isso o fato de que o momento da trag\u00e9dia foi flagrado por diversas c\u00e2meras e por diversos \u00e2ngulos, sendo ampla e incontrolavelmente difundidos pelas m\u00eddias sociais e televisivas, de modo que os autores [da a\u00e7\u00e3o contra Capit\u00f3lio] foram inevitavelmente ou inconscientemente submetidos ou expostos ao impacto visual, mesmo antes de saberem se tratar de seus entes queridos&#8221;, afirmam.<\/p>\n<p>&nbsp;<\/p>\n<p>&nbsp;<\/p>\n<p>&nbsp;<\/p>\n<p>&nbsp;<\/p>\n<p>Bnews<\/p>\n","protected":false},"excerpt":{"rendered":"<p>Um sobrevivente da\u00a0trag\u00e9dia de Capit\u00f3lio (MG), ocorrida em janeiro deste ano, e familiares de cinco v\u00edtimas mortas no acidente acionaram<\/p>\n","protected":false},"author":2,"featured_media":1100,"comment_status":"open","ping_status":"open","sticky":false,"template":"","format":"standard","meta":{"colormag_page_container_layout":"default_layout","colormag_page_sidebar_layout":"default_layout","_FSMCFIC_featured_image_caption":"","_FSMCFIC_featured_image_nocaption":"","_FSMCFIC_featured_image_hide":"","footnotes":""},"categories":[7,1],"tags":[],"class_list":["post-1099","post","type-post","status-publish","format-standard","has-post-thumbnail","hentry","category-justica","category-ultimas"],"yoast_head":"<!-- This site is optimized with the Yoast SEO plugin v27.1.1 - https:\/\/yoast.com\/product\/yoast-seo-wordpress\/ -->\n<title>Familiares de v\u00edtimas de Capit\u00f3lio pedem R$ 18 mi em indeniza\u00e7\u00e3o \u00e0 Justi\u00e7a - Brasil not\u00edcias<\/title>\n<meta name=\"robots\" content=\"index, follow, max-snippet:-1, max-image-preview:large, max-video-preview:-1\" \/>\n<link rel=\"canonical\" href=\"https:\/\/brasilnoticias.org\/site\/familiares-de-vitimas-de-capitolio-pedem-r-18-mi-em-indenizacao-a-justica\/\" \/>\n<meta property=\"og:locale\" content=\"pt_PT\" \/>\n<meta property=\"og:type\" content=\"article\" \/>\n<meta property=\"og:title\" content=\"Familiares de v\u00edtimas de Capit\u00f3lio pedem R$ 18 mi em indeniza\u00e7\u00e3o \u00e0 Justi\u00e7a - Brasil not\u00edcias\" \/>\n<meta property=\"og:description\" content=\"Um sobrevivente da\u00a0trag\u00e9dia de Capit\u00f3lio (MG), ocorrida em janeiro deste ano, e familiares de cinco v\u00edtimas mortas no acidente acionaram\" \/>\n<meta property=\"og:url\" content=\"https:\/\/brasilnoticias.org\/site\/familiares-de-vitimas-de-capitolio-pedem-r-18-mi-em-indenizacao-a-justica\/\" \/>\n<meta property=\"og:site_name\" content=\"Brasil not\u00edcias\" \/>\n<meta property=\"article:published_time\" content=\"2022-08-07T12:05:19+00:00\" \/>\n<meta property=\"og:image\" content=\"https:\/\/brasilnoticias.org\/site\/wp-content\/uploads\/2022\/08\/a9d743f6-9aa7-43ba-bfb1-04671216d5ef_widelg.jpeg\" \/>\n\t<meta property=\"og:image:width\" content=\"754\" \/>\n\t<meta property=\"og:image:height\" content=\"424\" \/>\n\t<meta property=\"og:image:type\" content=\"image\/jpeg\" \/>\n<meta name=\"author\" content=\"Reda\u00e7\u00e3o\" \/>\n<meta name=\"twitter:card\" content=\"summary_large_image\" \/>\n<meta name=\"twitter:label1\" content=\"Escrito por\" \/>\n\t<meta name=\"twitter:data1\" content=\"Reda\u00e7\u00e3o\" \/>\n\t<meta name=\"twitter:label2\" content=\"Tempo estimado de leitura\" \/>\n\t<meta name=\"twitter:data2\" content=\"3 minutos\" \/>\n<script type=\"application\/ld+json\" class=\"yoast-schema-graph\">{\"@context\":\"https:\/\/schema.org\",\"@graph\":[{\"@type\":\"Article\",\"@id\":\"https:\/\/brasilnoticias.org\/site\/familiares-de-vitimas-de-capitolio-pedem-r-18-mi-em-indenizacao-a-justica\/#article\",\"isPartOf\":{\"@id\":\"https:\/\/brasilnoticias.org\/site\/familiares-de-vitimas-de-capitolio-pedem-r-18-mi-em-indenizacao-a-justica\/\"},\"author\":{\"name\":\"Reda\u00e7\u00e3o\",\"@id\":\"https:\/\/brasilnoticias.org\/site\/#\/schema\/person\/f609fa847b5314f1c8b983342f34c798\"},\"headline\":\"Familiares de v\u00edtimas de Capit\u00f3lio pedem R$ 18 mi em indeniza\u00e7\u00e3o \u00e0 Justi\u00e7a\",\"datePublished\":\"2022-08-07T12:05:19+00:00\",\"mainEntityOfPage\":{\"@id\":\"https:\/\/brasilnoticias.org\/site\/familiares-de-vitimas-de-capitolio-pedem-r-18-mi-em-indenizacao-a-justica\/\"},\"wordCount\":629,\"commentCount\":0,\"publisher\":{\"@id\":\"https:\/\/brasilnoticias.org\/site\/#organization\"},\"image\":{\"@id\":\"https:\/\/brasilnoticias.org\/site\/familiares-de-vitimas-de-capitolio-pedem-r-18-mi-em-indenizacao-a-justica\/#primaryimage\"},\"thumbnailUrl\":\"https:\/\/brasilnoticias.org\/site\/wp-content\/uploads\/2022\/08\/a9d743f6-9aa7-43ba-bfb1-04671216d5ef_widelg.jpeg\",\"articleSection\":[\"Justi\u00e7a\",\"\u00daltimas\"],\"inLanguage\":\"pt-PT\",\"potentialAction\":[{\"@type\":\"CommentAction\",\"name\":\"Comment\",\"target\":[\"https:\/\/brasilnoticias.org\/site\/familiares-de-vitimas-de-capitolio-pedem-r-18-mi-em-indenizacao-a-justica\/#respond\"]}]},{\"@type\":\"WebPage\",\"@id\":\"https:\/\/brasilnoticias.org\/site\/familiares-de-vitimas-de-capitolio-pedem-r-18-mi-em-indenizacao-a-justica\/\",\"url\":\"https:\/\/brasilnoticias.org\/site\/familiares-de-vitimas-de-capitolio-pedem-r-18-mi-em-indenizacao-a-justica\/\",\"name\":\"Familiares de v\u00edtimas de Capit\u00f3lio pedem R$ 18 mi em indeniza\u00e7\u00e3o \u00e0 Justi\u00e7a - Brasil not\u00edcias\",\"isPartOf\":{\"@id\":\"https:\/\/brasilnoticias.org\/site\/#website\"},\"primaryImageOfPage\":{\"@id\":\"https:\/\/brasilnoticias.org\/site\/familiares-de-vitimas-de-capitolio-pedem-r-18-mi-em-indenizacao-a-justica\/#primaryimage\"},\"image\":{\"@id\":\"https:\/\/brasilnoticias.org\/site\/familiares-de-vitimas-de-capitolio-pedem-r-18-mi-em-indenizacao-a-justica\/#primaryimage\"},\"thumbnailUrl\":\"https:\/\/brasilnoticias.org\/site\/wp-content\/uploads\/2022\/08\/a9d743f6-9aa7-43ba-bfb1-04671216d5ef_widelg.jpeg\",\"datePublished\":\"2022-08-07T12:05:19+00:00\",\"breadcrumb\":{\"@id\":\"https:\/\/brasilnoticias.org\/site\/familiares-de-vitimas-de-capitolio-pedem-r-18-mi-em-indenizacao-a-justica\/#breadcrumb\"},\"inLanguage\":\"pt-PT\",\"potentialAction\":[{\"@type\":\"ReadAction\",\"target\":[\"https:\/\/brasilnoticias.org\/site\/familiares-de-vitimas-de-capitolio-pedem-r-18-mi-em-indenizacao-a-justica\/\"]}]},{\"@type\":\"ImageObject\",\"inLanguage\":\"pt-PT\",\"@id\":\"https:\/\/brasilnoticias.org\/site\/familiares-de-vitimas-de-capitolio-pedem-r-18-mi-em-indenizacao-a-justica\/#primaryimage\",\"url\":\"https:\/\/brasilnoticias.org\/site\/wp-content\/uploads\/2022\/08\/a9d743f6-9aa7-43ba-bfb1-04671216d5ef_widelg.jpeg\",\"contentUrl\":\"https:\/\/brasilnoticias.org\/site\/wp-content\/uploads\/2022\/08\/a9d743f6-9aa7-43ba-bfb1-04671216d5ef_widelg.jpeg\",\"width\":754,\"height\":424},{\"@type\":\"BreadcrumbList\",\"@id\":\"https:\/\/brasilnoticias.org\/site\/familiares-de-vitimas-de-capitolio-pedem-r-18-mi-em-indenizacao-a-justica\/#breadcrumb\",\"itemListElement\":[{\"@type\":\"ListItem\",\"position\":1,\"name\":\"In\u00edcio\",\"item\":\"https:\/\/brasilnoticias.org\/site\/\"},{\"@type\":\"ListItem\",\"position\":2,\"name\":\"Familiares de v\u00edtimas de Capit\u00f3lio pedem R$ 18 mi em indeniza\u00e7\u00e3o \u00e0 Justi\u00e7a\"}]},{\"@type\":\"WebSite\",\"@id\":\"https:\/\/brasilnoticias.org\/site\/#website\",\"url\":\"https:\/\/brasilnoticias.org\/site\/\",\"name\":\"Brasil not\u00edcias\",\"description\":\"Brasil not\u00edcias\",\"publisher\":{\"@id\":\"https:\/\/brasilnoticias.org\/site\/#organization\"},\"potentialAction\":[{\"@type\":\"SearchAction\",\"target\":{\"@type\":\"EntryPoint\",\"urlTemplate\":\"https:\/\/brasilnoticias.org\/site\/?s={search_term_string}\"},\"query-input\":{\"@type\":\"PropertyValueSpecification\",\"valueRequired\":true,\"valueName\":\"search_term_string\"}}],\"inLanguage\":\"pt-PT\"},{\"@type\":\"Organization\",\"@id\":\"https:\/\/brasilnoticias.org\/site\/#organization\",\"name\":\"Brasil not\u00edcias\",\"url\":\"https:\/\/brasilnoticias.org\/site\/\",\"logo\":{\"@type\":\"ImageObject\",\"inLanguage\":\"pt-PT\",\"@id\":\"https:\/\/brasilnoticias.org\/site\/#\/schema\/logo\/image\/\",\"url\":\"https:\/\/brasilnoticias.org\/site\/wp-content\/uploads\/2022\/05\/cropped-brasilnoticias-mini.jpg\",\"contentUrl\":\"https:\/\/brasilnoticias.org\/site\/wp-content\/uploads\/2022\/05\/cropped-brasilnoticias-mini.jpg\",\"width\":314,\"height\":86,\"caption\":\"Brasil not\u00edcias\"},\"image\":{\"@id\":\"https:\/\/brasilnoticias.org\/site\/#\/schema\/logo\/image\/\"}},{\"@type\":\"Person\",\"@id\":\"https:\/\/brasilnoticias.org\/site\/#\/schema\/person\/f609fa847b5314f1c8b983342f34c798\",\"name\":\"Reda\u00e7\u00e3o\",\"image\":{\"@type\":\"ImageObject\",\"inLanguage\":\"pt-PT\",\"@id\":\"https:\/\/brasilnoticias.org\/site\/#\/schema\/person\/image\/\",\"url\":\"https:\/\/secure.gravatar.com\/avatar\/447284c06c1ad8b46465a36de9cd0d8326b73387a22799b8b1ffb1fbcff2ed0c?s=96&d=mm&r=g\",\"contentUrl\":\"https:\/\/secure.gravatar.com\/avatar\/447284c06c1ad8b46465a36de9cd0d8326b73387a22799b8b1ffb1fbcff2ed0c?s=96&d=mm&r=g\",\"caption\":\"Reda\u00e7\u00e3o\"},\"url\":\"https:\/\/brasilnoticias.org\/site\/author\/redacao\/\"}]}<\/script>\n<!-- \/ Yoast SEO plugin. -->","yoast_head_json":{"title":"Familiares de v\u00edtimas de Capit\u00f3lio pedem R$ 18 mi em indeniza\u00e7\u00e3o \u00e0 Justi\u00e7a - Brasil not\u00edcias","robots":{"index":"index","follow":"follow","max-snippet":"max-snippet:-1","max-image-preview":"max-image-preview:large","max-video-preview":"max-video-preview:-1"},"canonical":"https:\/\/brasilnoticias.org\/site\/familiares-de-vitimas-de-capitolio-pedem-r-18-mi-em-indenizacao-a-justica\/","og_locale":"pt_PT","og_type":"article","og_title":"Familiares de v\u00edtimas de Capit\u00f3lio pedem R$ 18 mi em indeniza\u00e7\u00e3o \u00e0 Justi\u00e7a - Brasil not\u00edcias","og_description":"Um sobrevivente da\u00a0trag\u00e9dia de Capit\u00f3lio (MG), ocorrida em janeiro deste ano, e familiares de cinco v\u00edtimas mortas no acidente acionaram","og_url":"https:\/\/brasilnoticias.org\/site\/familiares-de-vitimas-de-capitolio-pedem-r-18-mi-em-indenizacao-a-justica\/","og_site_name":"Brasil not\u00edcias","article_published_time":"2022-08-07T12:05:19+00:00","og_image":[{"width":754,"height":424,"url":"https:\/\/brasilnoticias.org\/site\/wp-content\/uploads\/2022\/08\/a9d743f6-9aa7-43ba-bfb1-04671216d5ef_widelg.jpeg","type":"image\/jpeg"}],"author":"Reda\u00e7\u00e3o","twitter_card":"summary_large_image","twitter_misc":{"Escrito por":"Reda\u00e7\u00e3o","Tempo estimado de leitura":"3 minutos"},"schema":{"@context":"https:\/\/schema.org","@graph":[{"@type":"Article","@id":"https:\/\/brasilnoticias.org\/site\/familiares-de-vitimas-de-capitolio-pedem-r-18-mi-em-indenizacao-a-justica\/#article","isPartOf":{"@id":"https:\/\/brasilnoticias.org\/site\/familiares-de-vitimas-de-capitolio-pedem-r-18-mi-em-indenizacao-a-justica\/"},"author":{"name":"Reda\u00e7\u00e3o","@id":"https:\/\/brasilnoticias.org\/site\/#\/schema\/person\/f609fa847b5314f1c8b983342f34c798"},"headline":"Familiares de v\u00edtimas de Capit\u00f3lio pedem R$ 18 mi em indeniza\u00e7\u00e3o \u00e0 Justi\u00e7a","datePublished":"2022-08-07T12:05:19+00:00","mainEntityOfPage":{"@id":"https:\/\/brasilnoticias.org\/site\/familiares-de-vitimas-de-capitolio-pedem-r-18-mi-em-indenizacao-a-justica\/"},"wordCount":629,"commentCount":0,"publisher":{"@id":"https:\/\/brasilnoticias.org\/site\/#organization"},"image":{"@id":"https:\/\/brasilnoticias.org\/site\/familiares-de-vitimas-de-capitolio-pedem-r-18-mi-em-indenizacao-a-justica\/#primaryimage"},"thumbnailUrl":"https:\/\/brasilnoticias.org\/site\/wp-content\/uploads\/2022\/08\/a9d743f6-9aa7-43ba-bfb1-04671216d5ef_widelg.jpeg","articleSection":["Justi\u00e7a","\u00daltimas"],"inLanguage":"pt-PT","potentialAction":[{"@type":"CommentAction","name":"Comment","target":["https:\/\/brasilnoticias.org\/site\/familiares-de-vitimas-de-capitolio-pedem-r-18-mi-em-indenizacao-a-justica\/#respond"]}]},{"@type":"WebPage","@id":"https:\/\/brasilnoticias.org\/site\/familiares-de-vitimas-de-capitolio-pedem-r-18-mi-em-indenizacao-a-justica\/","url":"https:\/\/brasilnoticias.org\/site\/familiares-de-vitimas-de-capitolio-pedem-r-18-mi-em-indenizacao-a-justica\/","name":"Familiares de v\u00edtimas de Capit\u00f3lio pedem R$ 18 mi em indeniza\u00e7\u00e3o \u00e0 Justi\u00e7a - Brasil not\u00edcias","isPartOf":{"@id":"https:\/\/brasilnoticias.org\/site\/#website"},"primaryImageOfPage":{"@id":"https:\/\/brasilnoticias.org\/site\/familiares-de-vitimas-de-capitolio-pedem-r-18-mi-em-indenizacao-a-justica\/#primaryimage"},"image":{"@id":"https:\/\/brasilnoticias.org\/site\/familiares-de-vitimas-de-capitolio-pedem-r-18-mi-em-indenizacao-a-justica\/#primaryimage"},"thumbnailUrl":"https:\/\/brasilnoticias.org\/site\/wp-content\/uploads\/2022\/08\/a9d743f6-9aa7-43ba-bfb1-04671216d5ef_widelg.jpeg","datePublished":"2022-08-07T12:05:19+00:00","breadcrumb":{"@id":"https:\/\/brasilnoticias.org\/site\/familiares-de-vitimas-de-capitolio-pedem-r-18-mi-em-indenizacao-a-justica\/#breadcrumb"},"inLanguage":"pt-PT","potentialAction":[{"@type":"ReadAction","target":["https:\/\/brasilnoticias.org\/site\/familiares-de-vitimas-de-capitolio-pedem-r-18-mi-em-indenizacao-a-justica\/"]}]},{"@type":"ImageObject","inLanguage":"pt-PT","@id":"https:\/\/brasilnoticias.org\/site\/familiares-de-vitimas-de-capitolio-pedem-r-18-mi-em-indenizacao-a-justica\/#primaryimage","url":"https:\/\/brasilnoticias.org\/site\/wp-content\/uploads\/2022\/08\/a9d743f6-9aa7-43ba-bfb1-04671216d5ef_widelg.jpeg","contentUrl":"https:\/\/brasilnoticias.org\/site\/wp-content\/uploads\/2022\/08\/a9d743f6-9aa7-43ba-bfb1-04671216d5ef_widelg.jpeg","width":754,"height":424},{"@type":"BreadcrumbList","@id":"https:\/\/brasilnoticias.org\/site\/familiares-de-vitimas-de-capitolio-pedem-r-18-mi-em-indenizacao-a-justica\/#breadcrumb","itemListElement":[{"@type":"ListItem","position":1,"name":"In\u00edcio","item":"https:\/\/brasilnoticias.org\/site\/"},{"@type":"ListItem","position":2,"name":"Familiares de v\u00edtimas de Capit\u00f3lio pedem R$ 18 mi em indeniza\u00e7\u00e3o \u00e0 Justi\u00e7a"}]},{"@type":"WebSite","@id":"https:\/\/brasilnoticias.org\/site\/#website","url":"https:\/\/brasilnoticias.org\/site\/","name":"Brasil not\u00edcias","description":"Brasil not\u00edcias","publisher":{"@id":"https:\/\/brasilnoticias.org\/site\/#organization"},"potentialAction":[{"@type":"SearchAction","target":{"@type":"EntryPoint","urlTemplate":"https:\/\/brasilnoticias.org\/site\/?s={search_term_string}"},"query-input":{"@type":"PropertyValueSpecification","valueRequired":true,"valueName":"search_term_string"}}],"inLanguage":"pt-PT"},{"@type":"Organization","@id":"https:\/\/brasilnoticias.org\/site\/#organization","name":"Brasil not\u00edcias","url":"https:\/\/brasilnoticias.org\/site\/","logo":{"@type":"ImageObject","inLanguage":"pt-PT","@id":"https:\/\/brasilnoticias.org\/site\/#\/schema\/logo\/image\/","url":"https:\/\/brasilnoticias.org\/site\/wp-content\/uploads\/2022\/05\/cropped-brasilnoticias-mini.jpg","contentUrl":"https:\/\/brasilnoticias.org\/site\/wp-content\/uploads\/2022\/05\/cropped-brasilnoticias-mini.jpg","width":314,"height":86,"caption":"Brasil not\u00edcias"},"image":{"@id":"https:\/\/brasilnoticias.org\/site\/#\/schema\/logo\/image\/"}},{"@type":"Person","@id":"https:\/\/brasilnoticias.org\/site\/#\/schema\/person\/f609fa847b5314f1c8b983342f34c798","name":"Reda\u00e7\u00e3o","image":{"@type":"ImageObject","inLanguage":"pt-PT","@id":"https:\/\/brasilnoticias.org\/site\/#\/schema\/person\/image\/","url":"https:\/\/secure.gravatar.com\/avatar\/447284c06c1ad8b46465a36de9cd0d8326b73387a22799b8b1ffb1fbcff2ed0c?s=96&d=mm&r=g","contentUrl":"https:\/\/secure.gravatar.com\/avatar\/447284c06c1ad8b46465a36de9cd0d8326b73387a22799b8b1ffb1fbcff2ed0c?s=96&d=mm&r=g","caption":"Reda\u00e7\u00e3o"},"url":"https:\/\/brasilnoticias.org\/site\/author\/redacao\/"}]}},"_links":{"self":[{"href":"https:\/\/brasilnoticias.org\/site\/wp-json\/wp\/v2\/posts\/1099","targetHints":{"allow":["GET"]}}],"collection":[{"href":"https:\/\/brasilnoticias.org\/site\/wp-json\/wp\/v2\/posts"}],"about":[{"href":"https:\/\/brasilnoticias.org\/site\/wp-json\/wp\/v2\/types\/post"}],"author":[{"embeddable":true,"href":"https:\/\/brasilnoticias.org\/site\/wp-json\/wp\/v2\/users\/2"}],"replies":[{"embeddable":true,"href":"https:\/\/brasilnoticias.org\/site\/wp-json\/wp\/v2\/comments?post=1099"}],"version-history":[{"count":1,"href":"https:\/\/brasilnoticias.org\/site\/wp-json\/wp\/v2\/posts\/1099\/revisions"}],"predecessor-version":[{"id":1101,"href":"https:\/\/brasilnoticias.org\/site\/wp-json\/wp\/v2\/posts\/1099\/revisions\/1101"}],"wp:featuredmedia":[{"embeddable":true,"href":"https:\/\/brasilnoticias.org\/site\/wp-json\/wp\/v2\/media\/1100"}],"wp:attachment":[{"href":"https:\/\/brasilnoticias.org\/site\/wp-json\/wp\/v2\/media?parent=1099"}],"wp:term":[{"taxonomy":"category","embeddable":true,"href":"https:\/\/brasilnoticias.org\/site\/wp-json\/wp\/v2\/categories?post=1099"},{"taxonomy":"post_tag","embeddable":true,"href":"https:\/\/brasilnoticias.org\/site\/wp-json\/wp\/v2\/tags?post=1099"}],"curies":[{"name":"wp","href":"https:\/\/api.w.org\/{rel}","templated":true}]}}