{"id":10990,"date":"2023-11-16T17:35:49","date_gmt":"2023-11-16T20:35:49","guid":{"rendered":"https:\/\/brasilnoticias.org\/site\/?p=10990"},"modified":"2023-11-16T17:35:49","modified_gmt":"2023-11-16T20:35:49","slug":"nao-ha-qualquer-iniciativa-do-governo-de-alterar-a-meta-fiscal-afirma-padilha","status":"publish","type":"post","link":"https:\/\/brasilnoticias.org\/site\/nao-ha-qualquer-iniciativa-do-governo-de-alterar-a-meta-fiscal-afirma-padilha\/","title":{"rendered":"&#8220;N\u00e3o h\u00e1 qualquer iniciativa do governo de alterar a meta fiscal&#8221;, afirma Padilha"},"content":{"rendered":"<p>O ministro das Rela\u00e7\u00f5es Institucionais ainda defendeu que o governo federal deve manter o foco em \u201cmedidas que melhorem a arrecada\u00e7\u00e3o no pa\u00eds&#8221;<\/p>\n<p>O ministro das Rela\u00e7\u00f5es Institucionais, Alexandre Padilha, afirmou que \u201cn\u00e3o h\u00e1 qualquer iniciativa do governo de alterar a meta fiscal\u201d. A informa\u00e7\u00e3o foi divulgada pela CNN Brasil, nesta quinta-feira (16). <\/p>\n<p>\u201cPrimeiro objetivo \u00e9 deixar claro e expl\u00edcito que n\u00e3o h\u00e1 qualquer iniciativa do governo de alterar a meta fiscal j\u00e1 estabelecida na LDO [Lei de Diretrizes Or\u00e7ament\u00e1rias] que o governo encaminhou. N\u00e3o existe nem vai existir qualquer iniciativa do governo de alterar essa meta fiscal\u201d, iniciou o ministro.<\/p>\n<p>Para o chefe da pasta, o governo federal deve manter o foco em \u201cmedidas que melhorem a arrecada\u00e7\u00e3o no pa\u00eds, fa\u00e7am justi\u00e7a tribut\u00e1ria e se esforcem para combater qualquer pauta que desorganize o or\u00e7amento p\u00fablico do pa\u00eds\u201d.<\/p>\n<p>As declara\u00e7\u00f5es foram feitas por Padilha ap\u00f3s ele se reunir no Pal\u00e1cio do Planalto com o ministro da Fazenda, Fernando Haddad (PT); a ministra da Gest\u00e3o e Inova\u00e7\u00e3o, Esther Dweck; e a ministra do Planejamento e Or\u00e7amento, Simone Tebet (MDB). O momento tamb\u00e9m contou com a presen\u00e7a do l\u00edder do governo no Congresso, senador Randolfe Rodrigues (Rede).<\/p>\n<p>Diverg\u00eancia interna<\/p>\n<p>A manifesta\u00e7\u00e3o do ministro das Rela\u00e7\u00f5es Institucionais ocorreu ap\u00f3s o presidente Luiz In\u00e1cio Lula da Silva (PT) e o Haddad divergerim sobre a meta de zerar o d\u00e9ficit p\u00fablico em 2024. O mandat\u00e1rio defendeu que o objetivo n\u00e3o deveria ser uma prioridade do governo federal, mas o ministro da Fazenda discordou e disse que faria &#8220;o m\u00e1ximo de esfor\u00e7o poss\u00edvel&#8221; para atingir o n\u00famero.<\/p>\n<p>Foto: Valter Campanato\/Ag\u00eancia Brasil<br \/>\nMetro1<\/p>\n","protected":false},"excerpt":{"rendered":"<p>O ministro das Rela\u00e7\u00f5es Institucionais ainda defendeu que o governo federal deve manter o foco em \u201cmedidas que melhorem a<\/p>\n","protected":false},"author":4,"featured_media":10991,"comment_status":"open","ping_status":"open","sticky":false,"template":"","format":"standard","meta":{"colormag_page_container_layout":"default_layout","colormag_page_sidebar_layout":"default_layout","_FSMCFIC_featured_image_caption":"","_FSMCFIC_featured_image_nocaption":"","_FSMCFIC_featured_image_hide":"","footnotes":""},"categories":[5,1],"tags":[],"class_list":["post-10990","post","type-post","status-publish","format-standard","has-post-thumbnail","hentry","category-politica","category-ultimas"],"yoast_head":"<!-- This site is optimized with the Yoast SEO plugin v27.1.1 - https:\/\/yoast.com\/product\/yoast-seo-wordpress\/ -->\n<title>&quot;N\u00e3o h\u00e1 qualquer iniciativa do governo de alterar a meta fiscal&quot;, afirma Padilha - Brasil not\u00edcias<\/title>\n<meta name=\"robots\" content=\"index, follow, max-snippet:-1, max-image-preview:large, max-video-preview:-1\" \/>\n<link rel=\"canonical\" href=\"https:\/\/brasilnoticias.org\/site\/nao-ha-qualquer-iniciativa-do-governo-de-alterar-a-meta-fiscal-afirma-padilha\/\" \/>\n<meta property=\"og:locale\" content=\"pt_PT\" \/>\n<meta property=\"og:type\" content=\"article\" \/>\n<meta property=\"og:title\" content=\"&quot;N\u00e3o h\u00e1 qualquer iniciativa do governo de alterar a meta fiscal&quot;, afirma Padilha - Brasil not\u00edcias\" \/>\n<meta property=\"og:description\" content=\"O ministro das Rela\u00e7\u00f5es Institucionais ainda defendeu que o governo federal deve manter o foco em \u201cmedidas que melhorem a\" \/>\n<meta property=\"og:url\" content=\"https:\/\/brasilnoticias.org\/site\/nao-ha-qualquer-iniciativa-do-governo-de-alterar-a-meta-fiscal-afirma-padilha\/\" \/>\n<meta property=\"og:site_name\" content=\"Brasil not\u00edcias\" \/>\n<meta property=\"article:published_time\" content=\"2023-11-16T20:35:49+00:00\" \/>\n<meta property=\"og:image\" content=\"https:\/\/brasilnoticias.org\/site\/wp-content\/uploads\/2023\/11\/143223nao-ha-qualquer-iniciativa-do-governo-de-alterar-a-meta-fiscal-afirma-padilha-3.jpg\" \/>\n\t<meta property=\"og:image:width\" content=\"1600\" \/>\n\t<meta property=\"og:image:height\" content=\"752\" \/>\n\t<meta property=\"og:image:type\" content=\"image\/jpeg\" \/>\n<meta name=\"author\" content=\"Reda\u00e7\u00e3o\" \/>\n<meta name=\"twitter:card\" content=\"summary_large_image\" \/>\n<meta name=\"twitter:label1\" content=\"Escrito por\" \/>\n\t<meta name=\"twitter:data1\" content=\"Reda\u00e7\u00e3o\" \/>\n<script type=\"application\/ld+json\" class=\"yoast-schema-graph\">{\"@context\":\"https:\/\/schema.org\",\"@graph\":[{\"@type\":\"Article\",\"@id\":\"https:\/\/brasilnoticias.org\/site\/nao-ha-qualquer-iniciativa-do-governo-de-alterar-a-meta-fiscal-afirma-padilha\/#article\",\"isPartOf\":{\"@id\":\"https:\/\/brasilnoticias.org\/site\/nao-ha-qualquer-iniciativa-do-governo-de-alterar-a-meta-fiscal-afirma-padilha\/\"},\"author\":{\"name\":\"Reda\u00e7\u00e3o\",\"@id\":\"https:\/\/brasilnoticias.org\/site\/#\/schema\/person\/03bbbfe6c7634ad18c26444ea39049fa\"},\"headline\":\"&#8220;N\u00e3o h\u00e1 qualquer iniciativa do governo de alterar a meta fiscal&#8221;, afirma Padilha\",\"datePublished\":\"2023-11-16T20:35:49+00:00\",\"mainEntityOfPage\":{\"@id\":\"https:\/\/brasilnoticias.org\/site\/nao-ha-qualquer-iniciativa-do-governo-de-alterar-a-meta-fiscal-afirma-padilha\/\"},\"wordCount\":320,\"commentCount\":0,\"publisher\":{\"@id\":\"https:\/\/brasilnoticias.org\/site\/#organization\"},\"image\":{\"@id\":\"https:\/\/brasilnoticias.org\/site\/nao-ha-qualquer-iniciativa-do-governo-de-alterar-a-meta-fiscal-afirma-padilha\/#primaryimage\"},\"thumbnailUrl\":\"https:\/\/brasilnoticias.org\/site\/wp-content\/uploads\/2023\/11\/143223nao-ha-qualquer-iniciativa-do-governo-de-alterar-a-meta-fiscal-afirma-padilha-3.jpg\",\"articleSection\":[\"Pol\u00edtica\",\"\u00daltimas\"],\"inLanguage\":\"pt-PT\",\"potentialAction\":[{\"@type\":\"CommentAction\",\"name\":\"Comment\",\"target\":[\"https:\/\/brasilnoticias.org\/site\/nao-ha-qualquer-iniciativa-do-governo-de-alterar-a-meta-fiscal-afirma-padilha\/#respond\"]}]},{\"@type\":\"WebPage\",\"@id\":\"https:\/\/brasilnoticias.org\/site\/nao-ha-qualquer-iniciativa-do-governo-de-alterar-a-meta-fiscal-afirma-padilha\/\",\"url\":\"https:\/\/brasilnoticias.org\/site\/nao-ha-qualquer-iniciativa-do-governo-de-alterar-a-meta-fiscal-afirma-padilha\/\",\"name\":\"\\\"N\u00e3o h\u00e1 qualquer iniciativa do governo de alterar a meta fiscal\\\", afirma Padilha - Brasil not\u00edcias\",\"isPartOf\":{\"@id\":\"https:\/\/brasilnoticias.org\/site\/#website\"},\"primaryImageOfPage\":{\"@id\":\"https:\/\/brasilnoticias.org\/site\/nao-ha-qualquer-iniciativa-do-governo-de-alterar-a-meta-fiscal-afirma-padilha\/#primaryimage\"},\"image\":{\"@id\":\"https:\/\/brasilnoticias.org\/site\/nao-ha-qualquer-iniciativa-do-governo-de-alterar-a-meta-fiscal-afirma-padilha\/#primaryimage\"},\"thumbnailUrl\":\"https:\/\/brasilnoticias.org\/site\/wp-content\/uploads\/2023\/11\/143223nao-ha-qualquer-iniciativa-do-governo-de-alterar-a-meta-fiscal-afirma-padilha-3.jpg\",\"datePublished\":\"2023-11-16T20:35:49+00:00\",\"breadcrumb\":{\"@id\":\"https:\/\/brasilnoticias.org\/site\/nao-ha-qualquer-iniciativa-do-governo-de-alterar-a-meta-fiscal-afirma-padilha\/#breadcrumb\"},\"inLanguage\":\"pt-PT\",\"potentialAction\":[{\"@type\":\"ReadAction\",\"target\":[\"https:\/\/brasilnoticias.org\/site\/nao-ha-qualquer-iniciativa-do-governo-de-alterar-a-meta-fiscal-afirma-padilha\/\"]}]},{\"@type\":\"ImageObject\",\"inLanguage\":\"pt-PT\",\"@id\":\"https:\/\/brasilnoticias.org\/site\/nao-ha-qualquer-iniciativa-do-governo-de-alterar-a-meta-fiscal-afirma-padilha\/#primaryimage\",\"url\":\"https:\/\/brasilnoticias.org\/site\/wp-content\/uploads\/2023\/11\/143223nao-ha-qualquer-iniciativa-do-governo-de-alterar-a-meta-fiscal-afirma-padilha-3.jpg\",\"contentUrl\":\"https:\/\/brasilnoticias.org\/site\/wp-content\/uploads\/2023\/11\/143223nao-ha-qualquer-iniciativa-do-governo-de-alterar-a-meta-fiscal-afirma-padilha-3.jpg\",\"width\":1600,\"height\":752},{\"@type\":\"BreadcrumbList\",\"@id\":\"https:\/\/brasilnoticias.org\/site\/nao-ha-qualquer-iniciativa-do-governo-de-alterar-a-meta-fiscal-afirma-padilha\/#breadcrumb\",\"itemListElement\":[{\"@type\":\"ListItem\",\"position\":1,\"name\":\"In\u00edcio\",\"item\":\"https:\/\/brasilnoticias.org\/site\/\"},{\"@type\":\"ListItem\",\"position\":2,\"name\":\"&#8220;N\u00e3o h\u00e1 qualquer iniciativa do governo de alterar a meta fiscal&#8221;, afirma Padilha\"}]},{\"@type\":\"WebSite\",\"@id\":\"https:\/\/brasilnoticias.org\/site\/#website\",\"url\":\"https:\/\/brasilnoticias.org\/site\/\",\"name\":\"Brasil not\u00edcias\",\"description\":\"Brasil not\u00edcias\",\"publisher\":{\"@id\":\"https:\/\/brasilnoticias.org\/site\/#organization\"},\"potentialAction\":[{\"@type\":\"SearchAction\",\"target\":{\"@type\":\"EntryPoint\",\"urlTemplate\":\"https:\/\/brasilnoticias.org\/site\/?s={search_term_string}\"},\"query-input\":{\"@type\":\"PropertyValueSpecification\",\"valueRequired\":true,\"valueName\":\"search_term_string\"}}],\"inLanguage\":\"pt-PT\"},{\"@type\":\"Organization\",\"@id\":\"https:\/\/brasilnoticias.org\/site\/#organization\",\"name\":\"Brasil not\u00edcias\",\"url\":\"https:\/\/brasilnoticias.org\/site\/\",\"logo\":{\"@type\":\"ImageObject\",\"inLanguage\":\"pt-PT\",\"@id\":\"https:\/\/brasilnoticias.org\/site\/#\/schema\/logo\/image\/\",\"url\":\"https:\/\/brasilnoticias.org\/site\/wp-content\/uploads\/2022\/05\/cropped-brasilnoticias-mini.jpg\",\"contentUrl\":\"https:\/\/brasilnoticias.org\/site\/wp-content\/uploads\/2022\/05\/cropped-brasilnoticias-mini.jpg\",\"width\":314,\"height\":86,\"caption\":\"Brasil not\u00edcias\"},\"image\":{\"@id\":\"https:\/\/brasilnoticias.org\/site\/#\/schema\/logo\/image\/\"}},{\"@type\":\"Person\",\"@id\":\"https:\/\/brasilnoticias.org\/site\/#\/schema\/person\/03bbbfe6c7634ad18c26444ea39049fa\",\"name\":\"Reda\u00e7\u00e3o\",\"image\":{\"@type\":\"ImageObject\",\"inLanguage\":\"pt-PT\",\"@id\":\"https:\/\/brasilnoticias.org\/site\/#\/schema\/person\/image\/\",\"url\":\"https:\/\/secure.gravatar.com\/avatar\/9ecaf7327a696cb23ad926fedded5f1f04d7049de9e445375d55b48c001a6e42?s=96&d=mm&r=g\",\"contentUrl\":\"https:\/\/secure.gravatar.com\/avatar\/9ecaf7327a696cb23ad926fedded5f1f04d7049de9e445375d55b48c001a6e42?s=96&d=mm&r=g\",\"caption\":\"Reda\u00e7\u00e3o\"},\"url\":\"https:\/\/brasilnoticias.org\/site\/author\/henrique\/\"}]}<\/script>\n<!-- \/ Yoast SEO plugin. -->","yoast_head_json":{"title":"\"N\u00e3o h\u00e1 qualquer iniciativa do governo de alterar a meta fiscal\", afirma Padilha - Brasil not\u00edcias","robots":{"index":"index","follow":"follow","max-snippet":"max-snippet:-1","max-image-preview":"max-image-preview:large","max-video-preview":"max-video-preview:-1"},"canonical":"https:\/\/brasilnoticias.org\/site\/nao-ha-qualquer-iniciativa-do-governo-de-alterar-a-meta-fiscal-afirma-padilha\/","og_locale":"pt_PT","og_type":"article","og_title":"\"N\u00e3o h\u00e1 qualquer iniciativa do governo de alterar a meta fiscal\", afirma Padilha - Brasil not\u00edcias","og_description":"O ministro das Rela\u00e7\u00f5es Institucionais ainda defendeu que o governo federal deve manter o foco em \u201cmedidas que melhorem a","og_url":"https:\/\/brasilnoticias.org\/site\/nao-ha-qualquer-iniciativa-do-governo-de-alterar-a-meta-fiscal-afirma-padilha\/","og_site_name":"Brasil not\u00edcias","article_published_time":"2023-11-16T20:35:49+00:00","og_image":[{"width":1600,"height":752,"url":"https:\/\/brasilnoticias.org\/site\/wp-content\/uploads\/2023\/11\/143223nao-ha-qualquer-iniciativa-do-governo-de-alterar-a-meta-fiscal-afirma-padilha-3.jpg","type":"image\/jpeg"}],"author":"Reda\u00e7\u00e3o","twitter_card":"summary_large_image","twitter_misc":{"Escrito por":"Reda\u00e7\u00e3o"},"schema":{"@context":"https:\/\/schema.org","@graph":[{"@type":"Article","@id":"https:\/\/brasilnoticias.org\/site\/nao-ha-qualquer-iniciativa-do-governo-de-alterar-a-meta-fiscal-afirma-padilha\/#article","isPartOf":{"@id":"https:\/\/brasilnoticias.org\/site\/nao-ha-qualquer-iniciativa-do-governo-de-alterar-a-meta-fiscal-afirma-padilha\/"},"author":{"name":"Reda\u00e7\u00e3o","@id":"https:\/\/brasilnoticias.org\/site\/#\/schema\/person\/03bbbfe6c7634ad18c26444ea39049fa"},"headline":"&#8220;N\u00e3o h\u00e1 qualquer iniciativa do governo de alterar a meta fiscal&#8221;, afirma Padilha","datePublished":"2023-11-16T20:35:49+00:00","mainEntityOfPage":{"@id":"https:\/\/brasilnoticias.org\/site\/nao-ha-qualquer-iniciativa-do-governo-de-alterar-a-meta-fiscal-afirma-padilha\/"},"wordCount":320,"commentCount":0,"publisher":{"@id":"https:\/\/brasilnoticias.org\/site\/#organization"},"image":{"@id":"https:\/\/brasilnoticias.org\/site\/nao-ha-qualquer-iniciativa-do-governo-de-alterar-a-meta-fiscal-afirma-padilha\/#primaryimage"},"thumbnailUrl":"https:\/\/brasilnoticias.org\/site\/wp-content\/uploads\/2023\/11\/143223nao-ha-qualquer-iniciativa-do-governo-de-alterar-a-meta-fiscal-afirma-padilha-3.jpg","articleSection":["Pol\u00edtica","\u00daltimas"],"inLanguage":"pt-PT","potentialAction":[{"@type":"CommentAction","name":"Comment","target":["https:\/\/brasilnoticias.org\/site\/nao-ha-qualquer-iniciativa-do-governo-de-alterar-a-meta-fiscal-afirma-padilha\/#respond"]}]},{"@type":"WebPage","@id":"https:\/\/brasilnoticias.org\/site\/nao-ha-qualquer-iniciativa-do-governo-de-alterar-a-meta-fiscal-afirma-padilha\/","url":"https:\/\/brasilnoticias.org\/site\/nao-ha-qualquer-iniciativa-do-governo-de-alterar-a-meta-fiscal-afirma-padilha\/","name":"\"N\u00e3o h\u00e1 qualquer iniciativa do governo de alterar a meta fiscal\", afirma Padilha - Brasil not\u00edcias","isPartOf":{"@id":"https:\/\/brasilnoticias.org\/site\/#website"},"primaryImageOfPage":{"@id":"https:\/\/brasilnoticias.org\/site\/nao-ha-qualquer-iniciativa-do-governo-de-alterar-a-meta-fiscal-afirma-padilha\/#primaryimage"},"image":{"@id":"https:\/\/brasilnoticias.org\/site\/nao-ha-qualquer-iniciativa-do-governo-de-alterar-a-meta-fiscal-afirma-padilha\/#primaryimage"},"thumbnailUrl":"https:\/\/brasilnoticias.org\/site\/wp-content\/uploads\/2023\/11\/143223nao-ha-qualquer-iniciativa-do-governo-de-alterar-a-meta-fiscal-afirma-padilha-3.jpg","datePublished":"2023-11-16T20:35:49+00:00","breadcrumb":{"@id":"https:\/\/brasilnoticias.org\/site\/nao-ha-qualquer-iniciativa-do-governo-de-alterar-a-meta-fiscal-afirma-padilha\/#breadcrumb"},"inLanguage":"pt-PT","potentialAction":[{"@type":"ReadAction","target":["https:\/\/brasilnoticias.org\/site\/nao-ha-qualquer-iniciativa-do-governo-de-alterar-a-meta-fiscal-afirma-padilha\/"]}]},{"@type":"ImageObject","inLanguage":"pt-PT","@id":"https:\/\/brasilnoticias.org\/site\/nao-ha-qualquer-iniciativa-do-governo-de-alterar-a-meta-fiscal-afirma-padilha\/#primaryimage","url":"https:\/\/brasilnoticias.org\/site\/wp-content\/uploads\/2023\/11\/143223nao-ha-qualquer-iniciativa-do-governo-de-alterar-a-meta-fiscal-afirma-padilha-3.jpg","contentUrl":"https:\/\/brasilnoticias.org\/site\/wp-content\/uploads\/2023\/11\/143223nao-ha-qualquer-iniciativa-do-governo-de-alterar-a-meta-fiscal-afirma-padilha-3.jpg","width":1600,"height":752},{"@type":"BreadcrumbList","@id":"https:\/\/brasilnoticias.org\/site\/nao-ha-qualquer-iniciativa-do-governo-de-alterar-a-meta-fiscal-afirma-padilha\/#breadcrumb","itemListElement":[{"@type":"ListItem","position":1,"name":"In\u00edcio","item":"https:\/\/brasilnoticias.org\/site\/"},{"@type":"ListItem","position":2,"name":"&#8220;N\u00e3o h\u00e1 qualquer iniciativa do governo de alterar a meta fiscal&#8221;, afirma Padilha"}]},{"@type":"WebSite","@id":"https:\/\/brasilnoticias.org\/site\/#website","url":"https:\/\/brasilnoticias.org\/site\/","name":"Brasil not\u00edcias","description":"Brasil not\u00edcias","publisher":{"@id":"https:\/\/brasilnoticias.org\/site\/#organization"},"potentialAction":[{"@type":"SearchAction","target":{"@type":"EntryPoint","urlTemplate":"https:\/\/brasilnoticias.org\/site\/?s={search_term_string}"},"query-input":{"@type":"PropertyValueSpecification","valueRequired":true,"valueName":"search_term_string"}}],"inLanguage":"pt-PT"},{"@type":"Organization","@id":"https:\/\/brasilnoticias.org\/site\/#organization","name":"Brasil not\u00edcias","url":"https:\/\/brasilnoticias.org\/site\/","logo":{"@type":"ImageObject","inLanguage":"pt-PT","@id":"https:\/\/brasilnoticias.org\/site\/#\/schema\/logo\/image\/","url":"https:\/\/brasilnoticias.org\/site\/wp-content\/uploads\/2022\/05\/cropped-brasilnoticias-mini.jpg","contentUrl":"https:\/\/brasilnoticias.org\/site\/wp-content\/uploads\/2022\/05\/cropped-brasilnoticias-mini.jpg","width":314,"height":86,"caption":"Brasil not\u00edcias"},"image":{"@id":"https:\/\/brasilnoticias.org\/site\/#\/schema\/logo\/image\/"}},{"@type":"Person","@id":"https:\/\/brasilnoticias.org\/site\/#\/schema\/person\/03bbbfe6c7634ad18c26444ea39049fa","name":"Reda\u00e7\u00e3o","image":{"@type":"ImageObject","inLanguage":"pt-PT","@id":"https:\/\/brasilnoticias.org\/site\/#\/schema\/person\/image\/","url":"https:\/\/secure.gravatar.com\/avatar\/9ecaf7327a696cb23ad926fedded5f1f04d7049de9e445375d55b48c001a6e42?s=96&d=mm&r=g","contentUrl":"https:\/\/secure.gravatar.com\/avatar\/9ecaf7327a696cb23ad926fedded5f1f04d7049de9e445375d55b48c001a6e42?s=96&d=mm&r=g","caption":"Reda\u00e7\u00e3o"},"url":"https:\/\/brasilnoticias.org\/site\/author\/henrique\/"}]}},"_links":{"self":[{"href":"https:\/\/brasilnoticias.org\/site\/wp-json\/wp\/v2\/posts\/10990","targetHints":{"allow":["GET"]}}],"collection":[{"href":"https:\/\/brasilnoticias.org\/site\/wp-json\/wp\/v2\/posts"}],"about":[{"href":"https:\/\/brasilnoticias.org\/site\/wp-json\/wp\/v2\/types\/post"}],"author":[{"embeddable":true,"href":"https:\/\/brasilnoticias.org\/site\/wp-json\/wp\/v2\/users\/4"}],"replies":[{"embeddable":true,"href":"https:\/\/brasilnoticias.org\/site\/wp-json\/wp\/v2\/comments?post=10990"}],"version-history":[{"count":1,"href":"https:\/\/brasilnoticias.org\/site\/wp-json\/wp\/v2\/posts\/10990\/revisions"}],"predecessor-version":[{"id":10992,"href":"https:\/\/brasilnoticias.org\/site\/wp-json\/wp\/v2\/posts\/10990\/revisions\/10992"}],"wp:featuredmedia":[{"embeddable":true,"href":"https:\/\/brasilnoticias.org\/site\/wp-json\/wp\/v2\/media\/10991"}],"wp:attachment":[{"href":"https:\/\/brasilnoticias.org\/site\/wp-json\/wp\/v2\/media?parent=10990"}],"wp:term":[{"taxonomy":"category","embeddable":true,"href":"https:\/\/brasilnoticias.org\/site\/wp-json\/wp\/v2\/categories?post=10990"},{"taxonomy":"post_tag","embeddable":true,"href":"https:\/\/brasilnoticias.org\/site\/wp-json\/wp\/v2\/tags?post=10990"}],"curies":[{"name":"wp","href":"https:\/\/api.w.org\/{rel}","templated":true}]}}