{"id":11000,"date":"2023-11-16T17:48:59","date_gmt":"2023-11-16T20:48:59","guid":{"rendered":"https:\/\/brasilnoticias.org\/site\/?p=11000"},"modified":"2023-11-16T17:48:59","modified_gmt":"2023-11-16T20:48:59","slug":"feira-do-homem-ja-tem-mais-de-70-de-vagas-preenchidas","status":"publish","type":"post","link":"https:\/\/brasilnoticias.org\/site\/feira-do-homem-ja-tem-mais-de-70-de-vagas-preenchidas\/","title":{"rendered":"Feira do Homem j\u00e1 tem mais de 70% de vagas preenchidas"},"content":{"rendered":"<p>Marcada para este s\u00e1bado (18) e domingo (19), na Arena Fonte Nova, em Salvador, a Feira do Homem j\u00e1 est\u00e1 com mais de 70% das suas mais de 10 mil vagas preenchidas. Promovido pela Secretaria da Sa\u00fade do Estado (Sesab), em parceria com as Volunt\u00e1rias Sociais da Bahia, o evento tem 100% dos servi\u00e7os e consultas com agendamento pr\u00e9vio online por meio do site da feira e faz parte da campanha do Novembro Azul, m\u00eas mundial de combate ao c\u00e2ncer de pr\u00f3stata.<\/p>\n<p>Os servi\u00e7os mais procurados s\u00e3o os de consulta urol\u00f3gica, com exame f\u00edsico da pr\u00f3stata, e consulta odontol\u00f3gica, que j\u00e1 tiveram as vagas esgotadas. Consultas e cirurgias oftalmol\u00f3gicas, coleta para exame de PSA, ultrassonografia, eletrocardiograma, triagem para vasectomia, exames laboratoriais e emiss\u00e3o de RG tamb\u00e9m est\u00e3o com uma procura acentuada, tendo mais de 50% das vagas preenchidas.<\/p>\n<p>\u201cFicamos felizes com essa procura, sobretudo das consultas urol\u00f3gicas e da coleta para o exame de PSA, j\u00e1 que mostra que o trabalho de conscientiza\u00e7\u00e3o promovido pelo Governo do Estado e pelas unidades de sa\u00fade em rela\u00e7\u00e3o ao Novembro Azul tem surtido efeito na popula\u00e7\u00e3o. A preven\u00e7\u00e3o e o diagn\u00f3stico precoce seguem sendo as melhores alternativas para o combate ao c\u00e2ncer de pr\u00f3stata\u201d, avalia a secret\u00e1ria da Sa\u00fade do Estado, Roberta Santana.<\/p>\n<p>Os residentes de Salvador representam 93,39% dos agendamentos e pessoas de outros 53 munic\u00edpios tamb\u00e9m j\u00e1 reservaram suas vagas. Na capital, os bairros com maior demanda s\u00e3o, em ordem, Brotas, Engenho Velho de Brotas, Cajazeiras, Liberdade e Sussuarana. A maior procura \u00e9 de pessoas com idade entre 50 e 59 anos, mas h\u00e1 pacientes com at\u00e9 106 anos que realizaram agendamento.<\/p>\n<p>\u00c9 importante ressaltar que n\u00e3o haver\u00e1 atendimento na Feira do Homem por demanda espont\u00e2nea, ou seja, apenas as pessoas agendadas ter\u00e3o atendimento garantido. Para ter acesso aos servi\u00e7os de sa\u00fade e de cidadania, \u00e9 necess\u00e1rio apresentar o cart\u00e3o do SUS, RG, CPF e comprovante de agendamento. No caso de exames de ultrassonografia, exames laboratoriais e consultas para cirurgias eletivas, \u00e9 preciso apresentar a solicita\u00e7\u00e3o m\u00e9dica.<\/p>\n<p>As consultas urol\u00f3gicas com exame f\u00edsico de pr\u00f3stata s\u00e3o exclusivas para pacientes acima dos 45 anos. As cirurgias de vasectomia t\u00eam execu\u00e7\u00e3o prevista para 60 dias ap\u00f3s a marca\u00e7\u00e3o. Para o exame de PSA, \u00e9 necess\u00e1rio jejum m\u00ednimo de quatro horas e dois dias sem ejacula\u00e7\u00e3o, sem esfor\u00e7o f\u00edsico intenso e sem andar a cavalo, de bicicleta ou de moto.<\/p>\n<p>A Feira do Homem ser\u00e1 a 26\u00aa edi\u00e7\u00e3o da Feira Sa\u00fade Mais Perto, em 2023. Mais de 310 mil atendimentos j\u00e1 foram realizados em toda a Bahia. Abaixo, a lista dos servi\u00e7os que ser\u00e3o oferecidos de forma gratuita:<\/p>\n<p>* Oftalmologia (consulta, cirurgia de catarata, limpeza de lente)<br \/>\n* Odontologia<br \/>\n* Ultrassonografia (Mama, tireoide, abdome total, vias urin\u00e1rias, pr\u00f3stata via abdominal)<br \/>\n* Eletrocardiograma<br \/>\n* Raio-x do T\u00f3rax<br \/>\n* Cirurgias eletivas (H\u00e9rnia umbilical, inguinal, epig\u00e1strica e ves\u00edcula)<br \/>\n* Cirurgia de fimose<br \/>\n* Triagem para cirurgia de vasectomia<br \/>\n* Laborat\u00f3rio de Coleta<br \/>\n* PSA (coleta)<br \/>\n* Consulta urol\u00f3gica com Exame f\u00edsico da pr\u00f3stata<br \/>\n* Consulta com nutricionista<br \/>\n* SacMovel (Emiss\u00e3o de primeira e segunda via da carteira de identidade)<br \/>\n* Imuniza\u00e7\u00e3o<br \/>\n* Testes de IST\u2019s (S\u00edfilis, Hepatite e HIV)<\/p>\n<p>Foto: reprodu\u00e7\u00e3o\/Ascom\/Sesab<br \/>\nFonte: Ascom\/Sesab<\/p>\n","protected":false},"excerpt":{"rendered":"<p>Marcada para este s\u00e1bado (18) e domingo (19), na Arena Fonte Nova, em Salvador, a Feira do Homem j\u00e1 est\u00e1<\/p>\n","protected":false},"author":4,"featured_media":11001,"comment_status":"open","ping_status":"open","sticky":false,"template":"","format":"standard","meta":{"colormag_page_container_layout":"default_layout","colormag_page_sidebar_layout":"default_layout","_FSMCFIC_featured_image_caption":"","_FSMCFIC_featured_image_nocaption":"","_FSMCFIC_featured_image_hide":"","footnotes":""},"categories":[2,1],"tags":[],"class_list":["post-11000","post","type-post","status-publish","format-standard","has-post-thumbnail","hentry","category-noticias","category-ultimas"],"yoast_head":"<!-- This site is optimized with the Yoast SEO plugin v27.1.1 - https:\/\/yoast.com\/product\/yoast-seo-wordpress\/ -->\n<title>Feira do Homem j\u00e1 tem mais de 70% de vagas preenchidas - Brasil not\u00edcias<\/title>\n<meta name=\"robots\" content=\"index, follow, max-snippet:-1, max-image-preview:large, max-video-preview:-1\" \/>\n<link rel=\"canonical\" href=\"https:\/\/brasilnoticias.org\/site\/feira-do-homem-ja-tem-mais-de-70-de-vagas-preenchidas\/\" \/>\n<meta property=\"og:locale\" content=\"pt_PT\" \/>\n<meta property=\"og:type\" content=\"article\" \/>\n<meta property=\"og:title\" content=\"Feira do Homem j\u00e1 tem mais de 70% de vagas preenchidas - Brasil not\u00edcias\" \/>\n<meta property=\"og:description\" content=\"Marcada para este s\u00e1bado (18) e domingo (19), na Arena Fonte Nova, em Salvador, a Feira do Homem j\u00e1 est\u00e1\" \/>\n<meta property=\"og:url\" content=\"https:\/\/brasilnoticias.org\/site\/feira-do-homem-ja-tem-mais-de-70-de-vagas-preenchidas\/\" \/>\n<meta property=\"og:site_name\" content=\"Brasil not\u00edcias\" \/>\n<meta property=\"article:published_time\" content=\"2023-11-16T20:48:59+00:00\" \/>\n<meta property=\"og:image\" content=\"https:\/\/brasilnoticias.org\/site\/wp-content\/uploads\/2023\/11\/WhatsApp-Image-2023-11-14-at-09.39.00.jpeg\" \/>\n\t<meta property=\"og:image:width\" content=\"1600\" \/>\n\t<meta property=\"og:image:height\" content=\"1200\" \/>\n\t<meta property=\"og:image:type\" content=\"image\/jpeg\" \/>\n<meta name=\"author\" content=\"Reda\u00e7\u00e3o\" \/>\n<meta name=\"twitter:card\" content=\"summary_large_image\" \/>\n<meta name=\"twitter:label1\" content=\"Escrito por\" \/>\n\t<meta name=\"twitter:data1\" content=\"Reda\u00e7\u00e3o\" \/>\n<script type=\"application\/ld+json\" class=\"yoast-schema-graph\">{\"@context\":\"https:\/\/schema.org\",\"@graph\":[{\"@type\":\"Article\",\"@id\":\"https:\/\/brasilnoticias.org\/site\/feira-do-homem-ja-tem-mais-de-70-de-vagas-preenchidas\/#article\",\"isPartOf\":{\"@id\":\"https:\/\/brasilnoticias.org\/site\/feira-do-homem-ja-tem-mais-de-70-de-vagas-preenchidas\/\"},\"author\":{\"name\":\"Reda\u00e7\u00e3o\",\"@id\":\"https:\/\/brasilnoticias.org\/site\/#\/schema\/person\/03bbbfe6c7634ad18c26444ea39049fa\"},\"headline\":\"Feira do Homem j\u00e1 tem mais de 70% de vagas preenchidas\",\"datePublished\":\"2023-11-16T20:48:59+00:00\",\"mainEntityOfPage\":{\"@id\":\"https:\/\/brasilnoticias.org\/site\/feira-do-homem-ja-tem-mais-de-70-de-vagas-preenchidas\/\"},\"wordCount\":576,\"commentCount\":0,\"publisher\":{\"@id\":\"https:\/\/brasilnoticias.org\/site\/#organization\"},\"image\":{\"@id\":\"https:\/\/brasilnoticias.org\/site\/feira-do-homem-ja-tem-mais-de-70-de-vagas-preenchidas\/#primaryimage\"},\"thumbnailUrl\":\"https:\/\/brasilnoticias.org\/site\/wp-content\/uploads\/2023\/11\/WhatsApp-Image-2023-11-14-at-09.39.00.jpeg\",\"articleSection\":[\"Not\u00edcias\",\"\u00daltimas\"],\"inLanguage\":\"pt-PT\",\"potentialAction\":[{\"@type\":\"CommentAction\",\"name\":\"Comment\",\"target\":[\"https:\/\/brasilnoticias.org\/site\/feira-do-homem-ja-tem-mais-de-70-de-vagas-preenchidas\/#respond\"]}]},{\"@type\":\"WebPage\",\"@id\":\"https:\/\/brasilnoticias.org\/site\/feira-do-homem-ja-tem-mais-de-70-de-vagas-preenchidas\/\",\"url\":\"https:\/\/brasilnoticias.org\/site\/feira-do-homem-ja-tem-mais-de-70-de-vagas-preenchidas\/\",\"name\":\"Feira do Homem j\u00e1 tem mais de 70% de vagas preenchidas - Brasil not\u00edcias\",\"isPartOf\":{\"@id\":\"https:\/\/brasilnoticias.org\/site\/#website\"},\"primaryImageOfPage\":{\"@id\":\"https:\/\/brasilnoticias.org\/site\/feira-do-homem-ja-tem-mais-de-70-de-vagas-preenchidas\/#primaryimage\"},\"image\":{\"@id\":\"https:\/\/brasilnoticias.org\/site\/feira-do-homem-ja-tem-mais-de-70-de-vagas-preenchidas\/#primaryimage\"},\"thumbnailUrl\":\"https:\/\/brasilnoticias.org\/site\/wp-content\/uploads\/2023\/11\/WhatsApp-Image-2023-11-14-at-09.39.00.jpeg\",\"datePublished\":\"2023-11-16T20:48:59+00:00\",\"breadcrumb\":{\"@id\":\"https:\/\/brasilnoticias.org\/site\/feira-do-homem-ja-tem-mais-de-70-de-vagas-preenchidas\/#breadcrumb\"},\"inLanguage\":\"pt-PT\",\"potentialAction\":[{\"@type\":\"ReadAction\",\"target\":[\"https:\/\/brasilnoticias.org\/site\/feira-do-homem-ja-tem-mais-de-70-de-vagas-preenchidas\/\"]}]},{\"@type\":\"ImageObject\",\"inLanguage\":\"pt-PT\",\"@id\":\"https:\/\/brasilnoticias.org\/site\/feira-do-homem-ja-tem-mais-de-70-de-vagas-preenchidas\/#primaryimage\",\"url\":\"https:\/\/brasilnoticias.org\/site\/wp-content\/uploads\/2023\/11\/WhatsApp-Image-2023-11-14-at-09.39.00.jpeg\",\"contentUrl\":\"https:\/\/brasilnoticias.org\/site\/wp-content\/uploads\/2023\/11\/WhatsApp-Image-2023-11-14-at-09.39.00.jpeg\",\"width\":1600,\"height\":1200},{\"@type\":\"BreadcrumbList\",\"@id\":\"https:\/\/brasilnoticias.org\/site\/feira-do-homem-ja-tem-mais-de-70-de-vagas-preenchidas\/#breadcrumb\",\"itemListElement\":[{\"@type\":\"ListItem\",\"position\":1,\"name\":\"In\u00edcio\",\"item\":\"https:\/\/brasilnoticias.org\/site\/\"},{\"@type\":\"ListItem\",\"position\":2,\"name\":\"Feira do Homem j\u00e1 tem mais de 70% de vagas preenchidas\"}]},{\"@type\":\"WebSite\",\"@id\":\"https:\/\/brasilnoticias.org\/site\/#website\",\"url\":\"https:\/\/brasilnoticias.org\/site\/\",\"name\":\"Brasil not\u00edcias\",\"description\":\"Brasil not\u00edcias\",\"publisher\":{\"@id\":\"https:\/\/brasilnoticias.org\/site\/#organization\"},\"potentialAction\":[{\"@type\":\"SearchAction\",\"target\":{\"@type\":\"EntryPoint\",\"urlTemplate\":\"https:\/\/brasilnoticias.org\/site\/?s={search_term_string}\"},\"query-input\":{\"@type\":\"PropertyValueSpecification\",\"valueRequired\":true,\"valueName\":\"search_term_string\"}}],\"inLanguage\":\"pt-PT\"},{\"@type\":\"Organization\",\"@id\":\"https:\/\/brasilnoticias.org\/site\/#organization\",\"name\":\"Brasil not\u00edcias\",\"url\":\"https:\/\/brasilnoticias.org\/site\/\",\"logo\":{\"@type\":\"ImageObject\",\"inLanguage\":\"pt-PT\",\"@id\":\"https:\/\/brasilnoticias.org\/site\/#\/schema\/logo\/image\/\",\"url\":\"https:\/\/brasilnoticias.org\/site\/wp-content\/uploads\/2022\/05\/cropped-brasilnoticias-mini.jpg\",\"contentUrl\":\"https:\/\/brasilnoticias.org\/site\/wp-content\/uploads\/2022\/05\/cropped-brasilnoticias-mini.jpg\",\"width\":314,\"height\":86,\"caption\":\"Brasil not\u00edcias\"},\"image\":{\"@id\":\"https:\/\/brasilnoticias.org\/site\/#\/schema\/logo\/image\/\"}},{\"@type\":\"Person\",\"@id\":\"https:\/\/brasilnoticias.org\/site\/#\/schema\/person\/03bbbfe6c7634ad18c26444ea39049fa\",\"name\":\"Reda\u00e7\u00e3o\",\"image\":{\"@type\":\"ImageObject\",\"inLanguage\":\"pt-PT\",\"@id\":\"https:\/\/brasilnoticias.org\/site\/#\/schema\/person\/image\/\",\"url\":\"https:\/\/secure.gravatar.com\/avatar\/9ecaf7327a696cb23ad926fedded5f1f04d7049de9e445375d55b48c001a6e42?s=96&d=mm&r=g\",\"contentUrl\":\"https:\/\/secure.gravatar.com\/avatar\/9ecaf7327a696cb23ad926fedded5f1f04d7049de9e445375d55b48c001a6e42?s=96&d=mm&r=g\",\"caption\":\"Reda\u00e7\u00e3o\"},\"url\":\"https:\/\/brasilnoticias.org\/site\/author\/henrique\/\"}]}<\/script>\n<!-- \/ Yoast SEO plugin. -->","yoast_head_json":{"title":"Feira do Homem j\u00e1 tem mais de 70% de vagas preenchidas - Brasil not\u00edcias","robots":{"index":"index","follow":"follow","max-snippet":"max-snippet:-1","max-image-preview":"max-image-preview:large","max-video-preview":"max-video-preview:-1"},"canonical":"https:\/\/brasilnoticias.org\/site\/feira-do-homem-ja-tem-mais-de-70-de-vagas-preenchidas\/","og_locale":"pt_PT","og_type":"article","og_title":"Feira do Homem j\u00e1 tem mais de 70% de vagas preenchidas - Brasil not\u00edcias","og_description":"Marcada para este s\u00e1bado (18) e domingo (19), na Arena Fonte Nova, em Salvador, a Feira do Homem j\u00e1 est\u00e1","og_url":"https:\/\/brasilnoticias.org\/site\/feira-do-homem-ja-tem-mais-de-70-de-vagas-preenchidas\/","og_site_name":"Brasil not\u00edcias","article_published_time":"2023-11-16T20:48:59+00:00","og_image":[{"width":1600,"height":1200,"url":"https:\/\/brasilnoticias.org\/site\/wp-content\/uploads\/2023\/11\/WhatsApp-Image-2023-11-14-at-09.39.00.jpeg","type":"image\/jpeg"}],"author":"Reda\u00e7\u00e3o","twitter_card":"summary_large_image","twitter_misc":{"Escrito por":"Reda\u00e7\u00e3o"},"schema":{"@context":"https:\/\/schema.org","@graph":[{"@type":"Article","@id":"https:\/\/brasilnoticias.org\/site\/feira-do-homem-ja-tem-mais-de-70-de-vagas-preenchidas\/#article","isPartOf":{"@id":"https:\/\/brasilnoticias.org\/site\/feira-do-homem-ja-tem-mais-de-70-de-vagas-preenchidas\/"},"author":{"name":"Reda\u00e7\u00e3o","@id":"https:\/\/brasilnoticias.org\/site\/#\/schema\/person\/03bbbfe6c7634ad18c26444ea39049fa"},"headline":"Feira do Homem j\u00e1 tem mais de 70% de vagas preenchidas","datePublished":"2023-11-16T20:48:59+00:00","mainEntityOfPage":{"@id":"https:\/\/brasilnoticias.org\/site\/feira-do-homem-ja-tem-mais-de-70-de-vagas-preenchidas\/"},"wordCount":576,"commentCount":0,"publisher":{"@id":"https:\/\/brasilnoticias.org\/site\/#organization"},"image":{"@id":"https:\/\/brasilnoticias.org\/site\/feira-do-homem-ja-tem-mais-de-70-de-vagas-preenchidas\/#primaryimage"},"thumbnailUrl":"https:\/\/brasilnoticias.org\/site\/wp-content\/uploads\/2023\/11\/WhatsApp-Image-2023-11-14-at-09.39.00.jpeg","articleSection":["Not\u00edcias","\u00daltimas"],"inLanguage":"pt-PT","potentialAction":[{"@type":"CommentAction","name":"Comment","target":["https:\/\/brasilnoticias.org\/site\/feira-do-homem-ja-tem-mais-de-70-de-vagas-preenchidas\/#respond"]}]},{"@type":"WebPage","@id":"https:\/\/brasilnoticias.org\/site\/feira-do-homem-ja-tem-mais-de-70-de-vagas-preenchidas\/","url":"https:\/\/brasilnoticias.org\/site\/feira-do-homem-ja-tem-mais-de-70-de-vagas-preenchidas\/","name":"Feira do Homem j\u00e1 tem mais de 70% de vagas preenchidas - Brasil not\u00edcias","isPartOf":{"@id":"https:\/\/brasilnoticias.org\/site\/#website"},"primaryImageOfPage":{"@id":"https:\/\/brasilnoticias.org\/site\/feira-do-homem-ja-tem-mais-de-70-de-vagas-preenchidas\/#primaryimage"},"image":{"@id":"https:\/\/brasilnoticias.org\/site\/feira-do-homem-ja-tem-mais-de-70-de-vagas-preenchidas\/#primaryimage"},"thumbnailUrl":"https:\/\/brasilnoticias.org\/site\/wp-content\/uploads\/2023\/11\/WhatsApp-Image-2023-11-14-at-09.39.00.jpeg","datePublished":"2023-11-16T20:48:59+00:00","breadcrumb":{"@id":"https:\/\/brasilnoticias.org\/site\/feira-do-homem-ja-tem-mais-de-70-de-vagas-preenchidas\/#breadcrumb"},"inLanguage":"pt-PT","potentialAction":[{"@type":"ReadAction","target":["https:\/\/brasilnoticias.org\/site\/feira-do-homem-ja-tem-mais-de-70-de-vagas-preenchidas\/"]}]},{"@type":"ImageObject","inLanguage":"pt-PT","@id":"https:\/\/brasilnoticias.org\/site\/feira-do-homem-ja-tem-mais-de-70-de-vagas-preenchidas\/#primaryimage","url":"https:\/\/brasilnoticias.org\/site\/wp-content\/uploads\/2023\/11\/WhatsApp-Image-2023-11-14-at-09.39.00.jpeg","contentUrl":"https:\/\/brasilnoticias.org\/site\/wp-content\/uploads\/2023\/11\/WhatsApp-Image-2023-11-14-at-09.39.00.jpeg","width":1600,"height":1200},{"@type":"BreadcrumbList","@id":"https:\/\/brasilnoticias.org\/site\/feira-do-homem-ja-tem-mais-de-70-de-vagas-preenchidas\/#breadcrumb","itemListElement":[{"@type":"ListItem","position":1,"name":"In\u00edcio","item":"https:\/\/brasilnoticias.org\/site\/"},{"@type":"ListItem","position":2,"name":"Feira do Homem j\u00e1 tem mais de 70% de vagas preenchidas"}]},{"@type":"WebSite","@id":"https:\/\/brasilnoticias.org\/site\/#website","url":"https:\/\/brasilnoticias.org\/site\/","name":"Brasil not\u00edcias","description":"Brasil not\u00edcias","publisher":{"@id":"https:\/\/brasilnoticias.org\/site\/#organization"},"potentialAction":[{"@type":"SearchAction","target":{"@type":"EntryPoint","urlTemplate":"https:\/\/brasilnoticias.org\/site\/?s={search_term_string}"},"query-input":{"@type":"PropertyValueSpecification","valueRequired":true,"valueName":"search_term_string"}}],"inLanguage":"pt-PT"},{"@type":"Organization","@id":"https:\/\/brasilnoticias.org\/site\/#organization","name":"Brasil not\u00edcias","url":"https:\/\/brasilnoticias.org\/site\/","logo":{"@type":"ImageObject","inLanguage":"pt-PT","@id":"https:\/\/brasilnoticias.org\/site\/#\/schema\/logo\/image\/","url":"https:\/\/brasilnoticias.org\/site\/wp-content\/uploads\/2022\/05\/cropped-brasilnoticias-mini.jpg","contentUrl":"https:\/\/brasilnoticias.org\/site\/wp-content\/uploads\/2022\/05\/cropped-brasilnoticias-mini.jpg","width":314,"height":86,"caption":"Brasil not\u00edcias"},"image":{"@id":"https:\/\/brasilnoticias.org\/site\/#\/schema\/logo\/image\/"}},{"@type":"Person","@id":"https:\/\/brasilnoticias.org\/site\/#\/schema\/person\/03bbbfe6c7634ad18c26444ea39049fa","name":"Reda\u00e7\u00e3o","image":{"@type":"ImageObject","inLanguage":"pt-PT","@id":"https:\/\/brasilnoticias.org\/site\/#\/schema\/person\/image\/","url":"https:\/\/secure.gravatar.com\/avatar\/9ecaf7327a696cb23ad926fedded5f1f04d7049de9e445375d55b48c001a6e42?s=96&d=mm&r=g","contentUrl":"https:\/\/secure.gravatar.com\/avatar\/9ecaf7327a696cb23ad926fedded5f1f04d7049de9e445375d55b48c001a6e42?s=96&d=mm&r=g","caption":"Reda\u00e7\u00e3o"},"url":"https:\/\/brasilnoticias.org\/site\/author\/henrique\/"}]}},"_links":{"self":[{"href":"https:\/\/brasilnoticias.org\/site\/wp-json\/wp\/v2\/posts\/11000","targetHints":{"allow":["GET"]}}],"collection":[{"href":"https:\/\/brasilnoticias.org\/site\/wp-json\/wp\/v2\/posts"}],"about":[{"href":"https:\/\/brasilnoticias.org\/site\/wp-json\/wp\/v2\/types\/post"}],"author":[{"embeddable":true,"href":"https:\/\/brasilnoticias.org\/site\/wp-json\/wp\/v2\/users\/4"}],"replies":[{"embeddable":true,"href":"https:\/\/brasilnoticias.org\/site\/wp-json\/wp\/v2\/comments?post=11000"}],"version-history":[{"count":1,"href":"https:\/\/brasilnoticias.org\/site\/wp-json\/wp\/v2\/posts\/11000\/revisions"}],"predecessor-version":[{"id":11003,"href":"https:\/\/brasilnoticias.org\/site\/wp-json\/wp\/v2\/posts\/11000\/revisions\/11003"}],"wp:featuredmedia":[{"embeddable":true,"href":"https:\/\/brasilnoticias.org\/site\/wp-json\/wp\/v2\/media\/11001"}],"wp:attachment":[{"href":"https:\/\/brasilnoticias.org\/site\/wp-json\/wp\/v2\/media?parent=11000"}],"wp:term":[{"taxonomy":"category","embeddable":true,"href":"https:\/\/brasilnoticias.org\/site\/wp-json\/wp\/v2\/categories?post=11000"},{"taxonomy":"post_tag","embeddable":true,"href":"https:\/\/brasilnoticias.org\/site\/wp-json\/wp\/v2\/tags?post=11000"}],"curies":[{"name":"wp","href":"https:\/\/api.w.org\/{rel}","templated":true}]}}