{"id":11010,"date":"2023-11-17T20:04:50","date_gmt":"2023-11-17T23:04:50","guid":{"rendered":"https:\/\/brasilnoticias.org\/site\/?p=11010"},"modified":"2023-11-17T20:04:50","modified_gmt":"2023-11-17T23:04:50","slug":"rio-de-janeiro-tem-calor-recorde-e-sensacao-termica-beira-os-60c-nesta-sexta-17","status":"publish","type":"post","link":"https:\/\/brasilnoticias.org\/site\/rio-de-janeiro-tem-calor-recorde-e-sensacao-termica-beira-os-60c-nesta-sexta-17\/","title":{"rendered":"Rio de Janeiro tem calor recorde e sensa\u00e7\u00e3o t\u00e9rmica beira os 60\u00b0C nesta sexta (17)"},"content":{"rendered":"<p>Em mais um recorde estabelecido pela atual onda de calor, o Rio de Janeiro registrou nesta sexta-feira (17\/11), \u00e0s 10h20, a sensa\u00e7\u00e3o t\u00e9rmica de 59,3\u00b0C. \u00c9 a maior j\u00e1 aferida pelo servi\u00e7o meteorol\u00f3gico da prefeitura, o Alerta Rio, criado em 2014. No momento, os term\u00f4metros marcavam 41,4\u00b0C.<\/p>\n<p>O recorde anterior havia sido registrado na ter\u00e7a-feira (14\/11), quando a sensa\u00e7\u00e3o t\u00e9rmica chegou a de 58,5\u00b0C.<\/p>\n<p>A sensa\u00e7\u00e3o t\u00e9rmica \u00e9 um par\u00e2metro que leva em considera\u00e7\u00e3o a temperatura e a umidade do ar, e as duas medi\u00e7\u00f5es extremas foram constatadas pela Esta\u00e7\u00e3o Meteorol\u00f3gica de Guaratiba, na zona oeste do Rio de Janeiro.<\/p>\n<p>Al\u00e9m da sensa\u00e7\u00e3o t\u00e9rmica, a cidade tamb\u00e9m tem registrado temperaturas recorde. Na quinta-feira (16\/11), os term\u00f4metros chegaram a marcar 42,6\u00b0C, a maior temperatura do ano. O recorde anterior era de domingo, com 42,5\u00b0C.<\/p>\n<p>Preocupada com os efeitos do El Ni\u00f1o sobre o clima neste ver\u00e3o, a prefeitura do Rio anunciou um plano de resili\u00eancia nesta semana . H\u00e1 expectativa de que o fen\u00f4meno clim\u00e1tico cause temporais e mais temperaturas extremas nos pr\u00f3ximos meses.<\/p>\n<p>Foto: Ilustrativa \/ Pexels<br \/>\nAratu On<\/p>\n","protected":false},"excerpt":{"rendered":"<p>Em mais um recorde estabelecido pela atual onda de calor, o Rio de Janeiro registrou nesta sexta-feira (17\/11), \u00e0s 10h20,<\/p>\n","protected":false},"author":4,"featured_media":11011,"comment_status":"open","ping_status":"open","sticky":false,"template":"","format":"standard","meta":{"colormag_page_container_layout":"default_layout","colormag_page_sidebar_layout":"default_layout","_FSMCFIC_featured_image_caption":"","_FSMCFIC_featured_image_nocaption":"","_FSMCFIC_featured_image_hide":"","footnotes":""},"categories":[2,1],"tags":[],"class_list":["post-11010","post","type-post","status-publish","format-standard","has-post-thumbnail","hentry","category-noticias","category-ultimas"],"yoast_head":"<!-- This site is optimized with the Yoast SEO plugin v27.1.1 - https:\/\/yoast.com\/product\/yoast-seo-wordpress\/ -->\n<title>Rio de Janeiro tem calor recorde e sensa\u00e7\u00e3o t\u00e9rmica beira os 60\u00b0C nesta sexta (17) - Brasil not\u00edcias<\/title>\n<meta name=\"robots\" content=\"index, follow, max-snippet:-1, max-image-preview:large, max-video-preview:-1\" \/>\n<link rel=\"canonical\" href=\"https:\/\/brasilnoticias.org\/site\/rio-de-janeiro-tem-calor-recorde-e-sensacao-termica-beira-os-60c-nesta-sexta-17\/\" \/>\n<meta property=\"og:locale\" content=\"pt_PT\" \/>\n<meta property=\"og:type\" content=\"article\" \/>\n<meta property=\"og:title\" content=\"Rio de Janeiro tem calor recorde e sensa\u00e7\u00e3o t\u00e9rmica beira os 60\u00b0C nesta sexta (17) - Brasil not\u00edcias\" \/>\n<meta property=\"og:description\" content=\"Em mais um recorde estabelecido pela atual onda de calor, o Rio de Janeiro registrou nesta sexta-feira (17\/11), \u00e0s 10h20,\" \/>\n<meta property=\"og:url\" content=\"https:\/\/brasilnoticias.org\/site\/rio-de-janeiro-tem-calor-recorde-e-sensacao-termica-beira-os-60c-nesta-sexta-17\/\" \/>\n<meta property=\"og:site_name\" content=\"Brasil not\u00edcias\" \/>\n<meta property=\"article:published_time\" content=\"2023-11-17T23:04:50+00:00\" \/>\n<meta property=\"og:image\" content=\"https:\/\/brasilnoticias.org\/site\/wp-content\/uploads\/2023\/11\/imagem-destacada-operacao-policial-deixa-12-mortos-no-rio-de-janeiro-oito-fuzis-.jpg\" \/>\n\t<meta property=\"og:image:width\" content=\"600\" \/>\n\t<meta property=\"og:image:height\" content=\"350\" \/>\n\t<meta property=\"og:image:type\" content=\"image\/jpeg\" \/>\n<meta name=\"author\" content=\"Reda\u00e7\u00e3o\" \/>\n<meta name=\"twitter:card\" content=\"summary_large_image\" \/>\n<meta name=\"twitter:label1\" content=\"Escrito por\" \/>\n\t<meta name=\"twitter:data1\" content=\"Reda\u00e7\u00e3o\" \/>\n<script type=\"application\/ld+json\" class=\"yoast-schema-graph\">{\"@context\":\"https:\/\/schema.org\",\"@graph\":[{\"@type\":\"Article\",\"@id\":\"https:\/\/brasilnoticias.org\/site\/rio-de-janeiro-tem-calor-recorde-e-sensacao-termica-beira-os-60c-nesta-sexta-17\/#article\",\"isPartOf\":{\"@id\":\"https:\/\/brasilnoticias.org\/site\/rio-de-janeiro-tem-calor-recorde-e-sensacao-termica-beira-os-60c-nesta-sexta-17\/\"},\"author\":{\"name\":\"Reda\u00e7\u00e3o\",\"@id\":\"https:\/\/brasilnoticias.org\/site\/#\/schema\/person\/03bbbfe6c7634ad18c26444ea39049fa\"},\"headline\":\"Rio de Janeiro tem calor recorde e sensa\u00e7\u00e3o t\u00e9rmica beira os 60\u00b0C nesta sexta (17)\",\"datePublished\":\"2023-11-17T23:04:50+00:00\",\"mainEntityOfPage\":{\"@id\":\"https:\/\/brasilnoticias.org\/site\/rio-de-janeiro-tem-calor-recorde-e-sensacao-termica-beira-os-60c-nesta-sexta-17\/\"},\"wordCount\":213,\"commentCount\":0,\"publisher\":{\"@id\":\"https:\/\/brasilnoticias.org\/site\/#organization\"},\"image\":{\"@id\":\"https:\/\/brasilnoticias.org\/site\/rio-de-janeiro-tem-calor-recorde-e-sensacao-termica-beira-os-60c-nesta-sexta-17\/#primaryimage\"},\"thumbnailUrl\":\"https:\/\/brasilnoticias.org\/site\/wp-content\/uploads\/2023\/11\/imagem-destacada-operacao-policial-deixa-12-mortos-no-rio-de-janeiro-oito-fuzis-.jpg\",\"articleSection\":[\"Not\u00edcias\",\"\u00daltimas\"],\"inLanguage\":\"pt-PT\",\"potentialAction\":[{\"@type\":\"CommentAction\",\"name\":\"Comment\",\"target\":[\"https:\/\/brasilnoticias.org\/site\/rio-de-janeiro-tem-calor-recorde-e-sensacao-termica-beira-os-60c-nesta-sexta-17\/#respond\"]}]},{\"@type\":\"WebPage\",\"@id\":\"https:\/\/brasilnoticias.org\/site\/rio-de-janeiro-tem-calor-recorde-e-sensacao-termica-beira-os-60c-nesta-sexta-17\/\",\"url\":\"https:\/\/brasilnoticias.org\/site\/rio-de-janeiro-tem-calor-recorde-e-sensacao-termica-beira-os-60c-nesta-sexta-17\/\",\"name\":\"Rio de Janeiro tem calor recorde e sensa\u00e7\u00e3o t\u00e9rmica beira os 60\u00b0C nesta sexta (17) - Brasil not\u00edcias\",\"isPartOf\":{\"@id\":\"https:\/\/brasilnoticias.org\/site\/#website\"},\"primaryImageOfPage\":{\"@id\":\"https:\/\/brasilnoticias.org\/site\/rio-de-janeiro-tem-calor-recorde-e-sensacao-termica-beira-os-60c-nesta-sexta-17\/#primaryimage\"},\"image\":{\"@id\":\"https:\/\/brasilnoticias.org\/site\/rio-de-janeiro-tem-calor-recorde-e-sensacao-termica-beira-os-60c-nesta-sexta-17\/#primaryimage\"},\"thumbnailUrl\":\"https:\/\/brasilnoticias.org\/site\/wp-content\/uploads\/2023\/11\/imagem-destacada-operacao-policial-deixa-12-mortos-no-rio-de-janeiro-oito-fuzis-.jpg\",\"datePublished\":\"2023-11-17T23:04:50+00:00\",\"breadcrumb\":{\"@id\":\"https:\/\/brasilnoticias.org\/site\/rio-de-janeiro-tem-calor-recorde-e-sensacao-termica-beira-os-60c-nesta-sexta-17\/#breadcrumb\"},\"inLanguage\":\"pt-PT\",\"potentialAction\":[{\"@type\":\"ReadAction\",\"target\":[\"https:\/\/brasilnoticias.org\/site\/rio-de-janeiro-tem-calor-recorde-e-sensacao-termica-beira-os-60c-nesta-sexta-17\/\"]}]},{\"@type\":\"ImageObject\",\"inLanguage\":\"pt-PT\",\"@id\":\"https:\/\/brasilnoticias.org\/site\/rio-de-janeiro-tem-calor-recorde-e-sensacao-termica-beira-os-60c-nesta-sexta-17\/#primaryimage\",\"url\":\"https:\/\/brasilnoticias.org\/site\/wp-content\/uploads\/2023\/11\/imagem-destacada-operacao-policial-deixa-12-mortos-no-rio-de-janeiro-oito-fuzis-.jpg\",\"contentUrl\":\"https:\/\/brasilnoticias.org\/site\/wp-content\/uploads\/2023\/11\/imagem-destacada-operacao-policial-deixa-12-mortos-no-rio-de-janeiro-oito-fuzis-.jpg\",\"width\":600,\"height\":350},{\"@type\":\"BreadcrumbList\",\"@id\":\"https:\/\/brasilnoticias.org\/site\/rio-de-janeiro-tem-calor-recorde-e-sensacao-termica-beira-os-60c-nesta-sexta-17\/#breadcrumb\",\"itemListElement\":[{\"@type\":\"ListItem\",\"position\":1,\"name\":\"In\u00edcio\",\"item\":\"https:\/\/brasilnoticias.org\/site\/\"},{\"@type\":\"ListItem\",\"position\":2,\"name\":\"Rio de Janeiro tem calor recorde e sensa\u00e7\u00e3o t\u00e9rmica beira os 60\u00b0C nesta sexta (17)\"}]},{\"@type\":\"WebSite\",\"@id\":\"https:\/\/brasilnoticias.org\/site\/#website\",\"url\":\"https:\/\/brasilnoticias.org\/site\/\",\"name\":\"Brasil not\u00edcias\",\"description\":\"Brasil not\u00edcias\",\"publisher\":{\"@id\":\"https:\/\/brasilnoticias.org\/site\/#organization\"},\"potentialAction\":[{\"@type\":\"SearchAction\",\"target\":{\"@type\":\"EntryPoint\",\"urlTemplate\":\"https:\/\/brasilnoticias.org\/site\/?s={search_term_string}\"},\"query-input\":{\"@type\":\"PropertyValueSpecification\",\"valueRequired\":true,\"valueName\":\"search_term_string\"}}],\"inLanguage\":\"pt-PT\"},{\"@type\":\"Organization\",\"@id\":\"https:\/\/brasilnoticias.org\/site\/#organization\",\"name\":\"Brasil not\u00edcias\",\"url\":\"https:\/\/brasilnoticias.org\/site\/\",\"logo\":{\"@type\":\"ImageObject\",\"inLanguage\":\"pt-PT\",\"@id\":\"https:\/\/brasilnoticias.org\/site\/#\/schema\/logo\/image\/\",\"url\":\"https:\/\/brasilnoticias.org\/site\/wp-content\/uploads\/2022\/05\/cropped-brasilnoticias-mini.jpg\",\"contentUrl\":\"https:\/\/brasilnoticias.org\/site\/wp-content\/uploads\/2022\/05\/cropped-brasilnoticias-mini.jpg\",\"width\":314,\"height\":86,\"caption\":\"Brasil not\u00edcias\"},\"image\":{\"@id\":\"https:\/\/brasilnoticias.org\/site\/#\/schema\/logo\/image\/\"}},{\"@type\":\"Person\",\"@id\":\"https:\/\/brasilnoticias.org\/site\/#\/schema\/person\/03bbbfe6c7634ad18c26444ea39049fa\",\"name\":\"Reda\u00e7\u00e3o\",\"image\":{\"@type\":\"ImageObject\",\"inLanguage\":\"pt-PT\",\"@id\":\"https:\/\/brasilnoticias.org\/site\/#\/schema\/person\/image\/\",\"url\":\"https:\/\/secure.gravatar.com\/avatar\/9ecaf7327a696cb23ad926fedded5f1f04d7049de9e445375d55b48c001a6e42?s=96&d=mm&r=g\",\"contentUrl\":\"https:\/\/secure.gravatar.com\/avatar\/9ecaf7327a696cb23ad926fedded5f1f04d7049de9e445375d55b48c001a6e42?s=96&d=mm&r=g\",\"caption\":\"Reda\u00e7\u00e3o\"},\"url\":\"https:\/\/brasilnoticias.org\/site\/author\/henrique\/\"}]}<\/script>\n<!-- \/ Yoast SEO plugin. -->","yoast_head_json":{"title":"Rio de Janeiro tem calor recorde e sensa\u00e7\u00e3o t\u00e9rmica beira os 60\u00b0C nesta sexta (17) - Brasil not\u00edcias","robots":{"index":"index","follow":"follow","max-snippet":"max-snippet:-1","max-image-preview":"max-image-preview:large","max-video-preview":"max-video-preview:-1"},"canonical":"https:\/\/brasilnoticias.org\/site\/rio-de-janeiro-tem-calor-recorde-e-sensacao-termica-beira-os-60c-nesta-sexta-17\/","og_locale":"pt_PT","og_type":"article","og_title":"Rio de Janeiro tem calor recorde e sensa\u00e7\u00e3o t\u00e9rmica beira os 60\u00b0C nesta sexta (17) - Brasil not\u00edcias","og_description":"Em mais um recorde estabelecido pela atual onda de calor, o Rio de Janeiro registrou nesta sexta-feira (17\/11), \u00e0s 10h20,","og_url":"https:\/\/brasilnoticias.org\/site\/rio-de-janeiro-tem-calor-recorde-e-sensacao-termica-beira-os-60c-nesta-sexta-17\/","og_site_name":"Brasil not\u00edcias","article_published_time":"2023-11-17T23:04:50+00:00","og_image":[{"width":600,"height":350,"url":"https:\/\/brasilnoticias.org\/site\/wp-content\/uploads\/2023\/11\/imagem-destacada-operacao-policial-deixa-12-mortos-no-rio-de-janeiro-oito-fuzis-.jpg","type":"image\/jpeg"}],"author":"Reda\u00e7\u00e3o","twitter_card":"summary_large_image","twitter_misc":{"Escrito por":"Reda\u00e7\u00e3o"},"schema":{"@context":"https:\/\/schema.org","@graph":[{"@type":"Article","@id":"https:\/\/brasilnoticias.org\/site\/rio-de-janeiro-tem-calor-recorde-e-sensacao-termica-beira-os-60c-nesta-sexta-17\/#article","isPartOf":{"@id":"https:\/\/brasilnoticias.org\/site\/rio-de-janeiro-tem-calor-recorde-e-sensacao-termica-beira-os-60c-nesta-sexta-17\/"},"author":{"name":"Reda\u00e7\u00e3o","@id":"https:\/\/brasilnoticias.org\/site\/#\/schema\/person\/03bbbfe6c7634ad18c26444ea39049fa"},"headline":"Rio de Janeiro tem calor recorde e sensa\u00e7\u00e3o t\u00e9rmica beira os 60\u00b0C nesta sexta (17)","datePublished":"2023-11-17T23:04:50+00:00","mainEntityOfPage":{"@id":"https:\/\/brasilnoticias.org\/site\/rio-de-janeiro-tem-calor-recorde-e-sensacao-termica-beira-os-60c-nesta-sexta-17\/"},"wordCount":213,"commentCount":0,"publisher":{"@id":"https:\/\/brasilnoticias.org\/site\/#organization"},"image":{"@id":"https:\/\/brasilnoticias.org\/site\/rio-de-janeiro-tem-calor-recorde-e-sensacao-termica-beira-os-60c-nesta-sexta-17\/#primaryimage"},"thumbnailUrl":"https:\/\/brasilnoticias.org\/site\/wp-content\/uploads\/2023\/11\/imagem-destacada-operacao-policial-deixa-12-mortos-no-rio-de-janeiro-oito-fuzis-.jpg","articleSection":["Not\u00edcias","\u00daltimas"],"inLanguage":"pt-PT","potentialAction":[{"@type":"CommentAction","name":"Comment","target":["https:\/\/brasilnoticias.org\/site\/rio-de-janeiro-tem-calor-recorde-e-sensacao-termica-beira-os-60c-nesta-sexta-17\/#respond"]}]},{"@type":"WebPage","@id":"https:\/\/brasilnoticias.org\/site\/rio-de-janeiro-tem-calor-recorde-e-sensacao-termica-beira-os-60c-nesta-sexta-17\/","url":"https:\/\/brasilnoticias.org\/site\/rio-de-janeiro-tem-calor-recorde-e-sensacao-termica-beira-os-60c-nesta-sexta-17\/","name":"Rio de Janeiro tem calor recorde e sensa\u00e7\u00e3o t\u00e9rmica beira os 60\u00b0C nesta sexta (17) - Brasil not\u00edcias","isPartOf":{"@id":"https:\/\/brasilnoticias.org\/site\/#website"},"primaryImageOfPage":{"@id":"https:\/\/brasilnoticias.org\/site\/rio-de-janeiro-tem-calor-recorde-e-sensacao-termica-beira-os-60c-nesta-sexta-17\/#primaryimage"},"image":{"@id":"https:\/\/brasilnoticias.org\/site\/rio-de-janeiro-tem-calor-recorde-e-sensacao-termica-beira-os-60c-nesta-sexta-17\/#primaryimage"},"thumbnailUrl":"https:\/\/brasilnoticias.org\/site\/wp-content\/uploads\/2023\/11\/imagem-destacada-operacao-policial-deixa-12-mortos-no-rio-de-janeiro-oito-fuzis-.jpg","datePublished":"2023-11-17T23:04:50+00:00","breadcrumb":{"@id":"https:\/\/brasilnoticias.org\/site\/rio-de-janeiro-tem-calor-recorde-e-sensacao-termica-beira-os-60c-nesta-sexta-17\/#breadcrumb"},"inLanguage":"pt-PT","potentialAction":[{"@type":"ReadAction","target":["https:\/\/brasilnoticias.org\/site\/rio-de-janeiro-tem-calor-recorde-e-sensacao-termica-beira-os-60c-nesta-sexta-17\/"]}]},{"@type":"ImageObject","inLanguage":"pt-PT","@id":"https:\/\/brasilnoticias.org\/site\/rio-de-janeiro-tem-calor-recorde-e-sensacao-termica-beira-os-60c-nesta-sexta-17\/#primaryimage","url":"https:\/\/brasilnoticias.org\/site\/wp-content\/uploads\/2023\/11\/imagem-destacada-operacao-policial-deixa-12-mortos-no-rio-de-janeiro-oito-fuzis-.jpg","contentUrl":"https:\/\/brasilnoticias.org\/site\/wp-content\/uploads\/2023\/11\/imagem-destacada-operacao-policial-deixa-12-mortos-no-rio-de-janeiro-oito-fuzis-.jpg","width":600,"height":350},{"@type":"BreadcrumbList","@id":"https:\/\/brasilnoticias.org\/site\/rio-de-janeiro-tem-calor-recorde-e-sensacao-termica-beira-os-60c-nesta-sexta-17\/#breadcrumb","itemListElement":[{"@type":"ListItem","position":1,"name":"In\u00edcio","item":"https:\/\/brasilnoticias.org\/site\/"},{"@type":"ListItem","position":2,"name":"Rio de Janeiro tem calor recorde e sensa\u00e7\u00e3o t\u00e9rmica beira os 60\u00b0C nesta sexta (17)"}]},{"@type":"WebSite","@id":"https:\/\/brasilnoticias.org\/site\/#website","url":"https:\/\/brasilnoticias.org\/site\/","name":"Brasil not\u00edcias","description":"Brasil not\u00edcias","publisher":{"@id":"https:\/\/brasilnoticias.org\/site\/#organization"},"potentialAction":[{"@type":"SearchAction","target":{"@type":"EntryPoint","urlTemplate":"https:\/\/brasilnoticias.org\/site\/?s={search_term_string}"},"query-input":{"@type":"PropertyValueSpecification","valueRequired":true,"valueName":"search_term_string"}}],"inLanguage":"pt-PT"},{"@type":"Organization","@id":"https:\/\/brasilnoticias.org\/site\/#organization","name":"Brasil not\u00edcias","url":"https:\/\/brasilnoticias.org\/site\/","logo":{"@type":"ImageObject","inLanguage":"pt-PT","@id":"https:\/\/brasilnoticias.org\/site\/#\/schema\/logo\/image\/","url":"https:\/\/brasilnoticias.org\/site\/wp-content\/uploads\/2022\/05\/cropped-brasilnoticias-mini.jpg","contentUrl":"https:\/\/brasilnoticias.org\/site\/wp-content\/uploads\/2022\/05\/cropped-brasilnoticias-mini.jpg","width":314,"height":86,"caption":"Brasil not\u00edcias"},"image":{"@id":"https:\/\/brasilnoticias.org\/site\/#\/schema\/logo\/image\/"}},{"@type":"Person","@id":"https:\/\/brasilnoticias.org\/site\/#\/schema\/person\/03bbbfe6c7634ad18c26444ea39049fa","name":"Reda\u00e7\u00e3o","image":{"@type":"ImageObject","inLanguage":"pt-PT","@id":"https:\/\/brasilnoticias.org\/site\/#\/schema\/person\/image\/","url":"https:\/\/secure.gravatar.com\/avatar\/9ecaf7327a696cb23ad926fedded5f1f04d7049de9e445375d55b48c001a6e42?s=96&d=mm&r=g","contentUrl":"https:\/\/secure.gravatar.com\/avatar\/9ecaf7327a696cb23ad926fedded5f1f04d7049de9e445375d55b48c001a6e42?s=96&d=mm&r=g","caption":"Reda\u00e7\u00e3o"},"url":"https:\/\/brasilnoticias.org\/site\/author\/henrique\/"}]}},"_links":{"self":[{"href":"https:\/\/brasilnoticias.org\/site\/wp-json\/wp\/v2\/posts\/11010","targetHints":{"allow":["GET"]}}],"collection":[{"href":"https:\/\/brasilnoticias.org\/site\/wp-json\/wp\/v2\/posts"}],"about":[{"href":"https:\/\/brasilnoticias.org\/site\/wp-json\/wp\/v2\/types\/post"}],"author":[{"embeddable":true,"href":"https:\/\/brasilnoticias.org\/site\/wp-json\/wp\/v2\/users\/4"}],"replies":[{"embeddable":true,"href":"https:\/\/brasilnoticias.org\/site\/wp-json\/wp\/v2\/comments?post=11010"}],"version-history":[{"count":1,"href":"https:\/\/brasilnoticias.org\/site\/wp-json\/wp\/v2\/posts\/11010\/revisions"}],"predecessor-version":[{"id":11012,"href":"https:\/\/brasilnoticias.org\/site\/wp-json\/wp\/v2\/posts\/11010\/revisions\/11012"}],"wp:featuredmedia":[{"embeddable":true,"href":"https:\/\/brasilnoticias.org\/site\/wp-json\/wp\/v2\/media\/11011"}],"wp:attachment":[{"href":"https:\/\/brasilnoticias.org\/site\/wp-json\/wp\/v2\/media?parent=11010"}],"wp:term":[{"taxonomy":"category","embeddable":true,"href":"https:\/\/brasilnoticias.org\/site\/wp-json\/wp\/v2\/categories?post=11010"},{"taxonomy":"post_tag","embeddable":true,"href":"https:\/\/brasilnoticias.org\/site\/wp-json\/wp\/v2\/tags?post=11010"}],"curies":[{"name":"wp","href":"https:\/\/api.w.org\/{rel}","templated":true}]}}