{"id":11019,"date":"2023-11-17T20:11:08","date_gmt":"2023-11-17T23:11:08","guid":{"rendered":"https:\/\/brasilnoticias.org\/site\/?p=11019"},"modified":"2023-11-17T20:11:08","modified_gmt":"2023-11-17T23:11:08","slug":"grupo-de-repatriados-faz-apelo-por-familiares-que-ainda-estao-em-gaza","status":"publish","type":"post","link":"https:\/\/brasilnoticias.org\/site\/grupo-de-repatriados-faz-apelo-por-familiares-que-ainda-estao-em-gaza\/","title":{"rendered":"Grupo de repatriados faz apelo por familiares que ainda est\u00e3o em Gaza"},"content":{"rendered":"<p>Lula comunicou que o pa\u00eds prepara uma nova lista para resgatar mais pessoas<\/p>\n<p>O secret\u00e1rio nacional de Justi\u00e7a, Augusto de Arruda Botelho, visitou 13 repatriados da Faixa de Gaza que est\u00e3o acolhidos em um abrigo no interior de S\u00e3o Paulo. Na conversa, que aconteceu nesta sexta-feira (17), o grupo voltou a fazer apelos para que o governo federal resgate familiares pr\u00f3ximos que seguem na regi\u00e3o mais cr\u00edtica do conflito entre Israel e Hamas.<\/p>\n<p>Durante a visita, o secret\u00e1rio informou ao grupo que diversas empresas procuraram a Secretaria Nacional de Justi\u00e7a (Senajus) para oferecer vagas de emprego aos repatriados. T\u00e9cnicos do governo federal v\u00e3o identificar o perfil de cada um para ajudar na busca por oportunidades adequadas.<\/p>\n<p>Na quinta-feira (16), o presidente Lu\u00edz In\u00e1cio Lula da Silva (PT) conversou com o presidente de Israel, Isaac Herzog, por telefone para agradecer a sa\u00edda dos 32 brasileiros e familiares. Al\u00e9m disso, Lula comunicou que o pa\u00eds se prepara para uma nova lista para resgatar mais pessoas.<\/p>\n<p>Os t\u00e9cnicos dos minist\u00e9rio da Sa\u00fade e do Desenvolvimento Social v\u00e3o seguir no abrigo at\u00e9 a pr\u00f3xima semana auxiliando a adapta\u00e7\u00e3o das fam\u00edlias que chegaram de Gaza na \u00faltima segunda-feira (13). No local, o grupo tem aulas de portugu\u00eas e atendimento psicol\u00f3gico. <\/p>\n<p>Foto: Paulo Pinto\/Ag\u00eancia Brasil<br \/>\nMetro1 <\/p>\n","protected":false},"excerpt":{"rendered":"<p>Lula comunicou que o pa\u00eds prepara uma nova lista para resgatar mais pessoas O secret\u00e1rio nacional de Justi\u00e7a, Augusto de<\/p>\n","protected":false},"author":4,"featured_media":11020,"comment_status":"open","ping_status":"open","sticky":false,"template":"","format":"standard","meta":{"colormag_page_container_layout":"default_layout","colormag_page_sidebar_layout":"default_layout","_FSMCFIC_featured_image_caption":"","_FSMCFIC_featured_image_nocaption":"","_FSMCFIC_featured_image_hide":"","footnotes":""},"categories":[6,1],"tags":[],"class_list":["post-11019","post","type-post","status-publish","format-standard","has-post-thumbnail","hentry","category-mundo","category-ultimas"],"yoast_head":"<!-- This site is optimized with the Yoast SEO plugin v27.1.1 - https:\/\/yoast.com\/product\/yoast-seo-wordpress\/ -->\n<title>Grupo de repatriados faz apelo por familiares que ainda est\u00e3o em Gaza - Brasil not\u00edcias<\/title>\n<meta name=\"robots\" content=\"index, follow, max-snippet:-1, max-image-preview:large, max-video-preview:-1\" \/>\n<link rel=\"canonical\" href=\"https:\/\/brasilnoticias.org\/site\/grupo-de-repatriados-faz-apelo-por-familiares-que-ainda-estao-em-gaza\/\" \/>\n<meta property=\"og:locale\" content=\"pt_PT\" \/>\n<meta property=\"og:type\" content=\"article\" \/>\n<meta property=\"og:title\" content=\"Grupo de repatriados faz apelo por familiares que ainda est\u00e3o em Gaza - Brasil not\u00edcias\" \/>\n<meta property=\"og:description\" content=\"Lula comunicou que o pa\u00eds prepara uma nova lista para resgatar mais pessoas O secret\u00e1rio nacional de Justi\u00e7a, Augusto de\" \/>\n<meta property=\"og:url\" content=\"https:\/\/brasilnoticias.org\/site\/grupo-de-repatriados-faz-apelo-por-familiares-que-ainda-estao-em-gaza\/\" \/>\n<meta property=\"og:site_name\" content=\"Brasil not\u00edcias\" \/>\n<meta property=\"article:published_time\" content=\"2023-11-17T23:11:08+00:00\" \/>\n<meta property=\"og:image\" content=\"https:\/\/brasilnoticias.org\/site\/wp-content\/uploads\/2023\/11\/143271grupo-de-repatriados-faz-apelo-por-familiares-que-ainda-estao-em-gaza-3.jpg\" \/>\n\t<meta property=\"og:image:width\" content=\"1600\" \/>\n\t<meta property=\"og:image:height\" content=\"752\" \/>\n\t<meta property=\"og:image:type\" content=\"image\/jpeg\" \/>\n<meta name=\"author\" content=\"Reda\u00e7\u00e3o\" \/>\n<meta name=\"twitter:card\" content=\"summary_large_image\" \/>\n<meta name=\"twitter:label1\" content=\"Escrito por\" \/>\n\t<meta name=\"twitter:data1\" content=\"Reda\u00e7\u00e3o\" \/>\n<script type=\"application\/ld+json\" class=\"yoast-schema-graph\">{\"@context\":\"https:\/\/schema.org\",\"@graph\":[{\"@type\":\"Article\",\"@id\":\"https:\/\/brasilnoticias.org\/site\/grupo-de-repatriados-faz-apelo-por-familiares-que-ainda-estao-em-gaza\/#article\",\"isPartOf\":{\"@id\":\"https:\/\/brasilnoticias.org\/site\/grupo-de-repatriados-faz-apelo-por-familiares-que-ainda-estao-em-gaza\/\"},\"author\":{\"name\":\"Reda\u00e7\u00e3o\",\"@id\":\"https:\/\/brasilnoticias.org\/site\/#\/schema\/person\/03bbbfe6c7634ad18c26444ea39049fa\"},\"headline\":\"Grupo de repatriados faz apelo por familiares que ainda est\u00e3o em Gaza\",\"datePublished\":\"2023-11-17T23:11:08+00:00\",\"mainEntityOfPage\":{\"@id\":\"https:\/\/brasilnoticias.org\/site\/grupo-de-repatriados-faz-apelo-por-familiares-que-ainda-estao-em-gaza\/\"},\"wordCount\":246,\"commentCount\":0,\"publisher\":{\"@id\":\"https:\/\/brasilnoticias.org\/site\/#organization\"},\"image\":{\"@id\":\"https:\/\/brasilnoticias.org\/site\/grupo-de-repatriados-faz-apelo-por-familiares-que-ainda-estao-em-gaza\/#primaryimage\"},\"thumbnailUrl\":\"https:\/\/brasilnoticias.org\/site\/wp-content\/uploads\/2023\/11\/143271grupo-de-repatriados-faz-apelo-por-familiares-que-ainda-estao-em-gaza-3.jpg\",\"articleSection\":[\"Mundo\",\"\u00daltimas\"],\"inLanguage\":\"pt-PT\",\"potentialAction\":[{\"@type\":\"CommentAction\",\"name\":\"Comment\",\"target\":[\"https:\/\/brasilnoticias.org\/site\/grupo-de-repatriados-faz-apelo-por-familiares-que-ainda-estao-em-gaza\/#respond\"]}]},{\"@type\":\"WebPage\",\"@id\":\"https:\/\/brasilnoticias.org\/site\/grupo-de-repatriados-faz-apelo-por-familiares-que-ainda-estao-em-gaza\/\",\"url\":\"https:\/\/brasilnoticias.org\/site\/grupo-de-repatriados-faz-apelo-por-familiares-que-ainda-estao-em-gaza\/\",\"name\":\"Grupo de repatriados faz apelo por familiares que ainda est\u00e3o em Gaza - Brasil not\u00edcias\",\"isPartOf\":{\"@id\":\"https:\/\/brasilnoticias.org\/site\/#website\"},\"primaryImageOfPage\":{\"@id\":\"https:\/\/brasilnoticias.org\/site\/grupo-de-repatriados-faz-apelo-por-familiares-que-ainda-estao-em-gaza\/#primaryimage\"},\"image\":{\"@id\":\"https:\/\/brasilnoticias.org\/site\/grupo-de-repatriados-faz-apelo-por-familiares-que-ainda-estao-em-gaza\/#primaryimage\"},\"thumbnailUrl\":\"https:\/\/brasilnoticias.org\/site\/wp-content\/uploads\/2023\/11\/143271grupo-de-repatriados-faz-apelo-por-familiares-que-ainda-estao-em-gaza-3.jpg\",\"datePublished\":\"2023-11-17T23:11:08+00:00\",\"breadcrumb\":{\"@id\":\"https:\/\/brasilnoticias.org\/site\/grupo-de-repatriados-faz-apelo-por-familiares-que-ainda-estao-em-gaza\/#breadcrumb\"},\"inLanguage\":\"pt-PT\",\"potentialAction\":[{\"@type\":\"ReadAction\",\"target\":[\"https:\/\/brasilnoticias.org\/site\/grupo-de-repatriados-faz-apelo-por-familiares-que-ainda-estao-em-gaza\/\"]}]},{\"@type\":\"ImageObject\",\"inLanguage\":\"pt-PT\",\"@id\":\"https:\/\/brasilnoticias.org\/site\/grupo-de-repatriados-faz-apelo-por-familiares-que-ainda-estao-em-gaza\/#primaryimage\",\"url\":\"https:\/\/brasilnoticias.org\/site\/wp-content\/uploads\/2023\/11\/143271grupo-de-repatriados-faz-apelo-por-familiares-que-ainda-estao-em-gaza-3.jpg\",\"contentUrl\":\"https:\/\/brasilnoticias.org\/site\/wp-content\/uploads\/2023\/11\/143271grupo-de-repatriados-faz-apelo-por-familiares-que-ainda-estao-em-gaza-3.jpg\",\"width\":1600,\"height\":752},{\"@type\":\"BreadcrumbList\",\"@id\":\"https:\/\/brasilnoticias.org\/site\/grupo-de-repatriados-faz-apelo-por-familiares-que-ainda-estao-em-gaza\/#breadcrumb\",\"itemListElement\":[{\"@type\":\"ListItem\",\"position\":1,\"name\":\"In\u00edcio\",\"item\":\"https:\/\/brasilnoticias.org\/site\/\"},{\"@type\":\"ListItem\",\"position\":2,\"name\":\"Grupo de repatriados faz apelo por familiares que ainda est\u00e3o em Gaza\"}]},{\"@type\":\"WebSite\",\"@id\":\"https:\/\/brasilnoticias.org\/site\/#website\",\"url\":\"https:\/\/brasilnoticias.org\/site\/\",\"name\":\"Brasil not\u00edcias\",\"description\":\"Brasil not\u00edcias\",\"publisher\":{\"@id\":\"https:\/\/brasilnoticias.org\/site\/#organization\"},\"potentialAction\":[{\"@type\":\"SearchAction\",\"target\":{\"@type\":\"EntryPoint\",\"urlTemplate\":\"https:\/\/brasilnoticias.org\/site\/?s={search_term_string}\"},\"query-input\":{\"@type\":\"PropertyValueSpecification\",\"valueRequired\":true,\"valueName\":\"search_term_string\"}}],\"inLanguage\":\"pt-PT\"},{\"@type\":\"Organization\",\"@id\":\"https:\/\/brasilnoticias.org\/site\/#organization\",\"name\":\"Brasil not\u00edcias\",\"url\":\"https:\/\/brasilnoticias.org\/site\/\",\"logo\":{\"@type\":\"ImageObject\",\"inLanguage\":\"pt-PT\",\"@id\":\"https:\/\/brasilnoticias.org\/site\/#\/schema\/logo\/image\/\",\"url\":\"https:\/\/brasilnoticias.org\/site\/wp-content\/uploads\/2022\/05\/cropped-brasilnoticias-mini.jpg\",\"contentUrl\":\"https:\/\/brasilnoticias.org\/site\/wp-content\/uploads\/2022\/05\/cropped-brasilnoticias-mini.jpg\",\"width\":314,\"height\":86,\"caption\":\"Brasil not\u00edcias\"},\"image\":{\"@id\":\"https:\/\/brasilnoticias.org\/site\/#\/schema\/logo\/image\/\"}},{\"@type\":\"Person\",\"@id\":\"https:\/\/brasilnoticias.org\/site\/#\/schema\/person\/03bbbfe6c7634ad18c26444ea39049fa\",\"name\":\"Reda\u00e7\u00e3o\",\"image\":{\"@type\":\"ImageObject\",\"inLanguage\":\"pt-PT\",\"@id\":\"https:\/\/brasilnoticias.org\/site\/#\/schema\/person\/image\/\",\"url\":\"https:\/\/secure.gravatar.com\/avatar\/9ecaf7327a696cb23ad926fedded5f1f04d7049de9e445375d55b48c001a6e42?s=96&d=mm&r=g\",\"contentUrl\":\"https:\/\/secure.gravatar.com\/avatar\/9ecaf7327a696cb23ad926fedded5f1f04d7049de9e445375d55b48c001a6e42?s=96&d=mm&r=g\",\"caption\":\"Reda\u00e7\u00e3o\"},\"url\":\"https:\/\/brasilnoticias.org\/site\/author\/henrique\/\"}]}<\/script>\n<!-- \/ Yoast SEO plugin. -->","yoast_head_json":{"title":"Grupo de repatriados faz apelo por familiares que ainda est\u00e3o em Gaza - Brasil not\u00edcias","robots":{"index":"index","follow":"follow","max-snippet":"max-snippet:-1","max-image-preview":"max-image-preview:large","max-video-preview":"max-video-preview:-1"},"canonical":"https:\/\/brasilnoticias.org\/site\/grupo-de-repatriados-faz-apelo-por-familiares-que-ainda-estao-em-gaza\/","og_locale":"pt_PT","og_type":"article","og_title":"Grupo de repatriados faz apelo por familiares que ainda est\u00e3o em Gaza - Brasil not\u00edcias","og_description":"Lula comunicou que o pa\u00eds prepara uma nova lista para resgatar mais pessoas O secret\u00e1rio nacional de Justi\u00e7a, Augusto de","og_url":"https:\/\/brasilnoticias.org\/site\/grupo-de-repatriados-faz-apelo-por-familiares-que-ainda-estao-em-gaza\/","og_site_name":"Brasil not\u00edcias","article_published_time":"2023-11-17T23:11:08+00:00","og_image":[{"width":1600,"height":752,"url":"https:\/\/brasilnoticias.org\/site\/wp-content\/uploads\/2023\/11\/143271grupo-de-repatriados-faz-apelo-por-familiares-que-ainda-estao-em-gaza-3.jpg","type":"image\/jpeg"}],"author":"Reda\u00e7\u00e3o","twitter_card":"summary_large_image","twitter_misc":{"Escrito por":"Reda\u00e7\u00e3o"},"schema":{"@context":"https:\/\/schema.org","@graph":[{"@type":"Article","@id":"https:\/\/brasilnoticias.org\/site\/grupo-de-repatriados-faz-apelo-por-familiares-que-ainda-estao-em-gaza\/#article","isPartOf":{"@id":"https:\/\/brasilnoticias.org\/site\/grupo-de-repatriados-faz-apelo-por-familiares-que-ainda-estao-em-gaza\/"},"author":{"name":"Reda\u00e7\u00e3o","@id":"https:\/\/brasilnoticias.org\/site\/#\/schema\/person\/03bbbfe6c7634ad18c26444ea39049fa"},"headline":"Grupo de repatriados faz apelo por familiares que ainda est\u00e3o em Gaza","datePublished":"2023-11-17T23:11:08+00:00","mainEntityOfPage":{"@id":"https:\/\/brasilnoticias.org\/site\/grupo-de-repatriados-faz-apelo-por-familiares-que-ainda-estao-em-gaza\/"},"wordCount":246,"commentCount":0,"publisher":{"@id":"https:\/\/brasilnoticias.org\/site\/#organization"},"image":{"@id":"https:\/\/brasilnoticias.org\/site\/grupo-de-repatriados-faz-apelo-por-familiares-que-ainda-estao-em-gaza\/#primaryimage"},"thumbnailUrl":"https:\/\/brasilnoticias.org\/site\/wp-content\/uploads\/2023\/11\/143271grupo-de-repatriados-faz-apelo-por-familiares-que-ainda-estao-em-gaza-3.jpg","articleSection":["Mundo","\u00daltimas"],"inLanguage":"pt-PT","potentialAction":[{"@type":"CommentAction","name":"Comment","target":["https:\/\/brasilnoticias.org\/site\/grupo-de-repatriados-faz-apelo-por-familiares-que-ainda-estao-em-gaza\/#respond"]}]},{"@type":"WebPage","@id":"https:\/\/brasilnoticias.org\/site\/grupo-de-repatriados-faz-apelo-por-familiares-que-ainda-estao-em-gaza\/","url":"https:\/\/brasilnoticias.org\/site\/grupo-de-repatriados-faz-apelo-por-familiares-que-ainda-estao-em-gaza\/","name":"Grupo de repatriados faz apelo por familiares que ainda est\u00e3o em Gaza - Brasil not\u00edcias","isPartOf":{"@id":"https:\/\/brasilnoticias.org\/site\/#website"},"primaryImageOfPage":{"@id":"https:\/\/brasilnoticias.org\/site\/grupo-de-repatriados-faz-apelo-por-familiares-que-ainda-estao-em-gaza\/#primaryimage"},"image":{"@id":"https:\/\/brasilnoticias.org\/site\/grupo-de-repatriados-faz-apelo-por-familiares-que-ainda-estao-em-gaza\/#primaryimage"},"thumbnailUrl":"https:\/\/brasilnoticias.org\/site\/wp-content\/uploads\/2023\/11\/143271grupo-de-repatriados-faz-apelo-por-familiares-que-ainda-estao-em-gaza-3.jpg","datePublished":"2023-11-17T23:11:08+00:00","breadcrumb":{"@id":"https:\/\/brasilnoticias.org\/site\/grupo-de-repatriados-faz-apelo-por-familiares-que-ainda-estao-em-gaza\/#breadcrumb"},"inLanguage":"pt-PT","potentialAction":[{"@type":"ReadAction","target":["https:\/\/brasilnoticias.org\/site\/grupo-de-repatriados-faz-apelo-por-familiares-que-ainda-estao-em-gaza\/"]}]},{"@type":"ImageObject","inLanguage":"pt-PT","@id":"https:\/\/brasilnoticias.org\/site\/grupo-de-repatriados-faz-apelo-por-familiares-que-ainda-estao-em-gaza\/#primaryimage","url":"https:\/\/brasilnoticias.org\/site\/wp-content\/uploads\/2023\/11\/143271grupo-de-repatriados-faz-apelo-por-familiares-que-ainda-estao-em-gaza-3.jpg","contentUrl":"https:\/\/brasilnoticias.org\/site\/wp-content\/uploads\/2023\/11\/143271grupo-de-repatriados-faz-apelo-por-familiares-que-ainda-estao-em-gaza-3.jpg","width":1600,"height":752},{"@type":"BreadcrumbList","@id":"https:\/\/brasilnoticias.org\/site\/grupo-de-repatriados-faz-apelo-por-familiares-que-ainda-estao-em-gaza\/#breadcrumb","itemListElement":[{"@type":"ListItem","position":1,"name":"In\u00edcio","item":"https:\/\/brasilnoticias.org\/site\/"},{"@type":"ListItem","position":2,"name":"Grupo de repatriados faz apelo por familiares que ainda est\u00e3o em Gaza"}]},{"@type":"WebSite","@id":"https:\/\/brasilnoticias.org\/site\/#website","url":"https:\/\/brasilnoticias.org\/site\/","name":"Brasil not\u00edcias","description":"Brasil not\u00edcias","publisher":{"@id":"https:\/\/brasilnoticias.org\/site\/#organization"},"potentialAction":[{"@type":"SearchAction","target":{"@type":"EntryPoint","urlTemplate":"https:\/\/brasilnoticias.org\/site\/?s={search_term_string}"},"query-input":{"@type":"PropertyValueSpecification","valueRequired":true,"valueName":"search_term_string"}}],"inLanguage":"pt-PT"},{"@type":"Organization","@id":"https:\/\/brasilnoticias.org\/site\/#organization","name":"Brasil not\u00edcias","url":"https:\/\/brasilnoticias.org\/site\/","logo":{"@type":"ImageObject","inLanguage":"pt-PT","@id":"https:\/\/brasilnoticias.org\/site\/#\/schema\/logo\/image\/","url":"https:\/\/brasilnoticias.org\/site\/wp-content\/uploads\/2022\/05\/cropped-brasilnoticias-mini.jpg","contentUrl":"https:\/\/brasilnoticias.org\/site\/wp-content\/uploads\/2022\/05\/cropped-brasilnoticias-mini.jpg","width":314,"height":86,"caption":"Brasil not\u00edcias"},"image":{"@id":"https:\/\/brasilnoticias.org\/site\/#\/schema\/logo\/image\/"}},{"@type":"Person","@id":"https:\/\/brasilnoticias.org\/site\/#\/schema\/person\/03bbbfe6c7634ad18c26444ea39049fa","name":"Reda\u00e7\u00e3o","image":{"@type":"ImageObject","inLanguage":"pt-PT","@id":"https:\/\/brasilnoticias.org\/site\/#\/schema\/person\/image\/","url":"https:\/\/secure.gravatar.com\/avatar\/9ecaf7327a696cb23ad926fedded5f1f04d7049de9e445375d55b48c001a6e42?s=96&d=mm&r=g","contentUrl":"https:\/\/secure.gravatar.com\/avatar\/9ecaf7327a696cb23ad926fedded5f1f04d7049de9e445375d55b48c001a6e42?s=96&d=mm&r=g","caption":"Reda\u00e7\u00e3o"},"url":"https:\/\/brasilnoticias.org\/site\/author\/henrique\/"}]}},"_links":{"self":[{"href":"https:\/\/brasilnoticias.org\/site\/wp-json\/wp\/v2\/posts\/11019","targetHints":{"allow":["GET"]}}],"collection":[{"href":"https:\/\/brasilnoticias.org\/site\/wp-json\/wp\/v2\/posts"}],"about":[{"href":"https:\/\/brasilnoticias.org\/site\/wp-json\/wp\/v2\/types\/post"}],"author":[{"embeddable":true,"href":"https:\/\/brasilnoticias.org\/site\/wp-json\/wp\/v2\/users\/4"}],"replies":[{"embeddable":true,"href":"https:\/\/brasilnoticias.org\/site\/wp-json\/wp\/v2\/comments?post=11019"}],"version-history":[{"count":1,"href":"https:\/\/brasilnoticias.org\/site\/wp-json\/wp\/v2\/posts\/11019\/revisions"}],"predecessor-version":[{"id":11021,"href":"https:\/\/brasilnoticias.org\/site\/wp-json\/wp\/v2\/posts\/11019\/revisions\/11021"}],"wp:featuredmedia":[{"embeddable":true,"href":"https:\/\/brasilnoticias.org\/site\/wp-json\/wp\/v2\/media\/11020"}],"wp:attachment":[{"href":"https:\/\/brasilnoticias.org\/site\/wp-json\/wp\/v2\/media?parent=11019"}],"wp:term":[{"taxonomy":"category","embeddable":true,"href":"https:\/\/brasilnoticias.org\/site\/wp-json\/wp\/v2\/categories?post=11019"},{"taxonomy":"post_tag","embeddable":true,"href":"https:\/\/brasilnoticias.org\/site\/wp-json\/wp\/v2\/tags?post=11019"}],"curies":[{"name":"wp","href":"https:\/\/api.w.org\/{rel}","templated":true}]}}