{"id":1102,"date":"2022-08-10T10:35:14","date_gmt":"2022-08-10T13:35:14","guid":{"rendered":"https:\/\/brasilnoticias.org\/site\/?p=1102"},"modified":"2022-08-10T10:35:14","modified_gmt":"2022-08-10T13:35:14","slug":"ana-paula-matos-e-peca-chave-na-busca-de-ciro-gomes-por-palanque-na-bahia","status":"publish","type":"post","link":"https:\/\/brasilnoticias.org\/site\/ana-paula-matos-e-peca-chave-na-busca-de-ciro-gomes-por-palanque-na-bahia\/","title":{"rendered":"Ana Paula Matos \u00e9 &#8216;pe\u00e7a-chave&#8217; na busca de Ciro Gomes por palanque na Bahia"},"content":{"rendered":"<p>A vice-prefeita de Salvador e candidata a vice-presid\u00eancia da Rep\u00fablica,\u00a0<a href=\"https:\/\/www.bnews.com.br\/tags\/ana-paula-matos\" target=\"_blank\" rel=\"noopener\">Ana Paula Matos\u00a0<\/a>(PDT), ter\u00e1 participa\u00e7\u00e3o fundamental na busca do presidenci\u00e1vel\u00a0<a href=\"https:\/\/www.bnews.com.br\/tags\/ciro-gomes\" target=\"_blank\" rel=\"noopener\">Ciro Gomes<\/a>\u00a0por palanque na Bahia. Os dois fazem campanha nesta quinta-feira (11) no estado.<\/p>\n<p>O movimento de<a href=\"https:\/\/www.bnews.com.br\/noticias\/eleicoes-2022\/pdt-anuncia-ana-paula-matos-como-candidata-vice-presidente-na-chapa-de-ciro-gomes.html\" target=\"_blank\" rel=\"noopener\">\u00a0escolha pela vice-prefeita<\/a>\u00a0tamb\u00e9m serviu para a maior aproxima\u00e7\u00e3o do candidato \u00e0 Presid\u00eancia do PDT, diante da escolha de\u00a0<a href=\"https:\/\/www.bnews.com.br\/tags\/acm-neto\" target=\"_blank\" rel=\"noopener\">ACM Neto<\/a>\u00a0(UB) por uma \u2018neutralidade\u2019 na disputa eleitoral de \u00e2mbito nacional.<\/p>\n<p>O prefeito\u00a0<a href=\"https:\/\/www.bnews.com.br\/tags\/bruno-reis\" target=\"_blank\" rel=\"noopener\">Bruno Reis<\/a>\u00a0(UB), que j\u00e1 declarou que vai\u00a0<a href=\"https:\/\/www.bnews.com.br\/noticias\/eleicoes-2022\/apos-escolha-por-ana-paula-matos-bruno-reis-declara-apoio-ciro-gomes.html\" target=\"_blank\" rel=\"noopener\">votar em Ciro Gomes<\/a>\u00a0por causa de Ana Paula Matos, chegou a afirmar que a falta de posicionamento do candidato ao governo baiano est\u00e1 relacionada com a fuga de \u201c<a href=\"https:\/\/www.bnews.com.br\/noticias\/eleicoes-2022\/bruno-reis-justifica-neutralidade-de-acm-neto-com-desapego-de-questoes-ideologicas-dos-presidenciaveis.html\" target=\"_blank\" rel=\"noopener\">quest\u00f5es ideol\u00f3gicas e pol\u00edticas<\/a>\u201d dos nomes que concorrem para a chefia do Executivo.<\/p>\n<p>Na apresenta\u00e7\u00e3o da sua vice, Ciro Gomes fez elogios para ACM Neto, em tentativa de provar que n\u00e3o est\u00e1 diante de uma rela\u00e7\u00e3o que fica pr\u00f3xima de uma\u00a0<a href=\"https:\/\/www.bnews.com.br\/noticias\/eleicoes-2022\/mao-unica-apos-avanco-para-apoiar-acm-neto-pdt-tem-dificuldade-de-formar-palanques-para-ciro-gomes.html\" target=\"_blank\" rel=\"noopener\">via de \u2018m\u00e3o \u00fanica\u2019<\/a>. \u00a0\u201c\u00c9 impressionante o trabalho que a prefeitura de Salvador, liderado pelo ACM Neto e por essa equipe de gente talentosa e jovem\u201d, disse Ciro Gomes.<\/p>\n<p>Na Bahia, a agenda de Ciro Gomes e Ana Paula Matos envolve a presen\u00e7a em celebra\u00e7\u00f5es no santu\u00e1rio de\u00a0<a href=\"https:\/\/www.bnews.com.br\/tags\/santa-dulce-dos-pobre\" target=\"_blank\" rel=\"noopener\">Santa Dulce dos Pobres<\/a>, santa que tem como dia de comemora\u00e7\u00e3o o 13 de agosto. A expectativa \u00e9 que sejam recebidos por Maria Rita Pontes, superintendente das\u00a0<a href=\"https:\/\/www.bnews.com.br\/tags\/obras-sociais-irma-dulce_1\" target=\"_blank\" rel=\"noopener\">Obras Sociais Irm\u00e3 Dulce<\/a>\u00a0(OSID).<\/p>\n<p>Ainda na quinta-feira, os nomes da majorit\u00e1ria do PDT tem reuni\u00e3o com grupo de mulheres empreendedoras do estado. A d\u00favida colocada em agenda \u00e9 se vai ocorrer um encontro dos dois com ACM Neto, diante da tentativa do carlista de desvincula\u00e7\u00e3o com presidenci\u00e1veis.<\/p>\n<p>&nbsp;<\/p>\n<p>&nbsp;<\/p>\n<p>&nbsp;<\/p>\n<p>Bnews<\/p>\n","protected":false},"excerpt":{"rendered":"<p>A vice-prefeita de Salvador e candidata a vice-presid\u00eancia da Rep\u00fablica,\u00a0Ana Paula Matos\u00a0(PDT), ter\u00e1 participa\u00e7\u00e3o fundamental na busca do presidenci\u00e1vel\u00a0Ciro Gomes\u00a0por<\/p>\n","protected":false},"author":2,"featured_media":1103,"comment_status":"open","ping_status":"open","sticky":false,"template":"","format":"standard","meta":{"colormag_page_container_layout":"default_layout","colormag_page_sidebar_layout":"default_layout","_FSMCFIC_featured_image_caption":"","_FSMCFIC_featured_image_nocaption":"","_FSMCFIC_featured_image_hide":"","footnotes":""},"categories":[5,1],"tags":[],"class_list":["post-1102","post","type-post","status-publish","format-standard","has-post-thumbnail","hentry","category-politica","category-ultimas"],"yoast_head":"<!-- This site is optimized with the Yoast SEO plugin v27.1.1 - https:\/\/yoast.com\/product\/yoast-seo-wordpress\/ -->\n<title>Ana Paula Matos \u00e9 &#039;pe\u00e7a-chave&#039; na busca de Ciro Gomes por palanque na Bahia - Brasil not\u00edcias<\/title>\n<meta name=\"robots\" content=\"index, follow, max-snippet:-1, max-image-preview:large, max-video-preview:-1\" \/>\n<link rel=\"canonical\" href=\"https:\/\/brasilnoticias.org\/site\/ana-paula-matos-e-peca-chave-na-busca-de-ciro-gomes-por-palanque-na-bahia\/\" \/>\n<meta property=\"og:locale\" content=\"pt_PT\" \/>\n<meta property=\"og:type\" content=\"article\" \/>\n<meta property=\"og:title\" content=\"Ana Paula Matos \u00e9 &#039;pe\u00e7a-chave&#039; na busca de Ciro Gomes por palanque na Bahia - Brasil not\u00edcias\" \/>\n<meta property=\"og:description\" content=\"A vice-prefeita de Salvador e candidata a vice-presid\u00eancia da Rep\u00fablica,\u00a0Ana Paula Matos\u00a0(PDT), ter\u00e1 participa\u00e7\u00e3o fundamental na busca do presidenci\u00e1vel\u00a0Ciro Gomes\u00a0por\" \/>\n<meta property=\"og:url\" content=\"https:\/\/brasilnoticias.org\/site\/ana-paula-matos-e-peca-chave-na-busca-de-ciro-gomes-por-palanque-na-bahia\/\" \/>\n<meta property=\"og:site_name\" content=\"Brasil not\u00edcias\" \/>\n<meta property=\"article:published_time\" content=\"2022-08-10T13:35:14+00:00\" \/>\n<meta property=\"og:image\" content=\"https:\/\/brasilnoticias.org\/site\/wp-content\/uploads\/2022\/08\/ana_paula_matos_precisa_renunciar_para_ser_vice_de_ciro_gomes_advogado_eleitoral_respondee_widelg_widelg_widelg.jpg\" \/>\n\t<meta property=\"og:image:width\" content=\"800\" \/>\n\t<meta property=\"og:image:height\" content=\"450\" \/>\n\t<meta property=\"og:image:type\" content=\"image\/jpeg\" \/>\n<meta name=\"author\" content=\"Reda\u00e7\u00e3o\" \/>\n<meta name=\"twitter:card\" content=\"summary_large_image\" \/>\n<meta name=\"twitter:label1\" content=\"Escrito por\" \/>\n\t<meta name=\"twitter:data1\" content=\"Reda\u00e7\u00e3o\" \/>\n\t<meta name=\"twitter:label2\" content=\"Tempo estimado de leitura\" \/>\n\t<meta name=\"twitter:data2\" content=\"1 minuto\" \/>\n<script type=\"application\/ld+json\" class=\"yoast-schema-graph\">{\"@context\":\"https:\/\/schema.org\",\"@graph\":[{\"@type\":\"Article\",\"@id\":\"https:\/\/brasilnoticias.org\/site\/ana-paula-matos-e-peca-chave-na-busca-de-ciro-gomes-por-palanque-na-bahia\/#article\",\"isPartOf\":{\"@id\":\"https:\/\/brasilnoticias.org\/site\/ana-paula-matos-e-peca-chave-na-busca-de-ciro-gomes-por-palanque-na-bahia\/\"},\"author\":{\"name\":\"Reda\u00e7\u00e3o\",\"@id\":\"https:\/\/brasilnoticias.org\/site\/#\/schema\/person\/f609fa847b5314f1c8b983342f34c798\"},\"headline\":\"Ana Paula Matos \u00e9 &#8216;pe\u00e7a-chave&#8217; na busca de Ciro Gomes por palanque na Bahia\",\"datePublished\":\"2022-08-10T13:35:14+00:00\",\"mainEntityOfPage\":{\"@id\":\"https:\/\/brasilnoticias.org\/site\/ana-paula-matos-e-peca-chave-na-busca-de-ciro-gomes-por-palanque-na-bahia\/\"},\"wordCount\":309,\"commentCount\":0,\"publisher\":{\"@id\":\"https:\/\/brasilnoticias.org\/site\/#organization\"},\"image\":{\"@id\":\"https:\/\/brasilnoticias.org\/site\/ana-paula-matos-e-peca-chave-na-busca-de-ciro-gomes-por-palanque-na-bahia\/#primaryimage\"},\"thumbnailUrl\":\"https:\/\/brasilnoticias.org\/site\/wp-content\/uploads\/2022\/08\/ana_paula_matos_precisa_renunciar_para_ser_vice_de_ciro_gomes_advogado_eleitoral_respondee_widelg_widelg_widelg.jpg\",\"articleSection\":[\"Pol\u00edtica\",\"\u00daltimas\"],\"inLanguage\":\"pt-PT\",\"potentialAction\":[{\"@type\":\"CommentAction\",\"name\":\"Comment\",\"target\":[\"https:\/\/brasilnoticias.org\/site\/ana-paula-matos-e-peca-chave-na-busca-de-ciro-gomes-por-palanque-na-bahia\/#respond\"]}]},{\"@type\":\"WebPage\",\"@id\":\"https:\/\/brasilnoticias.org\/site\/ana-paula-matos-e-peca-chave-na-busca-de-ciro-gomes-por-palanque-na-bahia\/\",\"url\":\"https:\/\/brasilnoticias.org\/site\/ana-paula-matos-e-peca-chave-na-busca-de-ciro-gomes-por-palanque-na-bahia\/\",\"name\":\"Ana Paula Matos \u00e9 'pe\u00e7a-chave' na busca de Ciro Gomes por palanque na Bahia - Brasil not\u00edcias\",\"isPartOf\":{\"@id\":\"https:\/\/brasilnoticias.org\/site\/#website\"},\"primaryImageOfPage\":{\"@id\":\"https:\/\/brasilnoticias.org\/site\/ana-paula-matos-e-peca-chave-na-busca-de-ciro-gomes-por-palanque-na-bahia\/#primaryimage\"},\"image\":{\"@id\":\"https:\/\/brasilnoticias.org\/site\/ana-paula-matos-e-peca-chave-na-busca-de-ciro-gomes-por-palanque-na-bahia\/#primaryimage\"},\"thumbnailUrl\":\"https:\/\/brasilnoticias.org\/site\/wp-content\/uploads\/2022\/08\/ana_paula_matos_precisa_renunciar_para_ser_vice_de_ciro_gomes_advogado_eleitoral_respondee_widelg_widelg_widelg.jpg\",\"datePublished\":\"2022-08-10T13:35:14+00:00\",\"breadcrumb\":{\"@id\":\"https:\/\/brasilnoticias.org\/site\/ana-paula-matos-e-peca-chave-na-busca-de-ciro-gomes-por-palanque-na-bahia\/#breadcrumb\"},\"inLanguage\":\"pt-PT\",\"potentialAction\":[{\"@type\":\"ReadAction\",\"target\":[\"https:\/\/brasilnoticias.org\/site\/ana-paula-matos-e-peca-chave-na-busca-de-ciro-gomes-por-palanque-na-bahia\/\"]}]},{\"@type\":\"ImageObject\",\"inLanguage\":\"pt-PT\",\"@id\":\"https:\/\/brasilnoticias.org\/site\/ana-paula-matos-e-peca-chave-na-busca-de-ciro-gomes-por-palanque-na-bahia\/#primaryimage\",\"url\":\"https:\/\/brasilnoticias.org\/site\/wp-content\/uploads\/2022\/08\/ana_paula_matos_precisa_renunciar_para_ser_vice_de_ciro_gomes_advogado_eleitoral_respondee_widelg_widelg_widelg.jpg\",\"contentUrl\":\"https:\/\/brasilnoticias.org\/site\/wp-content\/uploads\/2022\/08\/ana_paula_matos_precisa_renunciar_para_ser_vice_de_ciro_gomes_advogado_eleitoral_respondee_widelg_widelg_widelg.jpg\",\"width\":800,\"height\":450},{\"@type\":\"BreadcrumbList\",\"@id\":\"https:\/\/brasilnoticias.org\/site\/ana-paula-matos-e-peca-chave-na-busca-de-ciro-gomes-por-palanque-na-bahia\/#breadcrumb\",\"itemListElement\":[{\"@type\":\"ListItem\",\"position\":1,\"name\":\"In\u00edcio\",\"item\":\"https:\/\/brasilnoticias.org\/site\/\"},{\"@type\":\"ListItem\",\"position\":2,\"name\":\"Ana Paula Matos \u00e9 &#8216;pe\u00e7a-chave&#8217; na busca de Ciro Gomes por palanque na Bahia\"}]},{\"@type\":\"WebSite\",\"@id\":\"https:\/\/brasilnoticias.org\/site\/#website\",\"url\":\"https:\/\/brasilnoticias.org\/site\/\",\"name\":\"Brasil not\u00edcias\",\"description\":\"Brasil not\u00edcias\",\"publisher\":{\"@id\":\"https:\/\/brasilnoticias.org\/site\/#organization\"},\"potentialAction\":[{\"@type\":\"SearchAction\",\"target\":{\"@type\":\"EntryPoint\",\"urlTemplate\":\"https:\/\/brasilnoticias.org\/site\/?s={search_term_string}\"},\"query-input\":{\"@type\":\"PropertyValueSpecification\",\"valueRequired\":true,\"valueName\":\"search_term_string\"}}],\"inLanguage\":\"pt-PT\"},{\"@type\":\"Organization\",\"@id\":\"https:\/\/brasilnoticias.org\/site\/#organization\",\"name\":\"Brasil not\u00edcias\",\"url\":\"https:\/\/brasilnoticias.org\/site\/\",\"logo\":{\"@type\":\"ImageObject\",\"inLanguage\":\"pt-PT\",\"@id\":\"https:\/\/brasilnoticias.org\/site\/#\/schema\/logo\/image\/\",\"url\":\"https:\/\/brasilnoticias.org\/site\/wp-content\/uploads\/2022\/05\/cropped-brasilnoticias-mini.jpg\",\"contentUrl\":\"https:\/\/brasilnoticias.org\/site\/wp-content\/uploads\/2022\/05\/cropped-brasilnoticias-mini.jpg\",\"width\":314,\"height\":86,\"caption\":\"Brasil not\u00edcias\"},\"image\":{\"@id\":\"https:\/\/brasilnoticias.org\/site\/#\/schema\/logo\/image\/\"}},{\"@type\":\"Person\",\"@id\":\"https:\/\/brasilnoticias.org\/site\/#\/schema\/person\/f609fa847b5314f1c8b983342f34c798\",\"name\":\"Reda\u00e7\u00e3o\",\"image\":{\"@type\":\"ImageObject\",\"inLanguage\":\"pt-PT\",\"@id\":\"https:\/\/brasilnoticias.org\/site\/#\/schema\/person\/image\/\",\"url\":\"https:\/\/secure.gravatar.com\/avatar\/447284c06c1ad8b46465a36de9cd0d8326b73387a22799b8b1ffb1fbcff2ed0c?s=96&d=mm&r=g\",\"contentUrl\":\"https:\/\/secure.gravatar.com\/avatar\/447284c06c1ad8b46465a36de9cd0d8326b73387a22799b8b1ffb1fbcff2ed0c?s=96&d=mm&r=g\",\"caption\":\"Reda\u00e7\u00e3o\"},\"url\":\"https:\/\/brasilnoticias.org\/site\/author\/redacao\/\"}]}<\/script>\n<!-- \/ Yoast SEO plugin. -->","yoast_head_json":{"title":"Ana Paula Matos \u00e9 'pe\u00e7a-chave' na busca de Ciro Gomes por palanque na Bahia - Brasil not\u00edcias","robots":{"index":"index","follow":"follow","max-snippet":"max-snippet:-1","max-image-preview":"max-image-preview:large","max-video-preview":"max-video-preview:-1"},"canonical":"https:\/\/brasilnoticias.org\/site\/ana-paula-matos-e-peca-chave-na-busca-de-ciro-gomes-por-palanque-na-bahia\/","og_locale":"pt_PT","og_type":"article","og_title":"Ana Paula Matos \u00e9 'pe\u00e7a-chave' na busca de Ciro Gomes por palanque na Bahia - Brasil not\u00edcias","og_description":"A vice-prefeita de Salvador e candidata a vice-presid\u00eancia da Rep\u00fablica,\u00a0Ana Paula Matos\u00a0(PDT), ter\u00e1 participa\u00e7\u00e3o fundamental na busca do presidenci\u00e1vel\u00a0Ciro Gomes\u00a0por","og_url":"https:\/\/brasilnoticias.org\/site\/ana-paula-matos-e-peca-chave-na-busca-de-ciro-gomes-por-palanque-na-bahia\/","og_site_name":"Brasil not\u00edcias","article_published_time":"2022-08-10T13:35:14+00:00","og_image":[{"width":800,"height":450,"url":"https:\/\/brasilnoticias.org\/site\/wp-content\/uploads\/2022\/08\/ana_paula_matos_precisa_renunciar_para_ser_vice_de_ciro_gomes_advogado_eleitoral_respondee_widelg_widelg_widelg.jpg","type":"image\/jpeg"}],"author":"Reda\u00e7\u00e3o","twitter_card":"summary_large_image","twitter_misc":{"Escrito por":"Reda\u00e7\u00e3o","Tempo estimado de leitura":"1 minuto"},"schema":{"@context":"https:\/\/schema.org","@graph":[{"@type":"Article","@id":"https:\/\/brasilnoticias.org\/site\/ana-paula-matos-e-peca-chave-na-busca-de-ciro-gomes-por-palanque-na-bahia\/#article","isPartOf":{"@id":"https:\/\/brasilnoticias.org\/site\/ana-paula-matos-e-peca-chave-na-busca-de-ciro-gomes-por-palanque-na-bahia\/"},"author":{"name":"Reda\u00e7\u00e3o","@id":"https:\/\/brasilnoticias.org\/site\/#\/schema\/person\/f609fa847b5314f1c8b983342f34c798"},"headline":"Ana Paula Matos \u00e9 &#8216;pe\u00e7a-chave&#8217; na busca de Ciro Gomes por palanque na Bahia","datePublished":"2022-08-10T13:35:14+00:00","mainEntityOfPage":{"@id":"https:\/\/brasilnoticias.org\/site\/ana-paula-matos-e-peca-chave-na-busca-de-ciro-gomes-por-palanque-na-bahia\/"},"wordCount":309,"commentCount":0,"publisher":{"@id":"https:\/\/brasilnoticias.org\/site\/#organization"},"image":{"@id":"https:\/\/brasilnoticias.org\/site\/ana-paula-matos-e-peca-chave-na-busca-de-ciro-gomes-por-palanque-na-bahia\/#primaryimage"},"thumbnailUrl":"https:\/\/brasilnoticias.org\/site\/wp-content\/uploads\/2022\/08\/ana_paula_matos_precisa_renunciar_para_ser_vice_de_ciro_gomes_advogado_eleitoral_respondee_widelg_widelg_widelg.jpg","articleSection":["Pol\u00edtica","\u00daltimas"],"inLanguage":"pt-PT","potentialAction":[{"@type":"CommentAction","name":"Comment","target":["https:\/\/brasilnoticias.org\/site\/ana-paula-matos-e-peca-chave-na-busca-de-ciro-gomes-por-palanque-na-bahia\/#respond"]}]},{"@type":"WebPage","@id":"https:\/\/brasilnoticias.org\/site\/ana-paula-matos-e-peca-chave-na-busca-de-ciro-gomes-por-palanque-na-bahia\/","url":"https:\/\/brasilnoticias.org\/site\/ana-paula-matos-e-peca-chave-na-busca-de-ciro-gomes-por-palanque-na-bahia\/","name":"Ana Paula Matos \u00e9 'pe\u00e7a-chave' na busca de Ciro Gomes por palanque na Bahia - Brasil not\u00edcias","isPartOf":{"@id":"https:\/\/brasilnoticias.org\/site\/#website"},"primaryImageOfPage":{"@id":"https:\/\/brasilnoticias.org\/site\/ana-paula-matos-e-peca-chave-na-busca-de-ciro-gomes-por-palanque-na-bahia\/#primaryimage"},"image":{"@id":"https:\/\/brasilnoticias.org\/site\/ana-paula-matos-e-peca-chave-na-busca-de-ciro-gomes-por-palanque-na-bahia\/#primaryimage"},"thumbnailUrl":"https:\/\/brasilnoticias.org\/site\/wp-content\/uploads\/2022\/08\/ana_paula_matos_precisa_renunciar_para_ser_vice_de_ciro_gomes_advogado_eleitoral_respondee_widelg_widelg_widelg.jpg","datePublished":"2022-08-10T13:35:14+00:00","breadcrumb":{"@id":"https:\/\/brasilnoticias.org\/site\/ana-paula-matos-e-peca-chave-na-busca-de-ciro-gomes-por-palanque-na-bahia\/#breadcrumb"},"inLanguage":"pt-PT","potentialAction":[{"@type":"ReadAction","target":["https:\/\/brasilnoticias.org\/site\/ana-paula-matos-e-peca-chave-na-busca-de-ciro-gomes-por-palanque-na-bahia\/"]}]},{"@type":"ImageObject","inLanguage":"pt-PT","@id":"https:\/\/brasilnoticias.org\/site\/ana-paula-matos-e-peca-chave-na-busca-de-ciro-gomes-por-palanque-na-bahia\/#primaryimage","url":"https:\/\/brasilnoticias.org\/site\/wp-content\/uploads\/2022\/08\/ana_paula_matos_precisa_renunciar_para_ser_vice_de_ciro_gomes_advogado_eleitoral_respondee_widelg_widelg_widelg.jpg","contentUrl":"https:\/\/brasilnoticias.org\/site\/wp-content\/uploads\/2022\/08\/ana_paula_matos_precisa_renunciar_para_ser_vice_de_ciro_gomes_advogado_eleitoral_respondee_widelg_widelg_widelg.jpg","width":800,"height":450},{"@type":"BreadcrumbList","@id":"https:\/\/brasilnoticias.org\/site\/ana-paula-matos-e-peca-chave-na-busca-de-ciro-gomes-por-palanque-na-bahia\/#breadcrumb","itemListElement":[{"@type":"ListItem","position":1,"name":"In\u00edcio","item":"https:\/\/brasilnoticias.org\/site\/"},{"@type":"ListItem","position":2,"name":"Ana Paula Matos \u00e9 &#8216;pe\u00e7a-chave&#8217; na busca de Ciro Gomes por palanque na Bahia"}]},{"@type":"WebSite","@id":"https:\/\/brasilnoticias.org\/site\/#website","url":"https:\/\/brasilnoticias.org\/site\/","name":"Brasil not\u00edcias","description":"Brasil not\u00edcias","publisher":{"@id":"https:\/\/brasilnoticias.org\/site\/#organization"},"potentialAction":[{"@type":"SearchAction","target":{"@type":"EntryPoint","urlTemplate":"https:\/\/brasilnoticias.org\/site\/?s={search_term_string}"},"query-input":{"@type":"PropertyValueSpecification","valueRequired":true,"valueName":"search_term_string"}}],"inLanguage":"pt-PT"},{"@type":"Organization","@id":"https:\/\/brasilnoticias.org\/site\/#organization","name":"Brasil not\u00edcias","url":"https:\/\/brasilnoticias.org\/site\/","logo":{"@type":"ImageObject","inLanguage":"pt-PT","@id":"https:\/\/brasilnoticias.org\/site\/#\/schema\/logo\/image\/","url":"https:\/\/brasilnoticias.org\/site\/wp-content\/uploads\/2022\/05\/cropped-brasilnoticias-mini.jpg","contentUrl":"https:\/\/brasilnoticias.org\/site\/wp-content\/uploads\/2022\/05\/cropped-brasilnoticias-mini.jpg","width":314,"height":86,"caption":"Brasil not\u00edcias"},"image":{"@id":"https:\/\/brasilnoticias.org\/site\/#\/schema\/logo\/image\/"}},{"@type":"Person","@id":"https:\/\/brasilnoticias.org\/site\/#\/schema\/person\/f609fa847b5314f1c8b983342f34c798","name":"Reda\u00e7\u00e3o","image":{"@type":"ImageObject","inLanguage":"pt-PT","@id":"https:\/\/brasilnoticias.org\/site\/#\/schema\/person\/image\/","url":"https:\/\/secure.gravatar.com\/avatar\/447284c06c1ad8b46465a36de9cd0d8326b73387a22799b8b1ffb1fbcff2ed0c?s=96&d=mm&r=g","contentUrl":"https:\/\/secure.gravatar.com\/avatar\/447284c06c1ad8b46465a36de9cd0d8326b73387a22799b8b1ffb1fbcff2ed0c?s=96&d=mm&r=g","caption":"Reda\u00e7\u00e3o"},"url":"https:\/\/brasilnoticias.org\/site\/author\/redacao\/"}]}},"_links":{"self":[{"href":"https:\/\/brasilnoticias.org\/site\/wp-json\/wp\/v2\/posts\/1102","targetHints":{"allow":["GET"]}}],"collection":[{"href":"https:\/\/brasilnoticias.org\/site\/wp-json\/wp\/v2\/posts"}],"about":[{"href":"https:\/\/brasilnoticias.org\/site\/wp-json\/wp\/v2\/types\/post"}],"author":[{"embeddable":true,"href":"https:\/\/brasilnoticias.org\/site\/wp-json\/wp\/v2\/users\/2"}],"replies":[{"embeddable":true,"href":"https:\/\/brasilnoticias.org\/site\/wp-json\/wp\/v2\/comments?post=1102"}],"version-history":[{"count":1,"href":"https:\/\/brasilnoticias.org\/site\/wp-json\/wp\/v2\/posts\/1102\/revisions"}],"predecessor-version":[{"id":1104,"href":"https:\/\/brasilnoticias.org\/site\/wp-json\/wp\/v2\/posts\/1102\/revisions\/1104"}],"wp:featuredmedia":[{"embeddable":true,"href":"https:\/\/brasilnoticias.org\/site\/wp-json\/wp\/v2\/media\/1103"}],"wp:attachment":[{"href":"https:\/\/brasilnoticias.org\/site\/wp-json\/wp\/v2\/media?parent=1102"}],"wp:term":[{"taxonomy":"category","embeddable":true,"href":"https:\/\/brasilnoticias.org\/site\/wp-json\/wp\/v2\/categories?post=1102"},{"taxonomy":"post_tag","embeddable":true,"href":"https:\/\/brasilnoticias.org\/site\/wp-json\/wp\/v2\/tags?post=1102"}],"curies":[{"name":"wp","href":"https:\/\/api.w.org\/{rel}","templated":true}]}}