{"id":11036,"date":"2023-11-17T20:17:53","date_gmt":"2023-11-17T23:17:53","guid":{"rendered":"https:\/\/brasilnoticias.org\/site\/?p=11036"},"modified":"2023-11-17T20:17:53","modified_gmt":"2023-11-17T23:17:53","slug":"vice-presidente-da-imbativeis-e-afastado-apos-ser-acusado-de-agredir-namorada","status":"publish","type":"post","link":"https:\/\/brasilnoticias.org\/site\/vice-presidente-da-imbativeis-e-afastado-apos-ser-acusado-de-agredir-namorada\/","title":{"rendered":"Vice-presidente da \u2018Imbat\u00edveis\u2019 \u00e9 afastado ap\u00f3s ser acusado de agredir namorada"},"content":{"rendered":"<p>Uma nota informando o afastamento foi divulgada nesta sexta-feira (17\/11)<\/p>\n<p>A torcida organizada \u201cOs Imbat\u00edveis\u201d, do Vit\u00f3ria, informou em nota divulgada nesta sexta-feira (17\/11) o afastamento do vice-presidente da organiza\u00e7\u00e3o, Diego Mascote. Ele \u00e9 alvo de investiga\u00e7\u00e3o por suspeita de ter agredido sua namorada Pabline Rocha, 24 anos. A viol\u00eancia foi registrada por um vizinho de Diego no ultimo domingo (12\/11).<\/p>\n<p>Em nota, a TUI informou que \u201cmesmo sendo um caso pessoal, o envolvido tem cargo de lideran\u00e7a dentro da torcida, ent\u00e3o resolvemos ouvi-lo em reuni\u00e3o com a diretoria. Ap\u00f3s apresentar seus fatos e provas, Diego decidiu se afastar, momentaneamente, de suas obriga\u00e7\u00f5es na torcida, at\u00e9 que sua defesa seja analisada e a justi\u00e7a seja feita\u201d. O ex-diretor se apresentou \u00e0 Justi\u00e7a com o seu advogado para comprovar a inoc\u00eancia.<\/p>\n<p>No domingo em que a agress\u00e3o aconteceu, o Servi\u00e7o de Atendimento M\u00f3vel de Urg\u00eancia (SAMU) foi chamado at\u00e9 o bairro de Stella Mares, onde o casal morava, no qual foi prestado os primeiros socorros a v\u00edtima. Em seguida, Pabline foi encaminhada para o Hospital Salvador no qual foi identificado uma fratura no rosto e est\u00e1 com hematomas no olho direito.<\/p>\n<p>De acordo com a v\u00edtima, essa n\u00e3o tinha sido a primeira vez que foi agredido pelo namorado, com quem mantinha rela\u00e7\u00e3o por cinco anos. No dia da agress\u00e3o, Diego conseguiu fugir e n\u00e3o foi localizado pela Pol\u00edcia Militar.<\/p>\n<p>O caso segue sendo investigado.<\/p>\n<p>Foto: Reprodu\u00e7\u00e3o\/ Redes sociais<br \/>\nArtu On<\/p>\n","protected":false},"excerpt":{"rendered":"<p>Uma nota informando o afastamento foi divulgada nesta sexta-feira (17\/11) A torcida organizada \u201cOs Imbat\u00edveis\u201d, do Vit\u00f3ria, informou em nota<\/p>\n","protected":false},"author":4,"featured_media":11037,"comment_status":"open","ping_status":"open","sticky":false,"template":"","format":"standard","meta":{"colormag_page_container_layout":"default_layout","colormag_page_sidebar_layout":"default_layout","_FSMCFIC_featured_image_caption":"","_FSMCFIC_featured_image_nocaption":"","_FSMCFIC_featured_image_hide":"","footnotes":""},"categories":[2,1],"tags":[],"class_list":["post-11036","post","type-post","status-publish","format-standard","has-post-thumbnail","hentry","category-noticias","category-ultimas"],"yoast_head":"<!-- This site is optimized with the Yoast SEO plugin v27.1.1 - https:\/\/yoast.com\/product\/yoast-seo-wordpress\/ -->\n<title>Vice-presidente da \u2018Imbat\u00edveis\u2019 \u00e9 afastado ap\u00f3s ser acusado de agredir namorada - Brasil not\u00edcias<\/title>\n<meta name=\"robots\" content=\"index, follow, max-snippet:-1, max-image-preview:large, max-video-preview:-1\" \/>\n<link rel=\"canonical\" href=\"https:\/\/brasilnoticias.org\/site\/vice-presidente-da-imbativeis-e-afastado-apos-ser-acusado-de-agredir-namorada\/\" \/>\n<meta property=\"og:locale\" content=\"pt_PT\" \/>\n<meta property=\"og:type\" content=\"article\" \/>\n<meta property=\"og:title\" content=\"Vice-presidente da \u2018Imbat\u00edveis\u2019 \u00e9 afastado ap\u00f3s ser acusado de agredir namorada - Brasil not\u00edcias\" \/>\n<meta property=\"og:description\" content=\"Uma nota informando o afastamento foi divulgada nesta sexta-feira (17\/11) A torcida organizada \u201cOs Imbat\u00edveis\u201d, do Vit\u00f3ria, informou em nota\" \/>\n<meta property=\"og:url\" content=\"https:\/\/brasilnoticias.org\/site\/vice-presidente-da-imbativeis-e-afastado-apos-ser-acusado-de-agredir-namorada\/\" \/>\n<meta property=\"og:site_name\" content=\"Brasil not\u00edcias\" \/>\n<meta property=\"article:published_time\" content=\"2023-11-17T23:17:53+00:00\" \/>\n<meta property=\"og:image\" content=\"https:\/\/brasilnoticias.org\/site\/wp-content\/uploads\/2023\/11\/vitoria.jpg\" \/>\n\t<meta property=\"og:image:width\" content=\"740\" \/>\n\t<meta property=\"og:image:height\" content=\"470\" \/>\n\t<meta property=\"og:image:type\" content=\"image\/jpeg\" \/>\n<meta name=\"author\" content=\"Reda\u00e7\u00e3o\" \/>\n<meta name=\"twitter:card\" content=\"summary_large_image\" \/>\n<meta name=\"twitter:label1\" content=\"Escrito por\" \/>\n\t<meta name=\"twitter:data1\" content=\"Reda\u00e7\u00e3o\" \/>\n<script type=\"application\/ld+json\" class=\"yoast-schema-graph\">{\"@context\":\"https:\/\/schema.org\",\"@graph\":[{\"@type\":\"Article\",\"@id\":\"https:\/\/brasilnoticias.org\/site\/vice-presidente-da-imbativeis-e-afastado-apos-ser-acusado-de-agredir-namorada\/#article\",\"isPartOf\":{\"@id\":\"https:\/\/brasilnoticias.org\/site\/vice-presidente-da-imbativeis-e-afastado-apos-ser-acusado-de-agredir-namorada\/\"},\"author\":{\"name\":\"Reda\u00e7\u00e3o\",\"@id\":\"https:\/\/brasilnoticias.org\/site\/#\/schema\/person\/03bbbfe6c7634ad18c26444ea39049fa\"},\"headline\":\"Vice-presidente da \u2018Imbat\u00edveis\u2019 \u00e9 afastado ap\u00f3s ser acusado de agredir namorada\",\"datePublished\":\"2023-11-17T23:17:53+00:00\",\"mainEntityOfPage\":{\"@id\":\"https:\/\/brasilnoticias.org\/site\/vice-presidente-da-imbativeis-e-afastado-apos-ser-acusado-de-agredir-namorada\/\"},\"wordCount\":270,\"commentCount\":0,\"publisher\":{\"@id\":\"https:\/\/brasilnoticias.org\/site\/#organization\"},\"image\":{\"@id\":\"https:\/\/brasilnoticias.org\/site\/vice-presidente-da-imbativeis-e-afastado-apos-ser-acusado-de-agredir-namorada\/#primaryimage\"},\"thumbnailUrl\":\"https:\/\/brasilnoticias.org\/site\/wp-content\/uploads\/2023\/11\/vitoria.jpg\",\"articleSection\":[\"Not\u00edcias\",\"\u00daltimas\"],\"inLanguage\":\"pt-PT\",\"potentialAction\":[{\"@type\":\"CommentAction\",\"name\":\"Comment\",\"target\":[\"https:\/\/brasilnoticias.org\/site\/vice-presidente-da-imbativeis-e-afastado-apos-ser-acusado-de-agredir-namorada\/#respond\"]}]},{\"@type\":\"WebPage\",\"@id\":\"https:\/\/brasilnoticias.org\/site\/vice-presidente-da-imbativeis-e-afastado-apos-ser-acusado-de-agredir-namorada\/\",\"url\":\"https:\/\/brasilnoticias.org\/site\/vice-presidente-da-imbativeis-e-afastado-apos-ser-acusado-de-agredir-namorada\/\",\"name\":\"Vice-presidente da \u2018Imbat\u00edveis\u2019 \u00e9 afastado ap\u00f3s ser acusado de agredir namorada - Brasil not\u00edcias\",\"isPartOf\":{\"@id\":\"https:\/\/brasilnoticias.org\/site\/#website\"},\"primaryImageOfPage\":{\"@id\":\"https:\/\/brasilnoticias.org\/site\/vice-presidente-da-imbativeis-e-afastado-apos-ser-acusado-de-agredir-namorada\/#primaryimage\"},\"image\":{\"@id\":\"https:\/\/brasilnoticias.org\/site\/vice-presidente-da-imbativeis-e-afastado-apos-ser-acusado-de-agredir-namorada\/#primaryimage\"},\"thumbnailUrl\":\"https:\/\/brasilnoticias.org\/site\/wp-content\/uploads\/2023\/11\/vitoria.jpg\",\"datePublished\":\"2023-11-17T23:17:53+00:00\",\"breadcrumb\":{\"@id\":\"https:\/\/brasilnoticias.org\/site\/vice-presidente-da-imbativeis-e-afastado-apos-ser-acusado-de-agredir-namorada\/#breadcrumb\"},\"inLanguage\":\"pt-PT\",\"potentialAction\":[{\"@type\":\"ReadAction\",\"target\":[\"https:\/\/brasilnoticias.org\/site\/vice-presidente-da-imbativeis-e-afastado-apos-ser-acusado-de-agredir-namorada\/\"]}]},{\"@type\":\"ImageObject\",\"inLanguage\":\"pt-PT\",\"@id\":\"https:\/\/brasilnoticias.org\/site\/vice-presidente-da-imbativeis-e-afastado-apos-ser-acusado-de-agredir-namorada\/#primaryimage\",\"url\":\"https:\/\/brasilnoticias.org\/site\/wp-content\/uploads\/2023\/11\/vitoria.jpg\",\"contentUrl\":\"https:\/\/brasilnoticias.org\/site\/wp-content\/uploads\/2023\/11\/vitoria.jpg\",\"width\":740,\"height\":470},{\"@type\":\"BreadcrumbList\",\"@id\":\"https:\/\/brasilnoticias.org\/site\/vice-presidente-da-imbativeis-e-afastado-apos-ser-acusado-de-agredir-namorada\/#breadcrumb\",\"itemListElement\":[{\"@type\":\"ListItem\",\"position\":1,\"name\":\"In\u00edcio\",\"item\":\"https:\/\/brasilnoticias.org\/site\/\"},{\"@type\":\"ListItem\",\"position\":2,\"name\":\"Vice-presidente da \u2018Imbat\u00edveis\u2019 \u00e9 afastado ap\u00f3s ser acusado de agredir namorada\"}]},{\"@type\":\"WebSite\",\"@id\":\"https:\/\/brasilnoticias.org\/site\/#website\",\"url\":\"https:\/\/brasilnoticias.org\/site\/\",\"name\":\"Brasil not\u00edcias\",\"description\":\"Brasil not\u00edcias\",\"publisher\":{\"@id\":\"https:\/\/brasilnoticias.org\/site\/#organization\"},\"potentialAction\":[{\"@type\":\"SearchAction\",\"target\":{\"@type\":\"EntryPoint\",\"urlTemplate\":\"https:\/\/brasilnoticias.org\/site\/?s={search_term_string}\"},\"query-input\":{\"@type\":\"PropertyValueSpecification\",\"valueRequired\":true,\"valueName\":\"search_term_string\"}}],\"inLanguage\":\"pt-PT\"},{\"@type\":\"Organization\",\"@id\":\"https:\/\/brasilnoticias.org\/site\/#organization\",\"name\":\"Brasil not\u00edcias\",\"url\":\"https:\/\/brasilnoticias.org\/site\/\",\"logo\":{\"@type\":\"ImageObject\",\"inLanguage\":\"pt-PT\",\"@id\":\"https:\/\/brasilnoticias.org\/site\/#\/schema\/logo\/image\/\",\"url\":\"https:\/\/brasilnoticias.org\/site\/wp-content\/uploads\/2022\/05\/cropped-brasilnoticias-mini.jpg\",\"contentUrl\":\"https:\/\/brasilnoticias.org\/site\/wp-content\/uploads\/2022\/05\/cropped-brasilnoticias-mini.jpg\",\"width\":314,\"height\":86,\"caption\":\"Brasil not\u00edcias\"},\"image\":{\"@id\":\"https:\/\/brasilnoticias.org\/site\/#\/schema\/logo\/image\/\"}},{\"@type\":\"Person\",\"@id\":\"https:\/\/brasilnoticias.org\/site\/#\/schema\/person\/03bbbfe6c7634ad18c26444ea39049fa\",\"name\":\"Reda\u00e7\u00e3o\",\"image\":{\"@type\":\"ImageObject\",\"inLanguage\":\"pt-PT\",\"@id\":\"https:\/\/brasilnoticias.org\/site\/#\/schema\/person\/image\/\",\"url\":\"https:\/\/secure.gravatar.com\/avatar\/9ecaf7327a696cb23ad926fedded5f1f04d7049de9e445375d55b48c001a6e42?s=96&d=mm&r=g\",\"contentUrl\":\"https:\/\/secure.gravatar.com\/avatar\/9ecaf7327a696cb23ad926fedded5f1f04d7049de9e445375d55b48c001a6e42?s=96&d=mm&r=g\",\"caption\":\"Reda\u00e7\u00e3o\"},\"url\":\"https:\/\/brasilnoticias.org\/site\/author\/henrique\/\"}]}<\/script>\n<!-- \/ Yoast SEO plugin. -->","yoast_head_json":{"title":"Vice-presidente da \u2018Imbat\u00edveis\u2019 \u00e9 afastado ap\u00f3s ser acusado de agredir namorada - Brasil not\u00edcias","robots":{"index":"index","follow":"follow","max-snippet":"max-snippet:-1","max-image-preview":"max-image-preview:large","max-video-preview":"max-video-preview:-1"},"canonical":"https:\/\/brasilnoticias.org\/site\/vice-presidente-da-imbativeis-e-afastado-apos-ser-acusado-de-agredir-namorada\/","og_locale":"pt_PT","og_type":"article","og_title":"Vice-presidente da \u2018Imbat\u00edveis\u2019 \u00e9 afastado ap\u00f3s ser acusado de agredir namorada - Brasil not\u00edcias","og_description":"Uma nota informando o afastamento foi divulgada nesta sexta-feira (17\/11) A torcida organizada \u201cOs Imbat\u00edveis\u201d, do Vit\u00f3ria, informou em nota","og_url":"https:\/\/brasilnoticias.org\/site\/vice-presidente-da-imbativeis-e-afastado-apos-ser-acusado-de-agredir-namorada\/","og_site_name":"Brasil not\u00edcias","article_published_time":"2023-11-17T23:17:53+00:00","og_image":[{"width":740,"height":470,"url":"https:\/\/brasilnoticias.org\/site\/wp-content\/uploads\/2023\/11\/vitoria.jpg","type":"image\/jpeg"}],"author":"Reda\u00e7\u00e3o","twitter_card":"summary_large_image","twitter_misc":{"Escrito por":"Reda\u00e7\u00e3o"},"schema":{"@context":"https:\/\/schema.org","@graph":[{"@type":"Article","@id":"https:\/\/brasilnoticias.org\/site\/vice-presidente-da-imbativeis-e-afastado-apos-ser-acusado-de-agredir-namorada\/#article","isPartOf":{"@id":"https:\/\/brasilnoticias.org\/site\/vice-presidente-da-imbativeis-e-afastado-apos-ser-acusado-de-agredir-namorada\/"},"author":{"name":"Reda\u00e7\u00e3o","@id":"https:\/\/brasilnoticias.org\/site\/#\/schema\/person\/03bbbfe6c7634ad18c26444ea39049fa"},"headline":"Vice-presidente da \u2018Imbat\u00edveis\u2019 \u00e9 afastado ap\u00f3s ser acusado de agredir namorada","datePublished":"2023-11-17T23:17:53+00:00","mainEntityOfPage":{"@id":"https:\/\/brasilnoticias.org\/site\/vice-presidente-da-imbativeis-e-afastado-apos-ser-acusado-de-agredir-namorada\/"},"wordCount":270,"commentCount":0,"publisher":{"@id":"https:\/\/brasilnoticias.org\/site\/#organization"},"image":{"@id":"https:\/\/brasilnoticias.org\/site\/vice-presidente-da-imbativeis-e-afastado-apos-ser-acusado-de-agredir-namorada\/#primaryimage"},"thumbnailUrl":"https:\/\/brasilnoticias.org\/site\/wp-content\/uploads\/2023\/11\/vitoria.jpg","articleSection":["Not\u00edcias","\u00daltimas"],"inLanguage":"pt-PT","potentialAction":[{"@type":"CommentAction","name":"Comment","target":["https:\/\/brasilnoticias.org\/site\/vice-presidente-da-imbativeis-e-afastado-apos-ser-acusado-de-agredir-namorada\/#respond"]}]},{"@type":"WebPage","@id":"https:\/\/brasilnoticias.org\/site\/vice-presidente-da-imbativeis-e-afastado-apos-ser-acusado-de-agredir-namorada\/","url":"https:\/\/brasilnoticias.org\/site\/vice-presidente-da-imbativeis-e-afastado-apos-ser-acusado-de-agredir-namorada\/","name":"Vice-presidente da \u2018Imbat\u00edveis\u2019 \u00e9 afastado ap\u00f3s ser acusado de agredir namorada - Brasil not\u00edcias","isPartOf":{"@id":"https:\/\/brasilnoticias.org\/site\/#website"},"primaryImageOfPage":{"@id":"https:\/\/brasilnoticias.org\/site\/vice-presidente-da-imbativeis-e-afastado-apos-ser-acusado-de-agredir-namorada\/#primaryimage"},"image":{"@id":"https:\/\/brasilnoticias.org\/site\/vice-presidente-da-imbativeis-e-afastado-apos-ser-acusado-de-agredir-namorada\/#primaryimage"},"thumbnailUrl":"https:\/\/brasilnoticias.org\/site\/wp-content\/uploads\/2023\/11\/vitoria.jpg","datePublished":"2023-11-17T23:17:53+00:00","breadcrumb":{"@id":"https:\/\/brasilnoticias.org\/site\/vice-presidente-da-imbativeis-e-afastado-apos-ser-acusado-de-agredir-namorada\/#breadcrumb"},"inLanguage":"pt-PT","potentialAction":[{"@type":"ReadAction","target":["https:\/\/brasilnoticias.org\/site\/vice-presidente-da-imbativeis-e-afastado-apos-ser-acusado-de-agredir-namorada\/"]}]},{"@type":"ImageObject","inLanguage":"pt-PT","@id":"https:\/\/brasilnoticias.org\/site\/vice-presidente-da-imbativeis-e-afastado-apos-ser-acusado-de-agredir-namorada\/#primaryimage","url":"https:\/\/brasilnoticias.org\/site\/wp-content\/uploads\/2023\/11\/vitoria.jpg","contentUrl":"https:\/\/brasilnoticias.org\/site\/wp-content\/uploads\/2023\/11\/vitoria.jpg","width":740,"height":470},{"@type":"BreadcrumbList","@id":"https:\/\/brasilnoticias.org\/site\/vice-presidente-da-imbativeis-e-afastado-apos-ser-acusado-de-agredir-namorada\/#breadcrumb","itemListElement":[{"@type":"ListItem","position":1,"name":"In\u00edcio","item":"https:\/\/brasilnoticias.org\/site\/"},{"@type":"ListItem","position":2,"name":"Vice-presidente da \u2018Imbat\u00edveis\u2019 \u00e9 afastado ap\u00f3s ser acusado de agredir namorada"}]},{"@type":"WebSite","@id":"https:\/\/brasilnoticias.org\/site\/#website","url":"https:\/\/brasilnoticias.org\/site\/","name":"Brasil not\u00edcias","description":"Brasil not\u00edcias","publisher":{"@id":"https:\/\/brasilnoticias.org\/site\/#organization"},"potentialAction":[{"@type":"SearchAction","target":{"@type":"EntryPoint","urlTemplate":"https:\/\/brasilnoticias.org\/site\/?s={search_term_string}"},"query-input":{"@type":"PropertyValueSpecification","valueRequired":true,"valueName":"search_term_string"}}],"inLanguage":"pt-PT"},{"@type":"Organization","@id":"https:\/\/brasilnoticias.org\/site\/#organization","name":"Brasil not\u00edcias","url":"https:\/\/brasilnoticias.org\/site\/","logo":{"@type":"ImageObject","inLanguage":"pt-PT","@id":"https:\/\/brasilnoticias.org\/site\/#\/schema\/logo\/image\/","url":"https:\/\/brasilnoticias.org\/site\/wp-content\/uploads\/2022\/05\/cropped-brasilnoticias-mini.jpg","contentUrl":"https:\/\/brasilnoticias.org\/site\/wp-content\/uploads\/2022\/05\/cropped-brasilnoticias-mini.jpg","width":314,"height":86,"caption":"Brasil not\u00edcias"},"image":{"@id":"https:\/\/brasilnoticias.org\/site\/#\/schema\/logo\/image\/"}},{"@type":"Person","@id":"https:\/\/brasilnoticias.org\/site\/#\/schema\/person\/03bbbfe6c7634ad18c26444ea39049fa","name":"Reda\u00e7\u00e3o","image":{"@type":"ImageObject","inLanguage":"pt-PT","@id":"https:\/\/brasilnoticias.org\/site\/#\/schema\/person\/image\/","url":"https:\/\/secure.gravatar.com\/avatar\/9ecaf7327a696cb23ad926fedded5f1f04d7049de9e445375d55b48c001a6e42?s=96&d=mm&r=g","contentUrl":"https:\/\/secure.gravatar.com\/avatar\/9ecaf7327a696cb23ad926fedded5f1f04d7049de9e445375d55b48c001a6e42?s=96&d=mm&r=g","caption":"Reda\u00e7\u00e3o"},"url":"https:\/\/brasilnoticias.org\/site\/author\/henrique\/"}]}},"_links":{"self":[{"href":"https:\/\/brasilnoticias.org\/site\/wp-json\/wp\/v2\/posts\/11036","targetHints":{"allow":["GET"]}}],"collection":[{"href":"https:\/\/brasilnoticias.org\/site\/wp-json\/wp\/v2\/posts"}],"about":[{"href":"https:\/\/brasilnoticias.org\/site\/wp-json\/wp\/v2\/types\/post"}],"author":[{"embeddable":true,"href":"https:\/\/brasilnoticias.org\/site\/wp-json\/wp\/v2\/users\/4"}],"replies":[{"embeddable":true,"href":"https:\/\/brasilnoticias.org\/site\/wp-json\/wp\/v2\/comments?post=11036"}],"version-history":[{"count":1,"href":"https:\/\/brasilnoticias.org\/site\/wp-json\/wp\/v2\/posts\/11036\/revisions"}],"predecessor-version":[{"id":11038,"href":"https:\/\/brasilnoticias.org\/site\/wp-json\/wp\/v2\/posts\/11036\/revisions\/11038"}],"wp:featuredmedia":[{"embeddable":true,"href":"https:\/\/brasilnoticias.org\/site\/wp-json\/wp\/v2\/media\/11037"}],"wp:attachment":[{"href":"https:\/\/brasilnoticias.org\/site\/wp-json\/wp\/v2\/media?parent=11036"}],"wp:term":[{"taxonomy":"category","embeddable":true,"href":"https:\/\/brasilnoticias.org\/site\/wp-json\/wp\/v2\/categories?post=11036"},{"taxonomy":"post_tag","embeddable":true,"href":"https:\/\/brasilnoticias.org\/site\/wp-json\/wp\/v2\/tags?post=11036"}],"curies":[{"name":"wp","href":"https:\/\/api.w.org\/{rel}","templated":true}]}}