{"id":11042,"date":"2023-11-18T05:00:02","date_gmt":"2023-11-18T08:00:02","guid":{"rendered":"https:\/\/brasilnoticias.org\/site\/?p=11042"},"modified":"2023-11-17T20:21:31","modified_gmt":"2023-11-17T23:21:31","slug":"o-bem-transforma-organizacao-do-auxilio-fraterno-oaf-beneficiou-milhares-de-pessoas-em-65-anos-de-fundacao","status":"publish","type":"post","link":"https:\/\/brasilnoticias.org\/site\/o-bem-transforma-organizacao-do-auxilio-fraterno-oaf-beneficiou-milhares-de-pessoas-em-65-anos-de-fundacao\/","title":{"rendered":"O Bem Transforma: Organiza\u00e7\u00e3o do Aux\u00edlio Fraterno (OAF) beneficiou milhares de pessoas em 65 anos de funda\u00e7\u00e3o"},"content":{"rendered":"<p>OAF foi fundada em 1958 para auxiliar m\u00e3es solteiras e estendeu atendimento para crian\u00e7as; entre elas, as duas filhas da jornalista Gl\u00f3ria Maria<\/p>\n<p>* Com Ananda Costa<\/p>\n<p>\u201cEssa entidade nasce para amar o pr\u00f3ximo, especialmente aqueles que viviam \u00e0 margem da sociedade\u201d. \u00c9 assim que o presidente da Organiza\u00e7\u00e3o do Aux\u00edlio Fraterno (OAF), Jozias Sousa, descreve a entidade em entrevista para o Aratu On. Vencedora do pr\u00eamio O Bem Transforma, da TV Aratu, na categoria \u201cCrian\u00e7a\u201d, a OAF atua em Salvador h\u00e1 65 anos com abrigo de crian\u00e7as e adolescentes que passam por situa\u00e7\u00f5es de abandono e maus tratos.<\/p>\n<p>Apesar do reconhecimento, o gestor da entidade afirma que o dia a dia n\u00e3o \u00e9 f\u00e1cil, e que, mesmo com as dificuldades, precisa ser feito. \u201cNos meus 12 anos na gest\u00e3o da OAF, aconteceram verdadeiros milagres\u201d. Para Jozias, os problemas est\u00e3o relacionados \u00e0 falta de pol\u00edticas p\u00fablicas.<\/p>\n<p>Fundada em 1958 pela advogada Dalva de Mattos, a OAF inicialmente abrigava dezenas de m\u00e3es solteiras. Esse atendimento foi estendido a crian\u00e7as, muitas delas, filhas das m\u00e3es acolhidas. De acordo com Jozias, atualmente cerca de 87 crian\u00e7as e adolescentes est\u00e3o sob os cuidados da organiza\u00e7\u00e3o, mas, segundo ele, o n\u00famero de pessoas alcan\u00e7adas pelos atendimentos sociais \u00e9 muito maior. \u201cCertamente, centenas de milhares j\u00e1 foram beneficiadas\u201d.<\/p>\n<p>O presidente da organiza\u00e7\u00e3o destaca que recebe mensagens de pessoas que passaram pela OAF. \u201cS\u00e3o pessoas que moram na Alemanha, nos Estados Unidos, na B\u00e9lgica, em v\u00e1rios lugares do mundo, agradecendo a OAF pelo foi e representa na vida deles\u201d, diz Jozias.<\/p>\n<p>Entre as pessoas que foram auxiliadas pela OAF est\u00e3o as duas filhas da jornalista Gl\u00f3ria Maria, que faleceu em fevereiro deste ano. Elas s\u00e3o baianas e estavam acolhidas pela organiza\u00e7\u00e3o antes de serem adotadas pela comunicadora, que estava trabalhando como volunt\u00e1ria na entidade em 2009.<\/p>\n<p>Esta reportagem \u00e9 a d\u00e9cima de uma s\u00e9rie do Aratu On sobre os 15 vencedores do pr\u00eamio \u201cO Bem Transforma\u201d, homenagem da TV Aratu para pessoas e institui\u00e7\u00f5es que contribuem para a constru\u00e7\u00e3o de uma Bahia melhor. A cerim\u00f4nia de entrega dos pr\u00eamios foi realizada no dia 30 de outubro. <\/p>\n<p>Foto: Divulga\u00e7\u00e3o\/TV Aratu<br \/>\nAratu On<\/p>\n","protected":false},"excerpt":{"rendered":"<p>OAF foi fundada em 1958 para auxiliar m\u00e3es solteiras e estendeu atendimento para crian\u00e7as; entre elas, as duas filhas da<\/p>\n","protected":false},"author":4,"featured_media":11043,"comment_status":"open","ping_status":"open","sticky":false,"template":"","format":"standard","meta":{"colormag_page_container_layout":"default_layout","colormag_page_sidebar_layout":"default_layout","_FSMCFIC_featured_image_caption":"","_FSMCFIC_featured_image_nocaption":"","_FSMCFIC_featured_image_hide":"","footnotes":""},"categories":[2,1],"tags":[],"class_list":["post-11042","post","type-post","status-publish","format-standard","has-post-thumbnail","hentry","category-noticias","category-ultimas"],"yoast_head":"<!-- This site is optimized with the Yoast SEO plugin v27.1.1 - https:\/\/yoast.com\/product\/yoast-seo-wordpress\/ -->\n<title>O Bem Transforma: Organiza\u00e7\u00e3o do Aux\u00edlio Fraterno (OAF) beneficiou milhares de pessoas em 65 anos de funda\u00e7\u00e3o - Brasil not\u00edcias<\/title>\n<meta name=\"robots\" content=\"index, follow, max-snippet:-1, max-image-preview:large, max-video-preview:-1\" \/>\n<link rel=\"canonical\" href=\"https:\/\/brasilnoticias.org\/site\/o-bem-transforma-organizacao-do-auxilio-fraterno-oaf-beneficiou-milhares-de-pessoas-em-65-anos-de-fundacao\/\" \/>\n<meta property=\"og:locale\" content=\"pt_PT\" \/>\n<meta property=\"og:type\" content=\"article\" \/>\n<meta property=\"og:title\" content=\"O Bem Transforma: Organiza\u00e7\u00e3o do Aux\u00edlio Fraterno (OAF) beneficiou milhares de pessoas em 65 anos de funda\u00e7\u00e3o - Brasil not\u00edcias\" \/>\n<meta property=\"og:description\" content=\"OAF foi fundada em 1958 para auxiliar m\u00e3es solteiras e estendeu atendimento para crian\u00e7as; entre elas, as duas filhas da\" \/>\n<meta property=\"og:url\" content=\"https:\/\/brasilnoticias.org\/site\/o-bem-transforma-organizacao-do-auxilio-fraterno-oaf-beneficiou-milhares-de-pessoas-em-65-anos-de-fundacao\/\" \/>\n<meta property=\"og:site_name\" content=\"Brasil not\u00edcias\" \/>\n<meta property=\"article:published_time\" content=\"2023-11-18T08:00:02+00:00\" \/>\n<meta property=\"og:image\" content=\"https:\/\/brasilnoticias.org\/site\/wp-content\/uploads\/2023\/11\/IMG_8997-Medio-740x470-1.jpg\" \/>\n\t<meta property=\"og:image:width\" content=\"740\" \/>\n\t<meta property=\"og:image:height\" content=\"470\" \/>\n\t<meta property=\"og:image:type\" content=\"image\/jpeg\" \/>\n<meta name=\"author\" content=\"Reda\u00e7\u00e3o\" \/>\n<meta name=\"twitter:card\" content=\"summary_large_image\" \/>\n<meta name=\"twitter:label1\" content=\"Escrito por\" \/>\n\t<meta name=\"twitter:data1\" content=\"Reda\u00e7\u00e3o\" \/>\n<script type=\"application\/ld+json\" class=\"yoast-schema-graph\">{\"@context\":\"https:\/\/schema.org\",\"@graph\":[{\"@type\":\"Article\",\"@id\":\"https:\/\/brasilnoticias.org\/site\/o-bem-transforma-organizacao-do-auxilio-fraterno-oaf-beneficiou-milhares-de-pessoas-em-65-anos-de-fundacao\/#article\",\"isPartOf\":{\"@id\":\"https:\/\/brasilnoticias.org\/site\/o-bem-transforma-organizacao-do-auxilio-fraterno-oaf-beneficiou-milhares-de-pessoas-em-65-anos-de-fundacao\/\"},\"author\":{\"name\":\"Reda\u00e7\u00e3o\",\"@id\":\"https:\/\/brasilnoticias.org\/site\/#\/schema\/person\/03bbbfe6c7634ad18c26444ea39049fa\"},\"headline\":\"O Bem Transforma: Organiza\u00e7\u00e3o do Aux\u00edlio Fraterno (OAF) beneficiou milhares de pessoas em 65 anos de funda\u00e7\u00e3o\",\"datePublished\":\"2023-11-18T08:00:02+00:00\",\"mainEntityOfPage\":{\"@id\":\"https:\/\/brasilnoticias.org\/site\/o-bem-transforma-organizacao-do-auxilio-fraterno-oaf-beneficiou-milhares-de-pessoas-em-65-anos-de-fundacao\/\"},\"wordCount\":400,\"commentCount\":0,\"publisher\":{\"@id\":\"https:\/\/brasilnoticias.org\/site\/#organization\"},\"image\":{\"@id\":\"https:\/\/brasilnoticias.org\/site\/o-bem-transforma-organizacao-do-auxilio-fraterno-oaf-beneficiou-milhares-de-pessoas-em-65-anos-de-fundacao\/#primaryimage\"},\"thumbnailUrl\":\"https:\/\/brasilnoticias.org\/site\/wp-content\/uploads\/2023\/11\/IMG_8997-Medio-740x470-1.jpg\",\"articleSection\":[\"Not\u00edcias\",\"\u00daltimas\"],\"inLanguage\":\"pt-PT\",\"potentialAction\":[{\"@type\":\"CommentAction\",\"name\":\"Comment\",\"target\":[\"https:\/\/brasilnoticias.org\/site\/o-bem-transforma-organizacao-do-auxilio-fraterno-oaf-beneficiou-milhares-de-pessoas-em-65-anos-de-fundacao\/#respond\"]}]},{\"@type\":\"WebPage\",\"@id\":\"https:\/\/brasilnoticias.org\/site\/o-bem-transforma-organizacao-do-auxilio-fraterno-oaf-beneficiou-milhares-de-pessoas-em-65-anos-de-fundacao\/\",\"url\":\"https:\/\/brasilnoticias.org\/site\/o-bem-transforma-organizacao-do-auxilio-fraterno-oaf-beneficiou-milhares-de-pessoas-em-65-anos-de-fundacao\/\",\"name\":\"O Bem Transforma: Organiza\u00e7\u00e3o do Aux\u00edlio Fraterno (OAF) beneficiou milhares de pessoas em 65 anos de funda\u00e7\u00e3o - Brasil not\u00edcias\",\"isPartOf\":{\"@id\":\"https:\/\/brasilnoticias.org\/site\/#website\"},\"primaryImageOfPage\":{\"@id\":\"https:\/\/brasilnoticias.org\/site\/o-bem-transforma-organizacao-do-auxilio-fraterno-oaf-beneficiou-milhares-de-pessoas-em-65-anos-de-fundacao\/#primaryimage\"},\"image\":{\"@id\":\"https:\/\/brasilnoticias.org\/site\/o-bem-transforma-organizacao-do-auxilio-fraterno-oaf-beneficiou-milhares-de-pessoas-em-65-anos-de-fundacao\/#primaryimage\"},\"thumbnailUrl\":\"https:\/\/brasilnoticias.org\/site\/wp-content\/uploads\/2023\/11\/IMG_8997-Medio-740x470-1.jpg\",\"datePublished\":\"2023-11-18T08:00:02+00:00\",\"breadcrumb\":{\"@id\":\"https:\/\/brasilnoticias.org\/site\/o-bem-transforma-organizacao-do-auxilio-fraterno-oaf-beneficiou-milhares-de-pessoas-em-65-anos-de-fundacao\/#breadcrumb\"},\"inLanguage\":\"pt-PT\",\"potentialAction\":[{\"@type\":\"ReadAction\",\"target\":[\"https:\/\/brasilnoticias.org\/site\/o-bem-transforma-organizacao-do-auxilio-fraterno-oaf-beneficiou-milhares-de-pessoas-em-65-anos-de-fundacao\/\"]}]},{\"@type\":\"ImageObject\",\"inLanguage\":\"pt-PT\",\"@id\":\"https:\/\/brasilnoticias.org\/site\/o-bem-transforma-organizacao-do-auxilio-fraterno-oaf-beneficiou-milhares-de-pessoas-em-65-anos-de-fundacao\/#primaryimage\",\"url\":\"https:\/\/brasilnoticias.org\/site\/wp-content\/uploads\/2023\/11\/IMG_8997-Medio-740x470-1.jpg\",\"contentUrl\":\"https:\/\/brasilnoticias.org\/site\/wp-content\/uploads\/2023\/11\/IMG_8997-Medio-740x470-1.jpg\",\"width\":740,\"height\":470},{\"@type\":\"BreadcrumbList\",\"@id\":\"https:\/\/brasilnoticias.org\/site\/o-bem-transforma-organizacao-do-auxilio-fraterno-oaf-beneficiou-milhares-de-pessoas-em-65-anos-de-fundacao\/#breadcrumb\",\"itemListElement\":[{\"@type\":\"ListItem\",\"position\":1,\"name\":\"In\u00edcio\",\"item\":\"https:\/\/brasilnoticias.org\/site\/\"},{\"@type\":\"ListItem\",\"position\":2,\"name\":\"O Bem Transforma: Organiza\u00e7\u00e3o do Aux\u00edlio Fraterno (OAF) beneficiou milhares de pessoas em 65 anos de funda\u00e7\u00e3o\"}]},{\"@type\":\"WebSite\",\"@id\":\"https:\/\/brasilnoticias.org\/site\/#website\",\"url\":\"https:\/\/brasilnoticias.org\/site\/\",\"name\":\"Brasil not\u00edcias\",\"description\":\"Brasil not\u00edcias\",\"publisher\":{\"@id\":\"https:\/\/brasilnoticias.org\/site\/#organization\"},\"potentialAction\":[{\"@type\":\"SearchAction\",\"target\":{\"@type\":\"EntryPoint\",\"urlTemplate\":\"https:\/\/brasilnoticias.org\/site\/?s={search_term_string}\"},\"query-input\":{\"@type\":\"PropertyValueSpecification\",\"valueRequired\":true,\"valueName\":\"search_term_string\"}}],\"inLanguage\":\"pt-PT\"},{\"@type\":\"Organization\",\"@id\":\"https:\/\/brasilnoticias.org\/site\/#organization\",\"name\":\"Brasil not\u00edcias\",\"url\":\"https:\/\/brasilnoticias.org\/site\/\",\"logo\":{\"@type\":\"ImageObject\",\"inLanguage\":\"pt-PT\",\"@id\":\"https:\/\/brasilnoticias.org\/site\/#\/schema\/logo\/image\/\",\"url\":\"https:\/\/brasilnoticias.org\/site\/wp-content\/uploads\/2022\/05\/cropped-brasilnoticias-mini.jpg\",\"contentUrl\":\"https:\/\/brasilnoticias.org\/site\/wp-content\/uploads\/2022\/05\/cropped-brasilnoticias-mini.jpg\",\"width\":314,\"height\":86,\"caption\":\"Brasil not\u00edcias\"},\"image\":{\"@id\":\"https:\/\/brasilnoticias.org\/site\/#\/schema\/logo\/image\/\"}},{\"@type\":\"Person\",\"@id\":\"https:\/\/brasilnoticias.org\/site\/#\/schema\/person\/03bbbfe6c7634ad18c26444ea39049fa\",\"name\":\"Reda\u00e7\u00e3o\",\"image\":{\"@type\":\"ImageObject\",\"inLanguage\":\"pt-PT\",\"@id\":\"https:\/\/brasilnoticias.org\/site\/#\/schema\/person\/image\/\",\"url\":\"https:\/\/secure.gravatar.com\/avatar\/9ecaf7327a696cb23ad926fedded5f1f04d7049de9e445375d55b48c001a6e42?s=96&d=mm&r=g\",\"contentUrl\":\"https:\/\/secure.gravatar.com\/avatar\/9ecaf7327a696cb23ad926fedded5f1f04d7049de9e445375d55b48c001a6e42?s=96&d=mm&r=g\",\"caption\":\"Reda\u00e7\u00e3o\"},\"url\":\"https:\/\/brasilnoticias.org\/site\/author\/henrique\/\"}]}<\/script>\n<!-- \/ Yoast SEO plugin. -->","yoast_head_json":{"title":"O Bem Transforma: Organiza\u00e7\u00e3o do Aux\u00edlio Fraterno (OAF) beneficiou milhares de pessoas em 65 anos de funda\u00e7\u00e3o - Brasil not\u00edcias","robots":{"index":"index","follow":"follow","max-snippet":"max-snippet:-1","max-image-preview":"max-image-preview:large","max-video-preview":"max-video-preview:-1"},"canonical":"https:\/\/brasilnoticias.org\/site\/o-bem-transforma-organizacao-do-auxilio-fraterno-oaf-beneficiou-milhares-de-pessoas-em-65-anos-de-fundacao\/","og_locale":"pt_PT","og_type":"article","og_title":"O Bem Transforma: Organiza\u00e7\u00e3o do Aux\u00edlio Fraterno (OAF) beneficiou milhares de pessoas em 65 anos de funda\u00e7\u00e3o - Brasil not\u00edcias","og_description":"OAF foi fundada em 1958 para auxiliar m\u00e3es solteiras e estendeu atendimento para crian\u00e7as; entre elas, as duas filhas da","og_url":"https:\/\/brasilnoticias.org\/site\/o-bem-transforma-organizacao-do-auxilio-fraterno-oaf-beneficiou-milhares-de-pessoas-em-65-anos-de-fundacao\/","og_site_name":"Brasil not\u00edcias","article_published_time":"2023-11-18T08:00:02+00:00","og_image":[{"width":740,"height":470,"url":"https:\/\/brasilnoticias.org\/site\/wp-content\/uploads\/2023\/11\/IMG_8997-Medio-740x470-1.jpg","type":"image\/jpeg"}],"author":"Reda\u00e7\u00e3o","twitter_card":"summary_large_image","twitter_misc":{"Escrito por":"Reda\u00e7\u00e3o"},"schema":{"@context":"https:\/\/schema.org","@graph":[{"@type":"Article","@id":"https:\/\/brasilnoticias.org\/site\/o-bem-transforma-organizacao-do-auxilio-fraterno-oaf-beneficiou-milhares-de-pessoas-em-65-anos-de-fundacao\/#article","isPartOf":{"@id":"https:\/\/brasilnoticias.org\/site\/o-bem-transforma-organizacao-do-auxilio-fraterno-oaf-beneficiou-milhares-de-pessoas-em-65-anos-de-fundacao\/"},"author":{"name":"Reda\u00e7\u00e3o","@id":"https:\/\/brasilnoticias.org\/site\/#\/schema\/person\/03bbbfe6c7634ad18c26444ea39049fa"},"headline":"O Bem Transforma: Organiza\u00e7\u00e3o do Aux\u00edlio Fraterno (OAF) beneficiou milhares de pessoas em 65 anos de funda\u00e7\u00e3o","datePublished":"2023-11-18T08:00:02+00:00","mainEntityOfPage":{"@id":"https:\/\/brasilnoticias.org\/site\/o-bem-transforma-organizacao-do-auxilio-fraterno-oaf-beneficiou-milhares-de-pessoas-em-65-anos-de-fundacao\/"},"wordCount":400,"commentCount":0,"publisher":{"@id":"https:\/\/brasilnoticias.org\/site\/#organization"},"image":{"@id":"https:\/\/brasilnoticias.org\/site\/o-bem-transforma-organizacao-do-auxilio-fraterno-oaf-beneficiou-milhares-de-pessoas-em-65-anos-de-fundacao\/#primaryimage"},"thumbnailUrl":"https:\/\/brasilnoticias.org\/site\/wp-content\/uploads\/2023\/11\/IMG_8997-Medio-740x470-1.jpg","articleSection":["Not\u00edcias","\u00daltimas"],"inLanguage":"pt-PT","potentialAction":[{"@type":"CommentAction","name":"Comment","target":["https:\/\/brasilnoticias.org\/site\/o-bem-transforma-organizacao-do-auxilio-fraterno-oaf-beneficiou-milhares-de-pessoas-em-65-anos-de-fundacao\/#respond"]}]},{"@type":"WebPage","@id":"https:\/\/brasilnoticias.org\/site\/o-bem-transforma-organizacao-do-auxilio-fraterno-oaf-beneficiou-milhares-de-pessoas-em-65-anos-de-fundacao\/","url":"https:\/\/brasilnoticias.org\/site\/o-bem-transforma-organizacao-do-auxilio-fraterno-oaf-beneficiou-milhares-de-pessoas-em-65-anos-de-fundacao\/","name":"O Bem Transforma: Organiza\u00e7\u00e3o do Aux\u00edlio Fraterno (OAF) beneficiou milhares de pessoas em 65 anos de funda\u00e7\u00e3o - Brasil not\u00edcias","isPartOf":{"@id":"https:\/\/brasilnoticias.org\/site\/#website"},"primaryImageOfPage":{"@id":"https:\/\/brasilnoticias.org\/site\/o-bem-transforma-organizacao-do-auxilio-fraterno-oaf-beneficiou-milhares-de-pessoas-em-65-anos-de-fundacao\/#primaryimage"},"image":{"@id":"https:\/\/brasilnoticias.org\/site\/o-bem-transforma-organizacao-do-auxilio-fraterno-oaf-beneficiou-milhares-de-pessoas-em-65-anos-de-fundacao\/#primaryimage"},"thumbnailUrl":"https:\/\/brasilnoticias.org\/site\/wp-content\/uploads\/2023\/11\/IMG_8997-Medio-740x470-1.jpg","datePublished":"2023-11-18T08:00:02+00:00","breadcrumb":{"@id":"https:\/\/brasilnoticias.org\/site\/o-bem-transforma-organizacao-do-auxilio-fraterno-oaf-beneficiou-milhares-de-pessoas-em-65-anos-de-fundacao\/#breadcrumb"},"inLanguage":"pt-PT","potentialAction":[{"@type":"ReadAction","target":["https:\/\/brasilnoticias.org\/site\/o-bem-transforma-organizacao-do-auxilio-fraterno-oaf-beneficiou-milhares-de-pessoas-em-65-anos-de-fundacao\/"]}]},{"@type":"ImageObject","inLanguage":"pt-PT","@id":"https:\/\/brasilnoticias.org\/site\/o-bem-transforma-organizacao-do-auxilio-fraterno-oaf-beneficiou-milhares-de-pessoas-em-65-anos-de-fundacao\/#primaryimage","url":"https:\/\/brasilnoticias.org\/site\/wp-content\/uploads\/2023\/11\/IMG_8997-Medio-740x470-1.jpg","contentUrl":"https:\/\/brasilnoticias.org\/site\/wp-content\/uploads\/2023\/11\/IMG_8997-Medio-740x470-1.jpg","width":740,"height":470},{"@type":"BreadcrumbList","@id":"https:\/\/brasilnoticias.org\/site\/o-bem-transforma-organizacao-do-auxilio-fraterno-oaf-beneficiou-milhares-de-pessoas-em-65-anos-de-fundacao\/#breadcrumb","itemListElement":[{"@type":"ListItem","position":1,"name":"In\u00edcio","item":"https:\/\/brasilnoticias.org\/site\/"},{"@type":"ListItem","position":2,"name":"O Bem Transforma: Organiza\u00e7\u00e3o do Aux\u00edlio Fraterno (OAF) beneficiou milhares de pessoas em 65 anos de funda\u00e7\u00e3o"}]},{"@type":"WebSite","@id":"https:\/\/brasilnoticias.org\/site\/#website","url":"https:\/\/brasilnoticias.org\/site\/","name":"Brasil not\u00edcias","description":"Brasil not\u00edcias","publisher":{"@id":"https:\/\/brasilnoticias.org\/site\/#organization"},"potentialAction":[{"@type":"SearchAction","target":{"@type":"EntryPoint","urlTemplate":"https:\/\/brasilnoticias.org\/site\/?s={search_term_string}"},"query-input":{"@type":"PropertyValueSpecification","valueRequired":true,"valueName":"search_term_string"}}],"inLanguage":"pt-PT"},{"@type":"Organization","@id":"https:\/\/brasilnoticias.org\/site\/#organization","name":"Brasil not\u00edcias","url":"https:\/\/brasilnoticias.org\/site\/","logo":{"@type":"ImageObject","inLanguage":"pt-PT","@id":"https:\/\/brasilnoticias.org\/site\/#\/schema\/logo\/image\/","url":"https:\/\/brasilnoticias.org\/site\/wp-content\/uploads\/2022\/05\/cropped-brasilnoticias-mini.jpg","contentUrl":"https:\/\/brasilnoticias.org\/site\/wp-content\/uploads\/2022\/05\/cropped-brasilnoticias-mini.jpg","width":314,"height":86,"caption":"Brasil not\u00edcias"},"image":{"@id":"https:\/\/brasilnoticias.org\/site\/#\/schema\/logo\/image\/"}},{"@type":"Person","@id":"https:\/\/brasilnoticias.org\/site\/#\/schema\/person\/03bbbfe6c7634ad18c26444ea39049fa","name":"Reda\u00e7\u00e3o","image":{"@type":"ImageObject","inLanguage":"pt-PT","@id":"https:\/\/brasilnoticias.org\/site\/#\/schema\/person\/image\/","url":"https:\/\/secure.gravatar.com\/avatar\/9ecaf7327a696cb23ad926fedded5f1f04d7049de9e445375d55b48c001a6e42?s=96&d=mm&r=g","contentUrl":"https:\/\/secure.gravatar.com\/avatar\/9ecaf7327a696cb23ad926fedded5f1f04d7049de9e445375d55b48c001a6e42?s=96&d=mm&r=g","caption":"Reda\u00e7\u00e3o"},"url":"https:\/\/brasilnoticias.org\/site\/author\/henrique\/"}]}},"_links":{"self":[{"href":"https:\/\/brasilnoticias.org\/site\/wp-json\/wp\/v2\/posts\/11042","targetHints":{"allow":["GET"]}}],"collection":[{"href":"https:\/\/brasilnoticias.org\/site\/wp-json\/wp\/v2\/posts"}],"about":[{"href":"https:\/\/brasilnoticias.org\/site\/wp-json\/wp\/v2\/types\/post"}],"author":[{"embeddable":true,"href":"https:\/\/brasilnoticias.org\/site\/wp-json\/wp\/v2\/users\/4"}],"replies":[{"embeddable":true,"href":"https:\/\/brasilnoticias.org\/site\/wp-json\/wp\/v2\/comments?post=11042"}],"version-history":[{"count":1,"href":"https:\/\/brasilnoticias.org\/site\/wp-json\/wp\/v2\/posts\/11042\/revisions"}],"predecessor-version":[{"id":11044,"href":"https:\/\/brasilnoticias.org\/site\/wp-json\/wp\/v2\/posts\/11042\/revisions\/11044"}],"wp:featuredmedia":[{"embeddable":true,"href":"https:\/\/brasilnoticias.org\/site\/wp-json\/wp\/v2\/media\/11043"}],"wp:attachment":[{"href":"https:\/\/brasilnoticias.org\/site\/wp-json\/wp\/v2\/media?parent=11042"}],"wp:term":[{"taxonomy":"category","embeddable":true,"href":"https:\/\/brasilnoticias.org\/site\/wp-json\/wp\/v2\/categories?post=11042"},{"taxonomy":"post_tag","embeddable":true,"href":"https:\/\/brasilnoticias.org\/site\/wp-json\/wp\/v2\/tags?post=11042"}],"curies":[{"name":"wp","href":"https:\/\/api.w.org\/{rel}","templated":true}]}}