{"id":11048,"date":"2023-11-18T08:00:50","date_gmt":"2023-11-18T11:00:50","guid":{"rendered":"https:\/\/brasilnoticias.org\/site\/?p=11048"},"modified":"2023-11-17T20:23:59","modified_gmt":"2023-11-17T23:23:59","slug":"fiocruz-vai-transferir-tecnologia-da-vacina-de-febre-amarela-para-argentina","status":"publish","type":"post","link":"https:\/\/brasilnoticias.org\/site\/fiocruz-vai-transferir-tecnologia-da-vacina-de-febre-amarela-para-argentina\/","title":{"rendered":"Fiocruz vai transferir tecnologia da vacina de febre amarela para Argentina"},"content":{"rendered":"<p>Com a transfer\u00eancia de tecnologia conclu\u00edda, a ANLIS estar\u00e1 capacitada a produzir o imunizante para o territ\u00f3rio argentino<\/p>\n<p>A Funda\u00e7\u00e3o Oswaldo Cruz (Fiocruz) assinou um termo de compromisso para transfer\u00eancia de tecnologia da vacina de febre amarela com a Administra\u00e7\u00e3o Nacional de Laborat\u00f3rios e Institutos de Sa\u00fade Dr. Carlos Malbr\u00e1n (ANLIS), institui\u00e7\u00e3o ligada ao Minist\u00e9rio da Sa\u00fade da Argentina.<\/p>\n<p>O laborat\u00f3rio Bio-Manguinhos, da Fiocruz, \u00e9 um dos quatro produtores mundiais da vacina febre amarela pr\u00e9-qualificados pela Organiza\u00e7\u00e3o Mundial da Sa\u00fade (OMS), e fornece o imunizante n\u00e3o apenas para o Sistema \u00danico de Sa\u00fade (SUS), mas tamb\u00e9m a outros pa\u00edses da Am\u00e9rica Latina, Caribe e \u00c1frica. Desde 2002, a Fiocruz j\u00e1 exportou mais de 7 milh\u00f5es de doses da vacina de febre amarela para a Argentina, por meio de ag\u00eancias das Na\u00e7\u00f5es Unidas.<\/p>\n<p>O acordo foi assinado ap\u00f3s a reuni\u00e3o dos ministros da Sa\u00fade do Mercosul, no Itamaraty, em Bras\u00edlia, e contou com a presen\u00e7a das ministras, N\u00edsia Trindade, do Brasil, e Carla Vizzotti, da Argentina. Tamb\u00e9m participaram Moreira e Maur\u00edcio Zuma, diretor de Bio-Manguinhos, al\u00e9m do diretor da ANLIS, Pascual Fidelio. <\/p>\n<p>Com a transfer\u00eancia de tecnologia conclu\u00edda, a ANLIS estar\u00e1 capacitada a produzir o imunizante para o territ\u00f3rio argentino. Ap\u00f3s o termo de compromisso, ainda ser\u00e1 necess\u00e1ria a assinatura de um contrato de transfer\u00eancia de tecnologia entre as institui\u00e7\u00f5es para o detalhamento de todas as etapas do processo, bem como do cronograma a ser cumprido.<\/p>\n<p>Foto: Sumaia Villela\/Ag\u00eancia Brasil<br \/>\nPor: Metro1<\/p>\n","protected":false},"excerpt":{"rendered":"<p>Com a transfer\u00eancia de tecnologia conclu\u00edda, a ANLIS estar\u00e1 capacitada a produzir o imunizante para o territ\u00f3rio argentino A Funda\u00e7\u00e3o<\/p>\n","protected":false},"author":4,"featured_media":11049,"comment_status":"open","ping_status":"open","sticky":false,"template":"","format":"standard","meta":{"colormag_page_container_layout":"default_layout","colormag_page_sidebar_layout":"default_layout","_FSMCFIC_featured_image_caption":"","_FSMCFIC_featured_image_nocaption":"","_FSMCFIC_featured_image_hide":"","footnotes":""},"categories":[2,1],"tags":[],"class_list":["post-11048","post","type-post","status-publish","format-standard","has-post-thumbnail","hentry","category-noticias","category-ultimas"],"yoast_head":"<!-- This site is optimized with the Yoast SEO plugin v27.1.1 - https:\/\/yoast.com\/product\/yoast-seo-wordpress\/ -->\n<title>Fiocruz vai transferir tecnologia da vacina de febre amarela para Argentina - Brasil not\u00edcias<\/title>\n<meta name=\"robots\" content=\"index, follow, max-snippet:-1, max-image-preview:large, max-video-preview:-1\" \/>\n<link rel=\"canonical\" href=\"https:\/\/brasilnoticias.org\/site\/fiocruz-vai-transferir-tecnologia-da-vacina-de-febre-amarela-para-argentina\/\" \/>\n<meta property=\"og:locale\" content=\"pt_PT\" \/>\n<meta property=\"og:type\" content=\"article\" \/>\n<meta property=\"og:title\" content=\"Fiocruz vai transferir tecnologia da vacina de febre amarela para Argentina - Brasil not\u00edcias\" \/>\n<meta property=\"og:description\" content=\"Com a transfer\u00eancia de tecnologia conclu\u00edda, a ANLIS estar\u00e1 capacitada a produzir o imunizante para o territ\u00f3rio argentino A Funda\u00e7\u00e3o\" \/>\n<meta property=\"og:url\" content=\"https:\/\/brasilnoticias.org\/site\/fiocruz-vai-transferir-tecnologia-da-vacina-de-febre-amarela-para-argentina\/\" \/>\n<meta property=\"og:site_name\" content=\"Brasil not\u00edcias\" \/>\n<meta property=\"article:published_time\" content=\"2023-11-18T11:00:50+00:00\" \/>\n<meta property=\"og:image\" content=\"https:\/\/brasilnoticias.org\/site\/wp-content\/uploads\/2023\/11\/143272fiocruz-vai-transferir-tecnologia-da-vacina-de-febre-amarela-para-argentina-3.jpg\" \/>\n\t<meta property=\"og:image:width\" content=\"1600\" \/>\n\t<meta property=\"og:image:height\" content=\"752\" \/>\n\t<meta property=\"og:image:type\" content=\"image\/jpeg\" \/>\n<meta name=\"author\" content=\"Reda\u00e7\u00e3o\" \/>\n<meta name=\"twitter:card\" content=\"summary_large_image\" \/>\n<meta name=\"twitter:label1\" content=\"Escrito por\" \/>\n\t<meta name=\"twitter:data1\" content=\"Reda\u00e7\u00e3o\" \/>\n<script type=\"application\/ld+json\" class=\"yoast-schema-graph\">{\"@context\":\"https:\/\/schema.org\",\"@graph\":[{\"@type\":\"Article\",\"@id\":\"https:\/\/brasilnoticias.org\/site\/fiocruz-vai-transferir-tecnologia-da-vacina-de-febre-amarela-para-argentina\/#article\",\"isPartOf\":{\"@id\":\"https:\/\/brasilnoticias.org\/site\/fiocruz-vai-transferir-tecnologia-da-vacina-de-febre-amarela-para-argentina\/\"},\"author\":{\"name\":\"Reda\u00e7\u00e3o\",\"@id\":\"https:\/\/brasilnoticias.org\/site\/#\/schema\/person\/03bbbfe6c7634ad18c26444ea39049fa\"},\"headline\":\"Fiocruz vai transferir tecnologia da vacina de febre amarela para Argentina\",\"datePublished\":\"2023-11-18T11:00:50+00:00\",\"mainEntityOfPage\":{\"@id\":\"https:\/\/brasilnoticias.org\/site\/fiocruz-vai-transferir-tecnologia-da-vacina-de-febre-amarela-para-argentina\/\"},\"wordCount\":291,\"commentCount\":0,\"publisher\":{\"@id\":\"https:\/\/brasilnoticias.org\/site\/#organization\"},\"image\":{\"@id\":\"https:\/\/brasilnoticias.org\/site\/fiocruz-vai-transferir-tecnologia-da-vacina-de-febre-amarela-para-argentina\/#primaryimage\"},\"thumbnailUrl\":\"https:\/\/brasilnoticias.org\/site\/wp-content\/uploads\/2023\/11\/143272fiocruz-vai-transferir-tecnologia-da-vacina-de-febre-amarela-para-argentina-3.jpg\",\"articleSection\":[\"Not\u00edcias\",\"\u00daltimas\"],\"inLanguage\":\"pt-PT\",\"potentialAction\":[{\"@type\":\"CommentAction\",\"name\":\"Comment\",\"target\":[\"https:\/\/brasilnoticias.org\/site\/fiocruz-vai-transferir-tecnologia-da-vacina-de-febre-amarela-para-argentina\/#respond\"]}]},{\"@type\":\"WebPage\",\"@id\":\"https:\/\/brasilnoticias.org\/site\/fiocruz-vai-transferir-tecnologia-da-vacina-de-febre-amarela-para-argentina\/\",\"url\":\"https:\/\/brasilnoticias.org\/site\/fiocruz-vai-transferir-tecnologia-da-vacina-de-febre-amarela-para-argentina\/\",\"name\":\"Fiocruz vai transferir tecnologia da vacina de febre amarela para Argentina - Brasil not\u00edcias\",\"isPartOf\":{\"@id\":\"https:\/\/brasilnoticias.org\/site\/#website\"},\"primaryImageOfPage\":{\"@id\":\"https:\/\/brasilnoticias.org\/site\/fiocruz-vai-transferir-tecnologia-da-vacina-de-febre-amarela-para-argentina\/#primaryimage\"},\"image\":{\"@id\":\"https:\/\/brasilnoticias.org\/site\/fiocruz-vai-transferir-tecnologia-da-vacina-de-febre-amarela-para-argentina\/#primaryimage\"},\"thumbnailUrl\":\"https:\/\/brasilnoticias.org\/site\/wp-content\/uploads\/2023\/11\/143272fiocruz-vai-transferir-tecnologia-da-vacina-de-febre-amarela-para-argentina-3.jpg\",\"datePublished\":\"2023-11-18T11:00:50+00:00\",\"breadcrumb\":{\"@id\":\"https:\/\/brasilnoticias.org\/site\/fiocruz-vai-transferir-tecnologia-da-vacina-de-febre-amarela-para-argentina\/#breadcrumb\"},\"inLanguage\":\"pt-PT\",\"potentialAction\":[{\"@type\":\"ReadAction\",\"target\":[\"https:\/\/brasilnoticias.org\/site\/fiocruz-vai-transferir-tecnologia-da-vacina-de-febre-amarela-para-argentina\/\"]}]},{\"@type\":\"ImageObject\",\"inLanguage\":\"pt-PT\",\"@id\":\"https:\/\/brasilnoticias.org\/site\/fiocruz-vai-transferir-tecnologia-da-vacina-de-febre-amarela-para-argentina\/#primaryimage\",\"url\":\"https:\/\/brasilnoticias.org\/site\/wp-content\/uploads\/2023\/11\/143272fiocruz-vai-transferir-tecnologia-da-vacina-de-febre-amarela-para-argentina-3.jpg\",\"contentUrl\":\"https:\/\/brasilnoticias.org\/site\/wp-content\/uploads\/2023\/11\/143272fiocruz-vai-transferir-tecnologia-da-vacina-de-febre-amarela-para-argentina-3.jpg\",\"width\":1600,\"height\":752},{\"@type\":\"BreadcrumbList\",\"@id\":\"https:\/\/brasilnoticias.org\/site\/fiocruz-vai-transferir-tecnologia-da-vacina-de-febre-amarela-para-argentina\/#breadcrumb\",\"itemListElement\":[{\"@type\":\"ListItem\",\"position\":1,\"name\":\"In\u00edcio\",\"item\":\"https:\/\/brasilnoticias.org\/site\/\"},{\"@type\":\"ListItem\",\"position\":2,\"name\":\"Fiocruz vai transferir tecnologia da vacina de febre amarela para Argentina\"}]},{\"@type\":\"WebSite\",\"@id\":\"https:\/\/brasilnoticias.org\/site\/#website\",\"url\":\"https:\/\/brasilnoticias.org\/site\/\",\"name\":\"Brasil not\u00edcias\",\"description\":\"Brasil not\u00edcias\",\"publisher\":{\"@id\":\"https:\/\/brasilnoticias.org\/site\/#organization\"},\"potentialAction\":[{\"@type\":\"SearchAction\",\"target\":{\"@type\":\"EntryPoint\",\"urlTemplate\":\"https:\/\/brasilnoticias.org\/site\/?s={search_term_string}\"},\"query-input\":{\"@type\":\"PropertyValueSpecification\",\"valueRequired\":true,\"valueName\":\"search_term_string\"}}],\"inLanguage\":\"pt-PT\"},{\"@type\":\"Organization\",\"@id\":\"https:\/\/brasilnoticias.org\/site\/#organization\",\"name\":\"Brasil not\u00edcias\",\"url\":\"https:\/\/brasilnoticias.org\/site\/\",\"logo\":{\"@type\":\"ImageObject\",\"inLanguage\":\"pt-PT\",\"@id\":\"https:\/\/brasilnoticias.org\/site\/#\/schema\/logo\/image\/\",\"url\":\"https:\/\/brasilnoticias.org\/site\/wp-content\/uploads\/2022\/05\/cropped-brasilnoticias-mini.jpg\",\"contentUrl\":\"https:\/\/brasilnoticias.org\/site\/wp-content\/uploads\/2022\/05\/cropped-brasilnoticias-mini.jpg\",\"width\":314,\"height\":86,\"caption\":\"Brasil not\u00edcias\"},\"image\":{\"@id\":\"https:\/\/brasilnoticias.org\/site\/#\/schema\/logo\/image\/\"}},{\"@type\":\"Person\",\"@id\":\"https:\/\/brasilnoticias.org\/site\/#\/schema\/person\/03bbbfe6c7634ad18c26444ea39049fa\",\"name\":\"Reda\u00e7\u00e3o\",\"image\":{\"@type\":\"ImageObject\",\"inLanguage\":\"pt-PT\",\"@id\":\"https:\/\/brasilnoticias.org\/site\/#\/schema\/person\/image\/\",\"url\":\"https:\/\/secure.gravatar.com\/avatar\/9ecaf7327a696cb23ad926fedded5f1f04d7049de9e445375d55b48c001a6e42?s=96&d=mm&r=g\",\"contentUrl\":\"https:\/\/secure.gravatar.com\/avatar\/9ecaf7327a696cb23ad926fedded5f1f04d7049de9e445375d55b48c001a6e42?s=96&d=mm&r=g\",\"caption\":\"Reda\u00e7\u00e3o\"},\"url\":\"https:\/\/brasilnoticias.org\/site\/author\/henrique\/\"}]}<\/script>\n<!-- \/ Yoast SEO plugin. -->","yoast_head_json":{"title":"Fiocruz vai transferir tecnologia da vacina de febre amarela para Argentina - Brasil not\u00edcias","robots":{"index":"index","follow":"follow","max-snippet":"max-snippet:-1","max-image-preview":"max-image-preview:large","max-video-preview":"max-video-preview:-1"},"canonical":"https:\/\/brasilnoticias.org\/site\/fiocruz-vai-transferir-tecnologia-da-vacina-de-febre-amarela-para-argentina\/","og_locale":"pt_PT","og_type":"article","og_title":"Fiocruz vai transferir tecnologia da vacina de febre amarela para Argentina - Brasil not\u00edcias","og_description":"Com a transfer\u00eancia de tecnologia conclu\u00edda, a ANLIS estar\u00e1 capacitada a produzir o imunizante para o territ\u00f3rio argentino A Funda\u00e7\u00e3o","og_url":"https:\/\/brasilnoticias.org\/site\/fiocruz-vai-transferir-tecnologia-da-vacina-de-febre-amarela-para-argentina\/","og_site_name":"Brasil not\u00edcias","article_published_time":"2023-11-18T11:00:50+00:00","og_image":[{"width":1600,"height":752,"url":"https:\/\/brasilnoticias.org\/site\/wp-content\/uploads\/2023\/11\/143272fiocruz-vai-transferir-tecnologia-da-vacina-de-febre-amarela-para-argentina-3.jpg","type":"image\/jpeg"}],"author":"Reda\u00e7\u00e3o","twitter_card":"summary_large_image","twitter_misc":{"Escrito por":"Reda\u00e7\u00e3o"},"schema":{"@context":"https:\/\/schema.org","@graph":[{"@type":"Article","@id":"https:\/\/brasilnoticias.org\/site\/fiocruz-vai-transferir-tecnologia-da-vacina-de-febre-amarela-para-argentina\/#article","isPartOf":{"@id":"https:\/\/brasilnoticias.org\/site\/fiocruz-vai-transferir-tecnologia-da-vacina-de-febre-amarela-para-argentina\/"},"author":{"name":"Reda\u00e7\u00e3o","@id":"https:\/\/brasilnoticias.org\/site\/#\/schema\/person\/03bbbfe6c7634ad18c26444ea39049fa"},"headline":"Fiocruz vai transferir tecnologia da vacina de febre amarela para Argentina","datePublished":"2023-11-18T11:00:50+00:00","mainEntityOfPage":{"@id":"https:\/\/brasilnoticias.org\/site\/fiocruz-vai-transferir-tecnologia-da-vacina-de-febre-amarela-para-argentina\/"},"wordCount":291,"commentCount":0,"publisher":{"@id":"https:\/\/brasilnoticias.org\/site\/#organization"},"image":{"@id":"https:\/\/brasilnoticias.org\/site\/fiocruz-vai-transferir-tecnologia-da-vacina-de-febre-amarela-para-argentina\/#primaryimage"},"thumbnailUrl":"https:\/\/brasilnoticias.org\/site\/wp-content\/uploads\/2023\/11\/143272fiocruz-vai-transferir-tecnologia-da-vacina-de-febre-amarela-para-argentina-3.jpg","articleSection":["Not\u00edcias","\u00daltimas"],"inLanguage":"pt-PT","potentialAction":[{"@type":"CommentAction","name":"Comment","target":["https:\/\/brasilnoticias.org\/site\/fiocruz-vai-transferir-tecnologia-da-vacina-de-febre-amarela-para-argentina\/#respond"]}]},{"@type":"WebPage","@id":"https:\/\/brasilnoticias.org\/site\/fiocruz-vai-transferir-tecnologia-da-vacina-de-febre-amarela-para-argentina\/","url":"https:\/\/brasilnoticias.org\/site\/fiocruz-vai-transferir-tecnologia-da-vacina-de-febre-amarela-para-argentina\/","name":"Fiocruz vai transferir tecnologia da vacina de febre amarela para Argentina - Brasil not\u00edcias","isPartOf":{"@id":"https:\/\/brasilnoticias.org\/site\/#website"},"primaryImageOfPage":{"@id":"https:\/\/brasilnoticias.org\/site\/fiocruz-vai-transferir-tecnologia-da-vacina-de-febre-amarela-para-argentina\/#primaryimage"},"image":{"@id":"https:\/\/brasilnoticias.org\/site\/fiocruz-vai-transferir-tecnologia-da-vacina-de-febre-amarela-para-argentina\/#primaryimage"},"thumbnailUrl":"https:\/\/brasilnoticias.org\/site\/wp-content\/uploads\/2023\/11\/143272fiocruz-vai-transferir-tecnologia-da-vacina-de-febre-amarela-para-argentina-3.jpg","datePublished":"2023-11-18T11:00:50+00:00","breadcrumb":{"@id":"https:\/\/brasilnoticias.org\/site\/fiocruz-vai-transferir-tecnologia-da-vacina-de-febre-amarela-para-argentina\/#breadcrumb"},"inLanguage":"pt-PT","potentialAction":[{"@type":"ReadAction","target":["https:\/\/brasilnoticias.org\/site\/fiocruz-vai-transferir-tecnologia-da-vacina-de-febre-amarela-para-argentina\/"]}]},{"@type":"ImageObject","inLanguage":"pt-PT","@id":"https:\/\/brasilnoticias.org\/site\/fiocruz-vai-transferir-tecnologia-da-vacina-de-febre-amarela-para-argentina\/#primaryimage","url":"https:\/\/brasilnoticias.org\/site\/wp-content\/uploads\/2023\/11\/143272fiocruz-vai-transferir-tecnologia-da-vacina-de-febre-amarela-para-argentina-3.jpg","contentUrl":"https:\/\/brasilnoticias.org\/site\/wp-content\/uploads\/2023\/11\/143272fiocruz-vai-transferir-tecnologia-da-vacina-de-febre-amarela-para-argentina-3.jpg","width":1600,"height":752},{"@type":"BreadcrumbList","@id":"https:\/\/brasilnoticias.org\/site\/fiocruz-vai-transferir-tecnologia-da-vacina-de-febre-amarela-para-argentina\/#breadcrumb","itemListElement":[{"@type":"ListItem","position":1,"name":"In\u00edcio","item":"https:\/\/brasilnoticias.org\/site\/"},{"@type":"ListItem","position":2,"name":"Fiocruz vai transferir tecnologia da vacina de febre amarela para Argentina"}]},{"@type":"WebSite","@id":"https:\/\/brasilnoticias.org\/site\/#website","url":"https:\/\/brasilnoticias.org\/site\/","name":"Brasil not\u00edcias","description":"Brasil not\u00edcias","publisher":{"@id":"https:\/\/brasilnoticias.org\/site\/#organization"},"potentialAction":[{"@type":"SearchAction","target":{"@type":"EntryPoint","urlTemplate":"https:\/\/brasilnoticias.org\/site\/?s={search_term_string}"},"query-input":{"@type":"PropertyValueSpecification","valueRequired":true,"valueName":"search_term_string"}}],"inLanguage":"pt-PT"},{"@type":"Organization","@id":"https:\/\/brasilnoticias.org\/site\/#organization","name":"Brasil not\u00edcias","url":"https:\/\/brasilnoticias.org\/site\/","logo":{"@type":"ImageObject","inLanguage":"pt-PT","@id":"https:\/\/brasilnoticias.org\/site\/#\/schema\/logo\/image\/","url":"https:\/\/brasilnoticias.org\/site\/wp-content\/uploads\/2022\/05\/cropped-brasilnoticias-mini.jpg","contentUrl":"https:\/\/brasilnoticias.org\/site\/wp-content\/uploads\/2022\/05\/cropped-brasilnoticias-mini.jpg","width":314,"height":86,"caption":"Brasil not\u00edcias"},"image":{"@id":"https:\/\/brasilnoticias.org\/site\/#\/schema\/logo\/image\/"}},{"@type":"Person","@id":"https:\/\/brasilnoticias.org\/site\/#\/schema\/person\/03bbbfe6c7634ad18c26444ea39049fa","name":"Reda\u00e7\u00e3o","image":{"@type":"ImageObject","inLanguage":"pt-PT","@id":"https:\/\/brasilnoticias.org\/site\/#\/schema\/person\/image\/","url":"https:\/\/secure.gravatar.com\/avatar\/9ecaf7327a696cb23ad926fedded5f1f04d7049de9e445375d55b48c001a6e42?s=96&d=mm&r=g","contentUrl":"https:\/\/secure.gravatar.com\/avatar\/9ecaf7327a696cb23ad926fedded5f1f04d7049de9e445375d55b48c001a6e42?s=96&d=mm&r=g","caption":"Reda\u00e7\u00e3o"},"url":"https:\/\/brasilnoticias.org\/site\/author\/henrique\/"}]}},"_links":{"self":[{"href":"https:\/\/brasilnoticias.org\/site\/wp-json\/wp\/v2\/posts\/11048","targetHints":{"allow":["GET"]}}],"collection":[{"href":"https:\/\/brasilnoticias.org\/site\/wp-json\/wp\/v2\/posts"}],"about":[{"href":"https:\/\/brasilnoticias.org\/site\/wp-json\/wp\/v2\/types\/post"}],"author":[{"embeddable":true,"href":"https:\/\/brasilnoticias.org\/site\/wp-json\/wp\/v2\/users\/4"}],"replies":[{"embeddable":true,"href":"https:\/\/brasilnoticias.org\/site\/wp-json\/wp\/v2\/comments?post=11048"}],"version-history":[{"count":1,"href":"https:\/\/brasilnoticias.org\/site\/wp-json\/wp\/v2\/posts\/11048\/revisions"}],"predecessor-version":[{"id":11050,"href":"https:\/\/brasilnoticias.org\/site\/wp-json\/wp\/v2\/posts\/11048\/revisions\/11050"}],"wp:featuredmedia":[{"embeddable":true,"href":"https:\/\/brasilnoticias.org\/site\/wp-json\/wp\/v2\/media\/11049"}],"wp:attachment":[{"href":"https:\/\/brasilnoticias.org\/site\/wp-json\/wp\/v2\/media?parent=11048"}],"wp:term":[{"taxonomy":"category","embeddable":true,"href":"https:\/\/brasilnoticias.org\/site\/wp-json\/wp\/v2\/categories?post=11048"},{"taxonomy":"post_tag","embeddable":true,"href":"https:\/\/brasilnoticias.org\/site\/wp-json\/wp\/v2\/tags?post=11048"}],"curies":[{"name":"wp","href":"https:\/\/api.w.org\/{rel}","templated":true}]}}