{"id":11061,"date":"2023-11-18T19:33:28","date_gmt":"2023-11-18T22:33:28","guid":{"rendered":"https:\/\/brasilnoticias.org\/site\/?p=11061"},"modified":"2023-11-18T19:33:28","modified_gmt":"2023-11-18T22:33:28","slug":"dono-de-pastelaria-forja-caso-de-racismo-e-acaba-indiciado-pela-policia-civil","status":"publish","type":"post","link":"https:\/\/brasilnoticias.org\/site\/dono-de-pastelaria-forja-caso-de-racismo-e-acaba-indiciado-pela-policia-civil\/","title":{"rendered":"Dono de pastelaria forja caso de racismo e acaba indiciado pela Pol\u00edcia Civil"},"content":{"rendered":"<p>Gabriel Fernandes da Cunha criou uma conta falsa e proferiu discurso racista contra si mesmo<\/p>\n<p>Na \u00faltima sexta-feira (17\/11), a Pol\u00edcia Civil do Rio Grande do Sul indiciou por falsa comunica\u00e7\u00e3o de crime o dono de uma pastelaria na cidade de Campo que forjou um caso de racismo.<\/p>\n<p>Segundo informa\u00e7\u00f5es do delegado Rodrigo C\u00e2mara ao Portal UOL, Gabriel Fernandes da Cunha criou uma conta falsa em um aplicativo e efetuou um pedido para a pr\u00f3pria loja, preenchendo nas observa\u00e7\u00f5es um discurso racista contra o pr\u00f3prio Gabriel, que al\u00e9m de dono tamb\u00e9m \u00e9 entregador da pastelaria.<\/p>\n<p>\u201c\u00daltima vez veio um motoboy negro, pe\u00e7o a gentileza que mande um branco. N\u00e3o gosto de pessoas assim encostando na minha comida\u201d, afirmava a observa\u00e7\u00e3o.<\/p>\n<p>Com a divulga\u00e7\u00e3o do caso na \u00faltima ter\u00e7a-feira (14\/11), abriu-se uma den\u00fancia que foi investigada pela Pol\u00edcia Civil da cidade ga\u00facha. Entretanto, o endere\u00e7o informado pela conta falsa n\u00e3o existia no condom\u00ednio informado e o nome utilizado n\u00e3o constava entre nenhum morador do local.<\/p>\n<p>Ao ser confrontado pela corpora\u00e7\u00e3o, o dono do estabelecimento confessou que foi o autor do pedido e disse que gostaria de se retratar sobre o ocorrido. Agora, Gabriel ser\u00e1 indiciado por delito de falsa comunica\u00e7\u00e3o de crime, previsto no C\u00f3digo Penal. Segundo a Pol\u00edcia Civil, o inqu\u00e9rito ser\u00e1 remetido ao Poder Judici\u00e1rio nos pr\u00f3ximos dias. <\/p>\n<p>Foto: Arquivo Pessoal<br \/>\nAratu On <\/p>\n","protected":false},"excerpt":{"rendered":"<p>Gabriel Fernandes da Cunha criou uma conta falsa e proferiu discurso racista contra si mesmo Na \u00faltima sexta-feira (17\/11), a<\/p>\n","protected":false},"author":4,"featured_media":11062,"comment_status":"open","ping_status":"open","sticky":false,"template":"","format":"standard","meta":{"colormag_page_container_layout":"default_layout","colormag_page_sidebar_layout":"default_layout","_FSMCFIC_featured_image_caption":"","_FSMCFIC_featured_image_nocaption":"","_FSMCFIC_featured_image_hide":"","footnotes":""},"categories":[3,1],"tags":[],"class_list":["post-11061","post","type-post","status-publish","format-standard","has-post-thumbnail","hentry","category-policia","category-ultimas"],"yoast_head":"<!-- This site is optimized with the Yoast SEO plugin v27.1.1 - https:\/\/yoast.com\/product\/yoast-seo-wordpress\/ -->\n<title>Dono de pastelaria forja caso de racismo e acaba indiciado pela Pol\u00edcia Civil - Brasil not\u00edcias<\/title>\n<meta name=\"robots\" content=\"index, follow, max-snippet:-1, max-image-preview:large, max-video-preview:-1\" \/>\n<link rel=\"canonical\" href=\"https:\/\/brasilnoticias.org\/site\/dono-de-pastelaria-forja-caso-de-racismo-e-acaba-indiciado-pela-policia-civil\/\" \/>\n<meta property=\"og:locale\" content=\"pt_PT\" \/>\n<meta property=\"og:type\" content=\"article\" \/>\n<meta property=\"og:title\" content=\"Dono de pastelaria forja caso de racismo e acaba indiciado pela Pol\u00edcia Civil - Brasil not\u00edcias\" \/>\n<meta property=\"og:description\" content=\"Gabriel Fernandes da Cunha criou uma conta falsa e proferiu discurso racista contra si mesmo Na \u00faltima sexta-feira (17\/11), a\" \/>\n<meta property=\"og:url\" content=\"https:\/\/brasilnoticias.org\/site\/dono-de-pastelaria-forja-caso-de-racismo-e-acaba-indiciado-pela-policia-civil\/\" \/>\n<meta property=\"og:site_name\" content=\"Brasil not\u00edcias\" \/>\n<meta property=\"article:published_time\" content=\"2023-11-18T22:33:28+00:00\" \/>\n<meta property=\"og:image\" content=\"https:\/\/brasilnoticias.org\/site\/wp-content\/uploads\/2023\/11\/pastelaria-recebeu-ofensas-racistas-1700141256294_v2_900x506.jpg-740x470-1.webp\" \/>\n\t<meta property=\"og:image:width\" content=\"740\" \/>\n\t<meta property=\"og:image:height\" content=\"470\" \/>\n\t<meta property=\"og:image:type\" content=\"image\/webp\" \/>\n<meta name=\"author\" content=\"Reda\u00e7\u00e3o\" \/>\n<meta name=\"twitter:card\" content=\"summary_large_image\" \/>\n<meta name=\"twitter:label1\" content=\"Escrito por\" \/>\n\t<meta name=\"twitter:data1\" content=\"Reda\u00e7\u00e3o\" \/>\n<script type=\"application\/ld+json\" class=\"yoast-schema-graph\">{\"@context\":\"https:\/\/schema.org\",\"@graph\":[{\"@type\":\"Article\",\"@id\":\"https:\/\/brasilnoticias.org\/site\/dono-de-pastelaria-forja-caso-de-racismo-e-acaba-indiciado-pela-policia-civil\/#article\",\"isPartOf\":{\"@id\":\"https:\/\/brasilnoticias.org\/site\/dono-de-pastelaria-forja-caso-de-racismo-e-acaba-indiciado-pela-policia-civil\/\"},\"author\":{\"name\":\"Reda\u00e7\u00e3o\",\"@id\":\"https:\/\/brasilnoticias.org\/site\/#\/schema\/person\/03bbbfe6c7634ad18c26444ea39049fa\"},\"headline\":\"Dono de pastelaria forja caso de racismo e acaba indiciado pela Pol\u00edcia Civil\",\"datePublished\":\"2023-11-18T22:33:28+00:00\",\"mainEntityOfPage\":{\"@id\":\"https:\/\/brasilnoticias.org\/site\/dono-de-pastelaria-forja-caso-de-racismo-e-acaba-indiciado-pela-policia-civil\/\"},\"wordCount\":263,\"commentCount\":0,\"publisher\":{\"@id\":\"https:\/\/brasilnoticias.org\/site\/#organization\"},\"image\":{\"@id\":\"https:\/\/brasilnoticias.org\/site\/dono-de-pastelaria-forja-caso-de-racismo-e-acaba-indiciado-pela-policia-civil\/#primaryimage\"},\"thumbnailUrl\":\"https:\/\/brasilnoticias.org\/site\/wp-content\/uploads\/2023\/11\/pastelaria-recebeu-ofensas-racistas-1700141256294_v2_900x506.jpg-740x470-1.webp\",\"articleSection\":[\"Pol\u00edcia\",\"\u00daltimas\"],\"inLanguage\":\"pt-PT\",\"potentialAction\":[{\"@type\":\"CommentAction\",\"name\":\"Comment\",\"target\":[\"https:\/\/brasilnoticias.org\/site\/dono-de-pastelaria-forja-caso-de-racismo-e-acaba-indiciado-pela-policia-civil\/#respond\"]}]},{\"@type\":\"WebPage\",\"@id\":\"https:\/\/brasilnoticias.org\/site\/dono-de-pastelaria-forja-caso-de-racismo-e-acaba-indiciado-pela-policia-civil\/\",\"url\":\"https:\/\/brasilnoticias.org\/site\/dono-de-pastelaria-forja-caso-de-racismo-e-acaba-indiciado-pela-policia-civil\/\",\"name\":\"Dono de pastelaria forja caso de racismo e acaba indiciado pela Pol\u00edcia Civil - Brasil not\u00edcias\",\"isPartOf\":{\"@id\":\"https:\/\/brasilnoticias.org\/site\/#website\"},\"primaryImageOfPage\":{\"@id\":\"https:\/\/brasilnoticias.org\/site\/dono-de-pastelaria-forja-caso-de-racismo-e-acaba-indiciado-pela-policia-civil\/#primaryimage\"},\"image\":{\"@id\":\"https:\/\/brasilnoticias.org\/site\/dono-de-pastelaria-forja-caso-de-racismo-e-acaba-indiciado-pela-policia-civil\/#primaryimage\"},\"thumbnailUrl\":\"https:\/\/brasilnoticias.org\/site\/wp-content\/uploads\/2023\/11\/pastelaria-recebeu-ofensas-racistas-1700141256294_v2_900x506.jpg-740x470-1.webp\",\"datePublished\":\"2023-11-18T22:33:28+00:00\",\"breadcrumb\":{\"@id\":\"https:\/\/brasilnoticias.org\/site\/dono-de-pastelaria-forja-caso-de-racismo-e-acaba-indiciado-pela-policia-civil\/#breadcrumb\"},\"inLanguage\":\"pt-PT\",\"potentialAction\":[{\"@type\":\"ReadAction\",\"target\":[\"https:\/\/brasilnoticias.org\/site\/dono-de-pastelaria-forja-caso-de-racismo-e-acaba-indiciado-pela-policia-civil\/\"]}]},{\"@type\":\"ImageObject\",\"inLanguage\":\"pt-PT\",\"@id\":\"https:\/\/brasilnoticias.org\/site\/dono-de-pastelaria-forja-caso-de-racismo-e-acaba-indiciado-pela-policia-civil\/#primaryimage\",\"url\":\"https:\/\/brasilnoticias.org\/site\/wp-content\/uploads\/2023\/11\/pastelaria-recebeu-ofensas-racistas-1700141256294_v2_900x506.jpg-740x470-1.webp\",\"contentUrl\":\"https:\/\/brasilnoticias.org\/site\/wp-content\/uploads\/2023\/11\/pastelaria-recebeu-ofensas-racistas-1700141256294_v2_900x506.jpg-740x470-1.webp\",\"width\":740,\"height\":470},{\"@type\":\"BreadcrumbList\",\"@id\":\"https:\/\/brasilnoticias.org\/site\/dono-de-pastelaria-forja-caso-de-racismo-e-acaba-indiciado-pela-policia-civil\/#breadcrumb\",\"itemListElement\":[{\"@type\":\"ListItem\",\"position\":1,\"name\":\"In\u00edcio\",\"item\":\"https:\/\/brasilnoticias.org\/site\/\"},{\"@type\":\"ListItem\",\"position\":2,\"name\":\"Dono de pastelaria forja caso de racismo e acaba indiciado pela Pol\u00edcia Civil\"}]},{\"@type\":\"WebSite\",\"@id\":\"https:\/\/brasilnoticias.org\/site\/#website\",\"url\":\"https:\/\/brasilnoticias.org\/site\/\",\"name\":\"Brasil not\u00edcias\",\"description\":\"Brasil not\u00edcias\",\"publisher\":{\"@id\":\"https:\/\/brasilnoticias.org\/site\/#organization\"},\"potentialAction\":[{\"@type\":\"SearchAction\",\"target\":{\"@type\":\"EntryPoint\",\"urlTemplate\":\"https:\/\/brasilnoticias.org\/site\/?s={search_term_string}\"},\"query-input\":{\"@type\":\"PropertyValueSpecification\",\"valueRequired\":true,\"valueName\":\"search_term_string\"}}],\"inLanguage\":\"pt-PT\"},{\"@type\":\"Organization\",\"@id\":\"https:\/\/brasilnoticias.org\/site\/#organization\",\"name\":\"Brasil not\u00edcias\",\"url\":\"https:\/\/brasilnoticias.org\/site\/\",\"logo\":{\"@type\":\"ImageObject\",\"inLanguage\":\"pt-PT\",\"@id\":\"https:\/\/brasilnoticias.org\/site\/#\/schema\/logo\/image\/\",\"url\":\"https:\/\/brasilnoticias.org\/site\/wp-content\/uploads\/2022\/05\/cropped-brasilnoticias-mini.jpg\",\"contentUrl\":\"https:\/\/brasilnoticias.org\/site\/wp-content\/uploads\/2022\/05\/cropped-brasilnoticias-mini.jpg\",\"width\":314,\"height\":86,\"caption\":\"Brasil not\u00edcias\"},\"image\":{\"@id\":\"https:\/\/brasilnoticias.org\/site\/#\/schema\/logo\/image\/\"}},{\"@type\":\"Person\",\"@id\":\"https:\/\/brasilnoticias.org\/site\/#\/schema\/person\/03bbbfe6c7634ad18c26444ea39049fa\",\"name\":\"Reda\u00e7\u00e3o\",\"image\":{\"@type\":\"ImageObject\",\"inLanguage\":\"pt-PT\",\"@id\":\"https:\/\/brasilnoticias.org\/site\/#\/schema\/person\/image\/\",\"url\":\"https:\/\/secure.gravatar.com\/avatar\/9ecaf7327a696cb23ad926fedded5f1f04d7049de9e445375d55b48c001a6e42?s=96&d=mm&r=g\",\"contentUrl\":\"https:\/\/secure.gravatar.com\/avatar\/9ecaf7327a696cb23ad926fedded5f1f04d7049de9e445375d55b48c001a6e42?s=96&d=mm&r=g\",\"caption\":\"Reda\u00e7\u00e3o\"},\"url\":\"https:\/\/brasilnoticias.org\/site\/author\/henrique\/\"}]}<\/script>\n<!-- \/ Yoast SEO plugin. -->","yoast_head_json":{"title":"Dono de pastelaria forja caso de racismo e acaba indiciado pela Pol\u00edcia Civil - Brasil not\u00edcias","robots":{"index":"index","follow":"follow","max-snippet":"max-snippet:-1","max-image-preview":"max-image-preview:large","max-video-preview":"max-video-preview:-1"},"canonical":"https:\/\/brasilnoticias.org\/site\/dono-de-pastelaria-forja-caso-de-racismo-e-acaba-indiciado-pela-policia-civil\/","og_locale":"pt_PT","og_type":"article","og_title":"Dono de pastelaria forja caso de racismo e acaba indiciado pela Pol\u00edcia Civil - Brasil not\u00edcias","og_description":"Gabriel Fernandes da Cunha criou uma conta falsa e proferiu discurso racista contra si mesmo Na \u00faltima sexta-feira (17\/11), a","og_url":"https:\/\/brasilnoticias.org\/site\/dono-de-pastelaria-forja-caso-de-racismo-e-acaba-indiciado-pela-policia-civil\/","og_site_name":"Brasil not\u00edcias","article_published_time":"2023-11-18T22:33:28+00:00","og_image":[{"width":740,"height":470,"url":"https:\/\/brasilnoticias.org\/site\/wp-content\/uploads\/2023\/11\/pastelaria-recebeu-ofensas-racistas-1700141256294_v2_900x506.jpg-740x470-1.webp","type":"image\/webp"}],"author":"Reda\u00e7\u00e3o","twitter_card":"summary_large_image","twitter_misc":{"Escrito por":"Reda\u00e7\u00e3o"},"schema":{"@context":"https:\/\/schema.org","@graph":[{"@type":"Article","@id":"https:\/\/brasilnoticias.org\/site\/dono-de-pastelaria-forja-caso-de-racismo-e-acaba-indiciado-pela-policia-civil\/#article","isPartOf":{"@id":"https:\/\/brasilnoticias.org\/site\/dono-de-pastelaria-forja-caso-de-racismo-e-acaba-indiciado-pela-policia-civil\/"},"author":{"name":"Reda\u00e7\u00e3o","@id":"https:\/\/brasilnoticias.org\/site\/#\/schema\/person\/03bbbfe6c7634ad18c26444ea39049fa"},"headline":"Dono de pastelaria forja caso de racismo e acaba indiciado pela Pol\u00edcia Civil","datePublished":"2023-11-18T22:33:28+00:00","mainEntityOfPage":{"@id":"https:\/\/brasilnoticias.org\/site\/dono-de-pastelaria-forja-caso-de-racismo-e-acaba-indiciado-pela-policia-civil\/"},"wordCount":263,"commentCount":0,"publisher":{"@id":"https:\/\/brasilnoticias.org\/site\/#organization"},"image":{"@id":"https:\/\/brasilnoticias.org\/site\/dono-de-pastelaria-forja-caso-de-racismo-e-acaba-indiciado-pela-policia-civil\/#primaryimage"},"thumbnailUrl":"https:\/\/brasilnoticias.org\/site\/wp-content\/uploads\/2023\/11\/pastelaria-recebeu-ofensas-racistas-1700141256294_v2_900x506.jpg-740x470-1.webp","articleSection":["Pol\u00edcia","\u00daltimas"],"inLanguage":"pt-PT","potentialAction":[{"@type":"CommentAction","name":"Comment","target":["https:\/\/brasilnoticias.org\/site\/dono-de-pastelaria-forja-caso-de-racismo-e-acaba-indiciado-pela-policia-civil\/#respond"]}]},{"@type":"WebPage","@id":"https:\/\/brasilnoticias.org\/site\/dono-de-pastelaria-forja-caso-de-racismo-e-acaba-indiciado-pela-policia-civil\/","url":"https:\/\/brasilnoticias.org\/site\/dono-de-pastelaria-forja-caso-de-racismo-e-acaba-indiciado-pela-policia-civil\/","name":"Dono de pastelaria forja caso de racismo e acaba indiciado pela Pol\u00edcia Civil - Brasil not\u00edcias","isPartOf":{"@id":"https:\/\/brasilnoticias.org\/site\/#website"},"primaryImageOfPage":{"@id":"https:\/\/brasilnoticias.org\/site\/dono-de-pastelaria-forja-caso-de-racismo-e-acaba-indiciado-pela-policia-civil\/#primaryimage"},"image":{"@id":"https:\/\/brasilnoticias.org\/site\/dono-de-pastelaria-forja-caso-de-racismo-e-acaba-indiciado-pela-policia-civil\/#primaryimage"},"thumbnailUrl":"https:\/\/brasilnoticias.org\/site\/wp-content\/uploads\/2023\/11\/pastelaria-recebeu-ofensas-racistas-1700141256294_v2_900x506.jpg-740x470-1.webp","datePublished":"2023-11-18T22:33:28+00:00","breadcrumb":{"@id":"https:\/\/brasilnoticias.org\/site\/dono-de-pastelaria-forja-caso-de-racismo-e-acaba-indiciado-pela-policia-civil\/#breadcrumb"},"inLanguage":"pt-PT","potentialAction":[{"@type":"ReadAction","target":["https:\/\/brasilnoticias.org\/site\/dono-de-pastelaria-forja-caso-de-racismo-e-acaba-indiciado-pela-policia-civil\/"]}]},{"@type":"ImageObject","inLanguage":"pt-PT","@id":"https:\/\/brasilnoticias.org\/site\/dono-de-pastelaria-forja-caso-de-racismo-e-acaba-indiciado-pela-policia-civil\/#primaryimage","url":"https:\/\/brasilnoticias.org\/site\/wp-content\/uploads\/2023\/11\/pastelaria-recebeu-ofensas-racistas-1700141256294_v2_900x506.jpg-740x470-1.webp","contentUrl":"https:\/\/brasilnoticias.org\/site\/wp-content\/uploads\/2023\/11\/pastelaria-recebeu-ofensas-racistas-1700141256294_v2_900x506.jpg-740x470-1.webp","width":740,"height":470},{"@type":"BreadcrumbList","@id":"https:\/\/brasilnoticias.org\/site\/dono-de-pastelaria-forja-caso-de-racismo-e-acaba-indiciado-pela-policia-civil\/#breadcrumb","itemListElement":[{"@type":"ListItem","position":1,"name":"In\u00edcio","item":"https:\/\/brasilnoticias.org\/site\/"},{"@type":"ListItem","position":2,"name":"Dono de pastelaria forja caso de racismo e acaba indiciado pela Pol\u00edcia Civil"}]},{"@type":"WebSite","@id":"https:\/\/brasilnoticias.org\/site\/#website","url":"https:\/\/brasilnoticias.org\/site\/","name":"Brasil not\u00edcias","description":"Brasil not\u00edcias","publisher":{"@id":"https:\/\/brasilnoticias.org\/site\/#organization"},"potentialAction":[{"@type":"SearchAction","target":{"@type":"EntryPoint","urlTemplate":"https:\/\/brasilnoticias.org\/site\/?s={search_term_string}"},"query-input":{"@type":"PropertyValueSpecification","valueRequired":true,"valueName":"search_term_string"}}],"inLanguage":"pt-PT"},{"@type":"Organization","@id":"https:\/\/brasilnoticias.org\/site\/#organization","name":"Brasil not\u00edcias","url":"https:\/\/brasilnoticias.org\/site\/","logo":{"@type":"ImageObject","inLanguage":"pt-PT","@id":"https:\/\/brasilnoticias.org\/site\/#\/schema\/logo\/image\/","url":"https:\/\/brasilnoticias.org\/site\/wp-content\/uploads\/2022\/05\/cropped-brasilnoticias-mini.jpg","contentUrl":"https:\/\/brasilnoticias.org\/site\/wp-content\/uploads\/2022\/05\/cropped-brasilnoticias-mini.jpg","width":314,"height":86,"caption":"Brasil not\u00edcias"},"image":{"@id":"https:\/\/brasilnoticias.org\/site\/#\/schema\/logo\/image\/"}},{"@type":"Person","@id":"https:\/\/brasilnoticias.org\/site\/#\/schema\/person\/03bbbfe6c7634ad18c26444ea39049fa","name":"Reda\u00e7\u00e3o","image":{"@type":"ImageObject","inLanguage":"pt-PT","@id":"https:\/\/brasilnoticias.org\/site\/#\/schema\/person\/image\/","url":"https:\/\/secure.gravatar.com\/avatar\/9ecaf7327a696cb23ad926fedded5f1f04d7049de9e445375d55b48c001a6e42?s=96&d=mm&r=g","contentUrl":"https:\/\/secure.gravatar.com\/avatar\/9ecaf7327a696cb23ad926fedded5f1f04d7049de9e445375d55b48c001a6e42?s=96&d=mm&r=g","caption":"Reda\u00e7\u00e3o"},"url":"https:\/\/brasilnoticias.org\/site\/author\/henrique\/"}]}},"_links":{"self":[{"href":"https:\/\/brasilnoticias.org\/site\/wp-json\/wp\/v2\/posts\/11061","targetHints":{"allow":["GET"]}}],"collection":[{"href":"https:\/\/brasilnoticias.org\/site\/wp-json\/wp\/v2\/posts"}],"about":[{"href":"https:\/\/brasilnoticias.org\/site\/wp-json\/wp\/v2\/types\/post"}],"author":[{"embeddable":true,"href":"https:\/\/brasilnoticias.org\/site\/wp-json\/wp\/v2\/users\/4"}],"replies":[{"embeddable":true,"href":"https:\/\/brasilnoticias.org\/site\/wp-json\/wp\/v2\/comments?post=11061"}],"version-history":[{"count":1,"href":"https:\/\/brasilnoticias.org\/site\/wp-json\/wp\/v2\/posts\/11061\/revisions"}],"predecessor-version":[{"id":11063,"href":"https:\/\/brasilnoticias.org\/site\/wp-json\/wp\/v2\/posts\/11061\/revisions\/11063"}],"wp:featuredmedia":[{"embeddable":true,"href":"https:\/\/brasilnoticias.org\/site\/wp-json\/wp\/v2\/media\/11062"}],"wp:attachment":[{"href":"https:\/\/brasilnoticias.org\/site\/wp-json\/wp\/v2\/media?parent=11061"}],"wp:term":[{"taxonomy":"category","embeddable":true,"href":"https:\/\/brasilnoticias.org\/site\/wp-json\/wp\/v2\/categories?post=11061"},{"taxonomy":"post_tag","embeddable":true,"href":"https:\/\/brasilnoticias.org\/site\/wp-json\/wp\/v2\/tags?post=11061"}],"curies":[{"name":"wp","href":"https:\/\/api.w.org\/{rel}","templated":true}]}}