{"id":11068,"date":"2023-11-18T19:38:14","date_gmt":"2023-11-18T22:38:14","guid":{"rendered":"https:\/\/brasilnoticias.org\/site\/?p=11068"},"modified":"2023-11-18T19:38:36","modified_gmt":"2023-11-18T22:38:36","slug":"socios-torcedores-do-vitoria-aprovam-estrela-no-escudo-com-87-dos-votos","status":"publish","type":"post","link":"https:\/\/brasilnoticias.org\/site\/socios-torcedores-do-vitoria-aprovam-estrela-no-escudo-com-87-dos-votos\/","title":{"rendered":"S\u00f3cios-torcedores do Vit\u00f3ria aprovam estrela no escudo com 87% dos votos"},"content":{"rendered":"<p>A decis\u00e3o foi comunicada \u00e0 imprensa neste s\u00e1bado (17) pelo presidente do clube, F\u00e1bio Mota<\/p>\n<p>Uma estrela dourada ser\u00e1 inserida no escudo do Vit\u00f3ria. A decis\u00e3o foi comunicada \u00e0 imprensa neste s\u00e1bado (17) pelo presidente do clube, F\u00e1bio Mota. De acordo com ele, 87% dos s\u00f3cios-torcedores decidiram que o s\u00edmbolo deve ser incorporado \u00e0 camisa do time, recentemente consagrado campe\u00e3o brasileiro da s\u00e9rie B. <\/p>\n<p>Nesta quinta-feira (16), o Vit\u00f3ria disponibilizou uma enquete para que os s\u00f3cios do clube decidissem se a estrela deveria ou n\u00e3o ser utilizada. A vota\u00e7\u00e3o ficou dispon\u00edvel at\u00e9 este s\u00e1bado (18), duas horas antes da partida contra o Sport, no site Sou Mais Vit\u00f3ria. <\/p>\n<p>\u201cSeguindo com a transpar\u00eancia e abertura do clube nessa gest\u00e3o, a diretoria do Vit\u00f3ria resolveu deixar que os s\u00f3cios decidam sobre a quest\u00e3o de colocar ou n\u00e3o uma estrela no escudo do clube\u201d, dizia o comunicado oficial do clube.<\/p>\n<p>Foto: Flickr\/Esporte Clube Vit\u00f3ria<br \/>\nPor: Metro1<\/p>\n","protected":false},"excerpt":{"rendered":"<p>A decis\u00e3o foi comunicada \u00e0 imprensa neste s\u00e1bado (17) pelo presidente do clube, F\u00e1bio Mota Uma estrela dourada ser\u00e1 inserida<\/p>\n","protected":false},"author":4,"featured_media":11069,"comment_status":"open","ping_status":"open","sticky":false,"template":"","format":"standard","meta":{"colormag_page_container_layout":"default_layout","colormag_page_sidebar_layout":"default_layout","_FSMCFIC_featured_image_caption":"","_FSMCFIC_featured_image_nocaption":"","_FSMCFIC_featured_image_hide":"","footnotes":""},"categories":[4,1],"tags":[],"class_list":["post-11068","post","type-post","status-publish","format-standard","has-post-thumbnail","hentry","category-esporte","category-ultimas"],"yoast_head":"<!-- This site is optimized with the Yoast SEO plugin v27.1.1 - https:\/\/yoast.com\/product\/yoast-seo-wordpress\/ -->\n<title>S\u00f3cios-torcedores do Vit\u00f3ria aprovam estrela no escudo com 87% dos votos - Brasil not\u00edcias<\/title>\n<meta name=\"robots\" content=\"index, follow, max-snippet:-1, max-image-preview:large, max-video-preview:-1\" \/>\n<link rel=\"canonical\" href=\"https:\/\/brasilnoticias.org\/site\/socios-torcedores-do-vitoria-aprovam-estrela-no-escudo-com-87-dos-votos\/\" \/>\n<meta property=\"og:locale\" content=\"pt_PT\" \/>\n<meta property=\"og:type\" content=\"article\" \/>\n<meta property=\"og:title\" content=\"S\u00f3cios-torcedores do Vit\u00f3ria aprovam estrela no escudo com 87% dos votos - Brasil not\u00edcias\" \/>\n<meta property=\"og:description\" content=\"A decis\u00e3o foi comunicada \u00e0 imprensa neste s\u00e1bado (17) pelo presidente do clube, F\u00e1bio Mota Uma estrela dourada ser\u00e1 inserida\" \/>\n<meta property=\"og:url\" content=\"https:\/\/brasilnoticias.org\/site\/socios-torcedores-do-vitoria-aprovam-estrela-no-escudo-com-87-dos-votos\/\" \/>\n<meta property=\"og:site_name\" content=\"Brasil not\u00edcias\" \/>\n<meta property=\"article:published_time\" content=\"2023-11-18T22:38:14+00:00\" \/>\n<meta property=\"article:modified_time\" content=\"2023-11-18T22:38:36+00:00\" \/>\n<meta property=\"og:image\" content=\"https:\/\/brasilnoticias.org\/site\/wp-content\/uploads\/2023\/11\/143291socios-torcedores-do-vitoria-aprovam-estrela-no-escudo-com-87-dos-votos-3.jpg\" \/>\n\t<meta property=\"og:image:width\" content=\"1600\" \/>\n\t<meta property=\"og:image:height\" content=\"752\" \/>\n\t<meta property=\"og:image:type\" content=\"image\/jpeg\" \/>\n<meta name=\"author\" content=\"Reda\u00e7\u00e3o\" \/>\n<meta name=\"twitter:card\" content=\"summary_large_image\" \/>\n<meta name=\"twitter:label1\" content=\"Escrito por\" \/>\n\t<meta name=\"twitter:data1\" content=\"Reda\u00e7\u00e3o\" \/>\n\t<meta name=\"twitter:label2\" content=\"Tempo estimado de leitura\" \/>\n\t<meta name=\"twitter:data2\" content=\"1 minuto\" \/>\n<script type=\"application\/ld+json\" class=\"yoast-schema-graph\">{\"@context\":\"https:\/\/schema.org\",\"@graph\":[{\"@type\":\"Article\",\"@id\":\"https:\/\/brasilnoticias.org\/site\/socios-torcedores-do-vitoria-aprovam-estrela-no-escudo-com-87-dos-votos\/#article\",\"isPartOf\":{\"@id\":\"https:\/\/brasilnoticias.org\/site\/socios-torcedores-do-vitoria-aprovam-estrela-no-escudo-com-87-dos-votos\/\"},\"author\":{\"name\":\"Reda\u00e7\u00e3o\",\"@id\":\"https:\/\/brasilnoticias.org\/site\/#\/schema\/person\/03bbbfe6c7634ad18c26444ea39049fa\"},\"headline\":\"S\u00f3cios-torcedores do Vit\u00f3ria aprovam estrela no escudo com 87% dos votos\",\"datePublished\":\"2023-11-18T22:38:14+00:00\",\"dateModified\":\"2023-11-18T22:38:36+00:00\",\"mainEntityOfPage\":{\"@id\":\"https:\/\/brasilnoticias.org\/site\/socios-torcedores-do-vitoria-aprovam-estrela-no-escudo-com-87-dos-votos\/\"},\"wordCount\":183,\"commentCount\":0,\"publisher\":{\"@id\":\"https:\/\/brasilnoticias.org\/site\/#organization\"},\"image\":{\"@id\":\"https:\/\/brasilnoticias.org\/site\/socios-torcedores-do-vitoria-aprovam-estrela-no-escudo-com-87-dos-votos\/#primaryimage\"},\"thumbnailUrl\":\"https:\/\/brasilnoticias.org\/site\/wp-content\/uploads\/2023\/11\/143291socios-torcedores-do-vitoria-aprovam-estrela-no-escudo-com-87-dos-votos-3.jpg\",\"articleSection\":[\"Esporte\",\"\u00daltimas\"],\"inLanguage\":\"pt-PT\",\"potentialAction\":[{\"@type\":\"CommentAction\",\"name\":\"Comment\",\"target\":[\"https:\/\/brasilnoticias.org\/site\/socios-torcedores-do-vitoria-aprovam-estrela-no-escudo-com-87-dos-votos\/#respond\"]}]},{\"@type\":\"WebPage\",\"@id\":\"https:\/\/brasilnoticias.org\/site\/socios-torcedores-do-vitoria-aprovam-estrela-no-escudo-com-87-dos-votos\/\",\"url\":\"https:\/\/brasilnoticias.org\/site\/socios-torcedores-do-vitoria-aprovam-estrela-no-escudo-com-87-dos-votos\/\",\"name\":\"S\u00f3cios-torcedores do Vit\u00f3ria aprovam estrela no escudo com 87% dos votos - Brasil not\u00edcias\",\"isPartOf\":{\"@id\":\"https:\/\/brasilnoticias.org\/site\/#website\"},\"primaryImageOfPage\":{\"@id\":\"https:\/\/brasilnoticias.org\/site\/socios-torcedores-do-vitoria-aprovam-estrela-no-escudo-com-87-dos-votos\/#primaryimage\"},\"image\":{\"@id\":\"https:\/\/brasilnoticias.org\/site\/socios-torcedores-do-vitoria-aprovam-estrela-no-escudo-com-87-dos-votos\/#primaryimage\"},\"thumbnailUrl\":\"https:\/\/brasilnoticias.org\/site\/wp-content\/uploads\/2023\/11\/143291socios-torcedores-do-vitoria-aprovam-estrela-no-escudo-com-87-dos-votos-3.jpg\",\"datePublished\":\"2023-11-18T22:38:14+00:00\",\"dateModified\":\"2023-11-18T22:38:36+00:00\",\"breadcrumb\":{\"@id\":\"https:\/\/brasilnoticias.org\/site\/socios-torcedores-do-vitoria-aprovam-estrela-no-escudo-com-87-dos-votos\/#breadcrumb\"},\"inLanguage\":\"pt-PT\",\"potentialAction\":[{\"@type\":\"ReadAction\",\"target\":[\"https:\/\/brasilnoticias.org\/site\/socios-torcedores-do-vitoria-aprovam-estrela-no-escudo-com-87-dos-votos\/\"]}]},{\"@type\":\"ImageObject\",\"inLanguage\":\"pt-PT\",\"@id\":\"https:\/\/brasilnoticias.org\/site\/socios-torcedores-do-vitoria-aprovam-estrela-no-escudo-com-87-dos-votos\/#primaryimage\",\"url\":\"https:\/\/brasilnoticias.org\/site\/wp-content\/uploads\/2023\/11\/143291socios-torcedores-do-vitoria-aprovam-estrela-no-escudo-com-87-dos-votos-3.jpg\",\"contentUrl\":\"https:\/\/brasilnoticias.org\/site\/wp-content\/uploads\/2023\/11\/143291socios-torcedores-do-vitoria-aprovam-estrela-no-escudo-com-87-dos-votos-3.jpg\",\"width\":1600,\"height\":752},{\"@type\":\"BreadcrumbList\",\"@id\":\"https:\/\/brasilnoticias.org\/site\/socios-torcedores-do-vitoria-aprovam-estrela-no-escudo-com-87-dos-votos\/#breadcrumb\",\"itemListElement\":[{\"@type\":\"ListItem\",\"position\":1,\"name\":\"In\u00edcio\",\"item\":\"https:\/\/brasilnoticias.org\/site\/\"},{\"@type\":\"ListItem\",\"position\":2,\"name\":\"S\u00f3cios-torcedores do Vit\u00f3ria aprovam estrela no escudo com 87% dos votos\"}]},{\"@type\":\"WebSite\",\"@id\":\"https:\/\/brasilnoticias.org\/site\/#website\",\"url\":\"https:\/\/brasilnoticias.org\/site\/\",\"name\":\"Brasil not\u00edcias\",\"description\":\"Brasil not\u00edcias\",\"publisher\":{\"@id\":\"https:\/\/brasilnoticias.org\/site\/#organization\"},\"potentialAction\":[{\"@type\":\"SearchAction\",\"target\":{\"@type\":\"EntryPoint\",\"urlTemplate\":\"https:\/\/brasilnoticias.org\/site\/?s={search_term_string}\"},\"query-input\":{\"@type\":\"PropertyValueSpecification\",\"valueRequired\":true,\"valueName\":\"search_term_string\"}}],\"inLanguage\":\"pt-PT\"},{\"@type\":\"Organization\",\"@id\":\"https:\/\/brasilnoticias.org\/site\/#organization\",\"name\":\"Brasil not\u00edcias\",\"url\":\"https:\/\/brasilnoticias.org\/site\/\",\"logo\":{\"@type\":\"ImageObject\",\"inLanguage\":\"pt-PT\",\"@id\":\"https:\/\/brasilnoticias.org\/site\/#\/schema\/logo\/image\/\",\"url\":\"https:\/\/brasilnoticias.org\/site\/wp-content\/uploads\/2022\/05\/cropped-brasilnoticias-mini.jpg\",\"contentUrl\":\"https:\/\/brasilnoticias.org\/site\/wp-content\/uploads\/2022\/05\/cropped-brasilnoticias-mini.jpg\",\"width\":314,\"height\":86,\"caption\":\"Brasil not\u00edcias\"},\"image\":{\"@id\":\"https:\/\/brasilnoticias.org\/site\/#\/schema\/logo\/image\/\"}},{\"@type\":\"Person\",\"@id\":\"https:\/\/brasilnoticias.org\/site\/#\/schema\/person\/03bbbfe6c7634ad18c26444ea39049fa\",\"name\":\"Reda\u00e7\u00e3o\",\"image\":{\"@type\":\"ImageObject\",\"inLanguage\":\"pt-PT\",\"@id\":\"https:\/\/brasilnoticias.org\/site\/#\/schema\/person\/image\/\",\"url\":\"https:\/\/secure.gravatar.com\/avatar\/9ecaf7327a696cb23ad926fedded5f1f04d7049de9e445375d55b48c001a6e42?s=96&d=mm&r=g\",\"contentUrl\":\"https:\/\/secure.gravatar.com\/avatar\/9ecaf7327a696cb23ad926fedded5f1f04d7049de9e445375d55b48c001a6e42?s=96&d=mm&r=g\",\"caption\":\"Reda\u00e7\u00e3o\"},\"url\":\"https:\/\/brasilnoticias.org\/site\/author\/henrique\/\"}]}<\/script>\n<!-- \/ Yoast SEO plugin. -->","yoast_head_json":{"title":"S\u00f3cios-torcedores do Vit\u00f3ria aprovam estrela no escudo com 87% dos votos - Brasil not\u00edcias","robots":{"index":"index","follow":"follow","max-snippet":"max-snippet:-1","max-image-preview":"max-image-preview:large","max-video-preview":"max-video-preview:-1"},"canonical":"https:\/\/brasilnoticias.org\/site\/socios-torcedores-do-vitoria-aprovam-estrela-no-escudo-com-87-dos-votos\/","og_locale":"pt_PT","og_type":"article","og_title":"S\u00f3cios-torcedores do Vit\u00f3ria aprovam estrela no escudo com 87% dos votos - Brasil not\u00edcias","og_description":"A decis\u00e3o foi comunicada \u00e0 imprensa neste s\u00e1bado (17) pelo presidente do clube, F\u00e1bio Mota Uma estrela dourada ser\u00e1 inserida","og_url":"https:\/\/brasilnoticias.org\/site\/socios-torcedores-do-vitoria-aprovam-estrela-no-escudo-com-87-dos-votos\/","og_site_name":"Brasil not\u00edcias","article_published_time":"2023-11-18T22:38:14+00:00","article_modified_time":"2023-11-18T22:38:36+00:00","og_image":[{"width":1600,"height":752,"url":"https:\/\/brasilnoticias.org\/site\/wp-content\/uploads\/2023\/11\/143291socios-torcedores-do-vitoria-aprovam-estrela-no-escudo-com-87-dos-votos-3.jpg","type":"image\/jpeg"}],"author":"Reda\u00e7\u00e3o","twitter_card":"summary_large_image","twitter_misc":{"Escrito por":"Reda\u00e7\u00e3o","Tempo estimado de leitura":"1 minuto"},"schema":{"@context":"https:\/\/schema.org","@graph":[{"@type":"Article","@id":"https:\/\/brasilnoticias.org\/site\/socios-torcedores-do-vitoria-aprovam-estrela-no-escudo-com-87-dos-votos\/#article","isPartOf":{"@id":"https:\/\/brasilnoticias.org\/site\/socios-torcedores-do-vitoria-aprovam-estrela-no-escudo-com-87-dos-votos\/"},"author":{"name":"Reda\u00e7\u00e3o","@id":"https:\/\/brasilnoticias.org\/site\/#\/schema\/person\/03bbbfe6c7634ad18c26444ea39049fa"},"headline":"S\u00f3cios-torcedores do Vit\u00f3ria aprovam estrela no escudo com 87% dos votos","datePublished":"2023-11-18T22:38:14+00:00","dateModified":"2023-11-18T22:38:36+00:00","mainEntityOfPage":{"@id":"https:\/\/brasilnoticias.org\/site\/socios-torcedores-do-vitoria-aprovam-estrela-no-escudo-com-87-dos-votos\/"},"wordCount":183,"commentCount":0,"publisher":{"@id":"https:\/\/brasilnoticias.org\/site\/#organization"},"image":{"@id":"https:\/\/brasilnoticias.org\/site\/socios-torcedores-do-vitoria-aprovam-estrela-no-escudo-com-87-dos-votos\/#primaryimage"},"thumbnailUrl":"https:\/\/brasilnoticias.org\/site\/wp-content\/uploads\/2023\/11\/143291socios-torcedores-do-vitoria-aprovam-estrela-no-escudo-com-87-dos-votos-3.jpg","articleSection":["Esporte","\u00daltimas"],"inLanguage":"pt-PT","potentialAction":[{"@type":"CommentAction","name":"Comment","target":["https:\/\/brasilnoticias.org\/site\/socios-torcedores-do-vitoria-aprovam-estrela-no-escudo-com-87-dos-votos\/#respond"]}]},{"@type":"WebPage","@id":"https:\/\/brasilnoticias.org\/site\/socios-torcedores-do-vitoria-aprovam-estrela-no-escudo-com-87-dos-votos\/","url":"https:\/\/brasilnoticias.org\/site\/socios-torcedores-do-vitoria-aprovam-estrela-no-escudo-com-87-dos-votos\/","name":"S\u00f3cios-torcedores do Vit\u00f3ria aprovam estrela no escudo com 87% dos votos - Brasil not\u00edcias","isPartOf":{"@id":"https:\/\/brasilnoticias.org\/site\/#website"},"primaryImageOfPage":{"@id":"https:\/\/brasilnoticias.org\/site\/socios-torcedores-do-vitoria-aprovam-estrela-no-escudo-com-87-dos-votos\/#primaryimage"},"image":{"@id":"https:\/\/brasilnoticias.org\/site\/socios-torcedores-do-vitoria-aprovam-estrela-no-escudo-com-87-dos-votos\/#primaryimage"},"thumbnailUrl":"https:\/\/brasilnoticias.org\/site\/wp-content\/uploads\/2023\/11\/143291socios-torcedores-do-vitoria-aprovam-estrela-no-escudo-com-87-dos-votos-3.jpg","datePublished":"2023-11-18T22:38:14+00:00","dateModified":"2023-11-18T22:38:36+00:00","breadcrumb":{"@id":"https:\/\/brasilnoticias.org\/site\/socios-torcedores-do-vitoria-aprovam-estrela-no-escudo-com-87-dos-votos\/#breadcrumb"},"inLanguage":"pt-PT","potentialAction":[{"@type":"ReadAction","target":["https:\/\/brasilnoticias.org\/site\/socios-torcedores-do-vitoria-aprovam-estrela-no-escudo-com-87-dos-votos\/"]}]},{"@type":"ImageObject","inLanguage":"pt-PT","@id":"https:\/\/brasilnoticias.org\/site\/socios-torcedores-do-vitoria-aprovam-estrela-no-escudo-com-87-dos-votos\/#primaryimage","url":"https:\/\/brasilnoticias.org\/site\/wp-content\/uploads\/2023\/11\/143291socios-torcedores-do-vitoria-aprovam-estrela-no-escudo-com-87-dos-votos-3.jpg","contentUrl":"https:\/\/brasilnoticias.org\/site\/wp-content\/uploads\/2023\/11\/143291socios-torcedores-do-vitoria-aprovam-estrela-no-escudo-com-87-dos-votos-3.jpg","width":1600,"height":752},{"@type":"BreadcrumbList","@id":"https:\/\/brasilnoticias.org\/site\/socios-torcedores-do-vitoria-aprovam-estrela-no-escudo-com-87-dos-votos\/#breadcrumb","itemListElement":[{"@type":"ListItem","position":1,"name":"In\u00edcio","item":"https:\/\/brasilnoticias.org\/site\/"},{"@type":"ListItem","position":2,"name":"S\u00f3cios-torcedores do Vit\u00f3ria aprovam estrela no escudo com 87% dos votos"}]},{"@type":"WebSite","@id":"https:\/\/brasilnoticias.org\/site\/#website","url":"https:\/\/brasilnoticias.org\/site\/","name":"Brasil not\u00edcias","description":"Brasil not\u00edcias","publisher":{"@id":"https:\/\/brasilnoticias.org\/site\/#organization"},"potentialAction":[{"@type":"SearchAction","target":{"@type":"EntryPoint","urlTemplate":"https:\/\/brasilnoticias.org\/site\/?s={search_term_string}"},"query-input":{"@type":"PropertyValueSpecification","valueRequired":true,"valueName":"search_term_string"}}],"inLanguage":"pt-PT"},{"@type":"Organization","@id":"https:\/\/brasilnoticias.org\/site\/#organization","name":"Brasil not\u00edcias","url":"https:\/\/brasilnoticias.org\/site\/","logo":{"@type":"ImageObject","inLanguage":"pt-PT","@id":"https:\/\/brasilnoticias.org\/site\/#\/schema\/logo\/image\/","url":"https:\/\/brasilnoticias.org\/site\/wp-content\/uploads\/2022\/05\/cropped-brasilnoticias-mini.jpg","contentUrl":"https:\/\/brasilnoticias.org\/site\/wp-content\/uploads\/2022\/05\/cropped-brasilnoticias-mini.jpg","width":314,"height":86,"caption":"Brasil not\u00edcias"},"image":{"@id":"https:\/\/brasilnoticias.org\/site\/#\/schema\/logo\/image\/"}},{"@type":"Person","@id":"https:\/\/brasilnoticias.org\/site\/#\/schema\/person\/03bbbfe6c7634ad18c26444ea39049fa","name":"Reda\u00e7\u00e3o","image":{"@type":"ImageObject","inLanguage":"pt-PT","@id":"https:\/\/brasilnoticias.org\/site\/#\/schema\/person\/image\/","url":"https:\/\/secure.gravatar.com\/avatar\/9ecaf7327a696cb23ad926fedded5f1f04d7049de9e445375d55b48c001a6e42?s=96&d=mm&r=g","contentUrl":"https:\/\/secure.gravatar.com\/avatar\/9ecaf7327a696cb23ad926fedded5f1f04d7049de9e445375d55b48c001a6e42?s=96&d=mm&r=g","caption":"Reda\u00e7\u00e3o"},"url":"https:\/\/brasilnoticias.org\/site\/author\/henrique\/"}]}},"_links":{"self":[{"href":"https:\/\/brasilnoticias.org\/site\/wp-json\/wp\/v2\/posts\/11068","targetHints":{"allow":["GET"]}}],"collection":[{"href":"https:\/\/brasilnoticias.org\/site\/wp-json\/wp\/v2\/posts"}],"about":[{"href":"https:\/\/brasilnoticias.org\/site\/wp-json\/wp\/v2\/types\/post"}],"author":[{"embeddable":true,"href":"https:\/\/brasilnoticias.org\/site\/wp-json\/wp\/v2\/users\/4"}],"replies":[{"embeddable":true,"href":"https:\/\/brasilnoticias.org\/site\/wp-json\/wp\/v2\/comments?post=11068"}],"version-history":[{"count":2,"href":"https:\/\/brasilnoticias.org\/site\/wp-json\/wp\/v2\/posts\/11068\/revisions"}],"predecessor-version":[{"id":11071,"href":"https:\/\/brasilnoticias.org\/site\/wp-json\/wp\/v2\/posts\/11068\/revisions\/11071"}],"wp:featuredmedia":[{"embeddable":true,"href":"https:\/\/brasilnoticias.org\/site\/wp-json\/wp\/v2\/media\/11069"}],"wp:attachment":[{"href":"https:\/\/brasilnoticias.org\/site\/wp-json\/wp\/v2\/media?parent=11068"}],"wp:term":[{"taxonomy":"category","embeddable":true,"href":"https:\/\/brasilnoticias.org\/site\/wp-json\/wp\/v2\/categories?post=11068"},{"taxonomy":"post_tag","embeddable":true,"href":"https:\/\/brasilnoticias.org\/site\/wp-json\/wp\/v2\/tags?post=11068"}],"curies":[{"name":"wp","href":"https:\/\/api.w.org\/{rel}","templated":true}]}}