{"id":11076,"date":"2023-11-19T06:00:27","date_gmt":"2023-11-19T09:00:27","guid":{"rendered":"https:\/\/brasilnoticias.org\/site\/?p=11076"},"modified":"2023-11-18T19:43:14","modified_gmt":"2023-11-18T22:43:14","slug":"governo-prepara-campanha-de-natal-para-passar-mensagem-de-brasil-unido","status":"publish","type":"post","link":"https:\/\/brasilnoticias.org\/site\/governo-prepara-campanha-de-natal-para-passar-mensagem-de-brasil-unido\/","title":{"rendered":"Governo prepara campanha de Natal para passar mensagem de Brasil unido"},"content":{"rendered":"<p>A ideia \u00e9 usar o simbolismo do Natal para afirmar que n\u00e3o h\u00e1 mais sentido em existir divis\u00f5es nas fam\u00edlias por raz\u00f5es pol\u00edticas<\/p>\n<p>O governo federal prepara uma campanha publicit\u00e1ria de final de ano para veicula\u00e7\u00e3o na TV, r\u00e1dio, cinemas e internet com o objetivo de  passar uma mensagem de que o Brasil est\u00e1 unido e que os tempos de polariza\u00e7\u00e3o e acirramento pol\u00edtico, ficou para tr\u00e1s. De acordo com informa\u00e7\u00f5es da Globonews, a ideia \u00e9 usar o simbolismo do Natal para afirmar que n\u00e3o h\u00e1 mais sentido em existir divis\u00f5es nas fam\u00edlias por raz\u00f5es pol\u00edticas. <\/p>\n<p>Ao mesmo tempo, o governo prepara um material de propaganda das principais marcas dos governos anteriores do PT. Nas pe\u00e7as publicit\u00e1rias ser\u00e3o contadas hist\u00f3rias de pessoas que foram beneficiadas por programas sociais como o Bolsa Fam\u00edlia, Minha Casa Minha Vida, Programa de Acelera\u00e7\u00e3o do Crescimento(PAC), ProUni, Farm\u00e1cia Popular, Plano Safra e a vacina\u00e7\u00e3o.<\/p>\n<p>Outra a\u00e7\u00e3o VISA turbinar a campanha Papai Noel dos Correios, criada h\u00e1 34 anos por iniciativa de um grupo de carteiros. Todos os anos milhares de crian\u00e7as que enviam cartas para os Correios recebem presentes, mas, quase sempre, um contingente n\u00e3o \u00e9 atendido.<\/p>\n<p>O governo federal quer envolver empresas na a\u00e7\u00e3o para conseguir atender todas as crian\u00e7as que escreverem cartas e haver\u00e1 parcerias com os clubes de futebol para presentear crian\u00e7as que tenham pedido camisas ou outros itens dos times.<\/p>\n<p>Foto: Ricardo Stuckert\/PR<br \/>\nMetro1<\/p>\n","protected":false},"excerpt":{"rendered":"<p>A ideia \u00e9 usar o simbolismo do Natal para afirmar que n\u00e3o h\u00e1 mais sentido em existir divis\u00f5es nas fam\u00edlias<\/p>\n","protected":false},"author":4,"featured_media":11077,"comment_status":"open","ping_status":"open","sticky":false,"template":"","format":"standard","meta":{"colormag_page_container_layout":"default_layout","colormag_page_sidebar_layout":"default_layout","_FSMCFIC_featured_image_caption":"","_FSMCFIC_featured_image_nocaption":"","_FSMCFIC_featured_image_hide":"","footnotes":""},"categories":[5,1],"tags":[],"class_list":["post-11076","post","type-post","status-publish","format-standard","has-post-thumbnail","hentry","category-politica","category-ultimas"],"yoast_head":"<!-- This site is optimized with the Yoast SEO plugin v27.1.1 - https:\/\/yoast.com\/product\/yoast-seo-wordpress\/ -->\n<title>Governo prepara campanha de Natal para passar mensagem de Brasil unido - Brasil not\u00edcias<\/title>\n<meta name=\"robots\" content=\"index, follow, max-snippet:-1, max-image-preview:large, max-video-preview:-1\" \/>\n<link rel=\"canonical\" href=\"https:\/\/brasilnoticias.org\/site\/governo-prepara-campanha-de-natal-para-passar-mensagem-de-brasil-unido\/\" \/>\n<meta property=\"og:locale\" content=\"pt_PT\" \/>\n<meta property=\"og:type\" content=\"article\" \/>\n<meta property=\"og:title\" content=\"Governo prepara campanha de Natal para passar mensagem de Brasil unido - Brasil not\u00edcias\" \/>\n<meta property=\"og:description\" content=\"A ideia \u00e9 usar o simbolismo do Natal para afirmar que n\u00e3o h\u00e1 mais sentido em existir divis\u00f5es nas fam\u00edlias\" \/>\n<meta property=\"og:url\" content=\"https:\/\/brasilnoticias.org\/site\/governo-prepara-campanha-de-natal-para-passar-mensagem-de-brasil-unido\/\" \/>\n<meta property=\"og:site_name\" content=\"Brasil not\u00edcias\" \/>\n<meta property=\"article:published_time\" content=\"2023-11-19T09:00:27+00:00\" \/>\n<meta property=\"og:image\" content=\"https:\/\/brasilnoticias.org\/site\/wp-content\/uploads\/2023\/11\/143287governo-prepara-campanha-de-natal-para-passar-mensagem-de-brasil-unido-3.jpg\" \/>\n\t<meta property=\"og:image:width\" content=\"1600\" \/>\n\t<meta property=\"og:image:height\" content=\"752\" \/>\n\t<meta property=\"og:image:type\" content=\"image\/jpeg\" \/>\n<meta name=\"author\" content=\"Reda\u00e7\u00e3o\" \/>\n<meta name=\"twitter:card\" content=\"summary_large_image\" \/>\n<meta name=\"twitter:label1\" content=\"Escrito por\" \/>\n\t<meta name=\"twitter:data1\" content=\"Reda\u00e7\u00e3o\" \/>\n<script type=\"application\/ld+json\" class=\"yoast-schema-graph\">{\"@context\":\"https:\/\/schema.org\",\"@graph\":[{\"@type\":\"Article\",\"@id\":\"https:\/\/brasilnoticias.org\/site\/governo-prepara-campanha-de-natal-para-passar-mensagem-de-brasil-unido\/#article\",\"isPartOf\":{\"@id\":\"https:\/\/brasilnoticias.org\/site\/governo-prepara-campanha-de-natal-para-passar-mensagem-de-brasil-unido\/\"},\"author\":{\"name\":\"Reda\u00e7\u00e3o\",\"@id\":\"https:\/\/brasilnoticias.org\/site\/#\/schema\/person\/03bbbfe6c7634ad18c26444ea39049fa\"},\"headline\":\"Governo prepara campanha de Natal para passar mensagem de Brasil unido\",\"datePublished\":\"2023-11-19T09:00:27+00:00\",\"mainEntityOfPage\":{\"@id\":\"https:\/\/brasilnoticias.org\/site\/governo-prepara-campanha-de-natal-para-passar-mensagem-de-brasil-unido\/\"},\"wordCount\":273,\"commentCount\":0,\"publisher\":{\"@id\":\"https:\/\/brasilnoticias.org\/site\/#organization\"},\"image\":{\"@id\":\"https:\/\/brasilnoticias.org\/site\/governo-prepara-campanha-de-natal-para-passar-mensagem-de-brasil-unido\/#primaryimage\"},\"thumbnailUrl\":\"https:\/\/brasilnoticias.org\/site\/wp-content\/uploads\/2023\/11\/143287governo-prepara-campanha-de-natal-para-passar-mensagem-de-brasil-unido-3.jpg\",\"articleSection\":[\"Pol\u00edtica\",\"\u00daltimas\"],\"inLanguage\":\"pt-PT\",\"potentialAction\":[{\"@type\":\"CommentAction\",\"name\":\"Comment\",\"target\":[\"https:\/\/brasilnoticias.org\/site\/governo-prepara-campanha-de-natal-para-passar-mensagem-de-brasil-unido\/#respond\"]}]},{\"@type\":\"WebPage\",\"@id\":\"https:\/\/brasilnoticias.org\/site\/governo-prepara-campanha-de-natal-para-passar-mensagem-de-brasil-unido\/\",\"url\":\"https:\/\/brasilnoticias.org\/site\/governo-prepara-campanha-de-natal-para-passar-mensagem-de-brasil-unido\/\",\"name\":\"Governo prepara campanha de Natal para passar mensagem de Brasil unido - Brasil not\u00edcias\",\"isPartOf\":{\"@id\":\"https:\/\/brasilnoticias.org\/site\/#website\"},\"primaryImageOfPage\":{\"@id\":\"https:\/\/brasilnoticias.org\/site\/governo-prepara-campanha-de-natal-para-passar-mensagem-de-brasil-unido\/#primaryimage\"},\"image\":{\"@id\":\"https:\/\/brasilnoticias.org\/site\/governo-prepara-campanha-de-natal-para-passar-mensagem-de-brasil-unido\/#primaryimage\"},\"thumbnailUrl\":\"https:\/\/brasilnoticias.org\/site\/wp-content\/uploads\/2023\/11\/143287governo-prepara-campanha-de-natal-para-passar-mensagem-de-brasil-unido-3.jpg\",\"datePublished\":\"2023-11-19T09:00:27+00:00\",\"breadcrumb\":{\"@id\":\"https:\/\/brasilnoticias.org\/site\/governo-prepara-campanha-de-natal-para-passar-mensagem-de-brasil-unido\/#breadcrumb\"},\"inLanguage\":\"pt-PT\",\"potentialAction\":[{\"@type\":\"ReadAction\",\"target\":[\"https:\/\/brasilnoticias.org\/site\/governo-prepara-campanha-de-natal-para-passar-mensagem-de-brasil-unido\/\"]}]},{\"@type\":\"ImageObject\",\"inLanguage\":\"pt-PT\",\"@id\":\"https:\/\/brasilnoticias.org\/site\/governo-prepara-campanha-de-natal-para-passar-mensagem-de-brasil-unido\/#primaryimage\",\"url\":\"https:\/\/brasilnoticias.org\/site\/wp-content\/uploads\/2023\/11\/143287governo-prepara-campanha-de-natal-para-passar-mensagem-de-brasil-unido-3.jpg\",\"contentUrl\":\"https:\/\/brasilnoticias.org\/site\/wp-content\/uploads\/2023\/11\/143287governo-prepara-campanha-de-natal-para-passar-mensagem-de-brasil-unido-3.jpg\",\"width\":1600,\"height\":752},{\"@type\":\"BreadcrumbList\",\"@id\":\"https:\/\/brasilnoticias.org\/site\/governo-prepara-campanha-de-natal-para-passar-mensagem-de-brasil-unido\/#breadcrumb\",\"itemListElement\":[{\"@type\":\"ListItem\",\"position\":1,\"name\":\"In\u00edcio\",\"item\":\"https:\/\/brasilnoticias.org\/site\/\"},{\"@type\":\"ListItem\",\"position\":2,\"name\":\"Governo prepara campanha de Natal para passar mensagem de Brasil unido\"}]},{\"@type\":\"WebSite\",\"@id\":\"https:\/\/brasilnoticias.org\/site\/#website\",\"url\":\"https:\/\/brasilnoticias.org\/site\/\",\"name\":\"Brasil not\u00edcias\",\"description\":\"Brasil not\u00edcias\",\"publisher\":{\"@id\":\"https:\/\/brasilnoticias.org\/site\/#organization\"},\"potentialAction\":[{\"@type\":\"SearchAction\",\"target\":{\"@type\":\"EntryPoint\",\"urlTemplate\":\"https:\/\/brasilnoticias.org\/site\/?s={search_term_string}\"},\"query-input\":{\"@type\":\"PropertyValueSpecification\",\"valueRequired\":true,\"valueName\":\"search_term_string\"}}],\"inLanguage\":\"pt-PT\"},{\"@type\":\"Organization\",\"@id\":\"https:\/\/brasilnoticias.org\/site\/#organization\",\"name\":\"Brasil not\u00edcias\",\"url\":\"https:\/\/brasilnoticias.org\/site\/\",\"logo\":{\"@type\":\"ImageObject\",\"inLanguage\":\"pt-PT\",\"@id\":\"https:\/\/brasilnoticias.org\/site\/#\/schema\/logo\/image\/\",\"url\":\"https:\/\/brasilnoticias.org\/site\/wp-content\/uploads\/2022\/05\/cropped-brasilnoticias-mini.jpg\",\"contentUrl\":\"https:\/\/brasilnoticias.org\/site\/wp-content\/uploads\/2022\/05\/cropped-brasilnoticias-mini.jpg\",\"width\":314,\"height\":86,\"caption\":\"Brasil not\u00edcias\"},\"image\":{\"@id\":\"https:\/\/brasilnoticias.org\/site\/#\/schema\/logo\/image\/\"}},{\"@type\":\"Person\",\"@id\":\"https:\/\/brasilnoticias.org\/site\/#\/schema\/person\/03bbbfe6c7634ad18c26444ea39049fa\",\"name\":\"Reda\u00e7\u00e3o\",\"image\":{\"@type\":\"ImageObject\",\"inLanguage\":\"pt-PT\",\"@id\":\"https:\/\/brasilnoticias.org\/site\/#\/schema\/person\/image\/\",\"url\":\"https:\/\/secure.gravatar.com\/avatar\/9ecaf7327a696cb23ad926fedded5f1f04d7049de9e445375d55b48c001a6e42?s=96&d=mm&r=g\",\"contentUrl\":\"https:\/\/secure.gravatar.com\/avatar\/9ecaf7327a696cb23ad926fedded5f1f04d7049de9e445375d55b48c001a6e42?s=96&d=mm&r=g\",\"caption\":\"Reda\u00e7\u00e3o\"},\"url\":\"https:\/\/brasilnoticias.org\/site\/author\/henrique\/\"}]}<\/script>\n<!-- \/ Yoast SEO plugin. -->","yoast_head_json":{"title":"Governo prepara campanha de Natal para passar mensagem de Brasil unido - Brasil not\u00edcias","robots":{"index":"index","follow":"follow","max-snippet":"max-snippet:-1","max-image-preview":"max-image-preview:large","max-video-preview":"max-video-preview:-1"},"canonical":"https:\/\/brasilnoticias.org\/site\/governo-prepara-campanha-de-natal-para-passar-mensagem-de-brasil-unido\/","og_locale":"pt_PT","og_type":"article","og_title":"Governo prepara campanha de Natal para passar mensagem de Brasil unido - Brasil not\u00edcias","og_description":"A ideia \u00e9 usar o simbolismo do Natal para afirmar que n\u00e3o h\u00e1 mais sentido em existir divis\u00f5es nas fam\u00edlias","og_url":"https:\/\/brasilnoticias.org\/site\/governo-prepara-campanha-de-natal-para-passar-mensagem-de-brasil-unido\/","og_site_name":"Brasil not\u00edcias","article_published_time":"2023-11-19T09:00:27+00:00","og_image":[{"width":1600,"height":752,"url":"https:\/\/brasilnoticias.org\/site\/wp-content\/uploads\/2023\/11\/143287governo-prepara-campanha-de-natal-para-passar-mensagem-de-brasil-unido-3.jpg","type":"image\/jpeg"}],"author":"Reda\u00e7\u00e3o","twitter_card":"summary_large_image","twitter_misc":{"Escrito por":"Reda\u00e7\u00e3o"},"schema":{"@context":"https:\/\/schema.org","@graph":[{"@type":"Article","@id":"https:\/\/brasilnoticias.org\/site\/governo-prepara-campanha-de-natal-para-passar-mensagem-de-brasil-unido\/#article","isPartOf":{"@id":"https:\/\/brasilnoticias.org\/site\/governo-prepara-campanha-de-natal-para-passar-mensagem-de-brasil-unido\/"},"author":{"name":"Reda\u00e7\u00e3o","@id":"https:\/\/brasilnoticias.org\/site\/#\/schema\/person\/03bbbfe6c7634ad18c26444ea39049fa"},"headline":"Governo prepara campanha de Natal para passar mensagem de Brasil unido","datePublished":"2023-11-19T09:00:27+00:00","mainEntityOfPage":{"@id":"https:\/\/brasilnoticias.org\/site\/governo-prepara-campanha-de-natal-para-passar-mensagem-de-brasil-unido\/"},"wordCount":273,"commentCount":0,"publisher":{"@id":"https:\/\/brasilnoticias.org\/site\/#organization"},"image":{"@id":"https:\/\/brasilnoticias.org\/site\/governo-prepara-campanha-de-natal-para-passar-mensagem-de-brasil-unido\/#primaryimage"},"thumbnailUrl":"https:\/\/brasilnoticias.org\/site\/wp-content\/uploads\/2023\/11\/143287governo-prepara-campanha-de-natal-para-passar-mensagem-de-brasil-unido-3.jpg","articleSection":["Pol\u00edtica","\u00daltimas"],"inLanguage":"pt-PT","potentialAction":[{"@type":"CommentAction","name":"Comment","target":["https:\/\/brasilnoticias.org\/site\/governo-prepara-campanha-de-natal-para-passar-mensagem-de-brasil-unido\/#respond"]}]},{"@type":"WebPage","@id":"https:\/\/brasilnoticias.org\/site\/governo-prepara-campanha-de-natal-para-passar-mensagem-de-brasil-unido\/","url":"https:\/\/brasilnoticias.org\/site\/governo-prepara-campanha-de-natal-para-passar-mensagem-de-brasil-unido\/","name":"Governo prepara campanha de Natal para passar mensagem de Brasil unido - Brasil not\u00edcias","isPartOf":{"@id":"https:\/\/brasilnoticias.org\/site\/#website"},"primaryImageOfPage":{"@id":"https:\/\/brasilnoticias.org\/site\/governo-prepara-campanha-de-natal-para-passar-mensagem-de-brasil-unido\/#primaryimage"},"image":{"@id":"https:\/\/brasilnoticias.org\/site\/governo-prepara-campanha-de-natal-para-passar-mensagem-de-brasil-unido\/#primaryimage"},"thumbnailUrl":"https:\/\/brasilnoticias.org\/site\/wp-content\/uploads\/2023\/11\/143287governo-prepara-campanha-de-natal-para-passar-mensagem-de-brasil-unido-3.jpg","datePublished":"2023-11-19T09:00:27+00:00","breadcrumb":{"@id":"https:\/\/brasilnoticias.org\/site\/governo-prepara-campanha-de-natal-para-passar-mensagem-de-brasil-unido\/#breadcrumb"},"inLanguage":"pt-PT","potentialAction":[{"@type":"ReadAction","target":["https:\/\/brasilnoticias.org\/site\/governo-prepara-campanha-de-natal-para-passar-mensagem-de-brasil-unido\/"]}]},{"@type":"ImageObject","inLanguage":"pt-PT","@id":"https:\/\/brasilnoticias.org\/site\/governo-prepara-campanha-de-natal-para-passar-mensagem-de-brasil-unido\/#primaryimage","url":"https:\/\/brasilnoticias.org\/site\/wp-content\/uploads\/2023\/11\/143287governo-prepara-campanha-de-natal-para-passar-mensagem-de-brasil-unido-3.jpg","contentUrl":"https:\/\/brasilnoticias.org\/site\/wp-content\/uploads\/2023\/11\/143287governo-prepara-campanha-de-natal-para-passar-mensagem-de-brasil-unido-3.jpg","width":1600,"height":752},{"@type":"BreadcrumbList","@id":"https:\/\/brasilnoticias.org\/site\/governo-prepara-campanha-de-natal-para-passar-mensagem-de-brasil-unido\/#breadcrumb","itemListElement":[{"@type":"ListItem","position":1,"name":"In\u00edcio","item":"https:\/\/brasilnoticias.org\/site\/"},{"@type":"ListItem","position":2,"name":"Governo prepara campanha de Natal para passar mensagem de Brasil unido"}]},{"@type":"WebSite","@id":"https:\/\/brasilnoticias.org\/site\/#website","url":"https:\/\/brasilnoticias.org\/site\/","name":"Brasil not\u00edcias","description":"Brasil not\u00edcias","publisher":{"@id":"https:\/\/brasilnoticias.org\/site\/#organization"},"potentialAction":[{"@type":"SearchAction","target":{"@type":"EntryPoint","urlTemplate":"https:\/\/brasilnoticias.org\/site\/?s={search_term_string}"},"query-input":{"@type":"PropertyValueSpecification","valueRequired":true,"valueName":"search_term_string"}}],"inLanguage":"pt-PT"},{"@type":"Organization","@id":"https:\/\/brasilnoticias.org\/site\/#organization","name":"Brasil not\u00edcias","url":"https:\/\/brasilnoticias.org\/site\/","logo":{"@type":"ImageObject","inLanguage":"pt-PT","@id":"https:\/\/brasilnoticias.org\/site\/#\/schema\/logo\/image\/","url":"https:\/\/brasilnoticias.org\/site\/wp-content\/uploads\/2022\/05\/cropped-brasilnoticias-mini.jpg","contentUrl":"https:\/\/brasilnoticias.org\/site\/wp-content\/uploads\/2022\/05\/cropped-brasilnoticias-mini.jpg","width":314,"height":86,"caption":"Brasil not\u00edcias"},"image":{"@id":"https:\/\/brasilnoticias.org\/site\/#\/schema\/logo\/image\/"}},{"@type":"Person","@id":"https:\/\/brasilnoticias.org\/site\/#\/schema\/person\/03bbbfe6c7634ad18c26444ea39049fa","name":"Reda\u00e7\u00e3o","image":{"@type":"ImageObject","inLanguage":"pt-PT","@id":"https:\/\/brasilnoticias.org\/site\/#\/schema\/person\/image\/","url":"https:\/\/secure.gravatar.com\/avatar\/9ecaf7327a696cb23ad926fedded5f1f04d7049de9e445375d55b48c001a6e42?s=96&d=mm&r=g","contentUrl":"https:\/\/secure.gravatar.com\/avatar\/9ecaf7327a696cb23ad926fedded5f1f04d7049de9e445375d55b48c001a6e42?s=96&d=mm&r=g","caption":"Reda\u00e7\u00e3o"},"url":"https:\/\/brasilnoticias.org\/site\/author\/henrique\/"}]}},"_links":{"self":[{"href":"https:\/\/brasilnoticias.org\/site\/wp-json\/wp\/v2\/posts\/11076","targetHints":{"allow":["GET"]}}],"collection":[{"href":"https:\/\/brasilnoticias.org\/site\/wp-json\/wp\/v2\/posts"}],"about":[{"href":"https:\/\/brasilnoticias.org\/site\/wp-json\/wp\/v2\/types\/post"}],"author":[{"embeddable":true,"href":"https:\/\/brasilnoticias.org\/site\/wp-json\/wp\/v2\/users\/4"}],"replies":[{"embeddable":true,"href":"https:\/\/brasilnoticias.org\/site\/wp-json\/wp\/v2\/comments?post=11076"}],"version-history":[{"count":1,"href":"https:\/\/brasilnoticias.org\/site\/wp-json\/wp\/v2\/posts\/11076\/revisions"}],"predecessor-version":[{"id":11078,"href":"https:\/\/brasilnoticias.org\/site\/wp-json\/wp\/v2\/posts\/11076\/revisions\/11078"}],"wp:featuredmedia":[{"embeddable":true,"href":"https:\/\/brasilnoticias.org\/site\/wp-json\/wp\/v2\/media\/11077"}],"wp:attachment":[{"href":"https:\/\/brasilnoticias.org\/site\/wp-json\/wp\/v2\/media?parent=11076"}],"wp:term":[{"taxonomy":"category","embeddable":true,"href":"https:\/\/brasilnoticias.org\/site\/wp-json\/wp\/v2\/categories?post=11076"},{"taxonomy":"post_tag","embeddable":true,"href":"https:\/\/brasilnoticias.org\/site\/wp-json\/wp\/v2\/tags?post=11076"}],"curies":[{"name":"wp","href":"https:\/\/api.w.org\/{rel}","templated":true}]}}