{"id":1108,"date":"2022-08-10T10:40:48","date_gmt":"2022-08-10T13:40:48","guid":{"rendered":"https:\/\/brasilnoticias.org\/site\/?p=1108"},"modified":"2022-08-10T10:40:48","modified_gmt":"2022-08-10T13:40:48","slug":"jovem-tenta-assaltar-homem-descobre-que-vitima-era-policial-e-acaba-morto-em-salvador","status":"publish","type":"post","link":"https:\/\/brasilnoticias.org\/site\/jovem-tenta-assaltar-homem-descobre-que-vitima-era-policial-e-acaba-morto-em-salvador\/","title":{"rendered":"Jovem tenta assaltar homem, descobre que v\u00edtima era policial e acaba morto em Salvador"},"content":{"rendered":"<p>Um policial \u00e0 paisana caminhava na manh\u00e3 de ter\u00e7a-feira (9), na Avenida Nossa Senhora do Resgate, no bairro do Cabula, em Salvador. Em um determinado momento do trajeto, um jovem, que estava a bordo de uma motocicleta, parou ao lado dele e anunciou um assalto.\u00a0<a href=\"https:\/\/www.bnews.com.br\/noticias\/policia\/policial-reage-assalto-na-ribeira-veja-video.html\" target=\"_blank\" rel=\"noopener\">O agente reagiu<\/a>, sacou uma arma e atirou contra o suspeito, identificado como Raimundo Pereira da Silva J\u00fanior, de 21 anos.<\/p>\n<p>Baleado, o jovem caiu no ch\u00e3o, foi socorrido e encaminhado para o Hospital Geral Roberto Santos (HGRS), tamb\u00e9m no Cabula. Na unidade de sa\u00fade, o suspeito n\u00e3o resistiu aos ferimentos provocados pelos proj\u00e9teis da arma de fogo e morreu.<\/p>\n<p>De acordo com informa\u00e7\u00f5es da Pol\u00edcia Civil, o policial disparou para responder em leg\u00edtima defesa, j\u00e1 que o suspeito teria sido o primeiro a apertar o gatilho. Em nota, o \u00f3rg\u00e3o afirmou tamb\u00e9m que o agente n\u00e3o foi o primeiro alvo de Raimundo naquele dia. Ele teria assaltado pelo menos outras tr\u00eas pessoas que, diferente do PM, n\u00e3o revidou \u00e0 a\u00e7\u00e3o criminosa.<\/p>\n<p>Um inqu\u00e9rito policial para apurar o crime foi instaurado na Delegacia de Homic\u00eddios M\u00faltiplos (DHM). \u201cOutras tr\u00eas pessoas assaltadas por ele [Raimundo] foram ouvidas e tiveram os pertences restitu\u00eddos\u201d, diz trecho da nota enviada pela Pol\u00edcia Civil.<\/p>\n<p><strong>Outro caso<\/strong><\/p>\n<p>Em abril deste ano,\u00a0<a href=\"https:\/\/www.bnews.com.br\/noticias\/policia\/pm-paisana-mata-suspeito-de-assalto-em-periperi.html\" target=\"_blank\" rel=\"noopener\">um homem foi morto a tiros<\/a>, no bairro de Periperi, tamb\u00e9m na capital baiana, enquanto assaltava moradores da rua Rosalvo Barbosa Romeu. O susposto autor dos disparos foi um policial que estava \u00e0 paisana nas proximidades do local do crime.<\/p>\n<p>Assim como Raimundo, o suspeito estava armado e a bordo de uma motocicleta. Ele n\u00e3o resistiu aos ferimentos e morreu antes da chegada do socorro m\u00e9dico, pr\u00f3ximo a um col\u00e9gio estadual.<\/p>\n<p>&nbsp;<\/p>\n<p>&nbsp;<\/p>\n<p>&nbsp;<\/p>\n<p>&nbsp;<\/p>\n<p>Bnews<\/p>\n","protected":false},"excerpt":{"rendered":"<p>Um policial \u00e0 paisana caminhava na manh\u00e3 de ter\u00e7a-feira (9), na Avenida Nossa Senhora do Resgate, no bairro do Cabula,<\/p>\n","protected":false},"author":2,"featured_media":1109,"comment_status":"open","ping_status":"open","sticky":false,"template":"","format":"standard","meta":{"colormag_page_container_layout":"default_layout","colormag_page_sidebar_layout":"default_layout","_FSMCFIC_featured_image_caption":"","_FSMCFIC_featured_image_nocaption":"","_FSMCFIC_featured_image_hide":"","footnotes":""},"categories":[3,1],"tags":[],"class_list":["post-1108","post","type-post","status-publish","format-standard","has-post-thumbnail","hentry","category-policia","category-ultimas"],"yoast_head":"<!-- This site is optimized with the Yoast SEO plugin v27.1.1 - https:\/\/yoast.com\/product\/yoast-seo-wordpress\/ -->\n<title>Jovem tenta assaltar homem, descobre que v\u00edtima era policial e acaba morto em Salvador - Brasil not\u00edcias<\/title>\n<meta name=\"robots\" content=\"index, follow, max-snippet:-1, max-image-preview:large, max-video-preview:-1\" \/>\n<link rel=\"canonical\" href=\"https:\/\/brasilnoticias.org\/site\/jovem-tenta-assaltar-homem-descobre-que-vitima-era-policial-e-acaba-morto-em-salvador\/\" \/>\n<meta property=\"og:locale\" content=\"pt_PT\" \/>\n<meta property=\"og:type\" content=\"article\" \/>\n<meta property=\"og:title\" content=\"Jovem tenta assaltar homem, descobre que v\u00edtima era policial e acaba morto em Salvador - Brasil not\u00edcias\" \/>\n<meta property=\"og:description\" content=\"Um policial \u00e0 paisana caminhava na manh\u00e3 de ter\u00e7a-feira (9), na Avenida Nossa Senhora do Resgate, no bairro do Cabula,\" \/>\n<meta property=\"og:url\" content=\"https:\/\/brasilnoticias.org\/site\/jovem-tenta-assaltar-homem-descobre-que-vitima-era-policial-e-acaba-morto-em-salvador\/\" \/>\n<meta property=\"og:site_name\" content=\"Brasil not\u00edcias\" \/>\n<meta property=\"article:published_time\" content=\"2022-08-10T13:40:48+00:00\" \/>\n<meta property=\"og:image\" content=\"https:\/\/brasilnoticias.org\/site\/wp-content\/uploads\/2022\/08\/jovem_tenta-assaltar_homem_pm_morto_widelg.jpg\" \/>\n\t<meta property=\"og:image:width\" content=\"600\" \/>\n\t<meta property=\"og:image:height\" content=\"350\" \/>\n\t<meta property=\"og:image:type\" content=\"image\/jpeg\" \/>\n<meta name=\"author\" content=\"Reda\u00e7\u00e3o\" \/>\n<meta name=\"twitter:card\" content=\"summary_large_image\" \/>\n<meta name=\"twitter:label1\" content=\"Escrito por\" \/>\n\t<meta name=\"twitter:data1\" content=\"Reda\u00e7\u00e3o\" \/>\n\t<meta name=\"twitter:label2\" content=\"Tempo estimado de leitura\" \/>\n\t<meta name=\"twitter:data2\" content=\"2 minutos\" \/>\n<script type=\"application\/ld+json\" class=\"yoast-schema-graph\">{\"@context\":\"https:\/\/schema.org\",\"@graph\":[{\"@type\":\"Article\",\"@id\":\"https:\/\/brasilnoticias.org\/site\/jovem-tenta-assaltar-homem-descobre-que-vitima-era-policial-e-acaba-morto-em-salvador\/#article\",\"isPartOf\":{\"@id\":\"https:\/\/brasilnoticias.org\/site\/jovem-tenta-assaltar-homem-descobre-que-vitima-era-policial-e-acaba-morto-em-salvador\/\"},\"author\":{\"name\":\"Reda\u00e7\u00e3o\",\"@id\":\"https:\/\/brasilnoticias.org\/site\/#\/schema\/person\/f609fa847b5314f1c8b983342f34c798\"},\"headline\":\"Jovem tenta assaltar homem, descobre que v\u00edtima era policial e acaba morto em Salvador\",\"datePublished\":\"2022-08-10T13:40:48+00:00\",\"mainEntityOfPage\":{\"@id\":\"https:\/\/brasilnoticias.org\/site\/jovem-tenta-assaltar-homem-descobre-que-vitima-era-policial-e-acaba-morto-em-salvador\/\"},\"wordCount\":323,\"commentCount\":0,\"publisher\":{\"@id\":\"https:\/\/brasilnoticias.org\/site\/#organization\"},\"image\":{\"@id\":\"https:\/\/brasilnoticias.org\/site\/jovem-tenta-assaltar-homem-descobre-que-vitima-era-policial-e-acaba-morto-em-salvador\/#primaryimage\"},\"thumbnailUrl\":\"https:\/\/brasilnoticias.org\/site\/wp-content\/uploads\/2022\/08\/jovem_tenta-assaltar_homem_pm_morto_widelg.jpg\",\"articleSection\":[\"Pol\u00edcia\",\"\u00daltimas\"],\"inLanguage\":\"pt-PT\",\"potentialAction\":[{\"@type\":\"CommentAction\",\"name\":\"Comment\",\"target\":[\"https:\/\/brasilnoticias.org\/site\/jovem-tenta-assaltar-homem-descobre-que-vitima-era-policial-e-acaba-morto-em-salvador\/#respond\"]}]},{\"@type\":\"WebPage\",\"@id\":\"https:\/\/brasilnoticias.org\/site\/jovem-tenta-assaltar-homem-descobre-que-vitima-era-policial-e-acaba-morto-em-salvador\/\",\"url\":\"https:\/\/brasilnoticias.org\/site\/jovem-tenta-assaltar-homem-descobre-que-vitima-era-policial-e-acaba-morto-em-salvador\/\",\"name\":\"Jovem tenta assaltar homem, descobre que v\u00edtima era policial e acaba morto em Salvador - Brasil not\u00edcias\",\"isPartOf\":{\"@id\":\"https:\/\/brasilnoticias.org\/site\/#website\"},\"primaryImageOfPage\":{\"@id\":\"https:\/\/brasilnoticias.org\/site\/jovem-tenta-assaltar-homem-descobre-que-vitima-era-policial-e-acaba-morto-em-salvador\/#primaryimage\"},\"image\":{\"@id\":\"https:\/\/brasilnoticias.org\/site\/jovem-tenta-assaltar-homem-descobre-que-vitima-era-policial-e-acaba-morto-em-salvador\/#primaryimage\"},\"thumbnailUrl\":\"https:\/\/brasilnoticias.org\/site\/wp-content\/uploads\/2022\/08\/jovem_tenta-assaltar_homem_pm_morto_widelg.jpg\",\"datePublished\":\"2022-08-10T13:40:48+00:00\",\"breadcrumb\":{\"@id\":\"https:\/\/brasilnoticias.org\/site\/jovem-tenta-assaltar-homem-descobre-que-vitima-era-policial-e-acaba-morto-em-salvador\/#breadcrumb\"},\"inLanguage\":\"pt-PT\",\"potentialAction\":[{\"@type\":\"ReadAction\",\"target\":[\"https:\/\/brasilnoticias.org\/site\/jovem-tenta-assaltar-homem-descobre-que-vitima-era-policial-e-acaba-morto-em-salvador\/\"]}]},{\"@type\":\"ImageObject\",\"inLanguage\":\"pt-PT\",\"@id\":\"https:\/\/brasilnoticias.org\/site\/jovem-tenta-assaltar-homem-descobre-que-vitima-era-policial-e-acaba-morto-em-salvador\/#primaryimage\",\"url\":\"https:\/\/brasilnoticias.org\/site\/wp-content\/uploads\/2022\/08\/jovem_tenta-assaltar_homem_pm_morto_widelg.jpg\",\"contentUrl\":\"https:\/\/brasilnoticias.org\/site\/wp-content\/uploads\/2022\/08\/jovem_tenta-assaltar_homem_pm_morto_widelg.jpg\",\"width\":600,\"height\":350},{\"@type\":\"BreadcrumbList\",\"@id\":\"https:\/\/brasilnoticias.org\/site\/jovem-tenta-assaltar-homem-descobre-que-vitima-era-policial-e-acaba-morto-em-salvador\/#breadcrumb\",\"itemListElement\":[{\"@type\":\"ListItem\",\"position\":1,\"name\":\"In\u00edcio\",\"item\":\"https:\/\/brasilnoticias.org\/site\/\"},{\"@type\":\"ListItem\",\"position\":2,\"name\":\"Jovem tenta assaltar homem, descobre que v\u00edtima era policial e acaba morto em Salvador\"}]},{\"@type\":\"WebSite\",\"@id\":\"https:\/\/brasilnoticias.org\/site\/#website\",\"url\":\"https:\/\/brasilnoticias.org\/site\/\",\"name\":\"Brasil not\u00edcias\",\"description\":\"Brasil not\u00edcias\",\"publisher\":{\"@id\":\"https:\/\/brasilnoticias.org\/site\/#organization\"},\"potentialAction\":[{\"@type\":\"SearchAction\",\"target\":{\"@type\":\"EntryPoint\",\"urlTemplate\":\"https:\/\/brasilnoticias.org\/site\/?s={search_term_string}\"},\"query-input\":{\"@type\":\"PropertyValueSpecification\",\"valueRequired\":true,\"valueName\":\"search_term_string\"}}],\"inLanguage\":\"pt-PT\"},{\"@type\":\"Organization\",\"@id\":\"https:\/\/brasilnoticias.org\/site\/#organization\",\"name\":\"Brasil not\u00edcias\",\"url\":\"https:\/\/brasilnoticias.org\/site\/\",\"logo\":{\"@type\":\"ImageObject\",\"inLanguage\":\"pt-PT\",\"@id\":\"https:\/\/brasilnoticias.org\/site\/#\/schema\/logo\/image\/\",\"url\":\"https:\/\/brasilnoticias.org\/site\/wp-content\/uploads\/2022\/05\/cropped-brasilnoticias-mini.jpg\",\"contentUrl\":\"https:\/\/brasilnoticias.org\/site\/wp-content\/uploads\/2022\/05\/cropped-brasilnoticias-mini.jpg\",\"width\":314,\"height\":86,\"caption\":\"Brasil not\u00edcias\"},\"image\":{\"@id\":\"https:\/\/brasilnoticias.org\/site\/#\/schema\/logo\/image\/\"}},{\"@type\":\"Person\",\"@id\":\"https:\/\/brasilnoticias.org\/site\/#\/schema\/person\/f609fa847b5314f1c8b983342f34c798\",\"name\":\"Reda\u00e7\u00e3o\",\"image\":{\"@type\":\"ImageObject\",\"inLanguage\":\"pt-PT\",\"@id\":\"https:\/\/brasilnoticias.org\/site\/#\/schema\/person\/image\/\",\"url\":\"https:\/\/secure.gravatar.com\/avatar\/447284c06c1ad8b46465a36de9cd0d8326b73387a22799b8b1ffb1fbcff2ed0c?s=96&d=mm&r=g\",\"contentUrl\":\"https:\/\/secure.gravatar.com\/avatar\/447284c06c1ad8b46465a36de9cd0d8326b73387a22799b8b1ffb1fbcff2ed0c?s=96&d=mm&r=g\",\"caption\":\"Reda\u00e7\u00e3o\"},\"url\":\"https:\/\/brasilnoticias.org\/site\/author\/redacao\/\"}]}<\/script>\n<!-- \/ Yoast SEO plugin. -->","yoast_head_json":{"title":"Jovem tenta assaltar homem, descobre que v\u00edtima era policial e acaba morto em Salvador - Brasil not\u00edcias","robots":{"index":"index","follow":"follow","max-snippet":"max-snippet:-1","max-image-preview":"max-image-preview:large","max-video-preview":"max-video-preview:-1"},"canonical":"https:\/\/brasilnoticias.org\/site\/jovem-tenta-assaltar-homem-descobre-que-vitima-era-policial-e-acaba-morto-em-salvador\/","og_locale":"pt_PT","og_type":"article","og_title":"Jovem tenta assaltar homem, descobre que v\u00edtima era policial e acaba morto em Salvador - Brasil not\u00edcias","og_description":"Um policial \u00e0 paisana caminhava na manh\u00e3 de ter\u00e7a-feira (9), na Avenida Nossa Senhora do Resgate, no bairro do Cabula,","og_url":"https:\/\/brasilnoticias.org\/site\/jovem-tenta-assaltar-homem-descobre-que-vitima-era-policial-e-acaba-morto-em-salvador\/","og_site_name":"Brasil not\u00edcias","article_published_time":"2022-08-10T13:40:48+00:00","og_image":[{"width":600,"height":350,"url":"https:\/\/brasilnoticias.org\/site\/wp-content\/uploads\/2022\/08\/jovem_tenta-assaltar_homem_pm_morto_widelg.jpg","type":"image\/jpeg"}],"author":"Reda\u00e7\u00e3o","twitter_card":"summary_large_image","twitter_misc":{"Escrito por":"Reda\u00e7\u00e3o","Tempo estimado de leitura":"2 minutos"},"schema":{"@context":"https:\/\/schema.org","@graph":[{"@type":"Article","@id":"https:\/\/brasilnoticias.org\/site\/jovem-tenta-assaltar-homem-descobre-que-vitima-era-policial-e-acaba-morto-em-salvador\/#article","isPartOf":{"@id":"https:\/\/brasilnoticias.org\/site\/jovem-tenta-assaltar-homem-descobre-que-vitima-era-policial-e-acaba-morto-em-salvador\/"},"author":{"name":"Reda\u00e7\u00e3o","@id":"https:\/\/brasilnoticias.org\/site\/#\/schema\/person\/f609fa847b5314f1c8b983342f34c798"},"headline":"Jovem tenta assaltar homem, descobre que v\u00edtima era policial e acaba morto em Salvador","datePublished":"2022-08-10T13:40:48+00:00","mainEntityOfPage":{"@id":"https:\/\/brasilnoticias.org\/site\/jovem-tenta-assaltar-homem-descobre-que-vitima-era-policial-e-acaba-morto-em-salvador\/"},"wordCount":323,"commentCount":0,"publisher":{"@id":"https:\/\/brasilnoticias.org\/site\/#organization"},"image":{"@id":"https:\/\/brasilnoticias.org\/site\/jovem-tenta-assaltar-homem-descobre-que-vitima-era-policial-e-acaba-morto-em-salvador\/#primaryimage"},"thumbnailUrl":"https:\/\/brasilnoticias.org\/site\/wp-content\/uploads\/2022\/08\/jovem_tenta-assaltar_homem_pm_morto_widelg.jpg","articleSection":["Pol\u00edcia","\u00daltimas"],"inLanguage":"pt-PT","potentialAction":[{"@type":"CommentAction","name":"Comment","target":["https:\/\/brasilnoticias.org\/site\/jovem-tenta-assaltar-homem-descobre-que-vitima-era-policial-e-acaba-morto-em-salvador\/#respond"]}]},{"@type":"WebPage","@id":"https:\/\/brasilnoticias.org\/site\/jovem-tenta-assaltar-homem-descobre-que-vitima-era-policial-e-acaba-morto-em-salvador\/","url":"https:\/\/brasilnoticias.org\/site\/jovem-tenta-assaltar-homem-descobre-que-vitima-era-policial-e-acaba-morto-em-salvador\/","name":"Jovem tenta assaltar homem, descobre que v\u00edtima era policial e acaba morto em Salvador - Brasil not\u00edcias","isPartOf":{"@id":"https:\/\/brasilnoticias.org\/site\/#website"},"primaryImageOfPage":{"@id":"https:\/\/brasilnoticias.org\/site\/jovem-tenta-assaltar-homem-descobre-que-vitima-era-policial-e-acaba-morto-em-salvador\/#primaryimage"},"image":{"@id":"https:\/\/brasilnoticias.org\/site\/jovem-tenta-assaltar-homem-descobre-que-vitima-era-policial-e-acaba-morto-em-salvador\/#primaryimage"},"thumbnailUrl":"https:\/\/brasilnoticias.org\/site\/wp-content\/uploads\/2022\/08\/jovem_tenta-assaltar_homem_pm_morto_widelg.jpg","datePublished":"2022-08-10T13:40:48+00:00","breadcrumb":{"@id":"https:\/\/brasilnoticias.org\/site\/jovem-tenta-assaltar-homem-descobre-que-vitima-era-policial-e-acaba-morto-em-salvador\/#breadcrumb"},"inLanguage":"pt-PT","potentialAction":[{"@type":"ReadAction","target":["https:\/\/brasilnoticias.org\/site\/jovem-tenta-assaltar-homem-descobre-que-vitima-era-policial-e-acaba-morto-em-salvador\/"]}]},{"@type":"ImageObject","inLanguage":"pt-PT","@id":"https:\/\/brasilnoticias.org\/site\/jovem-tenta-assaltar-homem-descobre-que-vitima-era-policial-e-acaba-morto-em-salvador\/#primaryimage","url":"https:\/\/brasilnoticias.org\/site\/wp-content\/uploads\/2022\/08\/jovem_tenta-assaltar_homem_pm_morto_widelg.jpg","contentUrl":"https:\/\/brasilnoticias.org\/site\/wp-content\/uploads\/2022\/08\/jovem_tenta-assaltar_homem_pm_morto_widelg.jpg","width":600,"height":350},{"@type":"BreadcrumbList","@id":"https:\/\/brasilnoticias.org\/site\/jovem-tenta-assaltar-homem-descobre-que-vitima-era-policial-e-acaba-morto-em-salvador\/#breadcrumb","itemListElement":[{"@type":"ListItem","position":1,"name":"In\u00edcio","item":"https:\/\/brasilnoticias.org\/site\/"},{"@type":"ListItem","position":2,"name":"Jovem tenta assaltar homem, descobre que v\u00edtima era policial e acaba morto em Salvador"}]},{"@type":"WebSite","@id":"https:\/\/brasilnoticias.org\/site\/#website","url":"https:\/\/brasilnoticias.org\/site\/","name":"Brasil not\u00edcias","description":"Brasil not\u00edcias","publisher":{"@id":"https:\/\/brasilnoticias.org\/site\/#organization"},"potentialAction":[{"@type":"SearchAction","target":{"@type":"EntryPoint","urlTemplate":"https:\/\/brasilnoticias.org\/site\/?s={search_term_string}"},"query-input":{"@type":"PropertyValueSpecification","valueRequired":true,"valueName":"search_term_string"}}],"inLanguage":"pt-PT"},{"@type":"Organization","@id":"https:\/\/brasilnoticias.org\/site\/#organization","name":"Brasil not\u00edcias","url":"https:\/\/brasilnoticias.org\/site\/","logo":{"@type":"ImageObject","inLanguage":"pt-PT","@id":"https:\/\/brasilnoticias.org\/site\/#\/schema\/logo\/image\/","url":"https:\/\/brasilnoticias.org\/site\/wp-content\/uploads\/2022\/05\/cropped-brasilnoticias-mini.jpg","contentUrl":"https:\/\/brasilnoticias.org\/site\/wp-content\/uploads\/2022\/05\/cropped-brasilnoticias-mini.jpg","width":314,"height":86,"caption":"Brasil not\u00edcias"},"image":{"@id":"https:\/\/brasilnoticias.org\/site\/#\/schema\/logo\/image\/"}},{"@type":"Person","@id":"https:\/\/brasilnoticias.org\/site\/#\/schema\/person\/f609fa847b5314f1c8b983342f34c798","name":"Reda\u00e7\u00e3o","image":{"@type":"ImageObject","inLanguage":"pt-PT","@id":"https:\/\/brasilnoticias.org\/site\/#\/schema\/person\/image\/","url":"https:\/\/secure.gravatar.com\/avatar\/447284c06c1ad8b46465a36de9cd0d8326b73387a22799b8b1ffb1fbcff2ed0c?s=96&d=mm&r=g","contentUrl":"https:\/\/secure.gravatar.com\/avatar\/447284c06c1ad8b46465a36de9cd0d8326b73387a22799b8b1ffb1fbcff2ed0c?s=96&d=mm&r=g","caption":"Reda\u00e7\u00e3o"},"url":"https:\/\/brasilnoticias.org\/site\/author\/redacao\/"}]}},"_links":{"self":[{"href":"https:\/\/brasilnoticias.org\/site\/wp-json\/wp\/v2\/posts\/1108","targetHints":{"allow":["GET"]}}],"collection":[{"href":"https:\/\/brasilnoticias.org\/site\/wp-json\/wp\/v2\/posts"}],"about":[{"href":"https:\/\/brasilnoticias.org\/site\/wp-json\/wp\/v2\/types\/post"}],"author":[{"embeddable":true,"href":"https:\/\/brasilnoticias.org\/site\/wp-json\/wp\/v2\/users\/2"}],"replies":[{"embeddable":true,"href":"https:\/\/brasilnoticias.org\/site\/wp-json\/wp\/v2\/comments?post=1108"}],"version-history":[{"count":1,"href":"https:\/\/brasilnoticias.org\/site\/wp-json\/wp\/v2\/posts\/1108\/revisions"}],"predecessor-version":[{"id":1110,"href":"https:\/\/brasilnoticias.org\/site\/wp-json\/wp\/v2\/posts\/1108\/revisions\/1110"}],"wp:featuredmedia":[{"embeddable":true,"href":"https:\/\/brasilnoticias.org\/site\/wp-json\/wp\/v2\/media\/1109"}],"wp:attachment":[{"href":"https:\/\/brasilnoticias.org\/site\/wp-json\/wp\/v2\/media?parent=1108"}],"wp:term":[{"taxonomy":"category","embeddable":true,"href":"https:\/\/brasilnoticias.org\/site\/wp-json\/wp\/v2\/categories?post=1108"},{"taxonomy":"post_tag","embeddable":true,"href":"https:\/\/brasilnoticias.org\/site\/wp-json\/wp\/v2\/tags?post=1108"}],"curies":[{"name":"wp","href":"https:\/\/api.w.org\/{rel}","templated":true}]}}