{"id":11082,"date":"2023-11-19T20:00:00","date_gmt":"2023-11-19T23:00:00","guid":{"rendered":"https:\/\/brasilnoticias.org\/site\/?p=11082"},"modified":"2023-11-19T20:00:00","modified_gmt":"2023-11-19T23:00:00","slug":"festa-do-vitoria-comeca-no-farol-da-barra-ao-som-do-oh-polemico","status":"publish","type":"post","link":"https:\/\/brasilnoticias.org\/site\/festa-do-vitoria-comeca-no-farol-da-barra-ao-som-do-oh-polemico\/","title":{"rendered":"\u2018Festa do Vit\u00f3ria\u2019 come\u00e7a no Farol da Barra ao som do \u2018Oh Pol\u00eamico\u2019"},"content":{"rendered":"<p>Tamb\u00e9m se apresentar\u00e3o Ivete Sangalo, Leo Santana e Guit Ghetto<\/p>\n<p>Marcada para iniciar \u00e0s 16h, a festa pelo t\u00edtulo da S\u00e9rie B do Vit\u00f3ria foi antecipada, e j\u00e1 come\u00e7ou na tarde deste domingo (19\/11), no Farol da Barra.<\/p>\n<p>J\u00e1 canta no trio el\u00e9trico a banda Oh Pol\u00eamico. Tamb\u00e9m se apresentar\u00e3o Ivete Sangalo, Leo Santana e Guit Ghetto.<\/p>\n<p>No \u00faltimo s\u00e1bado (18\/11), no Barrad\u00e3o, o Vit\u00f3ria recebeu a ta\u00e7a de campe\u00e3o da S\u00e9rie B. Dentro de campo, o Le\u00e3o bateu o Sport por 1 a 0, com gol de Osvaldo.<\/p>\n<p>O time treinado por Leo Cond\u00e9 soma 72 pontos na tabela da competi\u00e7\u00e3o. O jogo de despedida da competi\u00e7\u00e3o acontece no pr\u00f3ximo s\u00e1bado (25\/11), contra a Chapecoense, fora de casa, \u00e0s 17h.<\/p>\n<p>Foto: Redes sociais<br \/>\nAratu On<\/p>\n","protected":false},"excerpt":{"rendered":"<p>Tamb\u00e9m se apresentar\u00e3o Ivete Sangalo, Leo Santana e Guit Ghetto Marcada para iniciar \u00e0s 16h, a festa pelo t\u00edtulo da<\/p>\n","protected":false},"author":4,"featured_media":11083,"comment_status":"open","ping_status":"open","sticky":false,"template":"","format":"standard","meta":{"colormag_page_container_layout":"default_layout","colormag_page_sidebar_layout":"default_layout","_FSMCFIC_featured_image_caption":"","_FSMCFIC_featured_image_nocaption":"","_FSMCFIC_featured_image_hide":"","footnotes":""},"categories":[8,1],"tags":[],"class_list":["post-11082","post","type-post","status-publish","format-standard","has-post-thumbnail","hentry","category-entretenimento","category-ultimas"],"yoast_head":"<!-- This site is optimized with the Yoast SEO plugin v27.1.1 - https:\/\/yoast.com\/product\/yoast-seo-wordpress\/ -->\n<title>\u2018Festa do Vit\u00f3ria\u2019 come\u00e7a no Farol da Barra ao som do \u2018Oh Pol\u00eamico\u2019 - Brasil not\u00edcias<\/title>\n<meta name=\"robots\" content=\"index, follow, max-snippet:-1, max-image-preview:large, max-video-preview:-1\" \/>\n<link rel=\"canonical\" href=\"https:\/\/brasilnoticias.org\/site\/festa-do-vitoria-comeca-no-farol-da-barra-ao-som-do-oh-polemico\/\" \/>\n<meta property=\"og:locale\" content=\"pt_PT\" \/>\n<meta property=\"og:type\" content=\"article\" \/>\n<meta property=\"og:title\" content=\"\u2018Festa do Vit\u00f3ria\u2019 come\u00e7a no Farol da Barra ao som do \u2018Oh Pol\u00eamico\u2019 - Brasil not\u00edcias\" \/>\n<meta property=\"og:description\" content=\"Tamb\u00e9m se apresentar\u00e3o Ivete Sangalo, Leo Santana e Guit Ghetto Marcada para iniciar \u00e0s 16h, a festa pelo t\u00edtulo da\" \/>\n<meta property=\"og:url\" content=\"https:\/\/brasilnoticias.org\/site\/festa-do-vitoria-comeca-no-farol-da-barra-ao-som-do-oh-polemico\/\" \/>\n<meta property=\"og:site_name\" content=\"Brasil not\u00edcias\" \/>\n<meta property=\"article:published_time\" content=\"2023-11-19T23:00:00+00:00\" \/>\n<meta property=\"og:image\" content=\"https:\/\/brasilnoticias.org\/site\/wp-content\/uploads\/2023\/11\/vitoria-e1700422721837-740x470-1.jpeg\" \/>\n\t<meta property=\"og:image:width\" content=\"740\" \/>\n\t<meta property=\"og:image:height\" content=\"470\" \/>\n\t<meta property=\"og:image:type\" content=\"image\/jpeg\" \/>\n<meta name=\"author\" content=\"Reda\u00e7\u00e3o\" \/>\n<meta name=\"twitter:card\" content=\"summary_large_image\" \/>\n<meta name=\"twitter:label1\" content=\"Escrito por\" \/>\n\t<meta name=\"twitter:data1\" content=\"Reda\u00e7\u00e3o\" \/>\n<script type=\"application\/ld+json\" class=\"yoast-schema-graph\">{\"@context\":\"https:\/\/schema.org\",\"@graph\":[{\"@type\":\"Article\",\"@id\":\"https:\/\/brasilnoticias.org\/site\/festa-do-vitoria-comeca-no-farol-da-barra-ao-som-do-oh-polemico\/#article\",\"isPartOf\":{\"@id\":\"https:\/\/brasilnoticias.org\/site\/festa-do-vitoria-comeca-no-farol-da-barra-ao-som-do-oh-polemico\/\"},\"author\":{\"name\":\"Reda\u00e7\u00e3o\",\"@id\":\"https:\/\/brasilnoticias.org\/site\/#\/schema\/person\/03bbbfe6c7634ad18c26444ea39049fa\"},\"headline\":\"\u2018Festa do Vit\u00f3ria\u2019 come\u00e7a no Farol da Barra ao som do \u2018Oh Pol\u00eamico\u2019\",\"datePublished\":\"2023-11-19T23:00:00+00:00\",\"mainEntityOfPage\":{\"@id\":\"https:\/\/brasilnoticias.org\/site\/festa-do-vitoria-comeca-no-farol-da-barra-ao-som-do-oh-polemico\/\"},\"wordCount\":157,\"commentCount\":0,\"publisher\":{\"@id\":\"https:\/\/brasilnoticias.org\/site\/#organization\"},\"image\":{\"@id\":\"https:\/\/brasilnoticias.org\/site\/festa-do-vitoria-comeca-no-farol-da-barra-ao-som-do-oh-polemico\/#primaryimage\"},\"thumbnailUrl\":\"https:\/\/brasilnoticias.org\/site\/wp-content\/uploads\/2023\/11\/vitoria-e1700422721837-740x470-1.jpeg\",\"articleSection\":[\"Entretenimento\",\"\u00daltimas\"],\"inLanguage\":\"pt-PT\",\"potentialAction\":[{\"@type\":\"CommentAction\",\"name\":\"Comment\",\"target\":[\"https:\/\/brasilnoticias.org\/site\/festa-do-vitoria-comeca-no-farol-da-barra-ao-som-do-oh-polemico\/#respond\"]}]},{\"@type\":\"WebPage\",\"@id\":\"https:\/\/brasilnoticias.org\/site\/festa-do-vitoria-comeca-no-farol-da-barra-ao-som-do-oh-polemico\/\",\"url\":\"https:\/\/brasilnoticias.org\/site\/festa-do-vitoria-comeca-no-farol-da-barra-ao-som-do-oh-polemico\/\",\"name\":\"\u2018Festa do Vit\u00f3ria\u2019 come\u00e7a no Farol da Barra ao som do \u2018Oh Pol\u00eamico\u2019 - Brasil not\u00edcias\",\"isPartOf\":{\"@id\":\"https:\/\/brasilnoticias.org\/site\/#website\"},\"primaryImageOfPage\":{\"@id\":\"https:\/\/brasilnoticias.org\/site\/festa-do-vitoria-comeca-no-farol-da-barra-ao-som-do-oh-polemico\/#primaryimage\"},\"image\":{\"@id\":\"https:\/\/brasilnoticias.org\/site\/festa-do-vitoria-comeca-no-farol-da-barra-ao-som-do-oh-polemico\/#primaryimage\"},\"thumbnailUrl\":\"https:\/\/brasilnoticias.org\/site\/wp-content\/uploads\/2023\/11\/vitoria-e1700422721837-740x470-1.jpeg\",\"datePublished\":\"2023-11-19T23:00:00+00:00\",\"breadcrumb\":{\"@id\":\"https:\/\/brasilnoticias.org\/site\/festa-do-vitoria-comeca-no-farol-da-barra-ao-som-do-oh-polemico\/#breadcrumb\"},\"inLanguage\":\"pt-PT\",\"potentialAction\":[{\"@type\":\"ReadAction\",\"target\":[\"https:\/\/brasilnoticias.org\/site\/festa-do-vitoria-comeca-no-farol-da-barra-ao-som-do-oh-polemico\/\"]}]},{\"@type\":\"ImageObject\",\"inLanguage\":\"pt-PT\",\"@id\":\"https:\/\/brasilnoticias.org\/site\/festa-do-vitoria-comeca-no-farol-da-barra-ao-som-do-oh-polemico\/#primaryimage\",\"url\":\"https:\/\/brasilnoticias.org\/site\/wp-content\/uploads\/2023\/11\/vitoria-e1700422721837-740x470-1.jpeg\",\"contentUrl\":\"https:\/\/brasilnoticias.org\/site\/wp-content\/uploads\/2023\/11\/vitoria-e1700422721837-740x470-1.jpeg\",\"width\":740,\"height\":470},{\"@type\":\"BreadcrumbList\",\"@id\":\"https:\/\/brasilnoticias.org\/site\/festa-do-vitoria-comeca-no-farol-da-barra-ao-som-do-oh-polemico\/#breadcrumb\",\"itemListElement\":[{\"@type\":\"ListItem\",\"position\":1,\"name\":\"In\u00edcio\",\"item\":\"https:\/\/brasilnoticias.org\/site\/\"},{\"@type\":\"ListItem\",\"position\":2,\"name\":\"\u2018Festa do Vit\u00f3ria\u2019 come\u00e7a no Farol da Barra ao som do \u2018Oh Pol\u00eamico\u2019\"}]},{\"@type\":\"WebSite\",\"@id\":\"https:\/\/brasilnoticias.org\/site\/#website\",\"url\":\"https:\/\/brasilnoticias.org\/site\/\",\"name\":\"Brasil not\u00edcias\",\"description\":\"Brasil not\u00edcias\",\"publisher\":{\"@id\":\"https:\/\/brasilnoticias.org\/site\/#organization\"},\"potentialAction\":[{\"@type\":\"SearchAction\",\"target\":{\"@type\":\"EntryPoint\",\"urlTemplate\":\"https:\/\/brasilnoticias.org\/site\/?s={search_term_string}\"},\"query-input\":{\"@type\":\"PropertyValueSpecification\",\"valueRequired\":true,\"valueName\":\"search_term_string\"}}],\"inLanguage\":\"pt-PT\"},{\"@type\":\"Organization\",\"@id\":\"https:\/\/brasilnoticias.org\/site\/#organization\",\"name\":\"Brasil not\u00edcias\",\"url\":\"https:\/\/brasilnoticias.org\/site\/\",\"logo\":{\"@type\":\"ImageObject\",\"inLanguage\":\"pt-PT\",\"@id\":\"https:\/\/brasilnoticias.org\/site\/#\/schema\/logo\/image\/\",\"url\":\"https:\/\/brasilnoticias.org\/site\/wp-content\/uploads\/2022\/05\/cropped-brasilnoticias-mini.jpg\",\"contentUrl\":\"https:\/\/brasilnoticias.org\/site\/wp-content\/uploads\/2022\/05\/cropped-brasilnoticias-mini.jpg\",\"width\":314,\"height\":86,\"caption\":\"Brasil not\u00edcias\"},\"image\":{\"@id\":\"https:\/\/brasilnoticias.org\/site\/#\/schema\/logo\/image\/\"}},{\"@type\":\"Person\",\"@id\":\"https:\/\/brasilnoticias.org\/site\/#\/schema\/person\/03bbbfe6c7634ad18c26444ea39049fa\",\"name\":\"Reda\u00e7\u00e3o\",\"image\":{\"@type\":\"ImageObject\",\"inLanguage\":\"pt-PT\",\"@id\":\"https:\/\/brasilnoticias.org\/site\/#\/schema\/person\/image\/\",\"url\":\"https:\/\/secure.gravatar.com\/avatar\/9ecaf7327a696cb23ad926fedded5f1f04d7049de9e445375d55b48c001a6e42?s=96&d=mm&r=g\",\"contentUrl\":\"https:\/\/secure.gravatar.com\/avatar\/9ecaf7327a696cb23ad926fedded5f1f04d7049de9e445375d55b48c001a6e42?s=96&d=mm&r=g\",\"caption\":\"Reda\u00e7\u00e3o\"},\"url\":\"https:\/\/brasilnoticias.org\/site\/author\/henrique\/\"}]}<\/script>\n<!-- \/ Yoast SEO plugin. -->","yoast_head_json":{"title":"\u2018Festa do Vit\u00f3ria\u2019 come\u00e7a no Farol da Barra ao som do \u2018Oh Pol\u00eamico\u2019 - Brasil not\u00edcias","robots":{"index":"index","follow":"follow","max-snippet":"max-snippet:-1","max-image-preview":"max-image-preview:large","max-video-preview":"max-video-preview:-1"},"canonical":"https:\/\/brasilnoticias.org\/site\/festa-do-vitoria-comeca-no-farol-da-barra-ao-som-do-oh-polemico\/","og_locale":"pt_PT","og_type":"article","og_title":"\u2018Festa do Vit\u00f3ria\u2019 come\u00e7a no Farol da Barra ao som do \u2018Oh Pol\u00eamico\u2019 - Brasil not\u00edcias","og_description":"Tamb\u00e9m se apresentar\u00e3o Ivete Sangalo, Leo Santana e Guit Ghetto Marcada para iniciar \u00e0s 16h, a festa pelo t\u00edtulo da","og_url":"https:\/\/brasilnoticias.org\/site\/festa-do-vitoria-comeca-no-farol-da-barra-ao-som-do-oh-polemico\/","og_site_name":"Brasil not\u00edcias","article_published_time":"2023-11-19T23:00:00+00:00","og_image":[{"width":740,"height":470,"url":"https:\/\/brasilnoticias.org\/site\/wp-content\/uploads\/2023\/11\/vitoria-e1700422721837-740x470-1.jpeg","type":"image\/jpeg"}],"author":"Reda\u00e7\u00e3o","twitter_card":"summary_large_image","twitter_misc":{"Escrito por":"Reda\u00e7\u00e3o"},"schema":{"@context":"https:\/\/schema.org","@graph":[{"@type":"Article","@id":"https:\/\/brasilnoticias.org\/site\/festa-do-vitoria-comeca-no-farol-da-barra-ao-som-do-oh-polemico\/#article","isPartOf":{"@id":"https:\/\/brasilnoticias.org\/site\/festa-do-vitoria-comeca-no-farol-da-barra-ao-som-do-oh-polemico\/"},"author":{"name":"Reda\u00e7\u00e3o","@id":"https:\/\/brasilnoticias.org\/site\/#\/schema\/person\/03bbbfe6c7634ad18c26444ea39049fa"},"headline":"\u2018Festa do Vit\u00f3ria\u2019 come\u00e7a no Farol da Barra ao som do \u2018Oh Pol\u00eamico\u2019","datePublished":"2023-11-19T23:00:00+00:00","mainEntityOfPage":{"@id":"https:\/\/brasilnoticias.org\/site\/festa-do-vitoria-comeca-no-farol-da-barra-ao-som-do-oh-polemico\/"},"wordCount":157,"commentCount":0,"publisher":{"@id":"https:\/\/brasilnoticias.org\/site\/#organization"},"image":{"@id":"https:\/\/brasilnoticias.org\/site\/festa-do-vitoria-comeca-no-farol-da-barra-ao-som-do-oh-polemico\/#primaryimage"},"thumbnailUrl":"https:\/\/brasilnoticias.org\/site\/wp-content\/uploads\/2023\/11\/vitoria-e1700422721837-740x470-1.jpeg","articleSection":["Entretenimento","\u00daltimas"],"inLanguage":"pt-PT","potentialAction":[{"@type":"CommentAction","name":"Comment","target":["https:\/\/brasilnoticias.org\/site\/festa-do-vitoria-comeca-no-farol-da-barra-ao-som-do-oh-polemico\/#respond"]}]},{"@type":"WebPage","@id":"https:\/\/brasilnoticias.org\/site\/festa-do-vitoria-comeca-no-farol-da-barra-ao-som-do-oh-polemico\/","url":"https:\/\/brasilnoticias.org\/site\/festa-do-vitoria-comeca-no-farol-da-barra-ao-som-do-oh-polemico\/","name":"\u2018Festa do Vit\u00f3ria\u2019 come\u00e7a no Farol da Barra ao som do \u2018Oh Pol\u00eamico\u2019 - Brasil not\u00edcias","isPartOf":{"@id":"https:\/\/brasilnoticias.org\/site\/#website"},"primaryImageOfPage":{"@id":"https:\/\/brasilnoticias.org\/site\/festa-do-vitoria-comeca-no-farol-da-barra-ao-som-do-oh-polemico\/#primaryimage"},"image":{"@id":"https:\/\/brasilnoticias.org\/site\/festa-do-vitoria-comeca-no-farol-da-barra-ao-som-do-oh-polemico\/#primaryimage"},"thumbnailUrl":"https:\/\/brasilnoticias.org\/site\/wp-content\/uploads\/2023\/11\/vitoria-e1700422721837-740x470-1.jpeg","datePublished":"2023-11-19T23:00:00+00:00","breadcrumb":{"@id":"https:\/\/brasilnoticias.org\/site\/festa-do-vitoria-comeca-no-farol-da-barra-ao-som-do-oh-polemico\/#breadcrumb"},"inLanguage":"pt-PT","potentialAction":[{"@type":"ReadAction","target":["https:\/\/brasilnoticias.org\/site\/festa-do-vitoria-comeca-no-farol-da-barra-ao-som-do-oh-polemico\/"]}]},{"@type":"ImageObject","inLanguage":"pt-PT","@id":"https:\/\/brasilnoticias.org\/site\/festa-do-vitoria-comeca-no-farol-da-barra-ao-som-do-oh-polemico\/#primaryimage","url":"https:\/\/brasilnoticias.org\/site\/wp-content\/uploads\/2023\/11\/vitoria-e1700422721837-740x470-1.jpeg","contentUrl":"https:\/\/brasilnoticias.org\/site\/wp-content\/uploads\/2023\/11\/vitoria-e1700422721837-740x470-1.jpeg","width":740,"height":470},{"@type":"BreadcrumbList","@id":"https:\/\/brasilnoticias.org\/site\/festa-do-vitoria-comeca-no-farol-da-barra-ao-som-do-oh-polemico\/#breadcrumb","itemListElement":[{"@type":"ListItem","position":1,"name":"In\u00edcio","item":"https:\/\/brasilnoticias.org\/site\/"},{"@type":"ListItem","position":2,"name":"\u2018Festa do Vit\u00f3ria\u2019 come\u00e7a no Farol da Barra ao som do \u2018Oh Pol\u00eamico\u2019"}]},{"@type":"WebSite","@id":"https:\/\/brasilnoticias.org\/site\/#website","url":"https:\/\/brasilnoticias.org\/site\/","name":"Brasil not\u00edcias","description":"Brasil not\u00edcias","publisher":{"@id":"https:\/\/brasilnoticias.org\/site\/#organization"},"potentialAction":[{"@type":"SearchAction","target":{"@type":"EntryPoint","urlTemplate":"https:\/\/brasilnoticias.org\/site\/?s={search_term_string}"},"query-input":{"@type":"PropertyValueSpecification","valueRequired":true,"valueName":"search_term_string"}}],"inLanguage":"pt-PT"},{"@type":"Organization","@id":"https:\/\/brasilnoticias.org\/site\/#organization","name":"Brasil not\u00edcias","url":"https:\/\/brasilnoticias.org\/site\/","logo":{"@type":"ImageObject","inLanguage":"pt-PT","@id":"https:\/\/brasilnoticias.org\/site\/#\/schema\/logo\/image\/","url":"https:\/\/brasilnoticias.org\/site\/wp-content\/uploads\/2022\/05\/cropped-brasilnoticias-mini.jpg","contentUrl":"https:\/\/brasilnoticias.org\/site\/wp-content\/uploads\/2022\/05\/cropped-brasilnoticias-mini.jpg","width":314,"height":86,"caption":"Brasil not\u00edcias"},"image":{"@id":"https:\/\/brasilnoticias.org\/site\/#\/schema\/logo\/image\/"}},{"@type":"Person","@id":"https:\/\/brasilnoticias.org\/site\/#\/schema\/person\/03bbbfe6c7634ad18c26444ea39049fa","name":"Reda\u00e7\u00e3o","image":{"@type":"ImageObject","inLanguage":"pt-PT","@id":"https:\/\/brasilnoticias.org\/site\/#\/schema\/person\/image\/","url":"https:\/\/secure.gravatar.com\/avatar\/9ecaf7327a696cb23ad926fedded5f1f04d7049de9e445375d55b48c001a6e42?s=96&d=mm&r=g","contentUrl":"https:\/\/secure.gravatar.com\/avatar\/9ecaf7327a696cb23ad926fedded5f1f04d7049de9e445375d55b48c001a6e42?s=96&d=mm&r=g","caption":"Reda\u00e7\u00e3o"},"url":"https:\/\/brasilnoticias.org\/site\/author\/henrique\/"}]}},"_links":{"self":[{"href":"https:\/\/brasilnoticias.org\/site\/wp-json\/wp\/v2\/posts\/11082","targetHints":{"allow":["GET"]}}],"collection":[{"href":"https:\/\/brasilnoticias.org\/site\/wp-json\/wp\/v2\/posts"}],"about":[{"href":"https:\/\/brasilnoticias.org\/site\/wp-json\/wp\/v2\/types\/post"}],"author":[{"embeddable":true,"href":"https:\/\/brasilnoticias.org\/site\/wp-json\/wp\/v2\/users\/4"}],"replies":[{"embeddable":true,"href":"https:\/\/brasilnoticias.org\/site\/wp-json\/wp\/v2\/comments?post=11082"}],"version-history":[{"count":1,"href":"https:\/\/brasilnoticias.org\/site\/wp-json\/wp\/v2\/posts\/11082\/revisions"}],"predecessor-version":[{"id":11084,"href":"https:\/\/brasilnoticias.org\/site\/wp-json\/wp\/v2\/posts\/11082\/revisions\/11084"}],"wp:featuredmedia":[{"embeddable":true,"href":"https:\/\/brasilnoticias.org\/site\/wp-json\/wp\/v2\/media\/11083"}],"wp:attachment":[{"href":"https:\/\/brasilnoticias.org\/site\/wp-json\/wp\/v2\/media?parent=11082"}],"wp:term":[{"taxonomy":"category","embeddable":true,"href":"https:\/\/brasilnoticias.org\/site\/wp-json\/wp\/v2\/categories?post=11082"},{"taxonomy":"post_tag","embeddable":true,"href":"https:\/\/brasilnoticias.org\/site\/wp-json\/wp\/v2\/tags?post=11082"}],"curies":[{"name":"wp","href":"https:\/\/api.w.org\/{rel}","templated":true}]}}