{"id":11088,"date":"2023-11-19T20:05:19","date_gmt":"2023-11-19T23:05:19","guid":{"rendered":"https:\/\/brasilnoticias.org\/site\/?p=11088"},"modified":"2023-11-19T20:05:19","modified_gmt":"2023-11-19T23:05:19","slug":"vistorias-de-taxis-em-salvador-sao-prorrogadas-ate-15-de-dezembro","status":"publish","type":"post","link":"https:\/\/brasilnoticias.org\/site\/vistorias-de-taxis-em-salvador-sao-prorrogadas-ate-15-de-dezembro\/","title":{"rendered":"Vistorias de t\u00e1xis em Salvador s\u00e3o prorrogadas at\u00e9 15 de dezembro"},"content":{"rendered":"<p>Cerca de 4,3 mil taxistas j\u00e1 realizaram a vistoria para este ano, e aproximadamente 1,5 mil seguem com o procedimento pendente<\/p>\n<p>Os taxistas regulamentados de Salvador que ainda n\u00e3o realizaram a vistoria obrigat\u00f3ria anual ter\u00e3o mais uma oportunidade de fazer a regulariza\u00e7\u00e3o junto ao munic\u00edpio. A Secretaria Municipal de Mobilidade (Semob), atrav\u00e9s da Coordena\u00e7\u00e3o de Transportes Especiais (Cotae), prorrogou para o dia 15 de dezembro o prazo para que os autorizat\u00e1rios fa\u00e7am o procedimento \u2013 o prazo terminaria na \u00faltima sexta-feira (17\/11).<\/p>\n<p>Cerca de 4,3 mil taxistas j\u00e1 realizaram a vistoria para este ano, e aproximadamente 1,5 mil seguem com o procedimento pendente. Para facilitar o acesso ao servi\u00e7o, o novo calend\u00e1rio foi dividido de acordo com o n\u00famero dos alvar\u00e1s, n\u00e3o sendo necess\u00e1rio realizar agendamento pr\u00e9vio para o atendimento. O procedimento ser\u00e1 realizado de segunda a sexta-feira, das 7h30 \u00e0s 16h30, na sede da Cotae, nos Barris.<\/p>\n<p>A partir desta segunda-feira (20\/11) e nas segundas subsequentes (27\/11, 4\/12 e 11\/12), os ve\u00edculos com alvar\u00e1 terminado em 0 e 1 dever\u00e3o fazer a vistoria, enquanto \u00e0s ter\u00e7as-feiras (21\/11, 28\/11, 5\/12 e 12\/12), ser\u00e1 a vez dos alvar\u00e1s terminados em 2 e 3. Nas quartas (22\/11, 29\/11, 6\/12 e 13\/12), \u00e9 a vez dos alvar\u00e1s terminados em 4 e 5.<\/p>\n<p>Os alvar\u00e1s terminados em 6 e 7 e em 8 e 9 dever\u00e3o comparecer para a vistoria \u00e0s quintas (23\/11, 30\/11, 7\/12 e 14\/12) e sextas-feiras (24\/11, 1\u00ba\/12 e 15\/12), respectivamente. A \u00fanica exce\u00e7\u00e3o \u00e9 para a quinta-feira, dia 7 de dezembro, quando ser\u00e3o atendidos os alvar\u00e1s de final 6 a 9, em fun\u00e7\u00e3o do feriado do dia 8 de dezembro, em celebra\u00e7\u00e3o \u00e0 Nossa Senhora da Concei\u00e7\u00e3o, padroeira da Bahia, que cair\u00e1 na sexta-feira.<\/p>\n<p>Aqueles que n\u00e3o realizarem o procedimento obrigat\u00f3rio na data prevista, dever\u00e1 acessar o site agendamentomobilidade.salvador.ba.gov.br e agendar o servi\u00e7o. Aqueles que n\u00e3o realizarem a vistoria na data prevista no calend\u00e1rio para cada alvar\u00e1 ser\u00e3o considerados irregulares e poder\u00e3o sofrer as penalidades administrativas previstas na lei.<\/p>\n<p>Foto: Lucas Moura\/Secom<br \/>\nAratu On<\/p>\n","protected":false},"excerpt":{"rendered":"<p>Cerca de 4,3 mil taxistas j\u00e1 realizaram a vistoria para este ano, e aproximadamente 1,5 mil seguem com o procedimento<\/p>\n","protected":false},"author":4,"featured_media":11089,"comment_status":"open","ping_status":"open","sticky":false,"template":"","format":"standard","meta":{"colormag_page_container_layout":"default_layout","colormag_page_sidebar_layout":"default_layout","_FSMCFIC_featured_image_caption":"","_FSMCFIC_featured_image_nocaption":"","_FSMCFIC_featured_image_hide":"","footnotes":""},"categories":[2,1],"tags":[],"class_list":["post-11088","post","type-post","status-publish","format-standard","has-post-thumbnail","hentry","category-noticias","category-ultimas"],"yoast_head":"<!-- This site is optimized with the Yoast SEO plugin v27.1.1 - https:\/\/yoast.com\/product\/yoast-seo-wordpress\/ -->\n<title>Vistorias de t\u00e1xis em Salvador s\u00e3o prorrogadas at\u00e9 15 de dezembro - Brasil not\u00edcias<\/title>\n<meta name=\"robots\" content=\"index, follow, max-snippet:-1, max-image-preview:large, max-video-preview:-1\" \/>\n<link rel=\"canonical\" href=\"https:\/\/brasilnoticias.org\/site\/vistorias-de-taxis-em-salvador-sao-prorrogadas-ate-15-de-dezembro\/\" \/>\n<meta property=\"og:locale\" content=\"pt_PT\" \/>\n<meta property=\"og:type\" content=\"article\" \/>\n<meta property=\"og:title\" content=\"Vistorias de t\u00e1xis em Salvador s\u00e3o prorrogadas at\u00e9 15 de dezembro - Brasil not\u00edcias\" \/>\n<meta property=\"og:description\" content=\"Cerca de 4,3 mil taxistas j\u00e1 realizaram a vistoria para este ano, e aproximadamente 1,5 mil seguem com o procedimento\" \/>\n<meta property=\"og:url\" content=\"https:\/\/brasilnoticias.org\/site\/vistorias-de-taxis-em-salvador-sao-prorrogadas-ate-15-de-dezembro\/\" \/>\n<meta property=\"og:site_name\" content=\"Brasil not\u00edcias\" \/>\n<meta property=\"article:published_time\" content=\"2023-11-19T23:05:19+00:00\" \/>\n<meta property=\"og:image\" content=\"https:\/\/brasilnoticias.org\/site\/wp-content\/uploads\/2023\/11\/taxi-740x470-1.jpg\" \/>\n\t<meta property=\"og:image:width\" content=\"740\" \/>\n\t<meta property=\"og:image:height\" content=\"470\" \/>\n\t<meta property=\"og:image:type\" content=\"image\/jpeg\" \/>\n<meta name=\"author\" content=\"Reda\u00e7\u00e3o\" \/>\n<meta name=\"twitter:card\" content=\"summary_large_image\" \/>\n<meta name=\"twitter:label1\" content=\"Escrito por\" \/>\n\t<meta name=\"twitter:data1\" content=\"Reda\u00e7\u00e3o\" \/>\n<script type=\"application\/ld+json\" class=\"yoast-schema-graph\">{\"@context\":\"https:\/\/schema.org\",\"@graph\":[{\"@type\":\"Article\",\"@id\":\"https:\/\/brasilnoticias.org\/site\/vistorias-de-taxis-em-salvador-sao-prorrogadas-ate-15-de-dezembro\/#article\",\"isPartOf\":{\"@id\":\"https:\/\/brasilnoticias.org\/site\/vistorias-de-taxis-em-salvador-sao-prorrogadas-ate-15-de-dezembro\/\"},\"author\":{\"name\":\"Reda\u00e7\u00e3o\",\"@id\":\"https:\/\/brasilnoticias.org\/site\/#\/schema\/person\/03bbbfe6c7634ad18c26444ea39049fa\"},\"headline\":\"Vistorias de t\u00e1xis em Salvador s\u00e3o prorrogadas at\u00e9 15 de dezembro\",\"datePublished\":\"2023-11-19T23:05:19+00:00\",\"mainEntityOfPage\":{\"@id\":\"https:\/\/brasilnoticias.org\/site\/vistorias-de-taxis-em-salvador-sao-prorrogadas-ate-15-de-dezembro\/\"},\"wordCount\":344,\"commentCount\":0,\"publisher\":{\"@id\":\"https:\/\/brasilnoticias.org\/site\/#organization\"},\"image\":{\"@id\":\"https:\/\/brasilnoticias.org\/site\/vistorias-de-taxis-em-salvador-sao-prorrogadas-ate-15-de-dezembro\/#primaryimage\"},\"thumbnailUrl\":\"https:\/\/brasilnoticias.org\/site\/wp-content\/uploads\/2023\/11\/taxi-740x470-1.jpg\",\"articleSection\":[\"Not\u00edcias\",\"\u00daltimas\"],\"inLanguage\":\"pt-PT\",\"potentialAction\":[{\"@type\":\"CommentAction\",\"name\":\"Comment\",\"target\":[\"https:\/\/brasilnoticias.org\/site\/vistorias-de-taxis-em-salvador-sao-prorrogadas-ate-15-de-dezembro\/#respond\"]}]},{\"@type\":\"WebPage\",\"@id\":\"https:\/\/brasilnoticias.org\/site\/vistorias-de-taxis-em-salvador-sao-prorrogadas-ate-15-de-dezembro\/\",\"url\":\"https:\/\/brasilnoticias.org\/site\/vistorias-de-taxis-em-salvador-sao-prorrogadas-ate-15-de-dezembro\/\",\"name\":\"Vistorias de t\u00e1xis em Salvador s\u00e3o prorrogadas at\u00e9 15 de dezembro - Brasil not\u00edcias\",\"isPartOf\":{\"@id\":\"https:\/\/brasilnoticias.org\/site\/#website\"},\"primaryImageOfPage\":{\"@id\":\"https:\/\/brasilnoticias.org\/site\/vistorias-de-taxis-em-salvador-sao-prorrogadas-ate-15-de-dezembro\/#primaryimage\"},\"image\":{\"@id\":\"https:\/\/brasilnoticias.org\/site\/vistorias-de-taxis-em-salvador-sao-prorrogadas-ate-15-de-dezembro\/#primaryimage\"},\"thumbnailUrl\":\"https:\/\/brasilnoticias.org\/site\/wp-content\/uploads\/2023\/11\/taxi-740x470-1.jpg\",\"datePublished\":\"2023-11-19T23:05:19+00:00\",\"breadcrumb\":{\"@id\":\"https:\/\/brasilnoticias.org\/site\/vistorias-de-taxis-em-salvador-sao-prorrogadas-ate-15-de-dezembro\/#breadcrumb\"},\"inLanguage\":\"pt-PT\",\"potentialAction\":[{\"@type\":\"ReadAction\",\"target\":[\"https:\/\/brasilnoticias.org\/site\/vistorias-de-taxis-em-salvador-sao-prorrogadas-ate-15-de-dezembro\/\"]}]},{\"@type\":\"ImageObject\",\"inLanguage\":\"pt-PT\",\"@id\":\"https:\/\/brasilnoticias.org\/site\/vistorias-de-taxis-em-salvador-sao-prorrogadas-ate-15-de-dezembro\/#primaryimage\",\"url\":\"https:\/\/brasilnoticias.org\/site\/wp-content\/uploads\/2023\/11\/taxi-740x470-1.jpg\",\"contentUrl\":\"https:\/\/brasilnoticias.org\/site\/wp-content\/uploads\/2023\/11\/taxi-740x470-1.jpg\",\"width\":740,\"height\":470},{\"@type\":\"BreadcrumbList\",\"@id\":\"https:\/\/brasilnoticias.org\/site\/vistorias-de-taxis-em-salvador-sao-prorrogadas-ate-15-de-dezembro\/#breadcrumb\",\"itemListElement\":[{\"@type\":\"ListItem\",\"position\":1,\"name\":\"In\u00edcio\",\"item\":\"https:\/\/brasilnoticias.org\/site\/\"},{\"@type\":\"ListItem\",\"position\":2,\"name\":\"Vistorias de t\u00e1xis em Salvador s\u00e3o prorrogadas at\u00e9 15 de dezembro\"}]},{\"@type\":\"WebSite\",\"@id\":\"https:\/\/brasilnoticias.org\/site\/#website\",\"url\":\"https:\/\/brasilnoticias.org\/site\/\",\"name\":\"Brasil not\u00edcias\",\"description\":\"Brasil not\u00edcias\",\"publisher\":{\"@id\":\"https:\/\/brasilnoticias.org\/site\/#organization\"},\"potentialAction\":[{\"@type\":\"SearchAction\",\"target\":{\"@type\":\"EntryPoint\",\"urlTemplate\":\"https:\/\/brasilnoticias.org\/site\/?s={search_term_string}\"},\"query-input\":{\"@type\":\"PropertyValueSpecification\",\"valueRequired\":true,\"valueName\":\"search_term_string\"}}],\"inLanguage\":\"pt-PT\"},{\"@type\":\"Organization\",\"@id\":\"https:\/\/brasilnoticias.org\/site\/#organization\",\"name\":\"Brasil not\u00edcias\",\"url\":\"https:\/\/brasilnoticias.org\/site\/\",\"logo\":{\"@type\":\"ImageObject\",\"inLanguage\":\"pt-PT\",\"@id\":\"https:\/\/brasilnoticias.org\/site\/#\/schema\/logo\/image\/\",\"url\":\"https:\/\/brasilnoticias.org\/site\/wp-content\/uploads\/2022\/05\/cropped-brasilnoticias-mini.jpg\",\"contentUrl\":\"https:\/\/brasilnoticias.org\/site\/wp-content\/uploads\/2022\/05\/cropped-brasilnoticias-mini.jpg\",\"width\":314,\"height\":86,\"caption\":\"Brasil not\u00edcias\"},\"image\":{\"@id\":\"https:\/\/brasilnoticias.org\/site\/#\/schema\/logo\/image\/\"}},{\"@type\":\"Person\",\"@id\":\"https:\/\/brasilnoticias.org\/site\/#\/schema\/person\/03bbbfe6c7634ad18c26444ea39049fa\",\"name\":\"Reda\u00e7\u00e3o\",\"image\":{\"@type\":\"ImageObject\",\"inLanguage\":\"pt-PT\",\"@id\":\"https:\/\/brasilnoticias.org\/site\/#\/schema\/person\/image\/\",\"url\":\"https:\/\/secure.gravatar.com\/avatar\/9ecaf7327a696cb23ad926fedded5f1f04d7049de9e445375d55b48c001a6e42?s=96&d=mm&r=g\",\"contentUrl\":\"https:\/\/secure.gravatar.com\/avatar\/9ecaf7327a696cb23ad926fedded5f1f04d7049de9e445375d55b48c001a6e42?s=96&d=mm&r=g\",\"caption\":\"Reda\u00e7\u00e3o\"},\"url\":\"https:\/\/brasilnoticias.org\/site\/author\/henrique\/\"}]}<\/script>\n<!-- \/ Yoast SEO plugin. -->","yoast_head_json":{"title":"Vistorias de t\u00e1xis em Salvador s\u00e3o prorrogadas at\u00e9 15 de dezembro - Brasil not\u00edcias","robots":{"index":"index","follow":"follow","max-snippet":"max-snippet:-1","max-image-preview":"max-image-preview:large","max-video-preview":"max-video-preview:-1"},"canonical":"https:\/\/brasilnoticias.org\/site\/vistorias-de-taxis-em-salvador-sao-prorrogadas-ate-15-de-dezembro\/","og_locale":"pt_PT","og_type":"article","og_title":"Vistorias de t\u00e1xis em Salvador s\u00e3o prorrogadas at\u00e9 15 de dezembro - Brasil not\u00edcias","og_description":"Cerca de 4,3 mil taxistas j\u00e1 realizaram a vistoria para este ano, e aproximadamente 1,5 mil seguem com o procedimento","og_url":"https:\/\/brasilnoticias.org\/site\/vistorias-de-taxis-em-salvador-sao-prorrogadas-ate-15-de-dezembro\/","og_site_name":"Brasil not\u00edcias","article_published_time":"2023-11-19T23:05:19+00:00","og_image":[{"width":740,"height":470,"url":"https:\/\/brasilnoticias.org\/site\/wp-content\/uploads\/2023\/11\/taxi-740x470-1.jpg","type":"image\/jpeg"}],"author":"Reda\u00e7\u00e3o","twitter_card":"summary_large_image","twitter_misc":{"Escrito por":"Reda\u00e7\u00e3o"},"schema":{"@context":"https:\/\/schema.org","@graph":[{"@type":"Article","@id":"https:\/\/brasilnoticias.org\/site\/vistorias-de-taxis-em-salvador-sao-prorrogadas-ate-15-de-dezembro\/#article","isPartOf":{"@id":"https:\/\/brasilnoticias.org\/site\/vistorias-de-taxis-em-salvador-sao-prorrogadas-ate-15-de-dezembro\/"},"author":{"name":"Reda\u00e7\u00e3o","@id":"https:\/\/brasilnoticias.org\/site\/#\/schema\/person\/03bbbfe6c7634ad18c26444ea39049fa"},"headline":"Vistorias de t\u00e1xis em Salvador s\u00e3o prorrogadas at\u00e9 15 de dezembro","datePublished":"2023-11-19T23:05:19+00:00","mainEntityOfPage":{"@id":"https:\/\/brasilnoticias.org\/site\/vistorias-de-taxis-em-salvador-sao-prorrogadas-ate-15-de-dezembro\/"},"wordCount":344,"commentCount":0,"publisher":{"@id":"https:\/\/brasilnoticias.org\/site\/#organization"},"image":{"@id":"https:\/\/brasilnoticias.org\/site\/vistorias-de-taxis-em-salvador-sao-prorrogadas-ate-15-de-dezembro\/#primaryimage"},"thumbnailUrl":"https:\/\/brasilnoticias.org\/site\/wp-content\/uploads\/2023\/11\/taxi-740x470-1.jpg","articleSection":["Not\u00edcias","\u00daltimas"],"inLanguage":"pt-PT","potentialAction":[{"@type":"CommentAction","name":"Comment","target":["https:\/\/brasilnoticias.org\/site\/vistorias-de-taxis-em-salvador-sao-prorrogadas-ate-15-de-dezembro\/#respond"]}]},{"@type":"WebPage","@id":"https:\/\/brasilnoticias.org\/site\/vistorias-de-taxis-em-salvador-sao-prorrogadas-ate-15-de-dezembro\/","url":"https:\/\/brasilnoticias.org\/site\/vistorias-de-taxis-em-salvador-sao-prorrogadas-ate-15-de-dezembro\/","name":"Vistorias de t\u00e1xis em Salvador s\u00e3o prorrogadas at\u00e9 15 de dezembro - Brasil not\u00edcias","isPartOf":{"@id":"https:\/\/brasilnoticias.org\/site\/#website"},"primaryImageOfPage":{"@id":"https:\/\/brasilnoticias.org\/site\/vistorias-de-taxis-em-salvador-sao-prorrogadas-ate-15-de-dezembro\/#primaryimage"},"image":{"@id":"https:\/\/brasilnoticias.org\/site\/vistorias-de-taxis-em-salvador-sao-prorrogadas-ate-15-de-dezembro\/#primaryimage"},"thumbnailUrl":"https:\/\/brasilnoticias.org\/site\/wp-content\/uploads\/2023\/11\/taxi-740x470-1.jpg","datePublished":"2023-11-19T23:05:19+00:00","breadcrumb":{"@id":"https:\/\/brasilnoticias.org\/site\/vistorias-de-taxis-em-salvador-sao-prorrogadas-ate-15-de-dezembro\/#breadcrumb"},"inLanguage":"pt-PT","potentialAction":[{"@type":"ReadAction","target":["https:\/\/brasilnoticias.org\/site\/vistorias-de-taxis-em-salvador-sao-prorrogadas-ate-15-de-dezembro\/"]}]},{"@type":"ImageObject","inLanguage":"pt-PT","@id":"https:\/\/brasilnoticias.org\/site\/vistorias-de-taxis-em-salvador-sao-prorrogadas-ate-15-de-dezembro\/#primaryimage","url":"https:\/\/brasilnoticias.org\/site\/wp-content\/uploads\/2023\/11\/taxi-740x470-1.jpg","contentUrl":"https:\/\/brasilnoticias.org\/site\/wp-content\/uploads\/2023\/11\/taxi-740x470-1.jpg","width":740,"height":470},{"@type":"BreadcrumbList","@id":"https:\/\/brasilnoticias.org\/site\/vistorias-de-taxis-em-salvador-sao-prorrogadas-ate-15-de-dezembro\/#breadcrumb","itemListElement":[{"@type":"ListItem","position":1,"name":"In\u00edcio","item":"https:\/\/brasilnoticias.org\/site\/"},{"@type":"ListItem","position":2,"name":"Vistorias de t\u00e1xis em Salvador s\u00e3o prorrogadas at\u00e9 15 de dezembro"}]},{"@type":"WebSite","@id":"https:\/\/brasilnoticias.org\/site\/#website","url":"https:\/\/brasilnoticias.org\/site\/","name":"Brasil not\u00edcias","description":"Brasil not\u00edcias","publisher":{"@id":"https:\/\/brasilnoticias.org\/site\/#organization"},"potentialAction":[{"@type":"SearchAction","target":{"@type":"EntryPoint","urlTemplate":"https:\/\/brasilnoticias.org\/site\/?s={search_term_string}"},"query-input":{"@type":"PropertyValueSpecification","valueRequired":true,"valueName":"search_term_string"}}],"inLanguage":"pt-PT"},{"@type":"Organization","@id":"https:\/\/brasilnoticias.org\/site\/#organization","name":"Brasil not\u00edcias","url":"https:\/\/brasilnoticias.org\/site\/","logo":{"@type":"ImageObject","inLanguage":"pt-PT","@id":"https:\/\/brasilnoticias.org\/site\/#\/schema\/logo\/image\/","url":"https:\/\/brasilnoticias.org\/site\/wp-content\/uploads\/2022\/05\/cropped-brasilnoticias-mini.jpg","contentUrl":"https:\/\/brasilnoticias.org\/site\/wp-content\/uploads\/2022\/05\/cropped-brasilnoticias-mini.jpg","width":314,"height":86,"caption":"Brasil not\u00edcias"},"image":{"@id":"https:\/\/brasilnoticias.org\/site\/#\/schema\/logo\/image\/"}},{"@type":"Person","@id":"https:\/\/brasilnoticias.org\/site\/#\/schema\/person\/03bbbfe6c7634ad18c26444ea39049fa","name":"Reda\u00e7\u00e3o","image":{"@type":"ImageObject","inLanguage":"pt-PT","@id":"https:\/\/brasilnoticias.org\/site\/#\/schema\/person\/image\/","url":"https:\/\/secure.gravatar.com\/avatar\/9ecaf7327a696cb23ad926fedded5f1f04d7049de9e445375d55b48c001a6e42?s=96&d=mm&r=g","contentUrl":"https:\/\/secure.gravatar.com\/avatar\/9ecaf7327a696cb23ad926fedded5f1f04d7049de9e445375d55b48c001a6e42?s=96&d=mm&r=g","caption":"Reda\u00e7\u00e3o"},"url":"https:\/\/brasilnoticias.org\/site\/author\/henrique\/"}]}},"_links":{"self":[{"href":"https:\/\/brasilnoticias.org\/site\/wp-json\/wp\/v2\/posts\/11088","targetHints":{"allow":["GET"]}}],"collection":[{"href":"https:\/\/brasilnoticias.org\/site\/wp-json\/wp\/v2\/posts"}],"about":[{"href":"https:\/\/brasilnoticias.org\/site\/wp-json\/wp\/v2\/types\/post"}],"author":[{"embeddable":true,"href":"https:\/\/brasilnoticias.org\/site\/wp-json\/wp\/v2\/users\/4"}],"replies":[{"embeddable":true,"href":"https:\/\/brasilnoticias.org\/site\/wp-json\/wp\/v2\/comments?post=11088"}],"version-history":[{"count":1,"href":"https:\/\/brasilnoticias.org\/site\/wp-json\/wp\/v2\/posts\/11088\/revisions"}],"predecessor-version":[{"id":11090,"href":"https:\/\/brasilnoticias.org\/site\/wp-json\/wp\/v2\/posts\/11088\/revisions\/11090"}],"wp:featuredmedia":[{"embeddable":true,"href":"https:\/\/brasilnoticias.org\/site\/wp-json\/wp\/v2\/media\/11089"}],"wp:attachment":[{"href":"https:\/\/brasilnoticias.org\/site\/wp-json\/wp\/v2\/media?parent=11088"}],"wp:term":[{"taxonomy":"category","embeddable":true,"href":"https:\/\/brasilnoticias.org\/site\/wp-json\/wp\/v2\/categories?post=11088"},{"taxonomy":"post_tag","embeddable":true,"href":"https:\/\/brasilnoticias.org\/site\/wp-json\/wp\/v2\/tags?post=11088"}],"curies":[{"name":"wp","href":"https:\/\/api.w.org\/{rel}","templated":true}]}}