{"id":11098,"date":"2023-11-20T21:02:30","date_gmt":"2023-11-21T00:02:30","guid":{"rendered":"https:\/\/brasilnoticias.org\/site\/?p=11098"},"modified":"2023-11-20T21:02:30","modified_gmt":"2023-11-21T00:02:30","slug":"presidente-da-cbf-e-conselheiro-da-fifa-ednaldo-rodrigues-diz-que-vai-combater-racismo-como-uma-praga","status":"publish","type":"post","link":"https:\/\/brasilnoticias.org\/site\/presidente-da-cbf-e-conselheiro-da-fifa-ednaldo-rodrigues-diz-que-vai-combater-racismo-como-uma-praga\/","title":{"rendered":"Presidente da CBF e conselheiro da Fifa, Ednaldo Rodrigues diz que vai \u2018combater racismo como uma praga\u2019"},"content":{"rendered":"<p>Natural de Vit\u00f3ria da Conquista, no sudoeste da Bahia, ele afirma que tem orgulho de ser negro, baiano e nordestino<\/p>\n<p>Presidente da Confedera\u00e7\u00e3o Brasileira de Futebol (CBF) e membro permanente do Conselho da Fifa, o baiano Ednaldo Rodrigues falou que tem como miss\u00e3o, na entidade m\u00e1xima do futebol, \u201ccombater o racismo de uma forma veemente\u201d.<\/p>\n<p>Em v\u00eddeo enviado com exclusividade \u00e0 TV Aratu \u2013 exibido no Aratu Not\u00edcias desta segunda-feira, 20 de Novembro, Dia da Consci\u00eancia Negra -, ele afirma que tem orgulho de ser negro, nordestino e baiano, de Vit\u00f3ria da Conquista, no sudoeste da Bahia, e que o racismo ser\u00e1 combatido pela Fifa da mesma forma que se combate uma praga.<\/p>\n<p>Refor\u00e7ou ainda, na mensagem, que a CBF j\u00e1 tem agido contra o preconceito \u201ccom muita propriedade\u201d, e que o Superior Tribunal de Justi\u00e7a Desportiva (STDJ) j\u00e1 adota \u201ctodas as puni\u00e7\u00f5es que est\u00e3o no regulamento geral de competi\u00e7\u00f5es da confedera\u00e7\u00e3o\u201d.<\/p>\n<p>\u201cSer\u00e1 uma das minhas prinicipais bandeiras, para que, no mundo, as 211 associa\u00e7\u00f5es da Fifa falem a mesma linguagem: basta! N\u00e3o pode haver racismo no futebol ou em qualquer esporte, e em qualquer que seja o segmento de trabalho. N\u00e3o pode haver racismo. Vamos combater o racismo como se combate uma praga. Vamos combater o racismo com posi\u00e7\u00f5es fortes, s\u00f3lidas e contundentes. Chega de racismo!\u201d<\/p>\n<p><iframe loading=\"lazy\" width=\"681\" height=\"383\" src=\"https:\/\/www.youtube.com\/embed\/YjM09KC6P7k\" title=\"Ednaldo Rodrigues fala que miss\u00e3o na FIFA \u00e9 combater racismo\" frameborder=\"0\" allow=\"accelerometer; autoplay; clipboard-write; encrypted-media; gyroscope; picture-in-picture; web-share\" allowfullscreen><\/iframe><\/p>\n<p>Foto: Divulga\u00e7\u00e3o\/CBF<br \/>\nAratu On<\/p>\n","protected":false},"excerpt":{"rendered":"<p>Natural de Vit\u00f3ria da Conquista, no sudoeste da Bahia, ele afirma que tem orgulho de ser negro, baiano e nordestino<\/p>\n","protected":false},"author":4,"featured_media":11099,"comment_status":"open","ping_status":"open","sticky":false,"template":"","format":"standard","meta":{"colormag_page_container_layout":"default_layout","colormag_page_sidebar_layout":"default_layout","_FSMCFIC_featured_image_caption":"","_FSMCFIC_featured_image_nocaption":"","_FSMCFIC_featured_image_hide":"","footnotes":""},"categories":[4,1],"tags":[],"class_list":["post-11098","post","type-post","status-publish","format-standard","has-post-thumbnail","hentry","category-esporte","category-ultimas"],"yoast_head":"<!-- This site is optimized with the Yoast SEO plugin v27.1.1 - https:\/\/yoast.com\/product\/yoast-seo-wordpress\/ -->\n<title>Presidente da CBF e conselheiro da Fifa, Ednaldo Rodrigues diz que vai \u2018combater racismo como uma praga\u2019 - Brasil not\u00edcias<\/title>\n<meta name=\"robots\" content=\"index, follow, max-snippet:-1, max-image-preview:large, max-video-preview:-1\" \/>\n<link rel=\"canonical\" href=\"https:\/\/brasilnoticias.org\/site\/presidente-da-cbf-e-conselheiro-da-fifa-ednaldo-rodrigues-diz-que-vai-combater-racismo-como-uma-praga\/\" \/>\n<meta property=\"og:locale\" content=\"pt_PT\" \/>\n<meta property=\"og:type\" content=\"article\" \/>\n<meta property=\"og:title\" content=\"Presidente da CBF e conselheiro da Fifa, Ednaldo Rodrigues diz que vai \u2018combater racismo como uma praga\u2019 - Brasil not\u00edcias\" \/>\n<meta property=\"og:description\" content=\"Natural de Vit\u00f3ria da Conquista, no sudoeste da Bahia, ele afirma que tem orgulho de ser negro, baiano e nordestino\" \/>\n<meta property=\"og:url\" content=\"https:\/\/brasilnoticias.org\/site\/presidente-da-cbf-e-conselheiro-da-fifa-ednaldo-rodrigues-diz-que-vai-combater-racismo-como-uma-praga\/\" \/>\n<meta property=\"og:site_name\" content=\"Brasil not\u00edcias\" \/>\n<meta property=\"article:published_time\" content=\"2023-11-21T00:02:30+00:00\" \/>\n<meta property=\"og:image\" content=\"https:\/\/brasilnoticias.org\/site\/wp-content\/uploads\/2023\/11\/Captura-de-Tela-114.png\" \/>\n\t<meta property=\"og:image:width\" content=\"1366\" \/>\n\t<meta property=\"og:image:height\" content=\"768\" \/>\n\t<meta property=\"og:image:type\" content=\"image\/png\" \/>\n<meta name=\"author\" content=\"Reda\u00e7\u00e3o\" \/>\n<meta name=\"twitter:card\" content=\"summary_large_image\" \/>\n<meta name=\"twitter:label1\" content=\"Escrito por\" \/>\n\t<meta name=\"twitter:data1\" content=\"Reda\u00e7\u00e3o\" \/>\n<script type=\"application\/ld+json\" class=\"yoast-schema-graph\">{\"@context\":\"https:\/\/schema.org\",\"@graph\":[{\"@type\":\"Article\",\"@id\":\"https:\/\/brasilnoticias.org\/site\/presidente-da-cbf-e-conselheiro-da-fifa-ednaldo-rodrigues-diz-que-vai-combater-racismo-como-uma-praga\/#article\",\"isPartOf\":{\"@id\":\"https:\/\/brasilnoticias.org\/site\/presidente-da-cbf-e-conselheiro-da-fifa-ednaldo-rodrigues-diz-que-vai-combater-racismo-como-uma-praga\/\"},\"author\":{\"name\":\"Reda\u00e7\u00e3o\",\"@id\":\"https:\/\/brasilnoticias.org\/site\/#\/schema\/person\/03bbbfe6c7634ad18c26444ea39049fa\"},\"headline\":\"Presidente da CBF e conselheiro da Fifa, Ednaldo Rodrigues diz que vai \u2018combater racismo como uma praga\u2019\",\"datePublished\":\"2023-11-21T00:02:30+00:00\",\"mainEntityOfPage\":{\"@id\":\"https:\/\/brasilnoticias.org\/site\/presidente-da-cbf-e-conselheiro-da-fifa-ednaldo-rodrigues-diz-que-vai-combater-racismo-como-uma-praga\/\"},\"wordCount\":255,\"commentCount\":0,\"publisher\":{\"@id\":\"https:\/\/brasilnoticias.org\/site\/#organization\"},\"image\":{\"@id\":\"https:\/\/brasilnoticias.org\/site\/presidente-da-cbf-e-conselheiro-da-fifa-ednaldo-rodrigues-diz-que-vai-combater-racismo-como-uma-praga\/#primaryimage\"},\"thumbnailUrl\":\"https:\/\/brasilnoticias.org\/site\/wp-content\/uploads\/2023\/11\/Captura-de-Tela-114.png\",\"articleSection\":[\"Esporte\",\"\u00daltimas\"],\"inLanguage\":\"pt-PT\",\"potentialAction\":[{\"@type\":\"CommentAction\",\"name\":\"Comment\",\"target\":[\"https:\/\/brasilnoticias.org\/site\/presidente-da-cbf-e-conselheiro-da-fifa-ednaldo-rodrigues-diz-que-vai-combater-racismo-como-uma-praga\/#respond\"]}]},{\"@type\":\"WebPage\",\"@id\":\"https:\/\/brasilnoticias.org\/site\/presidente-da-cbf-e-conselheiro-da-fifa-ednaldo-rodrigues-diz-que-vai-combater-racismo-como-uma-praga\/\",\"url\":\"https:\/\/brasilnoticias.org\/site\/presidente-da-cbf-e-conselheiro-da-fifa-ednaldo-rodrigues-diz-que-vai-combater-racismo-como-uma-praga\/\",\"name\":\"Presidente da CBF e conselheiro da Fifa, Ednaldo Rodrigues diz que vai \u2018combater racismo como uma praga\u2019 - Brasil not\u00edcias\",\"isPartOf\":{\"@id\":\"https:\/\/brasilnoticias.org\/site\/#website\"},\"primaryImageOfPage\":{\"@id\":\"https:\/\/brasilnoticias.org\/site\/presidente-da-cbf-e-conselheiro-da-fifa-ednaldo-rodrigues-diz-que-vai-combater-racismo-como-uma-praga\/#primaryimage\"},\"image\":{\"@id\":\"https:\/\/brasilnoticias.org\/site\/presidente-da-cbf-e-conselheiro-da-fifa-ednaldo-rodrigues-diz-que-vai-combater-racismo-como-uma-praga\/#primaryimage\"},\"thumbnailUrl\":\"https:\/\/brasilnoticias.org\/site\/wp-content\/uploads\/2023\/11\/Captura-de-Tela-114.png\",\"datePublished\":\"2023-11-21T00:02:30+00:00\",\"breadcrumb\":{\"@id\":\"https:\/\/brasilnoticias.org\/site\/presidente-da-cbf-e-conselheiro-da-fifa-ednaldo-rodrigues-diz-que-vai-combater-racismo-como-uma-praga\/#breadcrumb\"},\"inLanguage\":\"pt-PT\",\"potentialAction\":[{\"@type\":\"ReadAction\",\"target\":[\"https:\/\/brasilnoticias.org\/site\/presidente-da-cbf-e-conselheiro-da-fifa-ednaldo-rodrigues-diz-que-vai-combater-racismo-como-uma-praga\/\"]}]},{\"@type\":\"ImageObject\",\"inLanguage\":\"pt-PT\",\"@id\":\"https:\/\/brasilnoticias.org\/site\/presidente-da-cbf-e-conselheiro-da-fifa-ednaldo-rodrigues-diz-que-vai-combater-racismo-como-uma-praga\/#primaryimage\",\"url\":\"https:\/\/brasilnoticias.org\/site\/wp-content\/uploads\/2023\/11\/Captura-de-Tela-114.png\",\"contentUrl\":\"https:\/\/brasilnoticias.org\/site\/wp-content\/uploads\/2023\/11\/Captura-de-Tela-114.png\",\"width\":1366,\"height\":768},{\"@type\":\"BreadcrumbList\",\"@id\":\"https:\/\/brasilnoticias.org\/site\/presidente-da-cbf-e-conselheiro-da-fifa-ednaldo-rodrigues-diz-que-vai-combater-racismo-como-uma-praga\/#breadcrumb\",\"itemListElement\":[{\"@type\":\"ListItem\",\"position\":1,\"name\":\"In\u00edcio\",\"item\":\"https:\/\/brasilnoticias.org\/site\/\"},{\"@type\":\"ListItem\",\"position\":2,\"name\":\"Presidente da CBF e conselheiro da Fifa, Ednaldo Rodrigues diz que vai \u2018combater racismo como uma praga\u2019\"}]},{\"@type\":\"WebSite\",\"@id\":\"https:\/\/brasilnoticias.org\/site\/#website\",\"url\":\"https:\/\/brasilnoticias.org\/site\/\",\"name\":\"Brasil not\u00edcias\",\"description\":\"Brasil not\u00edcias\",\"publisher\":{\"@id\":\"https:\/\/brasilnoticias.org\/site\/#organization\"},\"potentialAction\":[{\"@type\":\"SearchAction\",\"target\":{\"@type\":\"EntryPoint\",\"urlTemplate\":\"https:\/\/brasilnoticias.org\/site\/?s={search_term_string}\"},\"query-input\":{\"@type\":\"PropertyValueSpecification\",\"valueRequired\":true,\"valueName\":\"search_term_string\"}}],\"inLanguage\":\"pt-PT\"},{\"@type\":\"Organization\",\"@id\":\"https:\/\/brasilnoticias.org\/site\/#organization\",\"name\":\"Brasil not\u00edcias\",\"url\":\"https:\/\/brasilnoticias.org\/site\/\",\"logo\":{\"@type\":\"ImageObject\",\"inLanguage\":\"pt-PT\",\"@id\":\"https:\/\/brasilnoticias.org\/site\/#\/schema\/logo\/image\/\",\"url\":\"https:\/\/brasilnoticias.org\/site\/wp-content\/uploads\/2022\/05\/cropped-brasilnoticias-mini.jpg\",\"contentUrl\":\"https:\/\/brasilnoticias.org\/site\/wp-content\/uploads\/2022\/05\/cropped-brasilnoticias-mini.jpg\",\"width\":314,\"height\":86,\"caption\":\"Brasil not\u00edcias\"},\"image\":{\"@id\":\"https:\/\/brasilnoticias.org\/site\/#\/schema\/logo\/image\/\"}},{\"@type\":\"Person\",\"@id\":\"https:\/\/brasilnoticias.org\/site\/#\/schema\/person\/03bbbfe6c7634ad18c26444ea39049fa\",\"name\":\"Reda\u00e7\u00e3o\",\"image\":{\"@type\":\"ImageObject\",\"inLanguage\":\"pt-PT\",\"@id\":\"https:\/\/brasilnoticias.org\/site\/#\/schema\/person\/image\/\",\"url\":\"https:\/\/secure.gravatar.com\/avatar\/9ecaf7327a696cb23ad926fedded5f1f04d7049de9e445375d55b48c001a6e42?s=96&d=mm&r=g\",\"contentUrl\":\"https:\/\/secure.gravatar.com\/avatar\/9ecaf7327a696cb23ad926fedded5f1f04d7049de9e445375d55b48c001a6e42?s=96&d=mm&r=g\",\"caption\":\"Reda\u00e7\u00e3o\"},\"url\":\"https:\/\/brasilnoticias.org\/site\/author\/henrique\/\"}]}<\/script>\n<!-- \/ Yoast SEO plugin. -->","yoast_head_json":{"title":"Presidente da CBF e conselheiro da Fifa, Ednaldo Rodrigues diz que vai \u2018combater racismo como uma praga\u2019 - Brasil not\u00edcias","robots":{"index":"index","follow":"follow","max-snippet":"max-snippet:-1","max-image-preview":"max-image-preview:large","max-video-preview":"max-video-preview:-1"},"canonical":"https:\/\/brasilnoticias.org\/site\/presidente-da-cbf-e-conselheiro-da-fifa-ednaldo-rodrigues-diz-que-vai-combater-racismo-como-uma-praga\/","og_locale":"pt_PT","og_type":"article","og_title":"Presidente da CBF e conselheiro da Fifa, Ednaldo Rodrigues diz que vai \u2018combater racismo como uma praga\u2019 - Brasil not\u00edcias","og_description":"Natural de Vit\u00f3ria da Conquista, no sudoeste da Bahia, ele afirma que tem orgulho de ser negro, baiano e nordestino","og_url":"https:\/\/brasilnoticias.org\/site\/presidente-da-cbf-e-conselheiro-da-fifa-ednaldo-rodrigues-diz-que-vai-combater-racismo-como-uma-praga\/","og_site_name":"Brasil not\u00edcias","article_published_time":"2023-11-21T00:02:30+00:00","og_image":[{"width":1366,"height":768,"url":"https:\/\/brasilnoticias.org\/site\/wp-content\/uploads\/2023\/11\/Captura-de-Tela-114.png","type":"image\/png"}],"author":"Reda\u00e7\u00e3o","twitter_card":"summary_large_image","twitter_misc":{"Escrito por":"Reda\u00e7\u00e3o"},"schema":{"@context":"https:\/\/schema.org","@graph":[{"@type":"Article","@id":"https:\/\/brasilnoticias.org\/site\/presidente-da-cbf-e-conselheiro-da-fifa-ednaldo-rodrigues-diz-que-vai-combater-racismo-como-uma-praga\/#article","isPartOf":{"@id":"https:\/\/brasilnoticias.org\/site\/presidente-da-cbf-e-conselheiro-da-fifa-ednaldo-rodrigues-diz-que-vai-combater-racismo-como-uma-praga\/"},"author":{"name":"Reda\u00e7\u00e3o","@id":"https:\/\/brasilnoticias.org\/site\/#\/schema\/person\/03bbbfe6c7634ad18c26444ea39049fa"},"headline":"Presidente da CBF e conselheiro da Fifa, Ednaldo Rodrigues diz que vai \u2018combater racismo como uma praga\u2019","datePublished":"2023-11-21T00:02:30+00:00","mainEntityOfPage":{"@id":"https:\/\/brasilnoticias.org\/site\/presidente-da-cbf-e-conselheiro-da-fifa-ednaldo-rodrigues-diz-que-vai-combater-racismo-como-uma-praga\/"},"wordCount":255,"commentCount":0,"publisher":{"@id":"https:\/\/brasilnoticias.org\/site\/#organization"},"image":{"@id":"https:\/\/brasilnoticias.org\/site\/presidente-da-cbf-e-conselheiro-da-fifa-ednaldo-rodrigues-diz-que-vai-combater-racismo-como-uma-praga\/#primaryimage"},"thumbnailUrl":"https:\/\/brasilnoticias.org\/site\/wp-content\/uploads\/2023\/11\/Captura-de-Tela-114.png","articleSection":["Esporte","\u00daltimas"],"inLanguage":"pt-PT","potentialAction":[{"@type":"CommentAction","name":"Comment","target":["https:\/\/brasilnoticias.org\/site\/presidente-da-cbf-e-conselheiro-da-fifa-ednaldo-rodrigues-diz-que-vai-combater-racismo-como-uma-praga\/#respond"]}]},{"@type":"WebPage","@id":"https:\/\/brasilnoticias.org\/site\/presidente-da-cbf-e-conselheiro-da-fifa-ednaldo-rodrigues-diz-que-vai-combater-racismo-como-uma-praga\/","url":"https:\/\/brasilnoticias.org\/site\/presidente-da-cbf-e-conselheiro-da-fifa-ednaldo-rodrigues-diz-que-vai-combater-racismo-como-uma-praga\/","name":"Presidente da CBF e conselheiro da Fifa, Ednaldo Rodrigues diz que vai \u2018combater racismo como uma praga\u2019 - Brasil not\u00edcias","isPartOf":{"@id":"https:\/\/brasilnoticias.org\/site\/#website"},"primaryImageOfPage":{"@id":"https:\/\/brasilnoticias.org\/site\/presidente-da-cbf-e-conselheiro-da-fifa-ednaldo-rodrigues-diz-que-vai-combater-racismo-como-uma-praga\/#primaryimage"},"image":{"@id":"https:\/\/brasilnoticias.org\/site\/presidente-da-cbf-e-conselheiro-da-fifa-ednaldo-rodrigues-diz-que-vai-combater-racismo-como-uma-praga\/#primaryimage"},"thumbnailUrl":"https:\/\/brasilnoticias.org\/site\/wp-content\/uploads\/2023\/11\/Captura-de-Tela-114.png","datePublished":"2023-11-21T00:02:30+00:00","breadcrumb":{"@id":"https:\/\/brasilnoticias.org\/site\/presidente-da-cbf-e-conselheiro-da-fifa-ednaldo-rodrigues-diz-que-vai-combater-racismo-como-uma-praga\/#breadcrumb"},"inLanguage":"pt-PT","potentialAction":[{"@type":"ReadAction","target":["https:\/\/brasilnoticias.org\/site\/presidente-da-cbf-e-conselheiro-da-fifa-ednaldo-rodrigues-diz-que-vai-combater-racismo-como-uma-praga\/"]}]},{"@type":"ImageObject","inLanguage":"pt-PT","@id":"https:\/\/brasilnoticias.org\/site\/presidente-da-cbf-e-conselheiro-da-fifa-ednaldo-rodrigues-diz-que-vai-combater-racismo-como-uma-praga\/#primaryimage","url":"https:\/\/brasilnoticias.org\/site\/wp-content\/uploads\/2023\/11\/Captura-de-Tela-114.png","contentUrl":"https:\/\/brasilnoticias.org\/site\/wp-content\/uploads\/2023\/11\/Captura-de-Tela-114.png","width":1366,"height":768},{"@type":"BreadcrumbList","@id":"https:\/\/brasilnoticias.org\/site\/presidente-da-cbf-e-conselheiro-da-fifa-ednaldo-rodrigues-diz-que-vai-combater-racismo-como-uma-praga\/#breadcrumb","itemListElement":[{"@type":"ListItem","position":1,"name":"In\u00edcio","item":"https:\/\/brasilnoticias.org\/site\/"},{"@type":"ListItem","position":2,"name":"Presidente da CBF e conselheiro da Fifa, Ednaldo Rodrigues diz que vai \u2018combater racismo como uma praga\u2019"}]},{"@type":"WebSite","@id":"https:\/\/brasilnoticias.org\/site\/#website","url":"https:\/\/brasilnoticias.org\/site\/","name":"Brasil not\u00edcias","description":"Brasil not\u00edcias","publisher":{"@id":"https:\/\/brasilnoticias.org\/site\/#organization"},"potentialAction":[{"@type":"SearchAction","target":{"@type":"EntryPoint","urlTemplate":"https:\/\/brasilnoticias.org\/site\/?s={search_term_string}"},"query-input":{"@type":"PropertyValueSpecification","valueRequired":true,"valueName":"search_term_string"}}],"inLanguage":"pt-PT"},{"@type":"Organization","@id":"https:\/\/brasilnoticias.org\/site\/#organization","name":"Brasil not\u00edcias","url":"https:\/\/brasilnoticias.org\/site\/","logo":{"@type":"ImageObject","inLanguage":"pt-PT","@id":"https:\/\/brasilnoticias.org\/site\/#\/schema\/logo\/image\/","url":"https:\/\/brasilnoticias.org\/site\/wp-content\/uploads\/2022\/05\/cropped-brasilnoticias-mini.jpg","contentUrl":"https:\/\/brasilnoticias.org\/site\/wp-content\/uploads\/2022\/05\/cropped-brasilnoticias-mini.jpg","width":314,"height":86,"caption":"Brasil not\u00edcias"},"image":{"@id":"https:\/\/brasilnoticias.org\/site\/#\/schema\/logo\/image\/"}},{"@type":"Person","@id":"https:\/\/brasilnoticias.org\/site\/#\/schema\/person\/03bbbfe6c7634ad18c26444ea39049fa","name":"Reda\u00e7\u00e3o","image":{"@type":"ImageObject","inLanguage":"pt-PT","@id":"https:\/\/brasilnoticias.org\/site\/#\/schema\/person\/image\/","url":"https:\/\/secure.gravatar.com\/avatar\/9ecaf7327a696cb23ad926fedded5f1f04d7049de9e445375d55b48c001a6e42?s=96&d=mm&r=g","contentUrl":"https:\/\/secure.gravatar.com\/avatar\/9ecaf7327a696cb23ad926fedded5f1f04d7049de9e445375d55b48c001a6e42?s=96&d=mm&r=g","caption":"Reda\u00e7\u00e3o"},"url":"https:\/\/brasilnoticias.org\/site\/author\/henrique\/"}]}},"_links":{"self":[{"href":"https:\/\/brasilnoticias.org\/site\/wp-json\/wp\/v2\/posts\/11098","targetHints":{"allow":["GET"]}}],"collection":[{"href":"https:\/\/brasilnoticias.org\/site\/wp-json\/wp\/v2\/posts"}],"about":[{"href":"https:\/\/brasilnoticias.org\/site\/wp-json\/wp\/v2\/types\/post"}],"author":[{"embeddable":true,"href":"https:\/\/brasilnoticias.org\/site\/wp-json\/wp\/v2\/users\/4"}],"replies":[{"embeddable":true,"href":"https:\/\/brasilnoticias.org\/site\/wp-json\/wp\/v2\/comments?post=11098"}],"version-history":[{"count":1,"href":"https:\/\/brasilnoticias.org\/site\/wp-json\/wp\/v2\/posts\/11098\/revisions"}],"predecessor-version":[{"id":11100,"href":"https:\/\/brasilnoticias.org\/site\/wp-json\/wp\/v2\/posts\/11098\/revisions\/11100"}],"wp:featuredmedia":[{"embeddable":true,"href":"https:\/\/brasilnoticias.org\/site\/wp-json\/wp\/v2\/media\/11099"}],"wp:attachment":[{"href":"https:\/\/brasilnoticias.org\/site\/wp-json\/wp\/v2\/media?parent=11098"}],"wp:term":[{"taxonomy":"category","embeddable":true,"href":"https:\/\/brasilnoticias.org\/site\/wp-json\/wp\/v2\/categories?post=11098"},{"taxonomy":"post_tag","embeddable":true,"href":"https:\/\/brasilnoticias.org\/site\/wp-json\/wp\/v2\/tags?post=11098"}],"curies":[{"name":"wp","href":"https:\/\/api.w.org\/{rel}","templated":true}]}}