{"id":11107,"date":"2023-11-20T21:07:03","date_gmt":"2023-11-21T00:07:03","guid":{"rendered":"https:\/\/brasilnoticias.org\/site\/?p=11107"},"modified":"2023-11-20T21:07:03","modified_gmt":"2023-11-21T00:07:03","slug":"lula-presta-um-minuto-de-silencio-em-homenagem-a-mae-bernadete-e-quilombolas-mortos-em-2023","status":"publish","type":"post","link":"https:\/\/brasilnoticias.org\/site\/lula-presta-um-minuto-de-silencio-em-homenagem-a-mae-bernadete-e-quilombolas-mortos-em-2023\/","title":{"rendered":"Lula presta um minuto de sil\u00eancio em homenagem \u00e0 M\u00e3e Bernadete e quilombolas mortos em 2023"},"content":{"rendered":"<p>O ato ocorreu nesta segunda-feira (20), durante a cerim\u00f4nia para celebrar o Dia da Consci\u00eancia Negra, no Pal\u00e1cio do Planalto<\/p>\n<p>Reunido com ministros e militantes, o presidente Luiz In\u00e1cio Lula da Silva (PT) prestou um minuto de sil\u00eancio, nesta segunda-feira (20), em homenagem \u00e0 M\u00e3e Bernadete e \u00e0s lideran\u00e7as quilombolas assassinadas neste ano. O ato ocorreu pela manh\u00e3, durante a cerim\u00f4nia para celebrar o Dia da Consci\u00eancia Negra, organizada pelo governo federal no Pal\u00e1cio do Planalto.<\/p>\n<p>Em 24 de agosto de 2023, o caso estampou a capa &#8220;Mem\u00f3ria da Resist\u00eancia&#8221; do Jornal Metropole, que relembou os detalhes do assassinato da ialorix\u00e1, morta dentro de casa, com 22 tiros. O crime ocorreu no dia 17 de agosto deste ano, tr\u00eas meses atr\u00e1s.<\/p>\n<p>A atualiza\u00e7\u00e3o mais recente sobre o homic\u00eddio foi divulgada na \u00faltima quinta-feira (16), quando a Pol\u00edcia Civil afirmou que a morte de M\u00e3e Bernadete teria sido articulada a partir da insatisfa\u00e7\u00e3o de um morador do Quilombo Pitanga dos Palmares, que instigou traficantes a matarem a l\u00edder quilombola.<\/p>\n<p>No entanto, o filho da ialorix\u00e1, Jurandir Wellington Pac\u00edfico, discordou das conclus\u00f5es apresentadas pela corpora\u00e7\u00e3o. &#8220;N\u00e3o concordo com o que foi apresentado pela pol\u00edcia. Na minha avalia\u00e7\u00e3o, o tr\u00e1fico foi contratado e executou a minha m\u00e3e a mando de algu\u00e9m. A execu\u00e7\u00e3o dela foi terceirizada para os traficantes&#8221;, disse, em entrevista ao jornal Folha de S.Paulo.<\/p>\n<p>Dia da Consci\u00eancia Negra<\/p>\n<p>Al\u00e9m de Lula, a cerim\u00f4nia contou com a presen\u00e7a dos ministros Silvio Almeida (Direitos Humanos), Margareth Menezes (Cultura); Marina Silva (Meio Ambiente) e Anielle Franco (Igualdade Racial). Tamb\u00e9m contou com a participa\u00e7\u00e3o da primeira-ministra Ros\u00e2ngela Lula da Silva, mais conhecida como Janja.<\/p>\n<p>No evento, o mandat\u00e1rio assinou um pacote de 13 a\u00e7\u00f5es para incentivar a igualdade racial no pa\u00eds. As medidas contemplam titula\u00e7\u00f5es de territ\u00f3rios quilombolas, acordos de coopera\u00e7\u00e3o, abertura de editais e cria\u00e7\u00e3o de grupos de trabalho de minist\u00e9rios.<\/p>\n<p>Foto: Ricardo Stuckert\/PR<br \/>\nPor: Metro1<\/p>\n","protected":false},"excerpt":{"rendered":"<p>O ato ocorreu nesta segunda-feira (20), durante a cerim\u00f4nia para celebrar o Dia da Consci\u00eancia Negra, no Pal\u00e1cio do Planalto<\/p>\n","protected":false},"author":4,"featured_media":11108,"comment_status":"open","ping_status":"open","sticky":false,"template":"","format":"standard","meta":{"colormag_page_container_layout":"default_layout","colormag_page_sidebar_layout":"default_layout","_FSMCFIC_featured_image_caption":"","_FSMCFIC_featured_image_nocaption":"","_FSMCFIC_featured_image_hide":"","footnotes":""},"categories":[5,1],"tags":[],"class_list":["post-11107","post","type-post","status-publish","format-standard","has-post-thumbnail","hentry","category-politica","category-ultimas"],"yoast_head":"<!-- This site is optimized with the Yoast SEO plugin v27.1.1 - https:\/\/yoast.com\/product\/yoast-seo-wordpress\/ -->\n<title>Lula presta um minuto de sil\u00eancio em homenagem \u00e0 M\u00e3e Bernadete e quilombolas mortos em 2023 - Brasil not\u00edcias<\/title>\n<meta name=\"robots\" content=\"index, follow, max-snippet:-1, max-image-preview:large, max-video-preview:-1\" \/>\n<link rel=\"canonical\" href=\"https:\/\/brasilnoticias.org\/site\/lula-presta-um-minuto-de-silencio-em-homenagem-a-mae-bernadete-e-quilombolas-mortos-em-2023\/\" \/>\n<meta property=\"og:locale\" content=\"pt_PT\" \/>\n<meta property=\"og:type\" content=\"article\" \/>\n<meta property=\"og:title\" content=\"Lula presta um minuto de sil\u00eancio em homenagem \u00e0 M\u00e3e Bernadete e quilombolas mortos em 2023 - Brasil not\u00edcias\" \/>\n<meta property=\"og:description\" content=\"O ato ocorreu nesta segunda-feira (20), durante a cerim\u00f4nia para celebrar o Dia da Consci\u00eancia Negra, no Pal\u00e1cio do Planalto\" \/>\n<meta property=\"og:url\" content=\"https:\/\/brasilnoticias.org\/site\/lula-presta-um-minuto-de-silencio-em-homenagem-a-mae-bernadete-e-quilombolas-mortos-em-2023\/\" \/>\n<meta property=\"og:site_name\" content=\"Brasil not\u00edcias\" \/>\n<meta property=\"article:published_time\" content=\"2023-11-21T00:07:03+00:00\" \/>\n<meta property=\"og:image\" content=\"https:\/\/brasilnoticias.org\/site\/wp-content\/uploads\/2023\/11\/143347lula-presta-um-minuto-de-silencio-em-homenagem-a-mae-bernadete-e-quilombolas-mortos-em-2023-3.jpg\" \/>\n\t<meta property=\"og:image:width\" content=\"1600\" \/>\n\t<meta property=\"og:image:height\" content=\"752\" \/>\n\t<meta property=\"og:image:type\" content=\"image\/jpeg\" \/>\n<meta name=\"author\" content=\"Reda\u00e7\u00e3o\" \/>\n<meta name=\"twitter:card\" content=\"summary_large_image\" \/>\n<meta name=\"twitter:label1\" content=\"Escrito por\" \/>\n\t<meta name=\"twitter:data1\" content=\"Reda\u00e7\u00e3o\" \/>\n<script type=\"application\/ld+json\" class=\"yoast-schema-graph\">{\"@context\":\"https:\/\/schema.org\",\"@graph\":[{\"@type\":\"Article\",\"@id\":\"https:\/\/brasilnoticias.org\/site\/lula-presta-um-minuto-de-silencio-em-homenagem-a-mae-bernadete-e-quilombolas-mortos-em-2023\/#article\",\"isPartOf\":{\"@id\":\"https:\/\/brasilnoticias.org\/site\/lula-presta-um-minuto-de-silencio-em-homenagem-a-mae-bernadete-e-quilombolas-mortos-em-2023\/\"},\"author\":{\"name\":\"Reda\u00e7\u00e3o\",\"@id\":\"https:\/\/brasilnoticias.org\/site\/#\/schema\/person\/03bbbfe6c7634ad18c26444ea39049fa\"},\"headline\":\"Lula presta um minuto de sil\u00eancio em homenagem \u00e0 M\u00e3e Bernadete e quilombolas mortos em 2023\",\"datePublished\":\"2023-11-21T00:07:03+00:00\",\"mainEntityOfPage\":{\"@id\":\"https:\/\/brasilnoticias.org\/site\/lula-presta-um-minuto-de-silencio-em-homenagem-a-mae-bernadete-e-quilombolas-mortos-em-2023\/\"},\"wordCount\":367,\"commentCount\":0,\"publisher\":{\"@id\":\"https:\/\/brasilnoticias.org\/site\/#organization\"},\"image\":{\"@id\":\"https:\/\/brasilnoticias.org\/site\/lula-presta-um-minuto-de-silencio-em-homenagem-a-mae-bernadete-e-quilombolas-mortos-em-2023\/#primaryimage\"},\"thumbnailUrl\":\"https:\/\/brasilnoticias.org\/site\/wp-content\/uploads\/2023\/11\/143347lula-presta-um-minuto-de-silencio-em-homenagem-a-mae-bernadete-e-quilombolas-mortos-em-2023-3.jpg\",\"articleSection\":[\"Pol\u00edtica\",\"\u00daltimas\"],\"inLanguage\":\"pt-PT\",\"potentialAction\":[{\"@type\":\"CommentAction\",\"name\":\"Comment\",\"target\":[\"https:\/\/brasilnoticias.org\/site\/lula-presta-um-minuto-de-silencio-em-homenagem-a-mae-bernadete-e-quilombolas-mortos-em-2023\/#respond\"]}]},{\"@type\":\"WebPage\",\"@id\":\"https:\/\/brasilnoticias.org\/site\/lula-presta-um-minuto-de-silencio-em-homenagem-a-mae-bernadete-e-quilombolas-mortos-em-2023\/\",\"url\":\"https:\/\/brasilnoticias.org\/site\/lula-presta-um-minuto-de-silencio-em-homenagem-a-mae-bernadete-e-quilombolas-mortos-em-2023\/\",\"name\":\"Lula presta um minuto de sil\u00eancio em homenagem \u00e0 M\u00e3e Bernadete e quilombolas mortos em 2023 - Brasil not\u00edcias\",\"isPartOf\":{\"@id\":\"https:\/\/brasilnoticias.org\/site\/#website\"},\"primaryImageOfPage\":{\"@id\":\"https:\/\/brasilnoticias.org\/site\/lula-presta-um-minuto-de-silencio-em-homenagem-a-mae-bernadete-e-quilombolas-mortos-em-2023\/#primaryimage\"},\"image\":{\"@id\":\"https:\/\/brasilnoticias.org\/site\/lula-presta-um-minuto-de-silencio-em-homenagem-a-mae-bernadete-e-quilombolas-mortos-em-2023\/#primaryimage\"},\"thumbnailUrl\":\"https:\/\/brasilnoticias.org\/site\/wp-content\/uploads\/2023\/11\/143347lula-presta-um-minuto-de-silencio-em-homenagem-a-mae-bernadete-e-quilombolas-mortos-em-2023-3.jpg\",\"datePublished\":\"2023-11-21T00:07:03+00:00\",\"breadcrumb\":{\"@id\":\"https:\/\/brasilnoticias.org\/site\/lula-presta-um-minuto-de-silencio-em-homenagem-a-mae-bernadete-e-quilombolas-mortos-em-2023\/#breadcrumb\"},\"inLanguage\":\"pt-PT\",\"potentialAction\":[{\"@type\":\"ReadAction\",\"target\":[\"https:\/\/brasilnoticias.org\/site\/lula-presta-um-minuto-de-silencio-em-homenagem-a-mae-bernadete-e-quilombolas-mortos-em-2023\/\"]}]},{\"@type\":\"ImageObject\",\"inLanguage\":\"pt-PT\",\"@id\":\"https:\/\/brasilnoticias.org\/site\/lula-presta-um-minuto-de-silencio-em-homenagem-a-mae-bernadete-e-quilombolas-mortos-em-2023\/#primaryimage\",\"url\":\"https:\/\/brasilnoticias.org\/site\/wp-content\/uploads\/2023\/11\/143347lula-presta-um-minuto-de-silencio-em-homenagem-a-mae-bernadete-e-quilombolas-mortos-em-2023-3.jpg\",\"contentUrl\":\"https:\/\/brasilnoticias.org\/site\/wp-content\/uploads\/2023\/11\/143347lula-presta-um-minuto-de-silencio-em-homenagem-a-mae-bernadete-e-quilombolas-mortos-em-2023-3.jpg\",\"width\":1600,\"height\":752},{\"@type\":\"BreadcrumbList\",\"@id\":\"https:\/\/brasilnoticias.org\/site\/lula-presta-um-minuto-de-silencio-em-homenagem-a-mae-bernadete-e-quilombolas-mortos-em-2023\/#breadcrumb\",\"itemListElement\":[{\"@type\":\"ListItem\",\"position\":1,\"name\":\"In\u00edcio\",\"item\":\"https:\/\/brasilnoticias.org\/site\/\"},{\"@type\":\"ListItem\",\"position\":2,\"name\":\"Lula presta um minuto de sil\u00eancio em homenagem \u00e0 M\u00e3e Bernadete e quilombolas mortos em 2023\"}]},{\"@type\":\"WebSite\",\"@id\":\"https:\/\/brasilnoticias.org\/site\/#website\",\"url\":\"https:\/\/brasilnoticias.org\/site\/\",\"name\":\"Brasil not\u00edcias\",\"description\":\"Brasil not\u00edcias\",\"publisher\":{\"@id\":\"https:\/\/brasilnoticias.org\/site\/#organization\"},\"potentialAction\":[{\"@type\":\"SearchAction\",\"target\":{\"@type\":\"EntryPoint\",\"urlTemplate\":\"https:\/\/brasilnoticias.org\/site\/?s={search_term_string}\"},\"query-input\":{\"@type\":\"PropertyValueSpecification\",\"valueRequired\":true,\"valueName\":\"search_term_string\"}}],\"inLanguage\":\"pt-PT\"},{\"@type\":\"Organization\",\"@id\":\"https:\/\/brasilnoticias.org\/site\/#organization\",\"name\":\"Brasil not\u00edcias\",\"url\":\"https:\/\/brasilnoticias.org\/site\/\",\"logo\":{\"@type\":\"ImageObject\",\"inLanguage\":\"pt-PT\",\"@id\":\"https:\/\/brasilnoticias.org\/site\/#\/schema\/logo\/image\/\",\"url\":\"https:\/\/brasilnoticias.org\/site\/wp-content\/uploads\/2022\/05\/cropped-brasilnoticias-mini.jpg\",\"contentUrl\":\"https:\/\/brasilnoticias.org\/site\/wp-content\/uploads\/2022\/05\/cropped-brasilnoticias-mini.jpg\",\"width\":314,\"height\":86,\"caption\":\"Brasil not\u00edcias\"},\"image\":{\"@id\":\"https:\/\/brasilnoticias.org\/site\/#\/schema\/logo\/image\/\"}},{\"@type\":\"Person\",\"@id\":\"https:\/\/brasilnoticias.org\/site\/#\/schema\/person\/03bbbfe6c7634ad18c26444ea39049fa\",\"name\":\"Reda\u00e7\u00e3o\",\"image\":{\"@type\":\"ImageObject\",\"inLanguage\":\"pt-PT\",\"@id\":\"https:\/\/brasilnoticias.org\/site\/#\/schema\/person\/image\/\",\"url\":\"https:\/\/secure.gravatar.com\/avatar\/9ecaf7327a696cb23ad926fedded5f1f04d7049de9e445375d55b48c001a6e42?s=96&d=mm&r=g\",\"contentUrl\":\"https:\/\/secure.gravatar.com\/avatar\/9ecaf7327a696cb23ad926fedded5f1f04d7049de9e445375d55b48c001a6e42?s=96&d=mm&r=g\",\"caption\":\"Reda\u00e7\u00e3o\"},\"url\":\"https:\/\/brasilnoticias.org\/site\/author\/henrique\/\"}]}<\/script>\n<!-- \/ Yoast SEO plugin. -->","yoast_head_json":{"title":"Lula presta um minuto de sil\u00eancio em homenagem \u00e0 M\u00e3e Bernadete e quilombolas mortos em 2023 - Brasil not\u00edcias","robots":{"index":"index","follow":"follow","max-snippet":"max-snippet:-1","max-image-preview":"max-image-preview:large","max-video-preview":"max-video-preview:-1"},"canonical":"https:\/\/brasilnoticias.org\/site\/lula-presta-um-minuto-de-silencio-em-homenagem-a-mae-bernadete-e-quilombolas-mortos-em-2023\/","og_locale":"pt_PT","og_type":"article","og_title":"Lula presta um minuto de sil\u00eancio em homenagem \u00e0 M\u00e3e Bernadete e quilombolas mortos em 2023 - Brasil not\u00edcias","og_description":"O ato ocorreu nesta segunda-feira (20), durante a cerim\u00f4nia para celebrar o Dia da Consci\u00eancia Negra, no Pal\u00e1cio do Planalto","og_url":"https:\/\/brasilnoticias.org\/site\/lula-presta-um-minuto-de-silencio-em-homenagem-a-mae-bernadete-e-quilombolas-mortos-em-2023\/","og_site_name":"Brasil not\u00edcias","article_published_time":"2023-11-21T00:07:03+00:00","og_image":[{"width":1600,"height":752,"url":"https:\/\/brasilnoticias.org\/site\/wp-content\/uploads\/2023\/11\/143347lula-presta-um-minuto-de-silencio-em-homenagem-a-mae-bernadete-e-quilombolas-mortos-em-2023-3.jpg","type":"image\/jpeg"}],"author":"Reda\u00e7\u00e3o","twitter_card":"summary_large_image","twitter_misc":{"Escrito por":"Reda\u00e7\u00e3o"},"schema":{"@context":"https:\/\/schema.org","@graph":[{"@type":"Article","@id":"https:\/\/brasilnoticias.org\/site\/lula-presta-um-minuto-de-silencio-em-homenagem-a-mae-bernadete-e-quilombolas-mortos-em-2023\/#article","isPartOf":{"@id":"https:\/\/brasilnoticias.org\/site\/lula-presta-um-minuto-de-silencio-em-homenagem-a-mae-bernadete-e-quilombolas-mortos-em-2023\/"},"author":{"name":"Reda\u00e7\u00e3o","@id":"https:\/\/brasilnoticias.org\/site\/#\/schema\/person\/03bbbfe6c7634ad18c26444ea39049fa"},"headline":"Lula presta um minuto de sil\u00eancio em homenagem \u00e0 M\u00e3e Bernadete e quilombolas mortos em 2023","datePublished":"2023-11-21T00:07:03+00:00","mainEntityOfPage":{"@id":"https:\/\/brasilnoticias.org\/site\/lula-presta-um-minuto-de-silencio-em-homenagem-a-mae-bernadete-e-quilombolas-mortos-em-2023\/"},"wordCount":367,"commentCount":0,"publisher":{"@id":"https:\/\/brasilnoticias.org\/site\/#organization"},"image":{"@id":"https:\/\/brasilnoticias.org\/site\/lula-presta-um-minuto-de-silencio-em-homenagem-a-mae-bernadete-e-quilombolas-mortos-em-2023\/#primaryimage"},"thumbnailUrl":"https:\/\/brasilnoticias.org\/site\/wp-content\/uploads\/2023\/11\/143347lula-presta-um-minuto-de-silencio-em-homenagem-a-mae-bernadete-e-quilombolas-mortos-em-2023-3.jpg","articleSection":["Pol\u00edtica","\u00daltimas"],"inLanguage":"pt-PT","potentialAction":[{"@type":"CommentAction","name":"Comment","target":["https:\/\/brasilnoticias.org\/site\/lula-presta-um-minuto-de-silencio-em-homenagem-a-mae-bernadete-e-quilombolas-mortos-em-2023\/#respond"]}]},{"@type":"WebPage","@id":"https:\/\/brasilnoticias.org\/site\/lula-presta-um-minuto-de-silencio-em-homenagem-a-mae-bernadete-e-quilombolas-mortos-em-2023\/","url":"https:\/\/brasilnoticias.org\/site\/lula-presta-um-minuto-de-silencio-em-homenagem-a-mae-bernadete-e-quilombolas-mortos-em-2023\/","name":"Lula presta um minuto de sil\u00eancio em homenagem \u00e0 M\u00e3e Bernadete e quilombolas mortos em 2023 - Brasil not\u00edcias","isPartOf":{"@id":"https:\/\/brasilnoticias.org\/site\/#website"},"primaryImageOfPage":{"@id":"https:\/\/brasilnoticias.org\/site\/lula-presta-um-minuto-de-silencio-em-homenagem-a-mae-bernadete-e-quilombolas-mortos-em-2023\/#primaryimage"},"image":{"@id":"https:\/\/brasilnoticias.org\/site\/lula-presta-um-minuto-de-silencio-em-homenagem-a-mae-bernadete-e-quilombolas-mortos-em-2023\/#primaryimage"},"thumbnailUrl":"https:\/\/brasilnoticias.org\/site\/wp-content\/uploads\/2023\/11\/143347lula-presta-um-minuto-de-silencio-em-homenagem-a-mae-bernadete-e-quilombolas-mortos-em-2023-3.jpg","datePublished":"2023-11-21T00:07:03+00:00","breadcrumb":{"@id":"https:\/\/brasilnoticias.org\/site\/lula-presta-um-minuto-de-silencio-em-homenagem-a-mae-bernadete-e-quilombolas-mortos-em-2023\/#breadcrumb"},"inLanguage":"pt-PT","potentialAction":[{"@type":"ReadAction","target":["https:\/\/brasilnoticias.org\/site\/lula-presta-um-minuto-de-silencio-em-homenagem-a-mae-bernadete-e-quilombolas-mortos-em-2023\/"]}]},{"@type":"ImageObject","inLanguage":"pt-PT","@id":"https:\/\/brasilnoticias.org\/site\/lula-presta-um-minuto-de-silencio-em-homenagem-a-mae-bernadete-e-quilombolas-mortos-em-2023\/#primaryimage","url":"https:\/\/brasilnoticias.org\/site\/wp-content\/uploads\/2023\/11\/143347lula-presta-um-minuto-de-silencio-em-homenagem-a-mae-bernadete-e-quilombolas-mortos-em-2023-3.jpg","contentUrl":"https:\/\/brasilnoticias.org\/site\/wp-content\/uploads\/2023\/11\/143347lula-presta-um-minuto-de-silencio-em-homenagem-a-mae-bernadete-e-quilombolas-mortos-em-2023-3.jpg","width":1600,"height":752},{"@type":"BreadcrumbList","@id":"https:\/\/brasilnoticias.org\/site\/lula-presta-um-minuto-de-silencio-em-homenagem-a-mae-bernadete-e-quilombolas-mortos-em-2023\/#breadcrumb","itemListElement":[{"@type":"ListItem","position":1,"name":"In\u00edcio","item":"https:\/\/brasilnoticias.org\/site\/"},{"@type":"ListItem","position":2,"name":"Lula presta um minuto de sil\u00eancio em homenagem \u00e0 M\u00e3e Bernadete e quilombolas mortos em 2023"}]},{"@type":"WebSite","@id":"https:\/\/brasilnoticias.org\/site\/#website","url":"https:\/\/brasilnoticias.org\/site\/","name":"Brasil not\u00edcias","description":"Brasil not\u00edcias","publisher":{"@id":"https:\/\/brasilnoticias.org\/site\/#organization"},"potentialAction":[{"@type":"SearchAction","target":{"@type":"EntryPoint","urlTemplate":"https:\/\/brasilnoticias.org\/site\/?s={search_term_string}"},"query-input":{"@type":"PropertyValueSpecification","valueRequired":true,"valueName":"search_term_string"}}],"inLanguage":"pt-PT"},{"@type":"Organization","@id":"https:\/\/brasilnoticias.org\/site\/#organization","name":"Brasil not\u00edcias","url":"https:\/\/brasilnoticias.org\/site\/","logo":{"@type":"ImageObject","inLanguage":"pt-PT","@id":"https:\/\/brasilnoticias.org\/site\/#\/schema\/logo\/image\/","url":"https:\/\/brasilnoticias.org\/site\/wp-content\/uploads\/2022\/05\/cropped-brasilnoticias-mini.jpg","contentUrl":"https:\/\/brasilnoticias.org\/site\/wp-content\/uploads\/2022\/05\/cropped-brasilnoticias-mini.jpg","width":314,"height":86,"caption":"Brasil not\u00edcias"},"image":{"@id":"https:\/\/brasilnoticias.org\/site\/#\/schema\/logo\/image\/"}},{"@type":"Person","@id":"https:\/\/brasilnoticias.org\/site\/#\/schema\/person\/03bbbfe6c7634ad18c26444ea39049fa","name":"Reda\u00e7\u00e3o","image":{"@type":"ImageObject","inLanguage":"pt-PT","@id":"https:\/\/brasilnoticias.org\/site\/#\/schema\/person\/image\/","url":"https:\/\/secure.gravatar.com\/avatar\/9ecaf7327a696cb23ad926fedded5f1f04d7049de9e445375d55b48c001a6e42?s=96&d=mm&r=g","contentUrl":"https:\/\/secure.gravatar.com\/avatar\/9ecaf7327a696cb23ad926fedded5f1f04d7049de9e445375d55b48c001a6e42?s=96&d=mm&r=g","caption":"Reda\u00e7\u00e3o"},"url":"https:\/\/brasilnoticias.org\/site\/author\/henrique\/"}]}},"_links":{"self":[{"href":"https:\/\/brasilnoticias.org\/site\/wp-json\/wp\/v2\/posts\/11107","targetHints":{"allow":["GET"]}}],"collection":[{"href":"https:\/\/brasilnoticias.org\/site\/wp-json\/wp\/v2\/posts"}],"about":[{"href":"https:\/\/brasilnoticias.org\/site\/wp-json\/wp\/v2\/types\/post"}],"author":[{"embeddable":true,"href":"https:\/\/brasilnoticias.org\/site\/wp-json\/wp\/v2\/users\/4"}],"replies":[{"embeddable":true,"href":"https:\/\/brasilnoticias.org\/site\/wp-json\/wp\/v2\/comments?post=11107"}],"version-history":[{"count":1,"href":"https:\/\/brasilnoticias.org\/site\/wp-json\/wp\/v2\/posts\/11107\/revisions"}],"predecessor-version":[{"id":11109,"href":"https:\/\/brasilnoticias.org\/site\/wp-json\/wp\/v2\/posts\/11107\/revisions\/11109"}],"wp:featuredmedia":[{"embeddable":true,"href":"https:\/\/brasilnoticias.org\/site\/wp-json\/wp\/v2\/media\/11108"}],"wp:attachment":[{"href":"https:\/\/brasilnoticias.org\/site\/wp-json\/wp\/v2\/media?parent=11107"}],"wp:term":[{"taxonomy":"category","embeddable":true,"href":"https:\/\/brasilnoticias.org\/site\/wp-json\/wp\/v2\/categories?post=11107"},{"taxonomy":"post_tag","embeddable":true,"href":"https:\/\/brasilnoticias.org\/site\/wp-json\/wp\/v2\/tags?post=11107"}],"curies":[{"name":"wp","href":"https:\/\/api.w.org\/{rel}","templated":true}]}}