{"id":11116,"date":"2023-11-21T08:00:32","date_gmt":"2023-11-21T11:00:32","guid":{"rendered":"https:\/\/brasilnoticias.org\/site\/?p=11116"},"modified":"2023-11-20T21:16:16","modified_gmt":"2023-11-21T00:16:16","slug":"por-que-em-salvador-nao-e-feriado-no-dia-da-consciencia-negra","status":"publish","type":"post","link":"https:\/\/brasilnoticias.org\/site\/por-que-em-salvador-nao-e-feriado-no-dia-da-consciencia-negra\/","title":{"rendered":"Por que em Salvador n\u00e3o \u00e9 feriado no Dia da Consci\u00eancia Negra?"},"content":{"rendered":"<p>Na ocasi\u00e3o em que a data foi estabelecida, a cidade j\u00e1 havia alcan\u00e7ado o limite de feriados concedidos<\/p>\n<p>Salvador \u00e9 a cidade com maior popula\u00e7\u00e3o negra fora do continente africano, mas n\u00e3o possui feriado no dia 20 de novembro, data em que se celebra a Consci\u00eancia Negra. Isso porque a capital baiana chegou ao limite de feriados municipais. Na ocasi\u00e3o em que a data foi estabelecida, a cidade j\u00e1 havia alcan\u00e7ado o limite de feriados concedidos.<\/p>\n<p>O 20 de novembro, definido como Dia da Consci\u00eancia Negra no Brasil pela Lei Federal n\u00ba 12.519\/2011, foi idealizado na d\u00e9cada de 1970 pelo pesquisador ga\u00facho Oliveira Silveira e pelo Grupo Palmares de Porto Alegre (RS). Desde 2011, a data est\u00e1 no calend\u00e1rio oficial do pa\u00eds, sendo feriado em todas as cidades dos estados de Alagoas, Amazonas, Amap\u00e1, Mato Grosso e Rio de Janeiro. Na Bahia, algumas cidades como Alagoinhas, Lauro de Freitas, Cruz das Almas, Cama\u00e7ari e Serrinha celebram a data como feriado. <\/p>\n<p>De acordo com a Lei Federal 9.093\/1995, o n\u00famero de feriados municipais n\u00e3o pode ser superior a quatro. E na capital baiana, os quatro feriados s\u00e3o ligados \u00e0 celebra\u00e7\u00f5es cat\u00f3licas, 7 de abril (sexta-feira): Paix\u00e3o de Cristo (Sexta-feira Santa), 8 de junho (quinta-feira): Corpus Christi, 24 de junho (s\u00e1bado): Dia de S\u00e3o Jo\u00e3o e 8 de dezembro (sexta-feira): Dia de Nossa Senhora da Concei\u00e7\u00e3o da Praia. <\/p>\n<p>A lei federal confere ainda aos estados a responsabilidade de designar um feriado estadual, sendo que, na Bahia, essa celebra\u00e7\u00e3o ocorre em 2 de julho, coincidindo com o Dia da Independ\u00eancia do Brasil no estado. Para que o dia 20 de novembro seja considerado feriado em Salvador, seria necess\u00e1rio substituir outra data, o que geraria pol\u00eamica na substitui\u00e7\u00e3o dos feriados hist\u00f3ricos ou cat\u00f3licos j\u00e1 estabelecidos.<\/p>\n<p>Foto: Camila Souza\/GOVBA<br \/>\nPor: Metro1<\/p>\n","protected":false},"excerpt":{"rendered":"<p>Na ocasi\u00e3o em que a data foi estabelecida, a cidade j\u00e1 havia alcan\u00e7ado o limite de feriados concedidos Salvador \u00e9<\/p>\n","protected":false},"author":4,"featured_media":11117,"comment_status":"open","ping_status":"open","sticky":false,"template":"","format":"standard","meta":{"colormag_page_container_layout":"default_layout","colormag_page_sidebar_layout":"default_layout","_FSMCFIC_featured_image_caption":"","_FSMCFIC_featured_image_nocaption":"","_FSMCFIC_featured_image_hide":"","footnotes":""},"categories":[2,1],"tags":[],"class_list":["post-11116","post","type-post","status-publish","format-standard","has-post-thumbnail","hentry","category-noticias","category-ultimas"],"yoast_head":"<!-- This site is optimized with the Yoast SEO plugin v27.1.1 - https:\/\/yoast.com\/product\/yoast-seo-wordpress\/ -->\n<title>Por que em Salvador n\u00e3o \u00e9 feriado no Dia da Consci\u00eancia Negra? - Brasil not\u00edcias<\/title>\n<meta name=\"robots\" content=\"index, follow, max-snippet:-1, max-image-preview:large, max-video-preview:-1\" \/>\n<link rel=\"canonical\" href=\"https:\/\/brasilnoticias.org\/site\/por-que-em-salvador-nao-e-feriado-no-dia-da-consciencia-negra\/\" \/>\n<meta property=\"og:locale\" content=\"pt_PT\" \/>\n<meta property=\"og:type\" content=\"article\" \/>\n<meta property=\"og:title\" content=\"Por que em Salvador n\u00e3o \u00e9 feriado no Dia da Consci\u00eancia Negra? - Brasil not\u00edcias\" \/>\n<meta property=\"og:description\" content=\"Na ocasi\u00e3o em que a data foi estabelecida, a cidade j\u00e1 havia alcan\u00e7ado o limite de feriados concedidos Salvador \u00e9\" \/>\n<meta property=\"og:url\" content=\"https:\/\/brasilnoticias.org\/site\/por-que-em-salvador-nao-e-feriado-no-dia-da-consciencia-negra\/\" \/>\n<meta property=\"og:site_name\" content=\"Brasil not\u00edcias\" \/>\n<meta property=\"article:published_time\" content=\"2023-11-21T11:00:32+00:00\" \/>\n<meta property=\"og:image\" content=\"https:\/\/brasilnoticias.org\/site\/wp-content\/uploads\/2023\/11\/143341por-que-em-salvador-nao-e-feriado-no-dia-da-consciencia-negraa-3.jpg\" \/>\n\t<meta property=\"og:image:width\" content=\"1600\" \/>\n\t<meta property=\"og:image:height\" content=\"752\" \/>\n\t<meta property=\"og:image:type\" content=\"image\/jpeg\" \/>\n<meta name=\"author\" content=\"Reda\u00e7\u00e3o\" \/>\n<meta name=\"twitter:card\" content=\"summary_large_image\" \/>\n<meta name=\"twitter:label1\" content=\"Escrito por\" \/>\n\t<meta name=\"twitter:data1\" content=\"Reda\u00e7\u00e3o\" \/>\n<script type=\"application\/ld+json\" class=\"yoast-schema-graph\">{\"@context\":\"https:\/\/schema.org\",\"@graph\":[{\"@type\":\"Article\",\"@id\":\"https:\/\/brasilnoticias.org\/site\/por-que-em-salvador-nao-e-feriado-no-dia-da-consciencia-negra\/#article\",\"isPartOf\":{\"@id\":\"https:\/\/brasilnoticias.org\/site\/por-que-em-salvador-nao-e-feriado-no-dia-da-consciencia-negra\/\"},\"author\":{\"name\":\"Reda\u00e7\u00e3o\",\"@id\":\"https:\/\/brasilnoticias.org\/site\/#\/schema\/person\/03bbbfe6c7634ad18c26444ea39049fa\"},\"headline\":\"Por que em Salvador n\u00e3o \u00e9 feriado no Dia da Consci\u00eancia Negra?\",\"datePublished\":\"2023-11-21T11:00:32+00:00\",\"mainEntityOfPage\":{\"@id\":\"https:\/\/brasilnoticias.org\/site\/por-que-em-salvador-nao-e-feriado-no-dia-da-consciencia-negra\/\"},\"wordCount\":326,\"commentCount\":0,\"publisher\":{\"@id\":\"https:\/\/brasilnoticias.org\/site\/#organization\"},\"image\":{\"@id\":\"https:\/\/brasilnoticias.org\/site\/por-que-em-salvador-nao-e-feriado-no-dia-da-consciencia-negra\/#primaryimage\"},\"thumbnailUrl\":\"https:\/\/brasilnoticias.org\/site\/wp-content\/uploads\/2023\/11\/143341por-que-em-salvador-nao-e-feriado-no-dia-da-consciencia-negraa-3.jpg\",\"articleSection\":[\"Not\u00edcias\",\"\u00daltimas\"],\"inLanguage\":\"pt-PT\",\"potentialAction\":[{\"@type\":\"CommentAction\",\"name\":\"Comment\",\"target\":[\"https:\/\/brasilnoticias.org\/site\/por-que-em-salvador-nao-e-feriado-no-dia-da-consciencia-negra\/#respond\"]}]},{\"@type\":\"WebPage\",\"@id\":\"https:\/\/brasilnoticias.org\/site\/por-que-em-salvador-nao-e-feriado-no-dia-da-consciencia-negra\/\",\"url\":\"https:\/\/brasilnoticias.org\/site\/por-que-em-salvador-nao-e-feriado-no-dia-da-consciencia-negra\/\",\"name\":\"Por que em Salvador n\u00e3o \u00e9 feriado no Dia da Consci\u00eancia Negra? - Brasil not\u00edcias\",\"isPartOf\":{\"@id\":\"https:\/\/brasilnoticias.org\/site\/#website\"},\"primaryImageOfPage\":{\"@id\":\"https:\/\/brasilnoticias.org\/site\/por-que-em-salvador-nao-e-feriado-no-dia-da-consciencia-negra\/#primaryimage\"},\"image\":{\"@id\":\"https:\/\/brasilnoticias.org\/site\/por-que-em-salvador-nao-e-feriado-no-dia-da-consciencia-negra\/#primaryimage\"},\"thumbnailUrl\":\"https:\/\/brasilnoticias.org\/site\/wp-content\/uploads\/2023\/11\/143341por-que-em-salvador-nao-e-feriado-no-dia-da-consciencia-negraa-3.jpg\",\"datePublished\":\"2023-11-21T11:00:32+00:00\",\"breadcrumb\":{\"@id\":\"https:\/\/brasilnoticias.org\/site\/por-que-em-salvador-nao-e-feriado-no-dia-da-consciencia-negra\/#breadcrumb\"},\"inLanguage\":\"pt-PT\",\"potentialAction\":[{\"@type\":\"ReadAction\",\"target\":[\"https:\/\/brasilnoticias.org\/site\/por-que-em-salvador-nao-e-feriado-no-dia-da-consciencia-negra\/\"]}]},{\"@type\":\"ImageObject\",\"inLanguage\":\"pt-PT\",\"@id\":\"https:\/\/brasilnoticias.org\/site\/por-que-em-salvador-nao-e-feriado-no-dia-da-consciencia-negra\/#primaryimage\",\"url\":\"https:\/\/brasilnoticias.org\/site\/wp-content\/uploads\/2023\/11\/143341por-que-em-salvador-nao-e-feriado-no-dia-da-consciencia-negraa-3.jpg\",\"contentUrl\":\"https:\/\/brasilnoticias.org\/site\/wp-content\/uploads\/2023\/11\/143341por-que-em-salvador-nao-e-feriado-no-dia-da-consciencia-negraa-3.jpg\",\"width\":1600,\"height\":752},{\"@type\":\"BreadcrumbList\",\"@id\":\"https:\/\/brasilnoticias.org\/site\/por-que-em-salvador-nao-e-feriado-no-dia-da-consciencia-negra\/#breadcrumb\",\"itemListElement\":[{\"@type\":\"ListItem\",\"position\":1,\"name\":\"In\u00edcio\",\"item\":\"https:\/\/brasilnoticias.org\/site\/\"},{\"@type\":\"ListItem\",\"position\":2,\"name\":\"Por que em Salvador n\u00e3o \u00e9 feriado no Dia da Consci\u00eancia Negra?\"}]},{\"@type\":\"WebSite\",\"@id\":\"https:\/\/brasilnoticias.org\/site\/#website\",\"url\":\"https:\/\/brasilnoticias.org\/site\/\",\"name\":\"Brasil not\u00edcias\",\"description\":\"Brasil not\u00edcias\",\"publisher\":{\"@id\":\"https:\/\/brasilnoticias.org\/site\/#organization\"},\"potentialAction\":[{\"@type\":\"SearchAction\",\"target\":{\"@type\":\"EntryPoint\",\"urlTemplate\":\"https:\/\/brasilnoticias.org\/site\/?s={search_term_string}\"},\"query-input\":{\"@type\":\"PropertyValueSpecification\",\"valueRequired\":true,\"valueName\":\"search_term_string\"}}],\"inLanguage\":\"pt-PT\"},{\"@type\":\"Organization\",\"@id\":\"https:\/\/brasilnoticias.org\/site\/#organization\",\"name\":\"Brasil not\u00edcias\",\"url\":\"https:\/\/brasilnoticias.org\/site\/\",\"logo\":{\"@type\":\"ImageObject\",\"inLanguage\":\"pt-PT\",\"@id\":\"https:\/\/brasilnoticias.org\/site\/#\/schema\/logo\/image\/\",\"url\":\"https:\/\/brasilnoticias.org\/site\/wp-content\/uploads\/2022\/05\/cropped-brasilnoticias-mini.jpg\",\"contentUrl\":\"https:\/\/brasilnoticias.org\/site\/wp-content\/uploads\/2022\/05\/cropped-brasilnoticias-mini.jpg\",\"width\":314,\"height\":86,\"caption\":\"Brasil not\u00edcias\"},\"image\":{\"@id\":\"https:\/\/brasilnoticias.org\/site\/#\/schema\/logo\/image\/\"}},{\"@type\":\"Person\",\"@id\":\"https:\/\/brasilnoticias.org\/site\/#\/schema\/person\/03bbbfe6c7634ad18c26444ea39049fa\",\"name\":\"Reda\u00e7\u00e3o\",\"image\":{\"@type\":\"ImageObject\",\"inLanguage\":\"pt-PT\",\"@id\":\"https:\/\/brasilnoticias.org\/site\/#\/schema\/person\/image\/\",\"url\":\"https:\/\/secure.gravatar.com\/avatar\/9ecaf7327a696cb23ad926fedded5f1f04d7049de9e445375d55b48c001a6e42?s=96&d=mm&r=g\",\"contentUrl\":\"https:\/\/secure.gravatar.com\/avatar\/9ecaf7327a696cb23ad926fedded5f1f04d7049de9e445375d55b48c001a6e42?s=96&d=mm&r=g\",\"caption\":\"Reda\u00e7\u00e3o\"},\"url\":\"https:\/\/brasilnoticias.org\/site\/author\/henrique\/\"}]}<\/script>\n<!-- \/ Yoast SEO plugin. -->","yoast_head_json":{"title":"Por que em Salvador n\u00e3o \u00e9 feriado no Dia da Consci\u00eancia Negra? - Brasil not\u00edcias","robots":{"index":"index","follow":"follow","max-snippet":"max-snippet:-1","max-image-preview":"max-image-preview:large","max-video-preview":"max-video-preview:-1"},"canonical":"https:\/\/brasilnoticias.org\/site\/por-que-em-salvador-nao-e-feriado-no-dia-da-consciencia-negra\/","og_locale":"pt_PT","og_type":"article","og_title":"Por que em Salvador n\u00e3o \u00e9 feriado no Dia da Consci\u00eancia Negra? - Brasil not\u00edcias","og_description":"Na ocasi\u00e3o em que a data foi estabelecida, a cidade j\u00e1 havia alcan\u00e7ado o limite de feriados concedidos Salvador \u00e9","og_url":"https:\/\/brasilnoticias.org\/site\/por-que-em-salvador-nao-e-feriado-no-dia-da-consciencia-negra\/","og_site_name":"Brasil not\u00edcias","article_published_time":"2023-11-21T11:00:32+00:00","og_image":[{"width":1600,"height":752,"url":"https:\/\/brasilnoticias.org\/site\/wp-content\/uploads\/2023\/11\/143341por-que-em-salvador-nao-e-feriado-no-dia-da-consciencia-negraa-3.jpg","type":"image\/jpeg"}],"author":"Reda\u00e7\u00e3o","twitter_card":"summary_large_image","twitter_misc":{"Escrito por":"Reda\u00e7\u00e3o"},"schema":{"@context":"https:\/\/schema.org","@graph":[{"@type":"Article","@id":"https:\/\/brasilnoticias.org\/site\/por-que-em-salvador-nao-e-feriado-no-dia-da-consciencia-negra\/#article","isPartOf":{"@id":"https:\/\/brasilnoticias.org\/site\/por-que-em-salvador-nao-e-feriado-no-dia-da-consciencia-negra\/"},"author":{"name":"Reda\u00e7\u00e3o","@id":"https:\/\/brasilnoticias.org\/site\/#\/schema\/person\/03bbbfe6c7634ad18c26444ea39049fa"},"headline":"Por que em Salvador n\u00e3o \u00e9 feriado no Dia da Consci\u00eancia Negra?","datePublished":"2023-11-21T11:00:32+00:00","mainEntityOfPage":{"@id":"https:\/\/brasilnoticias.org\/site\/por-que-em-salvador-nao-e-feriado-no-dia-da-consciencia-negra\/"},"wordCount":326,"commentCount":0,"publisher":{"@id":"https:\/\/brasilnoticias.org\/site\/#organization"},"image":{"@id":"https:\/\/brasilnoticias.org\/site\/por-que-em-salvador-nao-e-feriado-no-dia-da-consciencia-negra\/#primaryimage"},"thumbnailUrl":"https:\/\/brasilnoticias.org\/site\/wp-content\/uploads\/2023\/11\/143341por-que-em-salvador-nao-e-feriado-no-dia-da-consciencia-negraa-3.jpg","articleSection":["Not\u00edcias","\u00daltimas"],"inLanguage":"pt-PT","potentialAction":[{"@type":"CommentAction","name":"Comment","target":["https:\/\/brasilnoticias.org\/site\/por-que-em-salvador-nao-e-feriado-no-dia-da-consciencia-negra\/#respond"]}]},{"@type":"WebPage","@id":"https:\/\/brasilnoticias.org\/site\/por-que-em-salvador-nao-e-feriado-no-dia-da-consciencia-negra\/","url":"https:\/\/brasilnoticias.org\/site\/por-que-em-salvador-nao-e-feriado-no-dia-da-consciencia-negra\/","name":"Por que em Salvador n\u00e3o \u00e9 feriado no Dia da Consci\u00eancia Negra? - Brasil not\u00edcias","isPartOf":{"@id":"https:\/\/brasilnoticias.org\/site\/#website"},"primaryImageOfPage":{"@id":"https:\/\/brasilnoticias.org\/site\/por-que-em-salvador-nao-e-feriado-no-dia-da-consciencia-negra\/#primaryimage"},"image":{"@id":"https:\/\/brasilnoticias.org\/site\/por-que-em-salvador-nao-e-feriado-no-dia-da-consciencia-negra\/#primaryimage"},"thumbnailUrl":"https:\/\/brasilnoticias.org\/site\/wp-content\/uploads\/2023\/11\/143341por-que-em-salvador-nao-e-feriado-no-dia-da-consciencia-negraa-3.jpg","datePublished":"2023-11-21T11:00:32+00:00","breadcrumb":{"@id":"https:\/\/brasilnoticias.org\/site\/por-que-em-salvador-nao-e-feriado-no-dia-da-consciencia-negra\/#breadcrumb"},"inLanguage":"pt-PT","potentialAction":[{"@type":"ReadAction","target":["https:\/\/brasilnoticias.org\/site\/por-que-em-salvador-nao-e-feriado-no-dia-da-consciencia-negra\/"]}]},{"@type":"ImageObject","inLanguage":"pt-PT","@id":"https:\/\/brasilnoticias.org\/site\/por-que-em-salvador-nao-e-feriado-no-dia-da-consciencia-negra\/#primaryimage","url":"https:\/\/brasilnoticias.org\/site\/wp-content\/uploads\/2023\/11\/143341por-que-em-salvador-nao-e-feriado-no-dia-da-consciencia-negraa-3.jpg","contentUrl":"https:\/\/brasilnoticias.org\/site\/wp-content\/uploads\/2023\/11\/143341por-que-em-salvador-nao-e-feriado-no-dia-da-consciencia-negraa-3.jpg","width":1600,"height":752},{"@type":"BreadcrumbList","@id":"https:\/\/brasilnoticias.org\/site\/por-que-em-salvador-nao-e-feriado-no-dia-da-consciencia-negra\/#breadcrumb","itemListElement":[{"@type":"ListItem","position":1,"name":"In\u00edcio","item":"https:\/\/brasilnoticias.org\/site\/"},{"@type":"ListItem","position":2,"name":"Por que em Salvador n\u00e3o \u00e9 feriado no Dia da Consci\u00eancia Negra?"}]},{"@type":"WebSite","@id":"https:\/\/brasilnoticias.org\/site\/#website","url":"https:\/\/brasilnoticias.org\/site\/","name":"Brasil not\u00edcias","description":"Brasil not\u00edcias","publisher":{"@id":"https:\/\/brasilnoticias.org\/site\/#organization"},"potentialAction":[{"@type":"SearchAction","target":{"@type":"EntryPoint","urlTemplate":"https:\/\/brasilnoticias.org\/site\/?s={search_term_string}"},"query-input":{"@type":"PropertyValueSpecification","valueRequired":true,"valueName":"search_term_string"}}],"inLanguage":"pt-PT"},{"@type":"Organization","@id":"https:\/\/brasilnoticias.org\/site\/#organization","name":"Brasil not\u00edcias","url":"https:\/\/brasilnoticias.org\/site\/","logo":{"@type":"ImageObject","inLanguage":"pt-PT","@id":"https:\/\/brasilnoticias.org\/site\/#\/schema\/logo\/image\/","url":"https:\/\/brasilnoticias.org\/site\/wp-content\/uploads\/2022\/05\/cropped-brasilnoticias-mini.jpg","contentUrl":"https:\/\/brasilnoticias.org\/site\/wp-content\/uploads\/2022\/05\/cropped-brasilnoticias-mini.jpg","width":314,"height":86,"caption":"Brasil not\u00edcias"},"image":{"@id":"https:\/\/brasilnoticias.org\/site\/#\/schema\/logo\/image\/"}},{"@type":"Person","@id":"https:\/\/brasilnoticias.org\/site\/#\/schema\/person\/03bbbfe6c7634ad18c26444ea39049fa","name":"Reda\u00e7\u00e3o","image":{"@type":"ImageObject","inLanguage":"pt-PT","@id":"https:\/\/brasilnoticias.org\/site\/#\/schema\/person\/image\/","url":"https:\/\/secure.gravatar.com\/avatar\/9ecaf7327a696cb23ad926fedded5f1f04d7049de9e445375d55b48c001a6e42?s=96&d=mm&r=g","contentUrl":"https:\/\/secure.gravatar.com\/avatar\/9ecaf7327a696cb23ad926fedded5f1f04d7049de9e445375d55b48c001a6e42?s=96&d=mm&r=g","caption":"Reda\u00e7\u00e3o"},"url":"https:\/\/brasilnoticias.org\/site\/author\/henrique\/"}]}},"_links":{"self":[{"href":"https:\/\/brasilnoticias.org\/site\/wp-json\/wp\/v2\/posts\/11116","targetHints":{"allow":["GET"]}}],"collection":[{"href":"https:\/\/brasilnoticias.org\/site\/wp-json\/wp\/v2\/posts"}],"about":[{"href":"https:\/\/brasilnoticias.org\/site\/wp-json\/wp\/v2\/types\/post"}],"author":[{"embeddable":true,"href":"https:\/\/brasilnoticias.org\/site\/wp-json\/wp\/v2\/users\/4"}],"replies":[{"embeddable":true,"href":"https:\/\/brasilnoticias.org\/site\/wp-json\/wp\/v2\/comments?post=11116"}],"version-history":[{"count":1,"href":"https:\/\/brasilnoticias.org\/site\/wp-json\/wp\/v2\/posts\/11116\/revisions"}],"predecessor-version":[{"id":11118,"href":"https:\/\/brasilnoticias.org\/site\/wp-json\/wp\/v2\/posts\/11116\/revisions\/11118"}],"wp:featuredmedia":[{"embeddable":true,"href":"https:\/\/brasilnoticias.org\/site\/wp-json\/wp\/v2\/media\/11117"}],"wp:attachment":[{"href":"https:\/\/brasilnoticias.org\/site\/wp-json\/wp\/v2\/media?parent=11116"}],"wp:term":[{"taxonomy":"category","embeddable":true,"href":"https:\/\/brasilnoticias.org\/site\/wp-json\/wp\/v2\/categories?post=11116"},{"taxonomy":"post_tag","embeddable":true,"href":"https:\/\/brasilnoticias.org\/site\/wp-json\/wp\/v2\/tags?post=11116"}],"curies":[{"name":"wp","href":"https:\/\/api.w.org\/{rel}","templated":true}]}}