{"id":11119,"date":"2023-11-21T17:40:06","date_gmt":"2023-11-21T20:40:06","guid":{"rendered":"https:\/\/brasilnoticias.org\/site\/?p=11119"},"modified":"2023-11-21T17:40:06","modified_gmt":"2023-11-21T20:40:06","slug":"homem-acaba-morto-e-submetralhadora-e-apreendida-na-bahia-entenda-caso","status":"publish","type":"post","link":"https:\/\/brasilnoticias.org\/site\/homem-acaba-morto-e-submetralhadora-e-apreendida-na-bahia-entenda-caso\/","title":{"rendered":"Homem acaba morto e submetralhadora \u00e9 apreendida na Bahia; entenda caso"},"content":{"rendered":"<p>O homem acabou morto ap\u00f3s ser atingido durante uma troca de tiros com a PM<\/p>\n<p>Um homem acabou morto, ap\u00f3s trocar tiros com a Pol\u00edcia Militar em posse de uma submetralhadora 9mm na cidade de Porto Seguro, no extremo sul do estado. O caso foi registrado pelas equipes da Pol\u00edcia Militar nesta ter\u00e7a-feira (21\/11).<\/p>\n<p>Por meio de nota, a Secret\u00e1ria de Seguran\u00e7a P\u00fablica (SSP) detalhou que equipes das Rondas Especiais (Rondesp) realizavam rondas pelo bairro de Frei Calixto, em uma \u00e1rea de mata, quando encontraram um grupo de homens armados.<\/p>\n<p>Estes homens teriam aberto fogo contra os policiais, onde houve o revide e uma troca de tiros foi iniciada. Ap\u00f3s o fim dos disparos, um homem foi encontrado ao solo, atingido, onde n\u00e3o resistiu aos ferimentos. Segundo o capit\u00e3o Evaristo Alvares, respons\u00e1vel pela opera\u00e7\u00e3o, os demais homens conseguiram fugir.<\/p>\n<p>Desde sua cria\u00e7\u00e3o, atrav\u00e9s do Plano de Reestrutura\u00e7\u00e3o da Seguran\u00e7a P\u00fablica do governo do estado, a unidade retirou das ruas mais de 50 armas de fogo.<\/p>\n<p>Foto: Divulga\u00e7\u00e3o\/SSP<br \/>\nAratu On<\/p>\n","protected":false},"excerpt":{"rendered":"<p>O homem acabou morto ap\u00f3s ser atingido durante uma troca de tiros com a PM Um homem acabou morto, ap\u00f3s<\/p>\n","protected":false},"author":4,"featured_media":11120,"comment_status":"open","ping_status":"open","sticky":false,"template":"","format":"standard","meta":{"colormag_page_container_layout":"default_layout","colormag_page_sidebar_layout":"default_layout","_FSMCFIC_featured_image_caption":"","_FSMCFIC_featured_image_nocaption":"","_FSMCFIC_featured_image_hide":"","footnotes":""},"categories":[3,1],"tags":[],"class_list":["post-11119","post","type-post","status-publish","format-standard","has-post-thumbnail","hentry","category-policia","category-ultimas"],"yoast_head":"<!-- This site is optimized with the Yoast SEO plugin v27.1.1 - https:\/\/yoast.com\/product\/yoast-seo-wordpress\/ -->\n<title>Homem acaba morto e submetralhadora \u00e9 apreendida na Bahia; entenda caso - Brasil not\u00edcias<\/title>\n<meta name=\"robots\" content=\"index, follow, max-snippet:-1, max-image-preview:large, max-video-preview:-1\" \/>\n<link rel=\"canonical\" href=\"https:\/\/brasilnoticias.org\/site\/homem-acaba-morto-e-submetralhadora-e-apreendida-na-bahia-entenda-caso\/\" \/>\n<meta property=\"og:locale\" content=\"pt_PT\" \/>\n<meta property=\"og:type\" content=\"article\" \/>\n<meta property=\"og:title\" content=\"Homem acaba morto e submetralhadora \u00e9 apreendida na Bahia; entenda caso - Brasil not\u00edcias\" \/>\n<meta property=\"og:description\" content=\"O homem acabou morto ap\u00f3s ser atingido durante uma troca de tiros com a PM Um homem acabou morto, ap\u00f3s\" \/>\n<meta property=\"og:url\" content=\"https:\/\/brasilnoticias.org\/site\/homem-acaba-morto-e-submetralhadora-e-apreendida-na-bahia-entenda-caso\/\" \/>\n<meta property=\"og:site_name\" content=\"Brasil not\u00edcias\" \/>\n<meta property=\"article:published_time\" content=\"2023-11-21T20:40:06+00:00\" \/>\n<meta property=\"og:image\" content=\"https:\/\/brasilnoticias.org\/site\/wp-content\/uploads\/2023\/11\/WhatsApp-Image-2023-11-21-at-13.30.22-1-e1700586058621-740x470-1.jpeg\" \/>\n\t<meta property=\"og:image:width\" content=\"740\" \/>\n\t<meta property=\"og:image:height\" content=\"470\" \/>\n\t<meta property=\"og:image:type\" content=\"image\/jpeg\" \/>\n<meta name=\"author\" content=\"Reda\u00e7\u00e3o\" \/>\n<meta name=\"twitter:card\" content=\"summary_large_image\" \/>\n<meta name=\"twitter:label1\" content=\"Escrito por\" \/>\n\t<meta name=\"twitter:data1\" content=\"Reda\u00e7\u00e3o\" \/>\n<script type=\"application\/ld+json\" class=\"yoast-schema-graph\">{\"@context\":\"https:\/\/schema.org\",\"@graph\":[{\"@type\":\"Article\",\"@id\":\"https:\/\/brasilnoticias.org\/site\/homem-acaba-morto-e-submetralhadora-e-apreendida-na-bahia-entenda-caso\/#article\",\"isPartOf\":{\"@id\":\"https:\/\/brasilnoticias.org\/site\/homem-acaba-morto-e-submetralhadora-e-apreendida-na-bahia-entenda-caso\/\"},\"author\":{\"name\":\"Reda\u00e7\u00e3o\",\"@id\":\"https:\/\/brasilnoticias.org\/site\/#\/schema\/person\/03bbbfe6c7634ad18c26444ea39049fa\"},\"headline\":\"Homem acaba morto e submetralhadora \u00e9 apreendida na Bahia; entenda caso\",\"datePublished\":\"2023-11-21T20:40:06+00:00\",\"mainEntityOfPage\":{\"@id\":\"https:\/\/brasilnoticias.org\/site\/homem-acaba-morto-e-submetralhadora-e-apreendida-na-bahia-entenda-caso\/\"},\"wordCount\":197,\"commentCount\":0,\"publisher\":{\"@id\":\"https:\/\/brasilnoticias.org\/site\/#organization\"},\"image\":{\"@id\":\"https:\/\/brasilnoticias.org\/site\/homem-acaba-morto-e-submetralhadora-e-apreendida-na-bahia-entenda-caso\/#primaryimage\"},\"thumbnailUrl\":\"https:\/\/brasilnoticias.org\/site\/wp-content\/uploads\/2023\/11\/WhatsApp-Image-2023-11-21-at-13.30.22-1-e1700586058621-740x470-1.jpeg\",\"articleSection\":[\"Pol\u00edcia\",\"\u00daltimas\"],\"inLanguage\":\"pt-PT\",\"potentialAction\":[{\"@type\":\"CommentAction\",\"name\":\"Comment\",\"target\":[\"https:\/\/brasilnoticias.org\/site\/homem-acaba-morto-e-submetralhadora-e-apreendida-na-bahia-entenda-caso\/#respond\"]}]},{\"@type\":\"WebPage\",\"@id\":\"https:\/\/brasilnoticias.org\/site\/homem-acaba-morto-e-submetralhadora-e-apreendida-na-bahia-entenda-caso\/\",\"url\":\"https:\/\/brasilnoticias.org\/site\/homem-acaba-morto-e-submetralhadora-e-apreendida-na-bahia-entenda-caso\/\",\"name\":\"Homem acaba morto e submetralhadora \u00e9 apreendida na Bahia; entenda caso - Brasil not\u00edcias\",\"isPartOf\":{\"@id\":\"https:\/\/brasilnoticias.org\/site\/#website\"},\"primaryImageOfPage\":{\"@id\":\"https:\/\/brasilnoticias.org\/site\/homem-acaba-morto-e-submetralhadora-e-apreendida-na-bahia-entenda-caso\/#primaryimage\"},\"image\":{\"@id\":\"https:\/\/brasilnoticias.org\/site\/homem-acaba-morto-e-submetralhadora-e-apreendida-na-bahia-entenda-caso\/#primaryimage\"},\"thumbnailUrl\":\"https:\/\/brasilnoticias.org\/site\/wp-content\/uploads\/2023\/11\/WhatsApp-Image-2023-11-21-at-13.30.22-1-e1700586058621-740x470-1.jpeg\",\"datePublished\":\"2023-11-21T20:40:06+00:00\",\"breadcrumb\":{\"@id\":\"https:\/\/brasilnoticias.org\/site\/homem-acaba-morto-e-submetralhadora-e-apreendida-na-bahia-entenda-caso\/#breadcrumb\"},\"inLanguage\":\"pt-PT\",\"potentialAction\":[{\"@type\":\"ReadAction\",\"target\":[\"https:\/\/brasilnoticias.org\/site\/homem-acaba-morto-e-submetralhadora-e-apreendida-na-bahia-entenda-caso\/\"]}]},{\"@type\":\"ImageObject\",\"inLanguage\":\"pt-PT\",\"@id\":\"https:\/\/brasilnoticias.org\/site\/homem-acaba-morto-e-submetralhadora-e-apreendida-na-bahia-entenda-caso\/#primaryimage\",\"url\":\"https:\/\/brasilnoticias.org\/site\/wp-content\/uploads\/2023\/11\/WhatsApp-Image-2023-11-21-at-13.30.22-1-e1700586058621-740x470-1.jpeg\",\"contentUrl\":\"https:\/\/brasilnoticias.org\/site\/wp-content\/uploads\/2023\/11\/WhatsApp-Image-2023-11-21-at-13.30.22-1-e1700586058621-740x470-1.jpeg\",\"width\":740,\"height\":470},{\"@type\":\"BreadcrumbList\",\"@id\":\"https:\/\/brasilnoticias.org\/site\/homem-acaba-morto-e-submetralhadora-e-apreendida-na-bahia-entenda-caso\/#breadcrumb\",\"itemListElement\":[{\"@type\":\"ListItem\",\"position\":1,\"name\":\"In\u00edcio\",\"item\":\"https:\/\/brasilnoticias.org\/site\/\"},{\"@type\":\"ListItem\",\"position\":2,\"name\":\"Homem acaba morto e submetralhadora \u00e9 apreendida na Bahia; entenda caso\"}]},{\"@type\":\"WebSite\",\"@id\":\"https:\/\/brasilnoticias.org\/site\/#website\",\"url\":\"https:\/\/brasilnoticias.org\/site\/\",\"name\":\"Brasil not\u00edcias\",\"description\":\"Brasil not\u00edcias\",\"publisher\":{\"@id\":\"https:\/\/brasilnoticias.org\/site\/#organization\"},\"potentialAction\":[{\"@type\":\"SearchAction\",\"target\":{\"@type\":\"EntryPoint\",\"urlTemplate\":\"https:\/\/brasilnoticias.org\/site\/?s={search_term_string}\"},\"query-input\":{\"@type\":\"PropertyValueSpecification\",\"valueRequired\":true,\"valueName\":\"search_term_string\"}}],\"inLanguage\":\"pt-PT\"},{\"@type\":\"Organization\",\"@id\":\"https:\/\/brasilnoticias.org\/site\/#organization\",\"name\":\"Brasil not\u00edcias\",\"url\":\"https:\/\/brasilnoticias.org\/site\/\",\"logo\":{\"@type\":\"ImageObject\",\"inLanguage\":\"pt-PT\",\"@id\":\"https:\/\/brasilnoticias.org\/site\/#\/schema\/logo\/image\/\",\"url\":\"https:\/\/brasilnoticias.org\/site\/wp-content\/uploads\/2022\/05\/cropped-brasilnoticias-mini.jpg\",\"contentUrl\":\"https:\/\/brasilnoticias.org\/site\/wp-content\/uploads\/2022\/05\/cropped-brasilnoticias-mini.jpg\",\"width\":314,\"height\":86,\"caption\":\"Brasil not\u00edcias\"},\"image\":{\"@id\":\"https:\/\/brasilnoticias.org\/site\/#\/schema\/logo\/image\/\"}},{\"@type\":\"Person\",\"@id\":\"https:\/\/brasilnoticias.org\/site\/#\/schema\/person\/03bbbfe6c7634ad18c26444ea39049fa\",\"name\":\"Reda\u00e7\u00e3o\",\"image\":{\"@type\":\"ImageObject\",\"inLanguage\":\"pt-PT\",\"@id\":\"https:\/\/brasilnoticias.org\/site\/#\/schema\/person\/image\/\",\"url\":\"https:\/\/secure.gravatar.com\/avatar\/9ecaf7327a696cb23ad926fedded5f1f04d7049de9e445375d55b48c001a6e42?s=96&d=mm&r=g\",\"contentUrl\":\"https:\/\/secure.gravatar.com\/avatar\/9ecaf7327a696cb23ad926fedded5f1f04d7049de9e445375d55b48c001a6e42?s=96&d=mm&r=g\",\"caption\":\"Reda\u00e7\u00e3o\"},\"url\":\"https:\/\/brasilnoticias.org\/site\/author\/henrique\/\"}]}<\/script>\n<!-- \/ Yoast SEO plugin. -->","yoast_head_json":{"title":"Homem acaba morto e submetralhadora \u00e9 apreendida na Bahia; entenda caso - Brasil not\u00edcias","robots":{"index":"index","follow":"follow","max-snippet":"max-snippet:-1","max-image-preview":"max-image-preview:large","max-video-preview":"max-video-preview:-1"},"canonical":"https:\/\/brasilnoticias.org\/site\/homem-acaba-morto-e-submetralhadora-e-apreendida-na-bahia-entenda-caso\/","og_locale":"pt_PT","og_type":"article","og_title":"Homem acaba morto e submetralhadora \u00e9 apreendida na Bahia; entenda caso - Brasil not\u00edcias","og_description":"O homem acabou morto ap\u00f3s ser atingido durante uma troca de tiros com a PM Um homem acabou morto, ap\u00f3s","og_url":"https:\/\/brasilnoticias.org\/site\/homem-acaba-morto-e-submetralhadora-e-apreendida-na-bahia-entenda-caso\/","og_site_name":"Brasil not\u00edcias","article_published_time":"2023-11-21T20:40:06+00:00","og_image":[{"width":740,"height":470,"url":"https:\/\/brasilnoticias.org\/site\/wp-content\/uploads\/2023\/11\/WhatsApp-Image-2023-11-21-at-13.30.22-1-e1700586058621-740x470-1.jpeg","type":"image\/jpeg"}],"author":"Reda\u00e7\u00e3o","twitter_card":"summary_large_image","twitter_misc":{"Escrito por":"Reda\u00e7\u00e3o"},"schema":{"@context":"https:\/\/schema.org","@graph":[{"@type":"Article","@id":"https:\/\/brasilnoticias.org\/site\/homem-acaba-morto-e-submetralhadora-e-apreendida-na-bahia-entenda-caso\/#article","isPartOf":{"@id":"https:\/\/brasilnoticias.org\/site\/homem-acaba-morto-e-submetralhadora-e-apreendida-na-bahia-entenda-caso\/"},"author":{"name":"Reda\u00e7\u00e3o","@id":"https:\/\/brasilnoticias.org\/site\/#\/schema\/person\/03bbbfe6c7634ad18c26444ea39049fa"},"headline":"Homem acaba morto e submetralhadora \u00e9 apreendida na Bahia; entenda caso","datePublished":"2023-11-21T20:40:06+00:00","mainEntityOfPage":{"@id":"https:\/\/brasilnoticias.org\/site\/homem-acaba-morto-e-submetralhadora-e-apreendida-na-bahia-entenda-caso\/"},"wordCount":197,"commentCount":0,"publisher":{"@id":"https:\/\/brasilnoticias.org\/site\/#organization"},"image":{"@id":"https:\/\/brasilnoticias.org\/site\/homem-acaba-morto-e-submetralhadora-e-apreendida-na-bahia-entenda-caso\/#primaryimage"},"thumbnailUrl":"https:\/\/brasilnoticias.org\/site\/wp-content\/uploads\/2023\/11\/WhatsApp-Image-2023-11-21-at-13.30.22-1-e1700586058621-740x470-1.jpeg","articleSection":["Pol\u00edcia","\u00daltimas"],"inLanguage":"pt-PT","potentialAction":[{"@type":"CommentAction","name":"Comment","target":["https:\/\/brasilnoticias.org\/site\/homem-acaba-morto-e-submetralhadora-e-apreendida-na-bahia-entenda-caso\/#respond"]}]},{"@type":"WebPage","@id":"https:\/\/brasilnoticias.org\/site\/homem-acaba-morto-e-submetralhadora-e-apreendida-na-bahia-entenda-caso\/","url":"https:\/\/brasilnoticias.org\/site\/homem-acaba-morto-e-submetralhadora-e-apreendida-na-bahia-entenda-caso\/","name":"Homem acaba morto e submetralhadora \u00e9 apreendida na Bahia; entenda caso - Brasil not\u00edcias","isPartOf":{"@id":"https:\/\/brasilnoticias.org\/site\/#website"},"primaryImageOfPage":{"@id":"https:\/\/brasilnoticias.org\/site\/homem-acaba-morto-e-submetralhadora-e-apreendida-na-bahia-entenda-caso\/#primaryimage"},"image":{"@id":"https:\/\/brasilnoticias.org\/site\/homem-acaba-morto-e-submetralhadora-e-apreendida-na-bahia-entenda-caso\/#primaryimage"},"thumbnailUrl":"https:\/\/brasilnoticias.org\/site\/wp-content\/uploads\/2023\/11\/WhatsApp-Image-2023-11-21-at-13.30.22-1-e1700586058621-740x470-1.jpeg","datePublished":"2023-11-21T20:40:06+00:00","breadcrumb":{"@id":"https:\/\/brasilnoticias.org\/site\/homem-acaba-morto-e-submetralhadora-e-apreendida-na-bahia-entenda-caso\/#breadcrumb"},"inLanguage":"pt-PT","potentialAction":[{"@type":"ReadAction","target":["https:\/\/brasilnoticias.org\/site\/homem-acaba-morto-e-submetralhadora-e-apreendida-na-bahia-entenda-caso\/"]}]},{"@type":"ImageObject","inLanguage":"pt-PT","@id":"https:\/\/brasilnoticias.org\/site\/homem-acaba-morto-e-submetralhadora-e-apreendida-na-bahia-entenda-caso\/#primaryimage","url":"https:\/\/brasilnoticias.org\/site\/wp-content\/uploads\/2023\/11\/WhatsApp-Image-2023-11-21-at-13.30.22-1-e1700586058621-740x470-1.jpeg","contentUrl":"https:\/\/brasilnoticias.org\/site\/wp-content\/uploads\/2023\/11\/WhatsApp-Image-2023-11-21-at-13.30.22-1-e1700586058621-740x470-1.jpeg","width":740,"height":470},{"@type":"BreadcrumbList","@id":"https:\/\/brasilnoticias.org\/site\/homem-acaba-morto-e-submetralhadora-e-apreendida-na-bahia-entenda-caso\/#breadcrumb","itemListElement":[{"@type":"ListItem","position":1,"name":"In\u00edcio","item":"https:\/\/brasilnoticias.org\/site\/"},{"@type":"ListItem","position":2,"name":"Homem acaba morto e submetralhadora \u00e9 apreendida na Bahia; entenda caso"}]},{"@type":"WebSite","@id":"https:\/\/brasilnoticias.org\/site\/#website","url":"https:\/\/brasilnoticias.org\/site\/","name":"Brasil not\u00edcias","description":"Brasil not\u00edcias","publisher":{"@id":"https:\/\/brasilnoticias.org\/site\/#organization"},"potentialAction":[{"@type":"SearchAction","target":{"@type":"EntryPoint","urlTemplate":"https:\/\/brasilnoticias.org\/site\/?s={search_term_string}"},"query-input":{"@type":"PropertyValueSpecification","valueRequired":true,"valueName":"search_term_string"}}],"inLanguage":"pt-PT"},{"@type":"Organization","@id":"https:\/\/brasilnoticias.org\/site\/#organization","name":"Brasil not\u00edcias","url":"https:\/\/brasilnoticias.org\/site\/","logo":{"@type":"ImageObject","inLanguage":"pt-PT","@id":"https:\/\/brasilnoticias.org\/site\/#\/schema\/logo\/image\/","url":"https:\/\/brasilnoticias.org\/site\/wp-content\/uploads\/2022\/05\/cropped-brasilnoticias-mini.jpg","contentUrl":"https:\/\/brasilnoticias.org\/site\/wp-content\/uploads\/2022\/05\/cropped-brasilnoticias-mini.jpg","width":314,"height":86,"caption":"Brasil not\u00edcias"},"image":{"@id":"https:\/\/brasilnoticias.org\/site\/#\/schema\/logo\/image\/"}},{"@type":"Person","@id":"https:\/\/brasilnoticias.org\/site\/#\/schema\/person\/03bbbfe6c7634ad18c26444ea39049fa","name":"Reda\u00e7\u00e3o","image":{"@type":"ImageObject","inLanguage":"pt-PT","@id":"https:\/\/brasilnoticias.org\/site\/#\/schema\/person\/image\/","url":"https:\/\/secure.gravatar.com\/avatar\/9ecaf7327a696cb23ad926fedded5f1f04d7049de9e445375d55b48c001a6e42?s=96&d=mm&r=g","contentUrl":"https:\/\/secure.gravatar.com\/avatar\/9ecaf7327a696cb23ad926fedded5f1f04d7049de9e445375d55b48c001a6e42?s=96&d=mm&r=g","caption":"Reda\u00e7\u00e3o"},"url":"https:\/\/brasilnoticias.org\/site\/author\/henrique\/"}]}},"_links":{"self":[{"href":"https:\/\/brasilnoticias.org\/site\/wp-json\/wp\/v2\/posts\/11119","targetHints":{"allow":["GET"]}}],"collection":[{"href":"https:\/\/brasilnoticias.org\/site\/wp-json\/wp\/v2\/posts"}],"about":[{"href":"https:\/\/brasilnoticias.org\/site\/wp-json\/wp\/v2\/types\/post"}],"author":[{"embeddable":true,"href":"https:\/\/brasilnoticias.org\/site\/wp-json\/wp\/v2\/users\/4"}],"replies":[{"embeddable":true,"href":"https:\/\/brasilnoticias.org\/site\/wp-json\/wp\/v2\/comments?post=11119"}],"version-history":[{"count":1,"href":"https:\/\/brasilnoticias.org\/site\/wp-json\/wp\/v2\/posts\/11119\/revisions"}],"predecessor-version":[{"id":11121,"href":"https:\/\/brasilnoticias.org\/site\/wp-json\/wp\/v2\/posts\/11119\/revisions\/11121"}],"wp:featuredmedia":[{"embeddable":true,"href":"https:\/\/brasilnoticias.org\/site\/wp-json\/wp\/v2\/media\/11120"}],"wp:attachment":[{"href":"https:\/\/brasilnoticias.org\/site\/wp-json\/wp\/v2\/media?parent=11119"}],"wp:term":[{"taxonomy":"category","embeddable":true,"href":"https:\/\/brasilnoticias.org\/site\/wp-json\/wp\/v2\/categories?post=11119"},{"taxonomy":"post_tag","embeddable":true,"href":"https:\/\/brasilnoticias.org\/site\/wp-json\/wp\/v2\/tags?post=11119"}],"curies":[{"name":"wp","href":"https:\/\/api.w.org\/{rel}","templated":true}]}}