{"id":11128,"date":"2023-11-21T17:48:31","date_gmt":"2023-11-21T20:48:31","guid":{"rendered":"https:\/\/brasilnoticias.org\/site\/?p=11128"},"modified":"2023-11-21T17:48:31","modified_gmt":"2023-11-21T20:48:31","slug":"homem-e-preso-em-flagrante-por-matar-mulher-em-vera-cruz","status":"publish","type":"post","link":"https:\/\/brasilnoticias.org\/site\/homem-e-preso-em-flagrante-por-matar-mulher-em-vera-cruz\/","title":{"rendered":"Homem \u00e9 preso em flagrante por matar mulher em Vera Cruz"},"content":{"rendered":"<p>O crime \u00e9 investigado pela Pol\u00edcia Civil<\/p>\n<p>Um homem foi preso em flagrante, na manh\u00e3 desta ter\u00e7a-feira (21\/11), por suspeita de matar a companheira, a tiros, na localidade de Gameleira, em Vera Cruz, Regi\u00e3o Metropolitana de Salvador (RMS). A informa\u00e7\u00e3o foi confirmada pela Pol\u00edcia Civil.<\/p>\n<p>Conforme relatos iniciais, extraoficiais, a v\u00edtima, identificada como Maria Jos\u00e9 Vieira Pinto, de 56 anos, foi baleada na cabe\u00e7a, em uma rua da referida localidade. Ela chegou a ser socorrida para um hospital da regi\u00e3o, mas n\u00e3o resistiu.<\/p>\n<p>O suspeito, que n\u00e3o teve o nome divulgado, foi detido por populares at\u00e9 a chegada da Pol\u00edcia Militar. Em seguida, foi encaminhado para a delegacia de Vera Cruz, onde permanece \u00e0 disposi\u00e7\u00e3o da Justi\u00e7a.<\/p>\n<p>A arma utilizada no crime foi apreendida e o caso ser\u00e1 investigado pela Pol\u00edcia Civil.<\/p>\n<p>21 DIAS DE ATIVISMO PELO FIM DA VIOL\u00caNCIA CONTRA A MULHER<\/p>\n<p>Nesta ter\u00e7a-feira (21), a Pol\u00edcia Civil iniciou uma campanha de enfrentamento \u00e0 viol\u00eancia contra a mulher, com a\u00e7\u00f5es de sensibiliza\u00e7\u00e3o, orienta\u00e7\u00e3o e operacionais, realizadas em Salvador e diversas cidades do interior durante os \u201c21 Dias de Ativismo pelo Fim da Viol\u00eancia Contra a Mulher\u201d.<\/p>\n<p>A campanha ocorre por meio do Departamento de Prote\u00e7\u00e3o \u00e0 Mulher, Cidadania e Pessoas Vulner\u00e1veis (DPMCV) e, de acordo com sua diretora, Patr\u00edcia Barreto, o objetivo \u00e9 esclarecer para a sociedade sobre este \u201cproblema que afeta toda fam\u00edlia\u201d. De acordo com ela, as a\u00e7\u00f5es \u201ctamb\u00e9m ajudam a prevenir as agress\u00f5es e quebrar o ciclo da viol\u00eancia dom\u00e9stica e familiar, evitando que chegue ao feminic\u00eddio\u201d.<\/p>\n<p>A programa\u00e7\u00e3o, que come\u00e7ou no \u00faltimo dia 20 e vai at\u00e9 12 de dezembro, conta com atendimento e acolhimento ao p\u00fablico, registros de Boletins de Ocorr\u00eancia (BO\u2019s), cumprimento de mandados judiciais, palestras, panfletagem, orienta\u00e7\u00f5es, roda de conversas e uma corrida de rua, contra a viol\u00eancia dom\u00e9stica e familiar, promovida pela Delegacia Especial de Atendimento \u00e0 Mulher (Deam\/Brotas), na Barra, em Salvador.<\/p>\n<p>No interior do estado, as equipes das Deams realizam encontros e atividades de sensibiliza\u00e7\u00e3o e atendimentos com registro de ocorr\u00eancia em escolas, sindicatos rurais, vias p\u00fablicas e feiras livres, nos munic\u00edpios de Feira de Santana, Porto Seguro, Jequi\u00e9, Paulo Afonso, Itabuna, Ilh\u00e9us e Teixeira de Freitas.<\/p>\n<p>SAIBA COMO DENUNCIAR E ONDE PROCURAR AJUDA EM CASOS DE VIOL\u00caNCIA CONTRA A MULHER<\/p>\n<p>\u2013 Ligue 180, servi\u00e7o telef\u00f4nico gratuito dispon\u00edvel 24 horas em todo o pa\u00eds;<\/p>\n<p>\u2013 Clique 180, aplicativo para celular;<\/p>\n<p>\u2013 Ligue 190, se houver uma emerg\u00eancia;<\/p>\n<p>\u2013 Delegacias de pol\u00edcia;<\/p>\n<p>\u2013 Delegacias da Mulher (se n\u00e3o funcionar 24 horas, o boletim de ocorr\u00eancia pode ser feito em uma delegacia normal e depois transferido);<\/p>\n<p>\u2013 Centros de Refer\u00eancia de Atendimento \u00e0 Mulher em Situa\u00e7\u00e3o de Viol\u00eancia, para os casos em que a mulher n\u00e3o se sente segura em procurar a pol\u00edcia;<\/p>\n<p>\u2013 Servi\u00e7os de Aten\u00e7\u00e3o Integral \u00e0 Mulher em Situa\u00e7\u00e3o de Viol\u00eancia Sexual, como abrigos de amparo;<\/p>\n<p>\u2013 Defensoria P\u00fablica, que atende quem n\u00e3o possui recursos para contratar um advogado;<\/p>\n<p>\u2013 Promotorias Especializadas na Defesa da Mulher<\/p>\n<p>Foto: Divulga\u00e7\u00e3o\/ Aratu On<br \/>\nAratu On<\/p>\n","protected":false},"excerpt":{"rendered":"<p>O crime \u00e9 investigado pela Pol\u00edcia Civil Um homem foi preso em flagrante, na manh\u00e3 desta ter\u00e7a-feira (21\/11), por suspeita<\/p>\n","protected":false},"author":4,"featured_media":11129,"comment_status":"open","ping_status":"open","sticky":false,"template":"","format":"standard","meta":{"colormag_page_container_layout":"default_layout","colormag_page_sidebar_layout":"default_layout","_FSMCFIC_featured_image_caption":"","_FSMCFIC_featured_image_nocaption":"","_FSMCFIC_featured_image_hide":"","footnotes":""},"categories":[3,1],"tags":[],"class_list":["post-11128","post","type-post","status-publish","format-standard","has-post-thumbnail","hentry","category-policia","category-ultimas"],"yoast_head":"<!-- This site is optimized with the Yoast SEO plugin v27.1.1 - https:\/\/yoast.com\/product\/yoast-seo-wordpress\/ -->\n<title>Homem \u00e9 preso em flagrante por matar mulher em Vera Cruz - Brasil not\u00edcias<\/title>\n<meta name=\"robots\" content=\"index, follow, max-snippet:-1, max-image-preview:large, max-video-preview:-1\" \/>\n<link rel=\"canonical\" href=\"https:\/\/brasilnoticias.org\/site\/homem-e-preso-em-flagrante-por-matar-mulher-em-vera-cruz\/\" \/>\n<meta property=\"og:locale\" content=\"pt_PT\" \/>\n<meta property=\"og:type\" content=\"article\" \/>\n<meta property=\"og:title\" content=\"Homem \u00e9 preso em flagrante por matar mulher em Vera Cruz - Brasil not\u00edcias\" \/>\n<meta property=\"og:description\" content=\"O crime \u00e9 investigado pela Pol\u00edcia Civil Um homem foi preso em flagrante, na manh\u00e3 desta ter\u00e7a-feira (21\/11), por suspeita\" \/>\n<meta property=\"og:url\" content=\"https:\/\/brasilnoticias.org\/site\/homem-e-preso-em-flagrante-por-matar-mulher-em-vera-cruz\/\" \/>\n<meta property=\"og:site_name\" content=\"Brasil not\u00edcias\" \/>\n<meta property=\"article:published_time\" content=\"2023-11-21T20:48:31+00:00\" \/>\n<meta property=\"og:image\" content=\"https:\/\/brasilnoticias.org\/site\/wp-content\/uploads\/2023\/11\/maria-jose-740x470-1.jpg\" \/>\n\t<meta property=\"og:image:width\" content=\"740\" \/>\n\t<meta property=\"og:image:height\" content=\"470\" \/>\n\t<meta property=\"og:image:type\" content=\"image\/jpeg\" \/>\n<meta name=\"author\" content=\"Reda\u00e7\u00e3o\" \/>\n<meta name=\"twitter:card\" content=\"summary_large_image\" \/>\n<meta name=\"twitter:label1\" content=\"Escrito por\" \/>\n\t<meta name=\"twitter:data1\" content=\"Reda\u00e7\u00e3o\" \/>\n<script type=\"application\/ld+json\" class=\"yoast-schema-graph\">{\"@context\":\"https:\/\/schema.org\",\"@graph\":[{\"@type\":\"Article\",\"@id\":\"https:\/\/brasilnoticias.org\/site\/homem-e-preso-em-flagrante-por-matar-mulher-em-vera-cruz\/#article\",\"isPartOf\":{\"@id\":\"https:\/\/brasilnoticias.org\/site\/homem-e-preso-em-flagrante-por-matar-mulher-em-vera-cruz\/\"},\"author\":{\"name\":\"Reda\u00e7\u00e3o\",\"@id\":\"https:\/\/brasilnoticias.org\/site\/#\/schema\/person\/03bbbfe6c7634ad18c26444ea39049fa\"},\"headline\":\"Homem \u00e9 preso em flagrante por matar mulher em Vera Cruz\",\"datePublished\":\"2023-11-21T20:48:31+00:00\",\"mainEntityOfPage\":{\"@id\":\"https:\/\/brasilnoticias.org\/site\/homem-e-preso-em-flagrante-por-matar-mulher-em-vera-cruz\/\"},\"wordCount\":542,\"commentCount\":0,\"publisher\":{\"@id\":\"https:\/\/brasilnoticias.org\/site\/#organization\"},\"image\":{\"@id\":\"https:\/\/brasilnoticias.org\/site\/homem-e-preso-em-flagrante-por-matar-mulher-em-vera-cruz\/#primaryimage\"},\"thumbnailUrl\":\"https:\/\/brasilnoticias.org\/site\/wp-content\/uploads\/2023\/11\/maria-jose-740x470-1.jpg\",\"articleSection\":[\"Pol\u00edcia\",\"\u00daltimas\"],\"inLanguage\":\"pt-PT\",\"potentialAction\":[{\"@type\":\"CommentAction\",\"name\":\"Comment\",\"target\":[\"https:\/\/brasilnoticias.org\/site\/homem-e-preso-em-flagrante-por-matar-mulher-em-vera-cruz\/#respond\"]}]},{\"@type\":\"WebPage\",\"@id\":\"https:\/\/brasilnoticias.org\/site\/homem-e-preso-em-flagrante-por-matar-mulher-em-vera-cruz\/\",\"url\":\"https:\/\/brasilnoticias.org\/site\/homem-e-preso-em-flagrante-por-matar-mulher-em-vera-cruz\/\",\"name\":\"Homem \u00e9 preso em flagrante por matar mulher em Vera Cruz - Brasil not\u00edcias\",\"isPartOf\":{\"@id\":\"https:\/\/brasilnoticias.org\/site\/#website\"},\"primaryImageOfPage\":{\"@id\":\"https:\/\/brasilnoticias.org\/site\/homem-e-preso-em-flagrante-por-matar-mulher-em-vera-cruz\/#primaryimage\"},\"image\":{\"@id\":\"https:\/\/brasilnoticias.org\/site\/homem-e-preso-em-flagrante-por-matar-mulher-em-vera-cruz\/#primaryimage\"},\"thumbnailUrl\":\"https:\/\/brasilnoticias.org\/site\/wp-content\/uploads\/2023\/11\/maria-jose-740x470-1.jpg\",\"datePublished\":\"2023-11-21T20:48:31+00:00\",\"breadcrumb\":{\"@id\":\"https:\/\/brasilnoticias.org\/site\/homem-e-preso-em-flagrante-por-matar-mulher-em-vera-cruz\/#breadcrumb\"},\"inLanguage\":\"pt-PT\",\"potentialAction\":[{\"@type\":\"ReadAction\",\"target\":[\"https:\/\/brasilnoticias.org\/site\/homem-e-preso-em-flagrante-por-matar-mulher-em-vera-cruz\/\"]}]},{\"@type\":\"ImageObject\",\"inLanguage\":\"pt-PT\",\"@id\":\"https:\/\/brasilnoticias.org\/site\/homem-e-preso-em-flagrante-por-matar-mulher-em-vera-cruz\/#primaryimage\",\"url\":\"https:\/\/brasilnoticias.org\/site\/wp-content\/uploads\/2023\/11\/maria-jose-740x470-1.jpg\",\"contentUrl\":\"https:\/\/brasilnoticias.org\/site\/wp-content\/uploads\/2023\/11\/maria-jose-740x470-1.jpg\",\"width\":740,\"height\":470},{\"@type\":\"BreadcrumbList\",\"@id\":\"https:\/\/brasilnoticias.org\/site\/homem-e-preso-em-flagrante-por-matar-mulher-em-vera-cruz\/#breadcrumb\",\"itemListElement\":[{\"@type\":\"ListItem\",\"position\":1,\"name\":\"In\u00edcio\",\"item\":\"https:\/\/brasilnoticias.org\/site\/\"},{\"@type\":\"ListItem\",\"position\":2,\"name\":\"Homem \u00e9 preso em flagrante por matar mulher em Vera Cruz\"}]},{\"@type\":\"WebSite\",\"@id\":\"https:\/\/brasilnoticias.org\/site\/#website\",\"url\":\"https:\/\/brasilnoticias.org\/site\/\",\"name\":\"Brasil not\u00edcias\",\"description\":\"Brasil not\u00edcias\",\"publisher\":{\"@id\":\"https:\/\/brasilnoticias.org\/site\/#organization\"},\"potentialAction\":[{\"@type\":\"SearchAction\",\"target\":{\"@type\":\"EntryPoint\",\"urlTemplate\":\"https:\/\/brasilnoticias.org\/site\/?s={search_term_string}\"},\"query-input\":{\"@type\":\"PropertyValueSpecification\",\"valueRequired\":true,\"valueName\":\"search_term_string\"}}],\"inLanguage\":\"pt-PT\"},{\"@type\":\"Organization\",\"@id\":\"https:\/\/brasilnoticias.org\/site\/#organization\",\"name\":\"Brasil not\u00edcias\",\"url\":\"https:\/\/brasilnoticias.org\/site\/\",\"logo\":{\"@type\":\"ImageObject\",\"inLanguage\":\"pt-PT\",\"@id\":\"https:\/\/brasilnoticias.org\/site\/#\/schema\/logo\/image\/\",\"url\":\"https:\/\/brasilnoticias.org\/site\/wp-content\/uploads\/2022\/05\/cropped-brasilnoticias-mini.jpg\",\"contentUrl\":\"https:\/\/brasilnoticias.org\/site\/wp-content\/uploads\/2022\/05\/cropped-brasilnoticias-mini.jpg\",\"width\":314,\"height\":86,\"caption\":\"Brasil not\u00edcias\"},\"image\":{\"@id\":\"https:\/\/brasilnoticias.org\/site\/#\/schema\/logo\/image\/\"}},{\"@type\":\"Person\",\"@id\":\"https:\/\/brasilnoticias.org\/site\/#\/schema\/person\/03bbbfe6c7634ad18c26444ea39049fa\",\"name\":\"Reda\u00e7\u00e3o\",\"image\":{\"@type\":\"ImageObject\",\"inLanguage\":\"pt-PT\",\"@id\":\"https:\/\/brasilnoticias.org\/site\/#\/schema\/person\/image\/\",\"url\":\"https:\/\/secure.gravatar.com\/avatar\/9ecaf7327a696cb23ad926fedded5f1f04d7049de9e445375d55b48c001a6e42?s=96&d=mm&r=g\",\"contentUrl\":\"https:\/\/secure.gravatar.com\/avatar\/9ecaf7327a696cb23ad926fedded5f1f04d7049de9e445375d55b48c001a6e42?s=96&d=mm&r=g\",\"caption\":\"Reda\u00e7\u00e3o\"},\"url\":\"https:\/\/brasilnoticias.org\/site\/author\/henrique\/\"}]}<\/script>\n<!-- \/ Yoast SEO plugin. -->","yoast_head_json":{"title":"Homem \u00e9 preso em flagrante por matar mulher em Vera Cruz - Brasil not\u00edcias","robots":{"index":"index","follow":"follow","max-snippet":"max-snippet:-1","max-image-preview":"max-image-preview:large","max-video-preview":"max-video-preview:-1"},"canonical":"https:\/\/brasilnoticias.org\/site\/homem-e-preso-em-flagrante-por-matar-mulher-em-vera-cruz\/","og_locale":"pt_PT","og_type":"article","og_title":"Homem \u00e9 preso em flagrante por matar mulher em Vera Cruz - Brasil not\u00edcias","og_description":"O crime \u00e9 investigado pela Pol\u00edcia Civil Um homem foi preso em flagrante, na manh\u00e3 desta ter\u00e7a-feira (21\/11), por suspeita","og_url":"https:\/\/brasilnoticias.org\/site\/homem-e-preso-em-flagrante-por-matar-mulher-em-vera-cruz\/","og_site_name":"Brasil not\u00edcias","article_published_time":"2023-11-21T20:48:31+00:00","og_image":[{"width":740,"height":470,"url":"https:\/\/brasilnoticias.org\/site\/wp-content\/uploads\/2023\/11\/maria-jose-740x470-1.jpg","type":"image\/jpeg"}],"author":"Reda\u00e7\u00e3o","twitter_card":"summary_large_image","twitter_misc":{"Escrito por":"Reda\u00e7\u00e3o"},"schema":{"@context":"https:\/\/schema.org","@graph":[{"@type":"Article","@id":"https:\/\/brasilnoticias.org\/site\/homem-e-preso-em-flagrante-por-matar-mulher-em-vera-cruz\/#article","isPartOf":{"@id":"https:\/\/brasilnoticias.org\/site\/homem-e-preso-em-flagrante-por-matar-mulher-em-vera-cruz\/"},"author":{"name":"Reda\u00e7\u00e3o","@id":"https:\/\/brasilnoticias.org\/site\/#\/schema\/person\/03bbbfe6c7634ad18c26444ea39049fa"},"headline":"Homem \u00e9 preso em flagrante por matar mulher em Vera Cruz","datePublished":"2023-11-21T20:48:31+00:00","mainEntityOfPage":{"@id":"https:\/\/brasilnoticias.org\/site\/homem-e-preso-em-flagrante-por-matar-mulher-em-vera-cruz\/"},"wordCount":542,"commentCount":0,"publisher":{"@id":"https:\/\/brasilnoticias.org\/site\/#organization"},"image":{"@id":"https:\/\/brasilnoticias.org\/site\/homem-e-preso-em-flagrante-por-matar-mulher-em-vera-cruz\/#primaryimage"},"thumbnailUrl":"https:\/\/brasilnoticias.org\/site\/wp-content\/uploads\/2023\/11\/maria-jose-740x470-1.jpg","articleSection":["Pol\u00edcia","\u00daltimas"],"inLanguage":"pt-PT","potentialAction":[{"@type":"CommentAction","name":"Comment","target":["https:\/\/brasilnoticias.org\/site\/homem-e-preso-em-flagrante-por-matar-mulher-em-vera-cruz\/#respond"]}]},{"@type":"WebPage","@id":"https:\/\/brasilnoticias.org\/site\/homem-e-preso-em-flagrante-por-matar-mulher-em-vera-cruz\/","url":"https:\/\/brasilnoticias.org\/site\/homem-e-preso-em-flagrante-por-matar-mulher-em-vera-cruz\/","name":"Homem \u00e9 preso em flagrante por matar mulher em Vera Cruz - Brasil not\u00edcias","isPartOf":{"@id":"https:\/\/brasilnoticias.org\/site\/#website"},"primaryImageOfPage":{"@id":"https:\/\/brasilnoticias.org\/site\/homem-e-preso-em-flagrante-por-matar-mulher-em-vera-cruz\/#primaryimage"},"image":{"@id":"https:\/\/brasilnoticias.org\/site\/homem-e-preso-em-flagrante-por-matar-mulher-em-vera-cruz\/#primaryimage"},"thumbnailUrl":"https:\/\/brasilnoticias.org\/site\/wp-content\/uploads\/2023\/11\/maria-jose-740x470-1.jpg","datePublished":"2023-11-21T20:48:31+00:00","breadcrumb":{"@id":"https:\/\/brasilnoticias.org\/site\/homem-e-preso-em-flagrante-por-matar-mulher-em-vera-cruz\/#breadcrumb"},"inLanguage":"pt-PT","potentialAction":[{"@type":"ReadAction","target":["https:\/\/brasilnoticias.org\/site\/homem-e-preso-em-flagrante-por-matar-mulher-em-vera-cruz\/"]}]},{"@type":"ImageObject","inLanguage":"pt-PT","@id":"https:\/\/brasilnoticias.org\/site\/homem-e-preso-em-flagrante-por-matar-mulher-em-vera-cruz\/#primaryimage","url":"https:\/\/brasilnoticias.org\/site\/wp-content\/uploads\/2023\/11\/maria-jose-740x470-1.jpg","contentUrl":"https:\/\/brasilnoticias.org\/site\/wp-content\/uploads\/2023\/11\/maria-jose-740x470-1.jpg","width":740,"height":470},{"@type":"BreadcrumbList","@id":"https:\/\/brasilnoticias.org\/site\/homem-e-preso-em-flagrante-por-matar-mulher-em-vera-cruz\/#breadcrumb","itemListElement":[{"@type":"ListItem","position":1,"name":"In\u00edcio","item":"https:\/\/brasilnoticias.org\/site\/"},{"@type":"ListItem","position":2,"name":"Homem \u00e9 preso em flagrante por matar mulher em Vera Cruz"}]},{"@type":"WebSite","@id":"https:\/\/brasilnoticias.org\/site\/#website","url":"https:\/\/brasilnoticias.org\/site\/","name":"Brasil not\u00edcias","description":"Brasil not\u00edcias","publisher":{"@id":"https:\/\/brasilnoticias.org\/site\/#organization"},"potentialAction":[{"@type":"SearchAction","target":{"@type":"EntryPoint","urlTemplate":"https:\/\/brasilnoticias.org\/site\/?s={search_term_string}"},"query-input":{"@type":"PropertyValueSpecification","valueRequired":true,"valueName":"search_term_string"}}],"inLanguage":"pt-PT"},{"@type":"Organization","@id":"https:\/\/brasilnoticias.org\/site\/#organization","name":"Brasil not\u00edcias","url":"https:\/\/brasilnoticias.org\/site\/","logo":{"@type":"ImageObject","inLanguage":"pt-PT","@id":"https:\/\/brasilnoticias.org\/site\/#\/schema\/logo\/image\/","url":"https:\/\/brasilnoticias.org\/site\/wp-content\/uploads\/2022\/05\/cropped-brasilnoticias-mini.jpg","contentUrl":"https:\/\/brasilnoticias.org\/site\/wp-content\/uploads\/2022\/05\/cropped-brasilnoticias-mini.jpg","width":314,"height":86,"caption":"Brasil not\u00edcias"},"image":{"@id":"https:\/\/brasilnoticias.org\/site\/#\/schema\/logo\/image\/"}},{"@type":"Person","@id":"https:\/\/brasilnoticias.org\/site\/#\/schema\/person\/03bbbfe6c7634ad18c26444ea39049fa","name":"Reda\u00e7\u00e3o","image":{"@type":"ImageObject","inLanguage":"pt-PT","@id":"https:\/\/brasilnoticias.org\/site\/#\/schema\/person\/image\/","url":"https:\/\/secure.gravatar.com\/avatar\/9ecaf7327a696cb23ad926fedded5f1f04d7049de9e445375d55b48c001a6e42?s=96&d=mm&r=g","contentUrl":"https:\/\/secure.gravatar.com\/avatar\/9ecaf7327a696cb23ad926fedded5f1f04d7049de9e445375d55b48c001a6e42?s=96&d=mm&r=g","caption":"Reda\u00e7\u00e3o"},"url":"https:\/\/brasilnoticias.org\/site\/author\/henrique\/"}]}},"_links":{"self":[{"href":"https:\/\/brasilnoticias.org\/site\/wp-json\/wp\/v2\/posts\/11128","targetHints":{"allow":["GET"]}}],"collection":[{"href":"https:\/\/brasilnoticias.org\/site\/wp-json\/wp\/v2\/posts"}],"about":[{"href":"https:\/\/brasilnoticias.org\/site\/wp-json\/wp\/v2\/types\/post"}],"author":[{"embeddable":true,"href":"https:\/\/brasilnoticias.org\/site\/wp-json\/wp\/v2\/users\/4"}],"replies":[{"embeddable":true,"href":"https:\/\/brasilnoticias.org\/site\/wp-json\/wp\/v2\/comments?post=11128"}],"version-history":[{"count":1,"href":"https:\/\/brasilnoticias.org\/site\/wp-json\/wp\/v2\/posts\/11128\/revisions"}],"predecessor-version":[{"id":11130,"href":"https:\/\/brasilnoticias.org\/site\/wp-json\/wp\/v2\/posts\/11128\/revisions\/11130"}],"wp:featuredmedia":[{"embeddable":true,"href":"https:\/\/brasilnoticias.org\/site\/wp-json\/wp\/v2\/media\/11129"}],"wp:attachment":[{"href":"https:\/\/brasilnoticias.org\/site\/wp-json\/wp\/v2\/media?parent=11128"}],"wp:term":[{"taxonomy":"category","embeddable":true,"href":"https:\/\/brasilnoticias.org\/site\/wp-json\/wp\/v2\/categories?post=11128"},{"taxonomy":"post_tag","embeddable":true,"href":"https:\/\/brasilnoticias.org\/site\/wp-json\/wp\/v2\/tags?post=11128"}],"curies":[{"name":"wp","href":"https:\/\/api.w.org\/{rel}","templated":true}]}}