{"id":11152,"date":"2023-11-22T04:01:52","date_gmt":"2023-11-22T07:01:52","guid":{"rendered":"https:\/\/brasilnoticias.org\/site\/?p=11152"},"modified":"2023-11-21T18:03:54","modified_gmt":"2023-11-21T21:03:54","slug":"moeda-argentina-abre-em-queda-no-primeiro-dia-de-negociacoes-apos-vitoria-de-milei","status":"publish","type":"post","link":"https:\/\/brasilnoticias.org\/site\/moeda-argentina-abre-em-queda-no-primeiro-dia-de-negociacoes-apos-vitoria-de-milei\/","title":{"rendered":"Moeda argentina abre em queda no primeiro dia de negocia\u00e7\u00f5es ap\u00f3s vit\u00f3ria de Milei"},"content":{"rendered":"<p>Milei e Fern\u00e1ndez tiveram a primeira reuni\u00e3o, nesta ter\u00e7a-feira (21), para tratar da transi\u00e7\u00e3o de governos<\/p>\n<p>O peso argentino abriu em queda nesta ter\u00e7a-feira (21) com o in\u00edcio das negocia\u00e7\u00f5es no pa\u00eds ap\u00f3s Javier Milei vencer as elei\u00e7\u00f5es para a Presid\u00eancia no \u00faltimo domingo (19). <\/p>\n<p>De acordo com operadores, a moeda teve uma queda de 0,59% nos primeiros neg\u00f3cios realizados desta ter\u00e7a-feira, e foi para 356,10 pesos, que corresponde a R$4,89.<\/p>\n<p>Nesta ter\u00e7a-feira, o atual mandat\u00e1rio Alberto Fern\u00e1ndez e o presidente eleito come\u00e7aram os di\u00e1logos para uma transi\u00e7\u00e3o governista. Milei ir\u00e1 tomar posse como presidente do pa\u00eds no pr\u00f3ximo dia 10 de dezembro.<\/p>\n<p>Foto: Reprodu\u00e7\u00e3o\/Redes sociais<br \/>\nPor: Metro1<\/p>\n","protected":false},"excerpt":{"rendered":"<p>Milei e Fern\u00e1ndez tiveram a primeira reuni\u00e3o, nesta ter\u00e7a-feira (21), para tratar da transi\u00e7\u00e3o de governos O peso argentino abriu<\/p>\n","protected":false},"author":4,"featured_media":11153,"comment_status":"open","ping_status":"open","sticky":false,"template":"","format":"standard","meta":{"colormag_page_container_layout":"default_layout","colormag_page_sidebar_layout":"default_layout","_FSMCFIC_featured_image_caption":"","_FSMCFIC_featured_image_nocaption":"","_FSMCFIC_featured_image_hide":"","footnotes":""},"categories":[5,1],"tags":[],"class_list":["post-11152","post","type-post","status-publish","format-standard","has-post-thumbnail","hentry","category-politica","category-ultimas"],"yoast_head":"<!-- This site is optimized with the Yoast SEO plugin v27.1.1 - https:\/\/yoast.com\/product\/yoast-seo-wordpress\/ -->\n<title>Moeda argentina abre em queda no primeiro dia de negocia\u00e7\u00f5es ap\u00f3s vit\u00f3ria de Milei - Brasil not\u00edcias<\/title>\n<meta name=\"robots\" content=\"index, follow, max-snippet:-1, max-image-preview:large, max-video-preview:-1\" \/>\n<link rel=\"canonical\" href=\"https:\/\/brasilnoticias.org\/site\/moeda-argentina-abre-em-queda-no-primeiro-dia-de-negociacoes-apos-vitoria-de-milei\/\" \/>\n<meta property=\"og:locale\" content=\"pt_PT\" \/>\n<meta property=\"og:type\" content=\"article\" \/>\n<meta property=\"og:title\" content=\"Moeda argentina abre em queda no primeiro dia de negocia\u00e7\u00f5es ap\u00f3s vit\u00f3ria de Milei - Brasil not\u00edcias\" \/>\n<meta property=\"og:description\" content=\"Milei e Fern\u00e1ndez tiveram a primeira reuni\u00e3o, nesta ter\u00e7a-feira (21), para tratar da transi\u00e7\u00e3o de governos O peso argentino abriu\" \/>\n<meta property=\"og:url\" content=\"https:\/\/brasilnoticias.org\/site\/moeda-argentina-abre-em-queda-no-primeiro-dia-de-negociacoes-apos-vitoria-de-milei\/\" \/>\n<meta property=\"og:site_name\" content=\"Brasil not\u00edcias\" \/>\n<meta property=\"article:published_time\" content=\"2023-11-22T07:01:52+00:00\" \/>\n<meta property=\"og:image\" content=\"https:\/\/brasilnoticias.org\/site\/wp-content\/uploads\/2023\/11\/143380moeda-argentina-abre-em-queda-no-primeiro-dia-de-negociacoes-apos-vitoria-de-milei-3.jpg\" \/>\n\t<meta property=\"og:image:width\" content=\"1600\" \/>\n\t<meta property=\"og:image:height\" content=\"752\" \/>\n\t<meta property=\"og:image:type\" content=\"image\/jpeg\" \/>\n<meta name=\"author\" content=\"Reda\u00e7\u00e3o\" \/>\n<meta name=\"twitter:card\" content=\"summary_large_image\" \/>\n<meta name=\"twitter:label1\" content=\"Escrito por\" \/>\n\t<meta name=\"twitter:data1\" content=\"Reda\u00e7\u00e3o\" \/>\n<script type=\"application\/ld+json\" class=\"yoast-schema-graph\">{\"@context\":\"https:\/\/schema.org\",\"@graph\":[{\"@type\":\"Article\",\"@id\":\"https:\/\/brasilnoticias.org\/site\/moeda-argentina-abre-em-queda-no-primeiro-dia-de-negociacoes-apos-vitoria-de-milei\/#article\",\"isPartOf\":{\"@id\":\"https:\/\/brasilnoticias.org\/site\/moeda-argentina-abre-em-queda-no-primeiro-dia-de-negociacoes-apos-vitoria-de-milei\/\"},\"author\":{\"name\":\"Reda\u00e7\u00e3o\",\"@id\":\"https:\/\/brasilnoticias.org\/site\/#\/schema\/person\/03bbbfe6c7634ad18c26444ea39049fa\"},\"headline\":\"Moeda argentina abre em queda no primeiro dia de negocia\u00e7\u00f5es ap\u00f3s vit\u00f3ria de Milei\",\"datePublished\":\"2023-11-22T07:01:52+00:00\",\"mainEntityOfPage\":{\"@id\":\"https:\/\/brasilnoticias.org\/site\/moeda-argentina-abre-em-queda-no-primeiro-dia-de-negociacoes-apos-vitoria-de-milei\/\"},\"wordCount\":142,\"commentCount\":0,\"publisher\":{\"@id\":\"https:\/\/brasilnoticias.org\/site\/#organization\"},\"image\":{\"@id\":\"https:\/\/brasilnoticias.org\/site\/moeda-argentina-abre-em-queda-no-primeiro-dia-de-negociacoes-apos-vitoria-de-milei\/#primaryimage\"},\"thumbnailUrl\":\"https:\/\/brasilnoticias.org\/site\/wp-content\/uploads\/2023\/11\/143380moeda-argentina-abre-em-queda-no-primeiro-dia-de-negociacoes-apos-vitoria-de-milei-3.jpg\",\"articleSection\":[\"Pol\u00edtica\",\"\u00daltimas\"],\"inLanguage\":\"pt-PT\",\"potentialAction\":[{\"@type\":\"CommentAction\",\"name\":\"Comment\",\"target\":[\"https:\/\/brasilnoticias.org\/site\/moeda-argentina-abre-em-queda-no-primeiro-dia-de-negociacoes-apos-vitoria-de-milei\/#respond\"]}]},{\"@type\":\"WebPage\",\"@id\":\"https:\/\/brasilnoticias.org\/site\/moeda-argentina-abre-em-queda-no-primeiro-dia-de-negociacoes-apos-vitoria-de-milei\/\",\"url\":\"https:\/\/brasilnoticias.org\/site\/moeda-argentina-abre-em-queda-no-primeiro-dia-de-negociacoes-apos-vitoria-de-milei\/\",\"name\":\"Moeda argentina abre em queda no primeiro dia de negocia\u00e7\u00f5es ap\u00f3s vit\u00f3ria de Milei - Brasil not\u00edcias\",\"isPartOf\":{\"@id\":\"https:\/\/brasilnoticias.org\/site\/#website\"},\"primaryImageOfPage\":{\"@id\":\"https:\/\/brasilnoticias.org\/site\/moeda-argentina-abre-em-queda-no-primeiro-dia-de-negociacoes-apos-vitoria-de-milei\/#primaryimage\"},\"image\":{\"@id\":\"https:\/\/brasilnoticias.org\/site\/moeda-argentina-abre-em-queda-no-primeiro-dia-de-negociacoes-apos-vitoria-de-milei\/#primaryimage\"},\"thumbnailUrl\":\"https:\/\/brasilnoticias.org\/site\/wp-content\/uploads\/2023\/11\/143380moeda-argentina-abre-em-queda-no-primeiro-dia-de-negociacoes-apos-vitoria-de-milei-3.jpg\",\"datePublished\":\"2023-11-22T07:01:52+00:00\",\"breadcrumb\":{\"@id\":\"https:\/\/brasilnoticias.org\/site\/moeda-argentina-abre-em-queda-no-primeiro-dia-de-negociacoes-apos-vitoria-de-milei\/#breadcrumb\"},\"inLanguage\":\"pt-PT\",\"potentialAction\":[{\"@type\":\"ReadAction\",\"target\":[\"https:\/\/brasilnoticias.org\/site\/moeda-argentina-abre-em-queda-no-primeiro-dia-de-negociacoes-apos-vitoria-de-milei\/\"]}]},{\"@type\":\"ImageObject\",\"inLanguage\":\"pt-PT\",\"@id\":\"https:\/\/brasilnoticias.org\/site\/moeda-argentina-abre-em-queda-no-primeiro-dia-de-negociacoes-apos-vitoria-de-milei\/#primaryimage\",\"url\":\"https:\/\/brasilnoticias.org\/site\/wp-content\/uploads\/2023\/11\/143380moeda-argentina-abre-em-queda-no-primeiro-dia-de-negociacoes-apos-vitoria-de-milei-3.jpg\",\"contentUrl\":\"https:\/\/brasilnoticias.org\/site\/wp-content\/uploads\/2023\/11\/143380moeda-argentina-abre-em-queda-no-primeiro-dia-de-negociacoes-apos-vitoria-de-milei-3.jpg\",\"width\":1600,\"height\":752},{\"@type\":\"BreadcrumbList\",\"@id\":\"https:\/\/brasilnoticias.org\/site\/moeda-argentina-abre-em-queda-no-primeiro-dia-de-negociacoes-apos-vitoria-de-milei\/#breadcrumb\",\"itemListElement\":[{\"@type\":\"ListItem\",\"position\":1,\"name\":\"In\u00edcio\",\"item\":\"https:\/\/brasilnoticias.org\/site\/\"},{\"@type\":\"ListItem\",\"position\":2,\"name\":\"Moeda argentina abre em queda no primeiro dia de negocia\u00e7\u00f5es ap\u00f3s vit\u00f3ria de Milei\"}]},{\"@type\":\"WebSite\",\"@id\":\"https:\/\/brasilnoticias.org\/site\/#website\",\"url\":\"https:\/\/brasilnoticias.org\/site\/\",\"name\":\"Brasil not\u00edcias\",\"description\":\"Brasil not\u00edcias\",\"publisher\":{\"@id\":\"https:\/\/brasilnoticias.org\/site\/#organization\"},\"potentialAction\":[{\"@type\":\"SearchAction\",\"target\":{\"@type\":\"EntryPoint\",\"urlTemplate\":\"https:\/\/brasilnoticias.org\/site\/?s={search_term_string}\"},\"query-input\":{\"@type\":\"PropertyValueSpecification\",\"valueRequired\":true,\"valueName\":\"search_term_string\"}}],\"inLanguage\":\"pt-PT\"},{\"@type\":\"Organization\",\"@id\":\"https:\/\/brasilnoticias.org\/site\/#organization\",\"name\":\"Brasil not\u00edcias\",\"url\":\"https:\/\/brasilnoticias.org\/site\/\",\"logo\":{\"@type\":\"ImageObject\",\"inLanguage\":\"pt-PT\",\"@id\":\"https:\/\/brasilnoticias.org\/site\/#\/schema\/logo\/image\/\",\"url\":\"https:\/\/brasilnoticias.org\/site\/wp-content\/uploads\/2022\/05\/cropped-brasilnoticias-mini.jpg\",\"contentUrl\":\"https:\/\/brasilnoticias.org\/site\/wp-content\/uploads\/2022\/05\/cropped-brasilnoticias-mini.jpg\",\"width\":314,\"height\":86,\"caption\":\"Brasil not\u00edcias\"},\"image\":{\"@id\":\"https:\/\/brasilnoticias.org\/site\/#\/schema\/logo\/image\/\"}},{\"@type\":\"Person\",\"@id\":\"https:\/\/brasilnoticias.org\/site\/#\/schema\/person\/03bbbfe6c7634ad18c26444ea39049fa\",\"name\":\"Reda\u00e7\u00e3o\",\"image\":{\"@type\":\"ImageObject\",\"inLanguage\":\"pt-PT\",\"@id\":\"https:\/\/brasilnoticias.org\/site\/#\/schema\/person\/image\/\",\"url\":\"https:\/\/secure.gravatar.com\/avatar\/9ecaf7327a696cb23ad926fedded5f1f04d7049de9e445375d55b48c001a6e42?s=96&d=mm&r=g\",\"contentUrl\":\"https:\/\/secure.gravatar.com\/avatar\/9ecaf7327a696cb23ad926fedded5f1f04d7049de9e445375d55b48c001a6e42?s=96&d=mm&r=g\",\"caption\":\"Reda\u00e7\u00e3o\"},\"url\":\"https:\/\/brasilnoticias.org\/site\/author\/henrique\/\"}]}<\/script>\n<!-- \/ Yoast SEO plugin. -->","yoast_head_json":{"title":"Moeda argentina abre em queda no primeiro dia de negocia\u00e7\u00f5es ap\u00f3s vit\u00f3ria de Milei - Brasil not\u00edcias","robots":{"index":"index","follow":"follow","max-snippet":"max-snippet:-1","max-image-preview":"max-image-preview:large","max-video-preview":"max-video-preview:-1"},"canonical":"https:\/\/brasilnoticias.org\/site\/moeda-argentina-abre-em-queda-no-primeiro-dia-de-negociacoes-apos-vitoria-de-milei\/","og_locale":"pt_PT","og_type":"article","og_title":"Moeda argentina abre em queda no primeiro dia de negocia\u00e7\u00f5es ap\u00f3s vit\u00f3ria de Milei - Brasil not\u00edcias","og_description":"Milei e Fern\u00e1ndez tiveram a primeira reuni\u00e3o, nesta ter\u00e7a-feira (21), para tratar da transi\u00e7\u00e3o de governos O peso argentino abriu","og_url":"https:\/\/brasilnoticias.org\/site\/moeda-argentina-abre-em-queda-no-primeiro-dia-de-negociacoes-apos-vitoria-de-milei\/","og_site_name":"Brasil not\u00edcias","article_published_time":"2023-11-22T07:01:52+00:00","og_image":[{"width":1600,"height":752,"url":"https:\/\/brasilnoticias.org\/site\/wp-content\/uploads\/2023\/11\/143380moeda-argentina-abre-em-queda-no-primeiro-dia-de-negociacoes-apos-vitoria-de-milei-3.jpg","type":"image\/jpeg"}],"author":"Reda\u00e7\u00e3o","twitter_card":"summary_large_image","twitter_misc":{"Escrito por":"Reda\u00e7\u00e3o"},"schema":{"@context":"https:\/\/schema.org","@graph":[{"@type":"Article","@id":"https:\/\/brasilnoticias.org\/site\/moeda-argentina-abre-em-queda-no-primeiro-dia-de-negociacoes-apos-vitoria-de-milei\/#article","isPartOf":{"@id":"https:\/\/brasilnoticias.org\/site\/moeda-argentina-abre-em-queda-no-primeiro-dia-de-negociacoes-apos-vitoria-de-milei\/"},"author":{"name":"Reda\u00e7\u00e3o","@id":"https:\/\/brasilnoticias.org\/site\/#\/schema\/person\/03bbbfe6c7634ad18c26444ea39049fa"},"headline":"Moeda argentina abre em queda no primeiro dia de negocia\u00e7\u00f5es ap\u00f3s vit\u00f3ria de Milei","datePublished":"2023-11-22T07:01:52+00:00","mainEntityOfPage":{"@id":"https:\/\/brasilnoticias.org\/site\/moeda-argentina-abre-em-queda-no-primeiro-dia-de-negociacoes-apos-vitoria-de-milei\/"},"wordCount":142,"commentCount":0,"publisher":{"@id":"https:\/\/brasilnoticias.org\/site\/#organization"},"image":{"@id":"https:\/\/brasilnoticias.org\/site\/moeda-argentina-abre-em-queda-no-primeiro-dia-de-negociacoes-apos-vitoria-de-milei\/#primaryimage"},"thumbnailUrl":"https:\/\/brasilnoticias.org\/site\/wp-content\/uploads\/2023\/11\/143380moeda-argentina-abre-em-queda-no-primeiro-dia-de-negociacoes-apos-vitoria-de-milei-3.jpg","articleSection":["Pol\u00edtica","\u00daltimas"],"inLanguage":"pt-PT","potentialAction":[{"@type":"CommentAction","name":"Comment","target":["https:\/\/brasilnoticias.org\/site\/moeda-argentina-abre-em-queda-no-primeiro-dia-de-negociacoes-apos-vitoria-de-milei\/#respond"]}]},{"@type":"WebPage","@id":"https:\/\/brasilnoticias.org\/site\/moeda-argentina-abre-em-queda-no-primeiro-dia-de-negociacoes-apos-vitoria-de-milei\/","url":"https:\/\/brasilnoticias.org\/site\/moeda-argentina-abre-em-queda-no-primeiro-dia-de-negociacoes-apos-vitoria-de-milei\/","name":"Moeda argentina abre em queda no primeiro dia de negocia\u00e7\u00f5es ap\u00f3s vit\u00f3ria de Milei - Brasil not\u00edcias","isPartOf":{"@id":"https:\/\/brasilnoticias.org\/site\/#website"},"primaryImageOfPage":{"@id":"https:\/\/brasilnoticias.org\/site\/moeda-argentina-abre-em-queda-no-primeiro-dia-de-negociacoes-apos-vitoria-de-milei\/#primaryimage"},"image":{"@id":"https:\/\/brasilnoticias.org\/site\/moeda-argentina-abre-em-queda-no-primeiro-dia-de-negociacoes-apos-vitoria-de-milei\/#primaryimage"},"thumbnailUrl":"https:\/\/brasilnoticias.org\/site\/wp-content\/uploads\/2023\/11\/143380moeda-argentina-abre-em-queda-no-primeiro-dia-de-negociacoes-apos-vitoria-de-milei-3.jpg","datePublished":"2023-11-22T07:01:52+00:00","breadcrumb":{"@id":"https:\/\/brasilnoticias.org\/site\/moeda-argentina-abre-em-queda-no-primeiro-dia-de-negociacoes-apos-vitoria-de-milei\/#breadcrumb"},"inLanguage":"pt-PT","potentialAction":[{"@type":"ReadAction","target":["https:\/\/brasilnoticias.org\/site\/moeda-argentina-abre-em-queda-no-primeiro-dia-de-negociacoes-apos-vitoria-de-milei\/"]}]},{"@type":"ImageObject","inLanguage":"pt-PT","@id":"https:\/\/brasilnoticias.org\/site\/moeda-argentina-abre-em-queda-no-primeiro-dia-de-negociacoes-apos-vitoria-de-milei\/#primaryimage","url":"https:\/\/brasilnoticias.org\/site\/wp-content\/uploads\/2023\/11\/143380moeda-argentina-abre-em-queda-no-primeiro-dia-de-negociacoes-apos-vitoria-de-milei-3.jpg","contentUrl":"https:\/\/brasilnoticias.org\/site\/wp-content\/uploads\/2023\/11\/143380moeda-argentina-abre-em-queda-no-primeiro-dia-de-negociacoes-apos-vitoria-de-milei-3.jpg","width":1600,"height":752},{"@type":"BreadcrumbList","@id":"https:\/\/brasilnoticias.org\/site\/moeda-argentina-abre-em-queda-no-primeiro-dia-de-negociacoes-apos-vitoria-de-milei\/#breadcrumb","itemListElement":[{"@type":"ListItem","position":1,"name":"In\u00edcio","item":"https:\/\/brasilnoticias.org\/site\/"},{"@type":"ListItem","position":2,"name":"Moeda argentina abre em queda no primeiro dia de negocia\u00e7\u00f5es ap\u00f3s vit\u00f3ria de Milei"}]},{"@type":"WebSite","@id":"https:\/\/brasilnoticias.org\/site\/#website","url":"https:\/\/brasilnoticias.org\/site\/","name":"Brasil not\u00edcias","description":"Brasil not\u00edcias","publisher":{"@id":"https:\/\/brasilnoticias.org\/site\/#organization"},"potentialAction":[{"@type":"SearchAction","target":{"@type":"EntryPoint","urlTemplate":"https:\/\/brasilnoticias.org\/site\/?s={search_term_string}"},"query-input":{"@type":"PropertyValueSpecification","valueRequired":true,"valueName":"search_term_string"}}],"inLanguage":"pt-PT"},{"@type":"Organization","@id":"https:\/\/brasilnoticias.org\/site\/#organization","name":"Brasil not\u00edcias","url":"https:\/\/brasilnoticias.org\/site\/","logo":{"@type":"ImageObject","inLanguage":"pt-PT","@id":"https:\/\/brasilnoticias.org\/site\/#\/schema\/logo\/image\/","url":"https:\/\/brasilnoticias.org\/site\/wp-content\/uploads\/2022\/05\/cropped-brasilnoticias-mini.jpg","contentUrl":"https:\/\/brasilnoticias.org\/site\/wp-content\/uploads\/2022\/05\/cropped-brasilnoticias-mini.jpg","width":314,"height":86,"caption":"Brasil not\u00edcias"},"image":{"@id":"https:\/\/brasilnoticias.org\/site\/#\/schema\/logo\/image\/"}},{"@type":"Person","@id":"https:\/\/brasilnoticias.org\/site\/#\/schema\/person\/03bbbfe6c7634ad18c26444ea39049fa","name":"Reda\u00e7\u00e3o","image":{"@type":"ImageObject","inLanguage":"pt-PT","@id":"https:\/\/brasilnoticias.org\/site\/#\/schema\/person\/image\/","url":"https:\/\/secure.gravatar.com\/avatar\/9ecaf7327a696cb23ad926fedded5f1f04d7049de9e445375d55b48c001a6e42?s=96&d=mm&r=g","contentUrl":"https:\/\/secure.gravatar.com\/avatar\/9ecaf7327a696cb23ad926fedded5f1f04d7049de9e445375d55b48c001a6e42?s=96&d=mm&r=g","caption":"Reda\u00e7\u00e3o"},"url":"https:\/\/brasilnoticias.org\/site\/author\/henrique\/"}]}},"_links":{"self":[{"href":"https:\/\/brasilnoticias.org\/site\/wp-json\/wp\/v2\/posts\/11152","targetHints":{"allow":["GET"]}}],"collection":[{"href":"https:\/\/brasilnoticias.org\/site\/wp-json\/wp\/v2\/posts"}],"about":[{"href":"https:\/\/brasilnoticias.org\/site\/wp-json\/wp\/v2\/types\/post"}],"author":[{"embeddable":true,"href":"https:\/\/brasilnoticias.org\/site\/wp-json\/wp\/v2\/users\/4"}],"replies":[{"embeddable":true,"href":"https:\/\/brasilnoticias.org\/site\/wp-json\/wp\/v2\/comments?post=11152"}],"version-history":[{"count":1,"href":"https:\/\/brasilnoticias.org\/site\/wp-json\/wp\/v2\/posts\/11152\/revisions"}],"predecessor-version":[{"id":11154,"href":"https:\/\/brasilnoticias.org\/site\/wp-json\/wp\/v2\/posts\/11152\/revisions\/11154"}],"wp:featuredmedia":[{"embeddable":true,"href":"https:\/\/brasilnoticias.org\/site\/wp-json\/wp\/v2\/media\/11153"}],"wp:attachment":[{"href":"https:\/\/brasilnoticias.org\/site\/wp-json\/wp\/v2\/media?parent=11152"}],"wp:term":[{"taxonomy":"category","embeddable":true,"href":"https:\/\/brasilnoticias.org\/site\/wp-json\/wp\/v2\/categories?post=11152"},{"taxonomy":"post_tag","embeddable":true,"href":"https:\/\/brasilnoticias.org\/site\/wp-json\/wp\/v2\/tags?post=11152"}],"curies":[{"name":"wp","href":"https:\/\/api.w.org\/{rel}","templated":true}]}}