{"id":11155,"date":"2023-11-22T09:04:13","date_gmt":"2023-11-22T12:04:13","guid":{"rendered":"https:\/\/brasilnoticias.org\/site\/?p=11155"},"modified":"2023-11-21T18:05:49","modified_gmt":"2023-11-21T21:05:49","slug":"lista-dos-finalistas-da-65a-edicao-do-premio-jabuti-e-divulgada","status":"publish","type":"post","link":"https:\/\/brasilnoticias.org\/site\/lista-dos-finalistas-da-65a-edicao-do-premio-jabuti-e-divulgada\/","title":{"rendered":"Lista dos finalistas da 65\u00aa edi\u00e7\u00e3o do Pr\u00eamio Jabuti \u00e9 divulgada"},"content":{"rendered":"<p>Ao todo, a premia\u00e7\u00e3o conta com 21 categorias, que passam pelos eixos de literatura, n\u00e3o fic\u00e7\u00e3o e inova\u00e7\u00e3o<\/p>\n<p>A C\u00e2mara Brasileira do Livro (CBL) divulgou, nesta ter\u00e7a-feira (21), a lista dos finalistas que v\u00e3o concorrer nas 21 categorias da 65\u00aa edi\u00e7\u00e3o do Pr\u00eamio Jabuti, tradicional premia\u00e7\u00e3o liter\u00e1ria altamente reconhecida no mercado editorial brasileiro. Os vencedores ser\u00e3o revelados no dia 5 de dezembro.<\/p>\n<p>Uma das categorias mais aguardadas \u00e9 a que reconhece o \u201cLivro do Ano\u201d. Al\u00e9m da estatueta, o autor da obra selecionada receber\u00e1 um pr\u00eamio no valor de R$ 70 mil, assim como passagens e estadia para a Feira do Livro de Frankfurt de 2024, na Alemanha.<\/p>\n<p>Confira lista dos indicados<\/p>\n<p>Literatura<br \/>\nConto <\/p>\n<p>As pessoas costumam n\u00e3o notar quando estamos mortos | Autor(a): Malu Ferreira Alves | Editora(s): 7Letras<br \/>\nEduca\u00e7\u00e3o Natural: textos p\u00f3stumos e in\u00e9ditos | Autor(a): Jo\u00e3o Gilberto Noll | Editora(s): Record<br \/>\nGuia an\u00f4nima | Autor(a): Junia Zaidan | Editora(s): FiNA, Cousa<br \/>\nMulher feita e outros contos | Autor(a): Marilene Felinto | Editora(s): F\u00f3sforo<br \/>\nUsufruto de dem\u00f4nios | Autor(a): Whisner Fraga Mamede | Editora(s): Of\u00edcios Terrestres Edi\u00e7\u00f5es<br \/>\nCr\u00f4nica <\/p>\n<p>As vozes da minha cabe\u00e7a | Autor(a): S. Ganeff | Editora(s): Labrador<br \/>\nFolias de aprendiz | Autor(a): Geraldo Carneiro | Editora(s): Hist\u00f3ria Real<br \/>\nLembremos do futuro: cr\u00f4nicas do tempo da morte do tempo | Autor(a): Juli\u00e1n Fuks | Editora(s): Companhia das Letras<br \/>\nPor quem as panelas batem | Autor(a): Antonio Prata | Editora(s): Companhia das Letras<br \/>\nVastid\u00e3o | Autor(a): Cristiana Rodrigues | Editora(s): Vasta<br \/>\nHist\u00f3rias em Quadrinhos <\/p>\n<p>A batalha | Autor(a): Eloar Guazzelli, Fernanda Verissimo | Editora(s): Quadrinhos na Cia<br \/>\nA Coisa | Autor(a): Orlandeli | Editora(s): Gambatte<br \/>\nFranjinha: contato | Autor(a): Vitor Cafaggi | Editora(s): Panini Comics<br \/>\nMukanda Tiodora | Autor(a): Marcelo D&#8217;Salete | Editora(s): Veneta<br \/>\nO fim da noite | Autor(a): Diox, Rafael Cal\u00e7a | Editora(s): Darkside<br \/>\nInfantil <\/p>\n<p>A espera | Autor(a): Ilan Brenman | Editora(s): Santillana Educa\u00e7\u00e3o<br \/>\nDesligue e abra | Autor(a): Ilan Brenman | Editora(s): Santillana Educa\u00e7\u00e3o<br \/>\nDo\u00e7ura | Autor(a): Anna Cunha, Em\u00edlia Nu\u00f1ez | Editora(s): Tibi Livros<br \/>\nO menino, o pai e a pinha | Autor(a): Yuri de Francco, Ionit Zilberman | Editora(s): Ciranda na Escola<br \/>\nVoar na imagina\u00e7\u00e3o | Autor(a): Celso Vicenzi | Editora(s): Arte Editora<br \/>\nJuvenil <\/p>\n<p>A catalogadora de idosos | Autor(a): Pedro Tavares | Editora(s): Edi\u00e7\u00f5es SM<br \/>\nAs coisas de que n\u00e3o me lembro, sou | Autor(a): Jacques Fux, Raquel Matsushita | Editora(s): Aletria<br \/>\nMeu lugar no mundo | Autor(a): Walcyr Carrasco | Editora(s): Santillana Educa\u00e7\u00e3o<br \/>\nNatali e sua vontade idiota de agradar todo mundo | Autor(a): Thalita Rebou\u00e7as | Editora(s): Rocco<br \/>\n\u00d3culos de cor: ver e n\u00e3o enxergar | Autor(a): Lilia Moritz Schwarcz, Suzane Lopes | Editora(s): Companhia das Letrinhas<br \/>\nPoesia <\/p>\n<p>A \u00e1gua \u00e9 uma m\u00e1quina do tempo | Autor(a): Aline Motta | Editora(s): C\u00edrculo de poemas<br \/>\nAlma cors\u00e1ria | Autor(a): Claudia Roquette-Pinto | Editora(s): Editora 34<br \/>\nAraras vermelhas | Autor(a): Cida Pedrosa | Editora(s): Companhia das Letras<br \/>\nEngenheiro fantasma | Autor(a): Fabr\u00edcio Corsaletti | Editora(s): Companhia das Letras<br \/>\nFim de ver\u00e3o | Autor(a): Paulo Henriques Britto | Editora(s): Companhia das Letras<br \/>\nRomance de Entretenimento <\/p>\n<p>12321 \u2013 O amor \u00e9 um pal\u00edndromo | Autor(a): Marina Kon | Editora(s): Penalux<br \/>\nA vida e as mortes de Severino Olho de Dend\u00ea | Autor(a): Ian Fraser | Editora(s): Intr\u00ednseca<br \/>\nDentro do nosso sil\u00eancio | Autor(a): Karine Asth | Editora(s): Besti\u00e1rio<br \/>\nO luto da baleia | Autor(a): Solange Cianni | Editora(s): Obra Independente<br \/>\nSelvagem | Autor(a): Mar\u00edlia Passos | Editora(s): Labrador<br \/>\nRomance Liter\u00e1rio <\/p>\n<p>A vida futura | Autor(a): S\u00e9rgio Rodrigues | Editora(s): Companhia das Letras<br \/>\nBeatriz e o poeta | Autor(a): Cristov\u00e3o Tezza | Editora(s): Todavia<br \/>\nMenos que um | Autor(a): Patr\u00edcia Melo | Editora(s): Casa dos Mundos<br \/>\nOs perigos do imperador: um romance do Segundo Reinado | Autor(a): Ruy Castro | Editora(s): Companhia das Letras<br \/>\nVia \u00c1pia | Autor(a): Geovani Martins | Editora(s): Companhia das Letras <\/p>\n<p>N\u00e3o Fic\u00e7\u00e3o<br \/>\nArtes <\/p>\n<p>Futuros em gesta\u00e7\u00e3o: cidade, pol\u00edtica e pandemia | Autor(a): Guilherme Wisnik, Tuca Vieira | Editora(s): WMF Martins Fontes, Escola da Cidade<br \/>\nImagens marcantes da fotografia brasileira (1840-1914) | Autor(a): Pedro Corr\u00eaa do Lago, Ruy Souza e Silva | Editora(s): Capivara<br \/>\nO Olhar Germ\u00e2nico na G\u00eanese do Brasil | Autor(a): Maur\u00edcio Vicente Ferreira J\u00fanior, Rafael Cardoso | Editora(s): Museu Imperial<br \/>\nTomie | Autor(a): Paulo Miyada, Priscyla Gomes (Organizadores) | Editora(s): Instituto Tomie Ohtake<br \/>\nWalter Firmo: no verbo do sil\u00eancio a s\u00edntese do grito | Autor(a): S\u00e9rgio Burgi | Editora(s): IMS<br \/>\nBiografia e Reportagem <\/p>\n<p>A vacina sem revolta: a luta de Rodolpho Theophilo contra o poder e a peste | Autor(a): Lira Neto | Editora(s): Bella Editora<br \/>\nEscravid\u00e3o: da independ\u00eancia do Brasil \u00e0 Lei \u00c1urea | Autor(a): Laurentino Gomes | Editora(s): Globo Livros<br \/>\nO neg\u00f3cio do Jair: a hist\u00f3ria proibida do cl\u00e3 Bolsonaro | Autor(a): Juliana Dal Piva | Editora(s): Zahar<br \/>\nPoder camuflado: os militares e a pol\u00edtica, do fim da ditadura \u00e0 alian\u00e7a com Bolsonaro | Autor(a): Fabio Victor | Editora(s): Companhia das Letras<br \/>\nRainhas da noite | Autor(a): Chico Felitti | Editora(s): Companhia das Letras<br \/>\nCi\u00eancias <\/p>\n<p>Covid-19: desafios para a organiza\u00e7\u00e3o e repercuss\u00f5es nos sistemas e servi\u00e7os de sa\u00fade | Autor(a): Lenice Gnocchi da Costa Reis, Margareth Cris\u00f3stomo Portela, Sheyla Maria Lemos Lima | Editora(s): Fiocruz<br \/>\nEmerg\u00eancia clim\u00e1tica: o aquecimento global, o ativismo jovem e a luta por um mundo melhor | Autor(a): Matthew Shirts | Editora(s): Claro enigma<br \/>\nPediatria Essencial | Autor(a): Alice D\u2019Agostini Deutsch, Carlos Augusto Cardim de Oliveira, Claudio Schvartsman, Durval Anibal Daniel Filho, Eduardo Juan Troster, Elda Maria Stafuzza Gon\u00e7alves Pires, \u00c9rica Santos, Mariana Facchini Granato, Paula Alves Gon\u00e7alves, Renata Dejtiar Waksman | Editora(s): Atheneu<br \/>\nPsican\u00e1lise de boteco: o inconsciente na vida cotidiana | Autor(a): Alexandre Patricio de Almeida | Editora(s): Paid\u00f3s<br \/>\nUma hist\u00f3ria das florestas brasileiras | Autor(a): Z\u00e9 Pedro de Oliveira Costa | Editora(s): Aut\u00eantica Editora<br \/>\nCi\u00eancias Humanas <\/p>\n<p>\u00c9 pr\u00f3prio do humano: uma odisseia do autoconhecimento e da autorrealiza\u00e7\u00e3o em 12 li\u00e7\u00f5es | Autor(a): Dante Gallian | Editora(s): Record<br \/>\nHumanamente Digital: intelig\u00eancia artificial centrada no humano | Autor(a): Cassio Pantaleoni | Editora(s): Unit\u00e0 Educacional<br \/>\nIdentidades e Crise das Democracias | Autor(a): Bernardo Sorj | Editora(s): Funda\u00e7\u00e3o FHC<br \/>\nO ponto a que chegamos: duzentos anos de atraso educacional e seu impacto nas pol\u00edticas do presente | Autor(a): Ant\u00f4nio Gois | Editora(s): FGV<br \/>\nPontos fora da curva: por que algumas reformas educacionais no Brasil s\u00e3o mais efetivas do que outras e o que isso significa para o futuro da educa\u00e7\u00e3o b\u00e1sica | Autor(a): Olavo Nogueira Filho | Editora(s): FGV<br \/>\nCi\u00eancias Sociais <\/p>\n<p>Limites da democracia: de junho de 2013 ao governo Bolsonaro | Autor(a): Marcos Nobre | Editora(s): Todavia<br \/>\nLinha vermelha: a guerra da Ucr\u00e2nia e as rela\u00e7\u00f5es internacionais do s\u00e9culo XXI | Autor(a): Felipe Loureiro (Organizador) | Editora(s): Editora da Unicamp<br \/>\nMovimento LGBTI+: uma breve hist\u00f3ria do s\u00e9culo XIX aos nossos dias | Autor(a): Renan Quinalha | Editora(s): Aut\u00eantica<br \/>\nN\u00f3s do Brasil: nossa heran\u00e7a e nossas escolhas | Autor(a): Zeina Latif | Editora(s): Record<br \/>\nTecnologia do Oprimido: desigualdade e o mundano digital nas favelas do Brasil | Autor(a): David Nemer | Editora(s): Milfontes<br \/>\nEconomia Criativa <\/p>\n<p>Criatividade a S\u00e9rio | Autor(a): Felipe Zamana | Editora(s): Obra Independente<br \/>\nHospedagens Memor\u00e1veis | Autor(a): Rodrigo Galv\u00e3o | Editora(s): Freitas Bastos Editora<br \/>\nMetaverso Educacional de Bolso &#8211; Conceitos, Reflex\u00f5es e Poss\u00edveis Impactos na Educa\u00e7\u00e3o | Autor(a): Francisco Tupy, Helena Po\u00e7as Leit\u00e3o | Editora(s): Arco 43 Editora<br \/>\nPatrim\u00f4nio 4.0 | Autor(a): Pedro Henrique Gon\u00e7alves (Organizador) | Editora(s): Blucher Receitas do Favela Org\u00e2nica: aproveitamento integral de alimentos | Autor(a): Regina Tchelly | Editora(s): Senac Rio <\/p>\n<p>Produ\u00e7\u00e3o Editorial<br \/>\nCapa <\/p>\n<p>Judith Lauand: desvio concreto | Capista: Paula Tinoco, Roderico Souza | Editora(s): Museu de Arte de S\u00e3o Paulo Assis Chateaubriand (Masp)<br \/>\nMensagem | Capista: Fl\u00e1via Castanheira | Editora(s): Todavia<br \/>\nMoby Dick, ou A baleia | Capista: Rafael Nobre | Editora(s): Cl\u00e1ssicos Zahar<br \/>\nUbuntu: eu sou porque n\u00f3s somos | Capista: Bloco Gr\u00e1fico | Editora(s): ImageMagica<br \/>\nUm defeito de cor (Edi\u00e7\u00e3o Especial) | Capista: Leticia Quintilhano | Editora(s): Record<br \/>\nIlustra\u00e7\u00e3o<\/p>\n<p>A not\u00e1vel hist\u00f3ria do homem-listrado | Ilustrador(a): Fayga Ostrower | Editora(s): EDUFRN<br \/>\nMin\u00fascula | Ilustrador(a): Fran Matsumoto | Editora(s): Brinque-Book<br \/>\nO ded\u00e3o do p\u00e9 do gigante | Ilustrador(a): Bruna Ximenes | Editora(s): Editora do Brasil<br \/>\nO povo Kambeba e a gota d\u2019\u00e1gua | Ilustrador(a): Cris Eich | Editora(s): Edebe Brasil<br \/>\nSou mais eu | Ilustrador(a): Rog\u00e9rio Coelho | Editora(s): DarkSide<br \/>\nProjeto Gr\u00e1fico <\/p>\n<p>Atos de revolta: outros imagin\u00e1rios sobre independ\u00eancia | Respons\u00e1vel: Sometimes Always | Editora(s): Museu de Arte Moderna do Rio de Janeiro<br \/>\nExpresso 2222 | Respons\u00e1vel: Ana Oliveira, Paulo Chagas | Editora(s): Iy\u00e1 Omin<br \/>\nJudith Lauand: desvio concreto | Respons\u00e1vel: Paula Tinoco, Roderico Souza | Editora(s): Museu de Arte de S\u00e3o Paulo Assis Chateaubriand (Masp)<br \/>\nMiddlemarch: um estudo da vida provinciana | Respons\u00e1vel: Fl\u00e1via Castanheira, Igor Miranda | Editora(s): Pinard<br \/>\nTomie | Respons\u00e1vel: Felipe Carnevalli De Brot, Vitor Cesar Junior | Editora(s): Instituto Tomie Ohtake<br \/>\nTradu\u00e7\u00e3o <\/p>\n<p>\u00c9dipo Rei ou \u00c9dipo em Tebas | Tradutor(a): Jaa Torrano | Editora(s): Ateli\u00ea Editorial, Editora Mn\u00eama<br \/>\nFinnegans Rivolta | Tradutor(a): Dirce Waltrick do Amarante (Organizadora) \/ Coletivo Finnegans | Editora(s): Iluminuras<br \/>\nInana | Tradutor(a): Adriano Scandolara, Guilherme Gontijo Flores | Editora(s): Sobinfluencia Edi\u00e7\u00f5es<br \/>\nLinhas fundamentais da filosofia do direito | Tradutor(a): Marcos Lutz M\u00fcller | Editora(s): Editora 34<br \/>\nPhantasus: poema-non-plus-ultra | Tradutor(a): Simone Homem de Mello | Editora(s): Perspectiva <\/p>\n<p>Inova\u00e7\u00e3o<br \/>\nEscritor(a) Estreante <\/p>\n<p>A tessitura da perda | Autor(a): Cristianne Lameirinha | Editora(s): Quel\u00f4nio<br \/>\nExtremo oeste | Autor(a): Paulo Fehlauer | Editora(s): Cepe<br \/>\nO c\u00e9u no meio da cara | Autor(a): J\u00falia Portes | Editora(s): NAU Editora<br \/>\nS\u00edngulas Brasilis Fant\u00e1sticas | Autor(a): Valentim Biazotti | Editora(s): Penalux<br \/>\nSism\u00f3grafo | Autor(a): Leonardo Piana | Editora(s): Edi\u00e7\u00f5es Macondo<br \/>\nFomento \u00e0 Leitura <\/p>\n<p>\u00c1lbum Guerreiras da Ancestralidade do Mulherio das Letras Ind\u00edgenas | Respons\u00e1vel(eis): Evanir de Oliveira Pinheiro<br \/>\nCalangos Leitores | Respons\u00e1vel(eis): Claudine Maria Diniz Duarte<br \/>\nMostra de Literatura Inclusiva | Respons\u00e1vel(eis): Andrey do Amaral<br \/>\nProjeto Ciranda do Saber | Respons\u00e1vel(eis): Meire Aparecida do Nascimento<br \/>\nS\u00e3o Lu\u00eds sob a luz dos tambores | Respons\u00e1vel(eis): Foto Clube Poesia do Olhar<br \/>\nLivro Brasileiro Publicado no Exterior <\/p>\n<p>Becos da mem\u00f3ria | Editora(s): Pallas Editora, Portugalsk\u00fd in\u0161tit\u00fat<br \/>\nCaderno de rimas do Jo\u00e3o | Editora(s): Pallas Editora, Editora Trinta Zero Nove<br \/>\nMarrom e amarelo | Editora(s): Alfaguara, And Other Stories<br \/>\nO cabelo de Cora | Editora(s): Pallas Editora, Editora Trinta Zero Nove<br \/>\nSetenta | Editora(s): Dublinense, Hellnation Libri <\/p>\n<p>Foto: Divulga\u00e7\u00e3o<br \/>\nMetro1<\/p>\n","protected":false},"excerpt":{"rendered":"<p>Ao todo, a premia\u00e7\u00e3o conta com 21 categorias, que passam pelos eixos de literatura, n\u00e3o fic\u00e7\u00e3o e inova\u00e7\u00e3o A C\u00e2mara<\/p>\n","protected":false},"author":4,"featured_media":11156,"comment_status":"open","ping_status":"open","sticky":false,"template":"","format":"standard","meta":{"colormag_page_container_layout":"default_layout","colormag_page_sidebar_layout":"default_layout","_FSMCFIC_featured_image_caption":"","_FSMCFIC_featured_image_nocaption":"","_FSMCFIC_featured_image_hide":"","footnotes":""},"categories":[8,1],"tags":[],"class_list":["post-11155","post","type-post","status-publish","format-standard","has-post-thumbnail","hentry","category-entretenimento","category-ultimas"],"yoast_head":"<!-- This site is optimized with the Yoast SEO plugin v27.1.1 - https:\/\/yoast.com\/product\/yoast-seo-wordpress\/ -->\n<title>Lista dos finalistas da 65\u00aa edi\u00e7\u00e3o do Pr\u00eamio Jabuti \u00e9 divulgada - Brasil not\u00edcias<\/title>\n<meta name=\"robots\" content=\"index, follow, max-snippet:-1, max-image-preview:large, max-video-preview:-1\" \/>\n<link rel=\"canonical\" href=\"https:\/\/brasilnoticias.org\/site\/lista-dos-finalistas-da-65a-edicao-do-premio-jabuti-e-divulgada\/\" \/>\n<meta property=\"og:locale\" content=\"pt_PT\" \/>\n<meta property=\"og:type\" content=\"article\" \/>\n<meta property=\"og:title\" content=\"Lista dos finalistas da 65\u00aa edi\u00e7\u00e3o do Pr\u00eamio Jabuti \u00e9 divulgada - Brasil not\u00edcias\" \/>\n<meta property=\"og:description\" content=\"Ao todo, a premia\u00e7\u00e3o conta com 21 categorias, que passam pelos eixos de literatura, n\u00e3o fic\u00e7\u00e3o e inova\u00e7\u00e3o A C\u00e2mara\" \/>\n<meta property=\"og:url\" content=\"https:\/\/brasilnoticias.org\/site\/lista-dos-finalistas-da-65a-edicao-do-premio-jabuti-e-divulgada\/\" \/>\n<meta property=\"og:site_name\" content=\"Brasil not\u00edcias\" \/>\n<meta property=\"article:published_time\" content=\"2023-11-22T12:04:13+00:00\" \/>\n<meta property=\"og:image\" content=\"https:\/\/brasilnoticias.org\/site\/wp-content\/uploads\/2023\/11\/143385lista-dos-finalistas-da-65-edicao-do-premio-jabuti-e-divulgada-3.jpg\" \/>\n\t<meta property=\"og:image:width\" content=\"1600\" \/>\n\t<meta property=\"og:image:height\" content=\"752\" \/>\n\t<meta property=\"og:image:type\" content=\"image\/jpeg\" \/>\n<meta name=\"author\" content=\"Reda\u00e7\u00e3o\" \/>\n<meta name=\"twitter:card\" content=\"summary_large_image\" \/>\n<meta name=\"twitter:label1\" content=\"Escrito por\" \/>\n\t<meta name=\"twitter:data1\" content=\"Reda\u00e7\u00e3o\" \/>\n<script type=\"application\/ld+json\" class=\"yoast-schema-graph\">{\"@context\":\"https:\/\/schema.org\",\"@graph\":[{\"@type\":\"Article\",\"@id\":\"https:\/\/brasilnoticias.org\/site\/lista-dos-finalistas-da-65a-edicao-do-premio-jabuti-e-divulgada\/#article\",\"isPartOf\":{\"@id\":\"https:\/\/brasilnoticias.org\/site\/lista-dos-finalistas-da-65a-edicao-do-premio-jabuti-e-divulgada\/\"},\"author\":{\"name\":\"Reda\u00e7\u00e3o\",\"@id\":\"https:\/\/brasilnoticias.org\/site\/#\/schema\/person\/03bbbfe6c7634ad18c26444ea39049fa\"},\"headline\":\"Lista dos finalistas da 65\u00aa edi\u00e7\u00e3o do Pr\u00eamio Jabuti \u00e9 divulgada\",\"datePublished\":\"2023-11-22T12:04:13+00:00\",\"mainEntityOfPage\":{\"@id\":\"https:\/\/brasilnoticias.org\/site\/lista-dos-finalistas-da-65a-edicao-do-premio-jabuti-e-divulgada\/\"},\"wordCount\":1835,\"commentCount\":0,\"publisher\":{\"@id\":\"https:\/\/brasilnoticias.org\/site\/#organization\"},\"image\":{\"@id\":\"https:\/\/brasilnoticias.org\/site\/lista-dos-finalistas-da-65a-edicao-do-premio-jabuti-e-divulgada\/#primaryimage\"},\"thumbnailUrl\":\"https:\/\/brasilnoticias.org\/site\/wp-content\/uploads\/2023\/11\/143385lista-dos-finalistas-da-65-edicao-do-premio-jabuti-e-divulgada-3.jpg\",\"articleSection\":[\"Entretenimento\",\"\u00daltimas\"],\"inLanguage\":\"pt-PT\",\"potentialAction\":[{\"@type\":\"CommentAction\",\"name\":\"Comment\",\"target\":[\"https:\/\/brasilnoticias.org\/site\/lista-dos-finalistas-da-65a-edicao-do-premio-jabuti-e-divulgada\/#respond\"]}]},{\"@type\":\"WebPage\",\"@id\":\"https:\/\/brasilnoticias.org\/site\/lista-dos-finalistas-da-65a-edicao-do-premio-jabuti-e-divulgada\/\",\"url\":\"https:\/\/brasilnoticias.org\/site\/lista-dos-finalistas-da-65a-edicao-do-premio-jabuti-e-divulgada\/\",\"name\":\"Lista dos finalistas da 65\u00aa edi\u00e7\u00e3o do Pr\u00eamio Jabuti \u00e9 divulgada - Brasil not\u00edcias\",\"isPartOf\":{\"@id\":\"https:\/\/brasilnoticias.org\/site\/#website\"},\"primaryImageOfPage\":{\"@id\":\"https:\/\/brasilnoticias.org\/site\/lista-dos-finalistas-da-65a-edicao-do-premio-jabuti-e-divulgada\/#primaryimage\"},\"image\":{\"@id\":\"https:\/\/brasilnoticias.org\/site\/lista-dos-finalistas-da-65a-edicao-do-premio-jabuti-e-divulgada\/#primaryimage\"},\"thumbnailUrl\":\"https:\/\/brasilnoticias.org\/site\/wp-content\/uploads\/2023\/11\/143385lista-dos-finalistas-da-65-edicao-do-premio-jabuti-e-divulgada-3.jpg\",\"datePublished\":\"2023-11-22T12:04:13+00:00\",\"breadcrumb\":{\"@id\":\"https:\/\/brasilnoticias.org\/site\/lista-dos-finalistas-da-65a-edicao-do-premio-jabuti-e-divulgada\/#breadcrumb\"},\"inLanguage\":\"pt-PT\",\"potentialAction\":[{\"@type\":\"ReadAction\",\"target\":[\"https:\/\/brasilnoticias.org\/site\/lista-dos-finalistas-da-65a-edicao-do-premio-jabuti-e-divulgada\/\"]}]},{\"@type\":\"ImageObject\",\"inLanguage\":\"pt-PT\",\"@id\":\"https:\/\/brasilnoticias.org\/site\/lista-dos-finalistas-da-65a-edicao-do-premio-jabuti-e-divulgada\/#primaryimage\",\"url\":\"https:\/\/brasilnoticias.org\/site\/wp-content\/uploads\/2023\/11\/143385lista-dos-finalistas-da-65-edicao-do-premio-jabuti-e-divulgada-3.jpg\",\"contentUrl\":\"https:\/\/brasilnoticias.org\/site\/wp-content\/uploads\/2023\/11\/143385lista-dos-finalistas-da-65-edicao-do-premio-jabuti-e-divulgada-3.jpg\",\"width\":1600,\"height\":752},{\"@type\":\"BreadcrumbList\",\"@id\":\"https:\/\/brasilnoticias.org\/site\/lista-dos-finalistas-da-65a-edicao-do-premio-jabuti-e-divulgada\/#breadcrumb\",\"itemListElement\":[{\"@type\":\"ListItem\",\"position\":1,\"name\":\"In\u00edcio\",\"item\":\"https:\/\/brasilnoticias.org\/site\/\"},{\"@type\":\"ListItem\",\"position\":2,\"name\":\"Lista dos finalistas da 65\u00aa edi\u00e7\u00e3o do Pr\u00eamio Jabuti \u00e9 divulgada\"}]},{\"@type\":\"WebSite\",\"@id\":\"https:\/\/brasilnoticias.org\/site\/#website\",\"url\":\"https:\/\/brasilnoticias.org\/site\/\",\"name\":\"Brasil not\u00edcias\",\"description\":\"Brasil not\u00edcias\",\"publisher\":{\"@id\":\"https:\/\/brasilnoticias.org\/site\/#organization\"},\"potentialAction\":[{\"@type\":\"SearchAction\",\"target\":{\"@type\":\"EntryPoint\",\"urlTemplate\":\"https:\/\/brasilnoticias.org\/site\/?s={search_term_string}\"},\"query-input\":{\"@type\":\"PropertyValueSpecification\",\"valueRequired\":true,\"valueName\":\"search_term_string\"}}],\"inLanguage\":\"pt-PT\"},{\"@type\":\"Organization\",\"@id\":\"https:\/\/brasilnoticias.org\/site\/#organization\",\"name\":\"Brasil not\u00edcias\",\"url\":\"https:\/\/brasilnoticias.org\/site\/\",\"logo\":{\"@type\":\"ImageObject\",\"inLanguage\":\"pt-PT\",\"@id\":\"https:\/\/brasilnoticias.org\/site\/#\/schema\/logo\/image\/\",\"url\":\"https:\/\/brasilnoticias.org\/site\/wp-content\/uploads\/2022\/05\/cropped-brasilnoticias-mini.jpg\",\"contentUrl\":\"https:\/\/brasilnoticias.org\/site\/wp-content\/uploads\/2022\/05\/cropped-brasilnoticias-mini.jpg\",\"width\":314,\"height\":86,\"caption\":\"Brasil not\u00edcias\"},\"image\":{\"@id\":\"https:\/\/brasilnoticias.org\/site\/#\/schema\/logo\/image\/\"}},{\"@type\":\"Person\",\"@id\":\"https:\/\/brasilnoticias.org\/site\/#\/schema\/person\/03bbbfe6c7634ad18c26444ea39049fa\",\"name\":\"Reda\u00e7\u00e3o\",\"image\":{\"@type\":\"ImageObject\",\"inLanguage\":\"pt-PT\",\"@id\":\"https:\/\/brasilnoticias.org\/site\/#\/schema\/person\/image\/\",\"url\":\"https:\/\/secure.gravatar.com\/avatar\/9ecaf7327a696cb23ad926fedded5f1f04d7049de9e445375d55b48c001a6e42?s=96&d=mm&r=g\",\"contentUrl\":\"https:\/\/secure.gravatar.com\/avatar\/9ecaf7327a696cb23ad926fedded5f1f04d7049de9e445375d55b48c001a6e42?s=96&d=mm&r=g\",\"caption\":\"Reda\u00e7\u00e3o\"},\"url\":\"https:\/\/brasilnoticias.org\/site\/author\/henrique\/\"}]}<\/script>\n<!-- \/ Yoast SEO plugin. -->","yoast_head_json":{"title":"Lista dos finalistas da 65\u00aa edi\u00e7\u00e3o do Pr\u00eamio Jabuti \u00e9 divulgada - Brasil not\u00edcias","robots":{"index":"index","follow":"follow","max-snippet":"max-snippet:-1","max-image-preview":"max-image-preview:large","max-video-preview":"max-video-preview:-1"},"canonical":"https:\/\/brasilnoticias.org\/site\/lista-dos-finalistas-da-65a-edicao-do-premio-jabuti-e-divulgada\/","og_locale":"pt_PT","og_type":"article","og_title":"Lista dos finalistas da 65\u00aa edi\u00e7\u00e3o do Pr\u00eamio Jabuti \u00e9 divulgada - Brasil not\u00edcias","og_description":"Ao todo, a premia\u00e7\u00e3o conta com 21 categorias, que passam pelos eixos de literatura, n\u00e3o fic\u00e7\u00e3o e inova\u00e7\u00e3o A C\u00e2mara","og_url":"https:\/\/brasilnoticias.org\/site\/lista-dos-finalistas-da-65a-edicao-do-premio-jabuti-e-divulgada\/","og_site_name":"Brasil not\u00edcias","article_published_time":"2023-11-22T12:04:13+00:00","og_image":[{"width":1600,"height":752,"url":"https:\/\/brasilnoticias.org\/site\/wp-content\/uploads\/2023\/11\/143385lista-dos-finalistas-da-65-edicao-do-premio-jabuti-e-divulgada-3.jpg","type":"image\/jpeg"}],"author":"Reda\u00e7\u00e3o","twitter_card":"summary_large_image","twitter_misc":{"Escrito por":"Reda\u00e7\u00e3o"},"schema":{"@context":"https:\/\/schema.org","@graph":[{"@type":"Article","@id":"https:\/\/brasilnoticias.org\/site\/lista-dos-finalistas-da-65a-edicao-do-premio-jabuti-e-divulgada\/#article","isPartOf":{"@id":"https:\/\/brasilnoticias.org\/site\/lista-dos-finalistas-da-65a-edicao-do-premio-jabuti-e-divulgada\/"},"author":{"name":"Reda\u00e7\u00e3o","@id":"https:\/\/brasilnoticias.org\/site\/#\/schema\/person\/03bbbfe6c7634ad18c26444ea39049fa"},"headline":"Lista dos finalistas da 65\u00aa edi\u00e7\u00e3o do Pr\u00eamio Jabuti \u00e9 divulgada","datePublished":"2023-11-22T12:04:13+00:00","mainEntityOfPage":{"@id":"https:\/\/brasilnoticias.org\/site\/lista-dos-finalistas-da-65a-edicao-do-premio-jabuti-e-divulgada\/"},"wordCount":1835,"commentCount":0,"publisher":{"@id":"https:\/\/brasilnoticias.org\/site\/#organization"},"image":{"@id":"https:\/\/brasilnoticias.org\/site\/lista-dos-finalistas-da-65a-edicao-do-premio-jabuti-e-divulgada\/#primaryimage"},"thumbnailUrl":"https:\/\/brasilnoticias.org\/site\/wp-content\/uploads\/2023\/11\/143385lista-dos-finalistas-da-65-edicao-do-premio-jabuti-e-divulgada-3.jpg","articleSection":["Entretenimento","\u00daltimas"],"inLanguage":"pt-PT","potentialAction":[{"@type":"CommentAction","name":"Comment","target":["https:\/\/brasilnoticias.org\/site\/lista-dos-finalistas-da-65a-edicao-do-premio-jabuti-e-divulgada\/#respond"]}]},{"@type":"WebPage","@id":"https:\/\/brasilnoticias.org\/site\/lista-dos-finalistas-da-65a-edicao-do-premio-jabuti-e-divulgada\/","url":"https:\/\/brasilnoticias.org\/site\/lista-dos-finalistas-da-65a-edicao-do-premio-jabuti-e-divulgada\/","name":"Lista dos finalistas da 65\u00aa edi\u00e7\u00e3o do Pr\u00eamio Jabuti \u00e9 divulgada - Brasil not\u00edcias","isPartOf":{"@id":"https:\/\/brasilnoticias.org\/site\/#website"},"primaryImageOfPage":{"@id":"https:\/\/brasilnoticias.org\/site\/lista-dos-finalistas-da-65a-edicao-do-premio-jabuti-e-divulgada\/#primaryimage"},"image":{"@id":"https:\/\/brasilnoticias.org\/site\/lista-dos-finalistas-da-65a-edicao-do-premio-jabuti-e-divulgada\/#primaryimage"},"thumbnailUrl":"https:\/\/brasilnoticias.org\/site\/wp-content\/uploads\/2023\/11\/143385lista-dos-finalistas-da-65-edicao-do-premio-jabuti-e-divulgada-3.jpg","datePublished":"2023-11-22T12:04:13+00:00","breadcrumb":{"@id":"https:\/\/brasilnoticias.org\/site\/lista-dos-finalistas-da-65a-edicao-do-premio-jabuti-e-divulgada\/#breadcrumb"},"inLanguage":"pt-PT","potentialAction":[{"@type":"ReadAction","target":["https:\/\/brasilnoticias.org\/site\/lista-dos-finalistas-da-65a-edicao-do-premio-jabuti-e-divulgada\/"]}]},{"@type":"ImageObject","inLanguage":"pt-PT","@id":"https:\/\/brasilnoticias.org\/site\/lista-dos-finalistas-da-65a-edicao-do-premio-jabuti-e-divulgada\/#primaryimage","url":"https:\/\/brasilnoticias.org\/site\/wp-content\/uploads\/2023\/11\/143385lista-dos-finalistas-da-65-edicao-do-premio-jabuti-e-divulgada-3.jpg","contentUrl":"https:\/\/brasilnoticias.org\/site\/wp-content\/uploads\/2023\/11\/143385lista-dos-finalistas-da-65-edicao-do-premio-jabuti-e-divulgada-3.jpg","width":1600,"height":752},{"@type":"BreadcrumbList","@id":"https:\/\/brasilnoticias.org\/site\/lista-dos-finalistas-da-65a-edicao-do-premio-jabuti-e-divulgada\/#breadcrumb","itemListElement":[{"@type":"ListItem","position":1,"name":"In\u00edcio","item":"https:\/\/brasilnoticias.org\/site\/"},{"@type":"ListItem","position":2,"name":"Lista dos finalistas da 65\u00aa edi\u00e7\u00e3o do Pr\u00eamio Jabuti \u00e9 divulgada"}]},{"@type":"WebSite","@id":"https:\/\/brasilnoticias.org\/site\/#website","url":"https:\/\/brasilnoticias.org\/site\/","name":"Brasil not\u00edcias","description":"Brasil not\u00edcias","publisher":{"@id":"https:\/\/brasilnoticias.org\/site\/#organization"},"potentialAction":[{"@type":"SearchAction","target":{"@type":"EntryPoint","urlTemplate":"https:\/\/brasilnoticias.org\/site\/?s={search_term_string}"},"query-input":{"@type":"PropertyValueSpecification","valueRequired":true,"valueName":"search_term_string"}}],"inLanguage":"pt-PT"},{"@type":"Organization","@id":"https:\/\/brasilnoticias.org\/site\/#organization","name":"Brasil not\u00edcias","url":"https:\/\/brasilnoticias.org\/site\/","logo":{"@type":"ImageObject","inLanguage":"pt-PT","@id":"https:\/\/brasilnoticias.org\/site\/#\/schema\/logo\/image\/","url":"https:\/\/brasilnoticias.org\/site\/wp-content\/uploads\/2022\/05\/cropped-brasilnoticias-mini.jpg","contentUrl":"https:\/\/brasilnoticias.org\/site\/wp-content\/uploads\/2022\/05\/cropped-brasilnoticias-mini.jpg","width":314,"height":86,"caption":"Brasil not\u00edcias"},"image":{"@id":"https:\/\/brasilnoticias.org\/site\/#\/schema\/logo\/image\/"}},{"@type":"Person","@id":"https:\/\/brasilnoticias.org\/site\/#\/schema\/person\/03bbbfe6c7634ad18c26444ea39049fa","name":"Reda\u00e7\u00e3o","image":{"@type":"ImageObject","inLanguage":"pt-PT","@id":"https:\/\/brasilnoticias.org\/site\/#\/schema\/person\/image\/","url":"https:\/\/secure.gravatar.com\/avatar\/9ecaf7327a696cb23ad926fedded5f1f04d7049de9e445375d55b48c001a6e42?s=96&d=mm&r=g","contentUrl":"https:\/\/secure.gravatar.com\/avatar\/9ecaf7327a696cb23ad926fedded5f1f04d7049de9e445375d55b48c001a6e42?s=96&d=mm&r=g","caption":"Reda\u00e7\u00e3o"},"url":"https:\/\/brasilnoticias.org\/site\/author\/henrique\/"}]}},"_links":{"self":[{"href":"https:\/\/brasilnoticias.org\/site\/wp-json\/wp\/v2\/posts\/11155","targetHints":{"allow":["GET"]}}],"collection":[{"href":"https:\/\/brasilnoticias.org\/site\/wp-json\/wp\/v2\/posts"}],"about":[{"href":"https:\/\/brasilnoticias.org\/site\/wp-json\/wp\/v2\/types\/post"}],"author":[{"embeddable":true,"href":"https:\/\/brasilnoticias.org\/site\/wp-json\/wp\/v2\/users\/4"}],"replies":[{"embeddable":true,"href":"https:\/\/brasilnoticias.org\/site\/wp-json\/wp\/v2\/comments?post=11155"}],"version-history":[{"count":1,"href":"https:\/\/brasilnoticias.org\/site\/wp-json\/wp\/v2\/posts\/11155\/revisions"}],"predecessor-version":[{"id":11157,"href":"https:\/\/brasilnoticias.org\/site\/wp-json\/wp\/v2\/posts\/11155\/revisions\/11157"}],"wp:featuredmedia":[{"embeddable":true,"href":"https:\/\/brasilnoticias.org\/site\/wp-json\/wp\/v2\/media\/11156"}],"wp:attachment":[{"href":"https:\/\/brasilnoticias.org\/site\/wp-json\/wp\/v2\/media?parent=11155"}],"wp:term":[{"taxonomy":"category","embeddable":true,"href":"https:\/\/brasilnoticias.org\/site\/wp-json\/wp\/v2\/categories?post=11155"},{"taxonomy":"post_tag","embeddable":true,"href":"https:\/\/brasilnoticias.org\/site\/wp-json\/wp\/v2\/tags?post=11155"}],"curies":[{"name":"wp","href":"https:\/\/api.w.org\/{rel}","templated":true}]}}