{"id":11165,"date":"2023-11-22T17:15:44","date_gmt":"2023-11-22T20:15:44","guid":{"rendered":"https:\/\/brasilnoticias.org\/site\/?p=11165"},"modified":"2023-11-22T17:15:44","modified_gmt":"2023-11-22T20:15:44","slug":"trabalhadores-dos-correios-avaliam-greve-na-semana-da-black-friday","status":"publish","type":"post","link":"https:\/\/brasilnoticias.org\/site\/trabalhadores-dos-correios-avaliam-greve-na-semana-da-black-friday\/","title":{"rendered":"Trabalhadores dos Correios avaliam greve na semana da Black Friday"},"content":{"rendered":"<p>Segundo os sindicatos, a luta \u00e9 por corre\u00e7\u00e3o de inconsist\u00eancias deixadas pela Empresa Brasileira de Correios e Tel\u00e9grafos (ECT) no texto do Acordo Coletivo 2023-2024<\/p>\n<p>Os sindicatos dos Trabalhadores da Empresa Brasileira de Correios, Tel\u00e9grafos e Similares do Rio de Janeiro (Sintect-RJ) e de S\u00e3o Paulo, Grande S\u00e3o Paulo e Zona Postal de Sorocaba (Sintect-SP) far\u00e3o assembleias nestas quarta (22\/11) e quinta-feiras (23), respectivamente, para avaliar a possibilidade de decretar greve na semana da Black Friday.<\/p>\n<p>Segundo o Sintect-SP, a luta \u00e9 por corre\u00e7\u00e3o de inconsist\u00eancias deixadas pela Empresa Brasileira de Correios e Tel\u00e9grafos (ECT) no texto do Acordo Coletivo 2023-2024. \u201cEssas inconsist\u00eancias n\u00e3o eram para existir. Os Sindicatos filiados \u00e0 Federa\u00e7\u00e3o Interestadual dos Sindicatos dos Trabalhadores e Trabalhadoras dos Correios [Findect] as identificaram na minuta do acordo. Mostraram para a dire\u00e7\u00e3o da ECT e negociaram a corre\u00e7\u00e3o com o presidente da empresa e seus assessores\u201d, diz a nota.<\/p>\n<p>De acordo com a entidade sindical, o acordo coletivo n\u00e3o foi assinado \u201cporque s\u00e3o muitos os preju\u00edzos \u00e0 categoria contidos nas inconsist\u00eancias\u201d. \u201cO enorme desconto na antecipa\u00e7\u00e3o do t\u00edquete peru em pec\u00fania \u00e9 s\u00f3 uma delas. Foi parcialmente corrigido pela empresa, com a devolu\u00e7\u00e3o da parte descontada do Imposto de Renda, mas ainda ficou um corte enorme e muitos companheiros receberam apenas R$ 300, em vez dos R$ 1 mil de abono indenizat\u00f3rio\u201d, diz o Sintect-SP;<\/p>\n<p>Os trabalhadores tamb\u00e9m reivindicam concurso p\u00fablico, melhores condi\u00e7\u00f5es de trabalho e corre\u00e7\u00e3o da tabela salarial pelo valor R$ 250 para remunera\u00e7\u00e3o de at\u00e9 R$ 7 mil e acima dessa remunera\u00e7\u00e3o corrigida pelo percentual de 3,53%.<\/p>\n<p>Os Correios informaram que est\u00e3o operando normalmente em todo o pa\u00eds, com 100% dos empregados presentes, todas as ag\u00eancias abertas e todos os servi\u00e7os dispon\u00edveis. Cinco dos 36 sindicatos dos Correios v\u00e3o fazer assembleia nos pr\u00f3ximos dias para decidir se haver\u00e1 ou n\u00e3o paralisa\u00e7\u00e3o parcial.<\/p>\n<p>MEDIDAS<\/p>\n<p>A empresa informou tamb\u00e9m que j\u00e1 preparou uma s\u00e9rie de medidas para garantir a normalidade dos servi\u00e7os caso as assembleias desses cinco sindicatos aprovem paralisa\u00e7\u00e3o parcial e pontual, entre elas: contrata\u00e7\u00e3o de m\u00e3o de obra terceirizada, realiza\u00e7\u00e3o de horas extras, deslocamento de empregados entre as unidades e apoio de pessoal administrativo.<\/p>\n<p>ACORDO<\/p>\n<p>Segunda a empresa, pela primeira vez depois de 7 anos, os Correios assinaram em mesa de negocia\u00e7\u00e3o o Acordo Coletivo de Trabalho, que recuperou mais de 40 cl\u00e1usulas que haviam sido extintas pelo governo anterior.<\/p>\n<p>\u201cOs Correios concederam aumento linear de R$ 250 para a maior parte do efetivo, ou seja, um aumento m\u00e9dio de 6,36% para mais de 71 mil empregados (83%), a partir de janeiro de 2024. Para parte dos empregados, o aumento chega a 12%\u201d, diz a nota.<\/p>\n<p>Al\u00e9m disso, na segunda-feira (21), os Correios lan\u00e7aram um programa de bolsa de estudos para que empregados de n\u00edvel m\u00e9dio, como carteiros, atendentes e operadores de triagem e transbordo cursem a gradua\u00e7\u00e3o de sua escolha. J\u00e1 s\u00e3o mais de 1.140 inscritos, segunda a empresa.<\/p>\n<p>*Com informa\u00e7\u00f5es da Ag\u00eancia Brasil<\/p>\n<p>Foto: Divulga\u00e7\u00e3o\/TV Brasil<br \/>\nAratu On<\/p>\n","protected":false},"excerpt":{"rendered":"<p>Segundo os sindicatos, a luta \u00e9 por corre\u00e7\u00e3o de inconsist\u00eancias deixadas pela Empresa Brasileira de Correios e Tel\u00e9grafos (ECT) no<\/p>\n","protected":false},"author":4,"featured_media":11166,"comment_status":"open","ping_status":"open","sticky":false,"template":"","format":"standard","meta":{"colormag_page_container_layout":"default_layout","colormag_page_sidebar_layout":"default_layout","_FSMCFIC_featured_image_caption":"","_FSMCFIC_featured_image_nocaption":"","_FSMCFIC_featured_image_hide":"","footnotes":""},"categories":[2,1],"tags":[],"class_list":["post-11165","post","type-post","status-publish","format-standard","has-post-thumbnail","hentry","category-noticias","category-ultimas"],"yoast_head":"<!-- This site is optimized with the Yoast SEO plugin v27.1.1 - https:\/\/yoast.com\/product\/yoast-seo-wordpress\/ -->\n<title>Trabalhadores dos Correios avaliam greve na semana da Black Friday - Brasil not\u00edcias<\/title>\n<meta name=\"robots\" content=\"index, follow, max-snippet:-1, max-image-preview:large, max-video-preview:-1\" \/>\n<link rel=\"canonical\" href=\"https:\/\/brasilnoticias.org\/site\/trabalhadores-dos-correios-avaliam-greve-na-semana-da-black-friday\/\" \/>\n<meta property=\"og:locale\" content=\"pt_PT\" \/>\n<meta property=\"og:type\" content=\"article\" \/>\n<meta property=\"og:title\" content=\"Trabalhadores dos Correios avaliam greve na semana da Black Friday - Brasil not\u00edcias\" \/>\n<meta property=\"og:description\" content=\"Segundo os sindicatos, a luta \u00e9 por corre\u00e7\u00e3o de inconsist\u00eancias deixadas pela Empresa Brasileira de Correios e Tel\u00e9grafos (ECT) no\" \/>\n<meta property=\"og:url\" content=\"https:\/\/brasilnoticias.org\/site\/trabalhadores-dos-correios-avaliam-greve-na-semana-da-black-friday\/\" \/>\n<meta property=\"og:site_name\" content=\"Brasil not\u00edcias\" \/>\n<meta property=\"article:published_time\" content=\"2023-11-22T20:15:44+00:00\" \/>\n<meta property=\"og:image\" content=\"https:\/\/brasilnoticias.org\/site\/wp-content\/uploads\/2023\/11\/correio.jpg\" \/>\n\t<meta property=\"og:image:width\" content=\"740\" \/>\n\t<meta property=\"og:image:height\" content=\"470\" \/>\n\t<meta property=\"og:image:type\" content=\"image\/jpeg\" \/>\n<meta name=\"author\" content=\"Reda\u00e7\u00e3o\" \/>\n<meta name=\"twitter:card\" content=\"summary_large_image\" \/>\n<meta name=\"twitter:label1\" content=\"Escrito por\" \/>\n\t<meta name=\"twitter:data1\" content=\"Reda\u00e7\u00e3o\" \/>\n<script type=\"application\/ld+json\" class=\"yoast-schema-graph\">{\"@context\":\"https:\/\/schema.org\",\"@graph\":[{\"@type\":\"Article\",\"@id\":\"https:\/\/brasilnoticias.org\/site\/trabalhadores-dos-correios-avaliam-greve-na-semana-da-black-friday\/#article\",\"isPartOf\":{\"@id\":\"https:\/\/brasilnoticias.org\/site\/trabalhadores-dos-correios-avaliam-greve-na-semana-da-black-friday\/\"},\"author\":{\"name\":\"Reda\u00e7\u00e3o\",\"@id\":\"https:\/\/brasilnoticias.org\/site\/#\/schema\/person\/03bbbfe6c7634ad18c26444ea39049fa\"},\"headline\":\"Trabalhadores dos Correios avaliam greve na semana da Black Friday\",\"datePublished\":\"2023-11-22T20:15:44+00:00\",\"mainEntityOfPage\":{\"@id\":\"https:\/\/brasilnoticias.org\/site\/trabalhadores-dos-correios-avaliam-greve-na-semana-da-black-friday\/\"},\"wordCount\":538,\"commentCount\":0,\"publisher\":{\"@id\":\"https:\/\/brasilnoticias.org\/site\/#organization\"},\"image\":{\"@id\":\"https:\/\/brasilnoticias.org\/site\/trabalhadores-dos-correios-avaliam-greve-na-semana-da-black-friday\/#primaryimage\"},\"thumbnailUrl\":\"https:\/\/brasilnoticias.org\/site\/wp-content\/uploads\/2023\/11\/correio.jpg\",\"articleSection\":[\"Not\u00edcias\",\"\u00daltimas\"],\"inLanguage\":\"pt-PT\",\"potentialAction\":[{\"@type\":\"CommentAction\",\"name\":\"Comment\",\"target\":[\"https:\/\/brasilnoticias.org\/site\/trabalhadores-dos-correios-avaliam-greve-na-semana-da-black-friday\/#respond\"]}]},{\"@type\":\"WebPage\",\"@id\":\"https:\/\/brasilnoticias.org\/site\/trabalhadores-dos-correios-avaliam-greve-na-semana-da-black-friday\/\",\"url\":\"https:\/\/brasilnoticias.org\/site\/trabalhadores-dos-correios-avaliam-greve-na-semana-da-black-friday\/\",\"name\":\"Trabalhadores dos Correios avaliam greve na semana da Black Friday - Brasil not\u00edcias\",\"isPartOf\":{\"@id\":\"https:\/\/brasilnoticias.org\/site\/#website\"},\"primaryImageOfPage\":{\"@id\":\"https:\/\/brasilnoticias.org\/site\/trabalhadores-dos-correios-avaliam-greve-na-semana-da-black-friday\/#primaryimage\"},\"image\":{\"@id\":\"https:\/\/brasilnoticias.org\/site\/trabalhadores-dos-correios-avaliam-greve-na-semana-da-black-friday\/#primaryimage\"},\"thumbnailUrl\":\"https:\/\/brasilnoticias.org\/site\/wp-content\/uploads\/2023\/11\/correio.jpg\",\"datePublished\":\"2023-11-22T20:15:44+00:00\",\"breadcrumb\":{\"@id\":\"https:\/\/brasilnoticias.org\/site\/trabalhadores-dos-correios-avaliam-greve-na-semana-da-black-friday\/#breadcrumb\"},\"inLanguage\":\"pt-PT\",\"potentialAction\":[{\"@type\":\"ReadAction\",\"target\":[\"https:\/\/brasilnoticias.org\/site\/trabalhadores-dos-correios-avaliam-greve-na-semana-da-black-friday\/\"]}]},{\"@type\":\"ImageObject\",\"inLanguage\":\"pt-PT\",\"@id\":\"https:\/\/brasilnoticias.org\/site\/trabalhadores-dos-correios-avaliam-greve-na-semana-da-black-friday\/#primaryimage\",\"url\":\"https:\/\/brasilnoticias.org\/site\/wp-content\/uploads\/2023\/11\/correio.jpg\",\"contentUrl\":\"https:\/\/brasilnoticias.org\/site\/wp-content\/uploads\/2023\/11\/correio.jpg\",\"width\":740,\"height\":470},{\"@type\":\"BreadcrumbList\",\"@id\":\"https:\/\/brasilnoticias.org\/site\/trabalhadores-dos-correios-avaliam-greve-na-semana-da-black-friday\/#breadcrumb\",\"itemListElement\":[{\"@type\":\"ListItem\",\"position\":1,\"name\":\"In\u00edcio\",\"item\":\"https:\/\/brasilnoticias.org\/site\/\"},{\"@type\":\"ListItem\",\"position\":2,\"name\":\"Trabalhadores dos Correios avaliam greve na semana da Black Friday\"}]},{\"@type\":\"WebSite\",\"@id\":\"https:\/\/brasilnoticias.org\/site\/#website\",\"url\":\"https:\/\/brasilnoticias.org\/site\/\",\"name\":\"Brasil not\u00edcias\",\"description\":\"Brasil not\u00edcias\",\"publisher\":{\"@id\":\"https:\/\/brasilnoticias.org\/site\/#organization\"},\"potentialAction\":[{\"@type\":\"SearchAction\",\"target\":{\"@type\":\"EntryPoint\",\"urlTemplate\":\"https:\/\/brasilnoticias.org\/site\/?s={search_term_string}\"},\"query-input\":{\"@type\":\"PropertyValueSpecification\",\"valueRequired\":true,\"valueName\":\"search_term_string\"}}],\"inLanguage\":\"pt-PT\"},{\"@type\":\"Organization\",\"@id\":\"https:\/\/brasilnoticias.org\/site\/#organization\",\"name\":\"Brasil not\u00edcias\",\"url\":\"https:\/\/brasilnoticias.org\/site\/\",\"logo\":{\"@type\":\"ImageObject\",\"inLanguage\":\"pt-PT\",\"@id\":\"https:\/\/brasilnoticias.org\/site\/#\/schema\/logo\/image\/\",\"url\":\"https:\/\/brasilnoticias.org\/site\/wp-content\/uploads\/2022\/05\/cropped-brasilnoticias-mini.jpg\",\"contentUrl\":\"https:\/\/brasilnoticias.org\/site\/wp-content\/uploads\/2022\/05\/cropped-brasilnoticias-mini.jpg\",\"width\":314,\"height\":86,\"caption\":\"Brasil not\u00edcias\"},\"image\":{\"@id\":\"https:\/\/brasilnoticias.org\/site\/#\/schema\/logo\/image\/\"}},{\"@type\":\"Person\",\"@id\":\"https:\/\/brasilnoticias.org\/site\/#\/schema\/person\/03bbbfe6c7634ad18c26444ea39049fa\",\"name\":\"Reda\u00e7\u00e3o\",\"image\":{\"@type\":\"ImageObject\",\"inLanguage\":\"pt-PT\",\"@id\":\"https:\/\/brasilnoticias.org\/site\/#\/schema\/person\/image\/\",\"url\":\"https:\/\/secure.gravatar.com\/avatar\/9ecaf7327a696cb23ad926fedded5f1f04d7049de9e445375d55b48c001a6e42?s=96&d=mm&r=g\",\"contentUrl\":\"https:\/\/secure.gravatar.com\/avatar\/9ecaf7327a696cb23ad926fedded5f1f04d7049de9e445375d55b48c001a6e42?s=96&d=mm&r=g\",\"caption\":\"Reda\u00e7\u00e3o\"},\"url\":\"https:\/\/brasilnoticias.org\/site\/author\/henrique\/\"}]}<\/script>\n<!-- \/ Yoast SEO plugin. -->","yoast_head_json":{"title":"Trabalhadores dos Correios avaliam greve na semana da Black Friday - Brasil not\u00edcias","robots":{"index":"index","follow":"follow","max-snippet":"max-snippet:-1","max-image-preview":"max-image-preview:large","max-video-preview":"max-video-preview:-1"},"canonical":"https:\/\/brasilnoticias.org\/site\/trabalhadores-dos-correios-avaliam-greve-na-semana-da-black-friday\/","og_locale":"pt_PT","og_type":"article","og_title":"Trabalhadores dos Correios avaliam greve na semana da Black Friday - Brasil not\u00edcias","og_description":"Segundo os sindicatos, a luta \u00e9 por corre\u00e7\u00e3o de inconsist\u00eancias deixadas pela Empresa Brasileira de Correios e Tel\u00e9grafos (ECT) no","og_url":"https:\/\/brasilnoticias.org\/site\/trabalhadores-dos-correios-avaliam-greve-na-semana-da-black-friday\/","og_site_name":"Brasil not\u00edcias","article_published_time":"2023-11-22T20:15:44+00:00","og_image":[{"width":740,"height":470,"url":"https:\/\/brasilnoticias.org\/site\/wp-content\/uploads\/2023\/11\/correio.jpg","type":"image\/jpeg"}],"author":"Reda\u00e7\u00e3o","twitter_card":"summary_large_image","twitter_misc":{"Escrito por":"Reda\u00e7\u00e3o"},"schema":{"@context":"https:\/\/schema.org","@graph":[{"@type":"Article","@id":"https:\/\/brasilnoticias.org\/site\/trabalhadores-dos-correios-avaliam-greve-na-semana-da-black-friday\/#article","isPartOf":{"@id":"https:\/\/brasilnoticias.org\/site\/trabalhadores-dos-correios-avaliam-greve-na-semana-da-black-friday\/"},"author":{"name":"Reda\u00e7\u00e3o","@id":"https:\/\/brasilnoticias.org\/site\/#\/schema\/person\/03bbbfe6c7634ad18c26444ea39049fa"},"headline":"Trabalhadores dos Correios avaliam greve na semana da Black Friday","datePublished":"2023-11-22T20:15:44+00:00","mainEntityOfPage":{"@id":"https:\/\/brasilnoticias.org\/site\/trabalhadores-dos-correios-avaliam-greve-na-semana-da-black-friday\/"},"wordCount":538,"commentCount":0,"publisher":{"@id":"https:\/\/brasilnoticias.org\/site\/#organization"},"image":{"@id":"https:\/\/brasilnoticias.org\/site\/trabalhadores-dos-correios-avaliam-greve-na-semana-da-black-friday\/#primaryimage"},"thumbnailUrl":"https:\/\/brasilnoticias.org\/site\/wp-content\/uploads\/2023\/11\/correio.jpg","articleSection":["Not\u00edcias","\u00daltimas"],"inLanguage":"pt-PT","potentialAction":[{"@type":"CommentAction","name":"Comment","target":["https:\/\/brasilnoticias.org\/site\/trabalhadores-dos-correios-avaliam-greve-na-semana-da-black-friday\/#respond"]}]},{"@type":"WebPage","@id":"https:\/\/brasilnoticias.org\/site\/trabalhadores-dos-correios-avaliam-greve-na-semana-da-black-friday\/","url":"https:\/\/brasilnoticias.org\/site\/trabalhadores-dos-correios-avaliam-greve-na-semana-da-black-friday\/","name":"Trabalhadores dos Correios avaliam greve na semana da Black Friday - Brasil not\u00edcias","isPartOf":{"@id":"https:\/\/brasilnoticias.org\/site\/#website"},"primaryImageOfPage":{"@id":"https:\/\/brasilnoticias.org\/site\/trabalhadores-dos-correios-avaliam-greve-na-semana-da-black-friday\/#primaryimage"},"image":{"@id":"https:\/\/brasilnoticias.org\/site\/trabalhadores-dos-correios-avaliam-greve-na-semana-da-black-friday\/#primaryimage"},"thumbnailUrl":"https:\/\/brasilnoticias.org\/site\/wp-content\/uploads\/2023\/11\/correio.jpg","datePublished":"2023-11-22T20:15:44+00:00","breadcrumb":{"@id":"https:\/\/brasilnoticias.org\/site\/trabalhadores-dos-correios-avaliam-greve-na-semana-da-black-friday\/#breadcrumb"},"inLanguage":"pt-PT","potentialAction":[{"@type":"ReadAction","target":["https:\/\/brasilnoticias.org\/site\/trabalhadores-dos-correios-avaliam-greve-na-semana-da-black-friday\/"]}]},{"@type":"ImageObject","inLanguage":"pt-PT","@id":"https:\/\/brasilnoticias.org\/site\/trabalhadores-dos-correios-avaliam-greve-na-semana-da-black-friday\/#primaryimage","url":"https:\/\/brasilnoticias.org\/site\/wp-content\/uploads\/2023\/11\/correio.jpg","contentUrl":"https:\/\/brasilnoticias.org\/site\/wp-content\/uploads\/2023\/11\/correio.jpg","width":740,"height":470},{"@type":"BreadcrumbList","@id":"https:\/\/brasilnoticias.org\/site\/trabalhadores-dos-correios-avaliam-greve-na-semana-da-black-friday\/#breadcrumb","itemListElement":[{"@type":"ListItem","position":1,"name":"In\u00edcio","item":"https:\/\/brasilnoticias.org\/site\/"},{"@type":"ListItem","position":2,"name":"Trabalhadores dos Correios avaliam greve na semana da Black Friday"}]},{"@type":"WebSite","@id":"https:\/\/brasilnoticias.org\/site\/#website","url":"https:\/\/brasilnoticias.org\/site\/","name":"Brasil not\u00edcias","description":"Brasil not\u00edcias","publisher":{"@id":"https:\/\/brasilnoticias.org\/site\/#organization"},"potentialAction":[{"@type":"SearchAction","target":{"@type":"EntryPoint","urlTemplate":"https:\/\/brasilnoticias.org\/site\/?s={search_term_string}"},"query-input":{"@type":"PropertyValueSpecification","valueRequired":true,"valueName":"search_term_string"}}],"inLanguage":"pt-PT"},{"@type":"Organization","@id":"https:\/\/brasilnoticias.org\/site\/#organization","name":"Brasil not\u00edcias","url":"https:\/\/brasilnoticias.org\/site\/","logo":{"@type":"ImageObject","inLanguage":"pt-PT","@id":"https:\/\/brasilnoticias.org\/site\/#\/schema\/logo\/image\/","url":"https:\/\/brasilnoticias.org\/site\/wp-content\/uploads\/2022\/05\/cropped-brasilnoticias-mini.jpg","contentUrl":"https:\/\/brasilnoticias.org\/site\/wp-content\/uploads\/2022\/05\/cropped-brasilnoticias-mini.jpg","width":314,"height":86,"caption":"Brasil not\u00edcias"},"image":{"@id":"https:\/\/brasilnoticias.org\/site\/#\/schema\/logo\/image\/"}},{"@type":"Person","@id":"https:\/\/brasilnoticias.org\/site\/#\/schema\/person\/03bbbfe6c7634ad18c26444ea39049fa","name":"Reda\u00e7\u00e3o","image":{"@type":"ImageObject","inLanguage":"pt-PT","@id":"https:\/\/brasilnoticias.org\/site\/#\/schema\/person\/image\/","url":"https:\/\/secure.gravatar.com\/avatar\/9ecaf7327a696cb23ad926fedded5f1f04d7049de9e445375d55b48c001a6e42?s=96&d=mm&r=g","contentUrl":"https:\/\/secure.gravatar.com\/avatar\/9ecaf7327a696cb23ad926fedded5f1f04d7049de9e445375d55b48c001a6e42?s=96&d=mm&r=g","caption":"Reda\u00e7\u00e3o"},"url":"https:\/\/brasilnoticias.org\/site\/author\/henrique\/"}]}},"_links":{"self":[{"href":"https:\/\/brasilnoticias.org\/site\/wp-json\/wp\/v2\/posts\/11165","targetHints":{"allow":["GET"]}}],"collection":[{"href":"https:\/\/brasilnoticias.org\/site\/wp-json\/wp\/v2\/posts"}],"about":[{"href":"https:\/\/brasilnoticias.org\/site\/wp-json\/wp\/v2\/types\/post"}],"author":[{"embeddable":true,"href":"https:\/\/brasilnoticias.org\/site\/wp-json\/wp\/v2\/users\/4"}],"replies":[{"embeddable":true,"href":"https:\/\/brasilnoticias.org\/site\/wp-json\/wp\/v2\/comments?post=11165"}],"version-history":[{"count":1,"href":"https:\/\/brasilnoticias.org\/site\/wp-json\/wp\/v2\/posts\/11165\/revisions"}],"predecessor-version":[{"id":11167,"href":"https:\/\/brasilnoticias.org\/site\/wp-json\/wp\/v2\/posts\/11165\/revisions\/11167"}],"wp:featuredmedia":[{"embeddable":true,"href":"https:\/\/brasilnoticias.org\/site\/wp-json\/wp\/v2\/media\/11166"}],"wp:attachment":[{"href":"https:\/\/brasilnoticias.org\/site\/wp-json\/wp\/v2\/media?parent=11165"}],"wp:term":[{"taxonomy":"category","embeddable":true,"href":"https:\/\/brasilnoticias.org\/site\/wp-json\/wp\/v2\/categories?post=11165"},{"taxonomy":"post_tag","embeddable":true,"href":"https:\/\/brasilnoticias.org\/site\/wp-json\/wp\/v2\/tags?post=11165"}],"curies":[{"name":"wp","href":"https:\/\/api.w.org\/{rel}","templated":true}]}}