{"id":1117,"date":"2022-08-10T10:48:48","date_gmt":"2022-08-10T13:48:48","guid":{"rendered":"https:\/\/brasilnoticias.org\/site\/?p=1117"},"modified":"2022-08-10T10:48:48","modified_gmt":"2022-08-10T13:48:48","slug":"dias-apos-brasileiro-ser-espancado-ate-a-morte-baiano-e-agredido-e-expulso-de-boate-em-portugal","status":"publish","type":"post","link":"https:\/\/brasilnoticias.org\/site\/dias-apos-brasileiro-ser-espancado-ate-a-morte-baiano-e-agredido-e-expulso-de-boate-em-portugal\/","title":{"rendered":"Dias ap\u00f3s brasileiro ser espancado at\u00e9 a morte, baiano \u00e9 agredido e expulso de boate em Portugal"},"content":{"rendered":"<p>Mais um caso de\u00a0<a href=\"https:\/\/www.bnews.com.br\/noticias\/mundo\/queixas-de-discriminacao-contra-brasileiros-crescem-em-portugal-em-meio-queda-geral.html\" target=\"_blank\" rel=\"noopener\">viol\u00eancia contra brasileiros foi registrado em Portugal<\/a>, o que tem aumentado assustadoramente nos \u00faltimos tempos. No \u00faltimo s\u00e1bado (6), o baiano Douglas Rosa, que trabalha na \u00e1rea da constru\u00e7\u00e3o civil e vive h\u00e1 tr\u00eas anos na cidade de Faro, foi espancado, juntamente com um grupo de amigos venezuelanos, ap\u00f3s ser expulso de uma boate.<\/p>\n<p>A den\u00fancia foi feita por Gislaine Rosa, esposa da v\u00edtima, que trabalha como auxiliar de cozinha no pa\u00eds, em entrevista \u00e0 TV Santa Cruz. Ambos s\u00e3o naturais de Ilh\u00e9us. &#8220;[Douglas e os amigos] Estavam bailando, dan\u00e7ando normal quando, de repente, mais ou menos cinco minutos depois, entraram sete seguran\u00e7as apontando para o meu companheiro e mais dois amigos nossos, dizendo &#8216;tira esse, tira esse, tira esse&#8217;. A\u00ed come\u00e7aram a tirar eles brutalmente dentro da discoteca&#8221;, relatou Gislaine.<\/p>\n<p>Conforme den\u00fancia, as v\u00edtimas estavam na boate Call in Faro, para comemorar um anivers\u00e1rio e foram surpreendidos. &#8220;Come\u00e7aram a empurrar com pontap\u00e9s, jogaram na rua e dizendo: &#8216;V\u00e3o embora, sumam daqui, n\u00e3o queremos voc\u00eas aqui&#8221;, contou ao afirmar que n\u00e3o entende o que teria motivado as agress\u00f5es, at\u00e9 ent\u00e3o, sem motivos.<\/p>\n<p>Ela relata que o esposo ficou bastante machucado, assim como os outros integrantes do grupo. &#8220;Meu esposo levou uma paulada na cabe\u00e7a, est\u00e1 com hematomas, v\u00e1rios pontos na cabe\u00e7a. Meu amigo tamb\u00e9m levou um soco no olho, fraturou a parte de baixo do olho&#8221;, contou.<\/p>\n<p>Segundo a esposa da v\u00edtima, a pol\u00edcia foi acionada, mas ningu\u00e9m foi preso, mesmo com um dos homens agredidos j\u00e1 tendo prestado queixa na delegacia. Eles se organizam para pedir aux\u00edlio jur\u00eddico ao Consulado do Brasil, em Lisboa. &#8220;Eu n\u00e3o vou ser mais um caso, eu vou ser o caso aqui. Vamos revolucionar Portugal porque isso n\u00e3o vai ficar assim, eu quero justi\u00e7a&#8221;, disse.<\/p>\n<p>Em nota, a boate negou que as agress\u00f5es tenham partido de funcion\u00e1rios do local e que busca esclarecer o caso junto com as autoridades. &#8220;Neste momento estamos \u00e0 procura da melhor solu\u00e7\u00e3o para o ocorrido Sempre recebemos pessoas de todos os g\u00eaneros e nacionalidades, com funcion\u00e1rios qualificados e preparados para oferecer o melhor servi\u00e7o&#8221;.<\/p>\n<p><strong>Brasileiro foi espancado at\u00e9 a morte<\/strong><br \/>\nNo final do m\u00ea passado, um caso semelhante chocou os brasileiros que moram na Europa.\u00a0<a href=\"https:\/\/www.bnews.com.br\/noticias\/mundo\/brasileiro-morre-espancado-na-saida-de-uma-boate-em-portugal.html\" target=\"_blank\" rel=\"noopener\">Jefferson Terra Pinto, de 33 anos, foi espancado at\u00e9 a morte<\/a>\u00a0na sa\u00edda de uma casa noturna no Parque das Na\u00e7\u00f5es, em Lisboa, capital de Portugal. O crime teria ocorrido por volta das 5h30, quando Jefferson e uma outra pessoa, tamb\u00e9m estrangeira, come\u00e7aram a brigar. De acordo com a pol\u00edcia portuguesa, o brasileiro caiu no ch\u00e3o e continuou sendo agredido com pontap\u00e9s na cabe\u00e7a.<\/p>\n<p><strong>Racismo contra filhos de Giovanna Ewbank<\/strong><br \/>\nOutra viol\u00eancia contra brasileiros em Portugal e que chamou aten\u00e7\u00e3o na m\u00eddia foi o<a href=\"https:\/\/www.bnews.com.br\/noticias\/entretenimento\/filhos-de-gio-ewbank-e-bruno-gagliasso-sofrem-preconceito-racial-e-atriz-briga-com-mulher-racista-nojenta-veja.html\" target=\"_blank\" rel=\"noopener\">\u00a0caso de racismo contra os filhos de Giovanna Ewbank e Bruno Gagliasso<\/a>. As crian\u00e7as Titi e Bless, de 9 e 7 anos, foram alvos de coment\u00e1rios racistas de uma mulher branca enquanto estavam em um restaurante, no \u00faltimo dia 30 de julho. Na ocasi\u00e3o, a rea\u00e7\u00e3o da atriz, partindo para cima da mulher, repercutiu na imprensa de todo o mundo.<\/p>\n<p>&nbsp;<\/p>\n<p>&nbsp;<\/p>\n<p>&nbsp;<\/p>\n<p>Bnews<\/p>\n","protected":false},"excerpt":{"rendered":"<p>Mais um caso de\u00a0viol\u00eancia contra brasileiros foi registrado em Portugal, o que tem aumentado assustadoramente nos \u00faltimos tempos. No \u00faltimo<\/p>\n","protected":false},"author":2,"featured_media":1118,"comment_status":"open","ping_status":"open","sticky":false,"template":"","format":"standard","meta":{"colormag_page_container_layout":"default_layout","colormag_page_sidebar_layout":"default_layout","_FSMCFIC_featured_image_caption":"","_FSMCFIC_featured_image_nocaption":"","_FSMCFIC_featured_image_hide":"","footnotes":""},"categories":[6],"tags":[],"class_list":["post-1117","post","type-post","status-publish","format-standard","has-post-thumbnail","hentry","category-mundo"],"yoast_head":"<!-- This site is optimized with the Yoast SEO plugin v27.1.1 - https:\/\/yoast.com\/product\/yoast-seo-wordpress\/ -->\n<title>Dias ap\u00f3s brasileiro ser espancado at\u00e9 a morte, baiano \u00e9 agredido e expulso de boate em Portugal - Brasil not\u00edcias<\/title>\n<meta name=\"robots\" content=\"index, follow, max-snippet:-1, max-image-preview:large, max-video-preview:-1\" \/>\n<link rel=\"canonical\" href=\"https:\/\/brasilnoticias.org\/site\/dias-apos-brasileiro-ser-espancado-ate-a-morte-baiano-e-agredido-e-expulso-de-boate-em-portugal\/\" \/>\n<meta property=\"og:locale\" content=\"pt_PT\" \/>\n<meta property=\"og:type\" content=\"article\" \/>\n<meta property=\"og:title\" content=\"Dias ap\u00f3s brasileiro ser espancado at\u00e9 a morte, baiano \u00e9 agredido e expulso de boate em Portugal - Brasil not\u00edcias\" \/>\n<meta property=\"og:description\" content=\"Mais um caso de\u00a0viol\u00eancia contra brasileiros foi registrado em Portugal, o que tem aumentado assustadoramente nos \u00faltimos tempos. No \u00faltimo\" \/>\n<meta property=\"og:url\" content=\"https:\/\/brasilnoticias.org\/site\/dias-apos-brasileiro-ser-espancado-ate-a-morte-baiano-e-agredido-e-expulso-de-boate-em-portugal\/\" \/>\n<meta property=\"og:site_name\" content=\"Brasil not\u00edcias\" \/>\n<meta property=\"article:published_time\" content=\"2022-08-10T13:48:48+00:00\" \/>\n<meta property=\"og:image\" content=\"https:\/\/brasilnoticias.org\/site\/wp-content\/uploads\/2022\/08\/whatsapp_image_2022-08-10_at_07.09.48_widelg.jpeg\" \/>\n\t<meta property=\"og:image:width\" content=\"800\" \/>\n\t<meta property=\"og:image:height\" content=\"450\" \/>\n\t<meta property=\"og:image:type\" content=\"image\/jpeg\" \/>\n<meta name=\"author\" content=\"Reda\u00e7\u00e3o\" \/>\n<meta name=\"twitter:card\" content=\"summary_large_image\" \/>\n<meta name=\"twitter:label1\" content=\"Escrito por\" \/>\n\t<meta name=\"twitter:data1\" content=\"Reda\u00e7\u00e3o\" \/>\n\t<meta name=\"twitter:label2\" content=\"Tempo estimado de leitura\" \/>\n\t<meta name=\"twitter:data2\" content=\"3 minutos\" \/>\n<script type=\"application\/ld+json\" class=\"yoast-schema-graph\">{\"@context\":\"https:\/\/schema.org\",\"@graph\":[{\"@type\":\"Article\",\"@id\":\"https:\/\/brasilnoticias.org\/site\/dias-apos-brasileiro-ser-espancado-ate-a-morte-baiano-e-agredido-e-expulso-de-boate-em-portugal\/#article\",\"isPartOf\":{\"@id\":\"https:\/\/brasilnoticias.org\/site\/dias-apos-brasileiro-ser-espancado-ate-a-morte-baiano-e-agredido-e-expulso-de-boate-em-portugal\/\"},\"author\":{\"name\":\"Reda\u00e7\u00e3o\",\"@id\":\"https:\/\/brasilnoticias.org\/site\/#\/schema\/person\/f609fa847b5314f1c8b983342f34c798\"},\"headline\":\"Dias ap\u00f3s brasileiro ser espancado at\u00e9 a morte, baiano \u00e9 agredido e expulso de boate em Portugal\",\"datePublished\":\"2022-08-10T13:48:48+00:00\",\"mainEntityOfPage\":{\"@id\":\"https:\/\/brasilnoticias.org\/site\/dias-apos-brasileiro-ser-espancado-ate-a-morte-baiano-e-agredido-e-expulso-de-boate-em-portugal\/\"},\"wordCount\":585,\"commentCount\":0,\"publisher\":{\"@id\":\"https:\/\/brasilnoticias.org\/site\/#organization\"},\"image\":{\"@id\":\"https:\/\/brasilnoticias.org\/site\/dias-apos-brasileiro-ser-espancado-ate-a-morte-baiano-e-agredido-e-expulso-de-boate-em-portugal\/#primaryimage\"},\"thumbnailUrl\":\"https:\/\/brasilnoticias.org\/site\/wp-content\/uploads\/2022\/08\/whatsapp_image_2022-08-10_at_07.09.48_widelg.jpeg\",\"articleSection\":[\"Mundo\"],\"inLanguage\":\"pt-PT\",\"potentialAction\":[{\"@type\":\"CommentAction\",\"name\":\"Comment\",\"target\":[\"https:\/\/brasilnoticias.org\/site\/dias-apos-brasileiro-ser-espancado-ate-a-morte-baiano-e-agredido-e-expulso-de-boate-em-portugal\/#respond\"]}]},{\"@type\":\"WebPage\",\"@id\":\"https:\/\/brasilnoticias.org\/site\/dias-apos-brasileiro-ser-espancado-ate-a-morte-baiano-e-agredido-e-expulso-de-boate-em-portugal\/\",\"url\":\"https:\/\/brasilnoticias.org\/site\/dias-apos-brasileiro-ser-espancado-ate-a-morte-baiano-e-agredido-e-expulso-de-boate-em-portugal\/\",\"name\":\"Dias ap\u00f3s brasileiro ser espancado at\u00e9 a morte, baiano \u00e9 agredido e expulso de boate em Portugal - Brasil not\u00edcias\",\"isPartOf\":{\"@id\":\"https:\/\/brasilnoticias.org\/site\/#website\"},\"primaryImageOfPage\":{\"@id\":\"https:\/\/brasilnoticias.org\/site\/dias-apos-brasileiro-ser-espancado-ate-a-morte-baiano-e-agredido-e-expulso-de-boate-em-portugal\/#primaryimage\"},\"image\":{\"@id\":\"https:\/\/brasilnoticias.org\/site\/dias-apos-brasileiro-ser-espancado-ate-a-morte-baiano-e-agredido-e-expulso-de-boate-em-portugal\/#primaryimage\"},\"thumbnailUrl\":\"https:\/\/brasilnoticias.org\/site\/wp-content\/uploads\/2022\/08\/whatsapp_image_2022-08-10_at_07.09.48_widelg.jpeg\",\"datePublished\":\"2022-08-10T13:48:48+00:00\",\"breadcrumb\":{\"@id\":\"https:\/\/brasilnoticias.org\/site\/dias-apos-brasileiro-ser-espancado-ate-a-morte-baiano-e-agredido-e-expulso-de-boate-em-portugal\/#breadcrumb\"},\"inLanguage\":\"pt-PT\",\"potentialAction\":[{\"@type\":\"ReadAction\",\"target\":[\"https:\/\/brasilnoticias.org\/site\/dias-apos-brasileiro-ser-espancado-ate-a-morte-baiano-e-agredido-e-expulso-de-boate-em-portugal\/\"]}]},{\"@type\":\"ImageObject\",\"inLanguage\":\"pt-PT\",\"@id\":\"https:\/\/brasilnoticias.org\/site\/dias-apos-brasileiro-ser-espancado-ate-a-morte-baiano-e-agredido-e-expulso-de-boate-em-portugal\/#primaryimage\",\"url\":\"https:\/\/brasilnoticias.org\/site\/wp-content\/uploads\/2022\/08\/whatsapp_image_2022-08-10_at_07.09.48_widelg.jpeg\",\"contentUrl\":\"https:\/\/brasilnoticias.org\/site\/wp-content\/uploads\/2022\/08\/whatsapp_image_2022-08-10_at_07.09.48_widelg.jpeg\",\"width\":800,\"height\":450},{\"@type\":\"BreadcrumbList\",\"@id\":\"https:\/\/brasilnoticias.org\/site\/dias-apos-brasileiro-ser-espancado-ate-a-morte-baiano-e-agredido-e-expulso-de-boate-em-portugal\/#breadcrumb\",\"itemListElement\":[{\"@type\":\"ListItem\",\"position\":1,\"name\":\"In\u00edcio\",\"item\":\"https:\/\/brasilnoticias.org\/site\/\"},{\"@type\":\"ListItem\",\"position\":2,\"name\":\"Dias ap\u00f3s brasileiro ser espancado at\u00e9 a morte, baiano \u00e9 agredido e expulso de boate em Portugal\"}]},{\"@type\":\"WebSite\",\"@id\":\"https:\/\/brasilnoticias.org\/site\/#website\",\"url\":\"https:\/\/brasilnoticias.org\/site\/\",\"name\":\"Brasil not\u00edcias\",\"description\":\"Brasil not\u00edcias\",\"publisher\":{\"@id\":\"https:\/\/brasilnoticias.org\/site\/#organization\"},\"potentialAction\":[{\"@type\":\"SearchAction\",\"target\":{\"@type\":\"EntryPoint\",\"urlTemplate\":\"https:\/\/brasilnoticias.org\/site\/?s={search_term_string}\"},\"query-input\":{\"@type\":\"PropertyValueSpecification\",\"valueRequired\":true,\"valueName\":\"search_term_string\"}}],\"inLanguage\":\"pt-PT\"},{\"@type\":\"Organization\",\"@id\":\"https:\/\/brasilnoticias.org\/site\/#organization\",\"name\":\"Brasil not\u00edcias\",\"url\":\"https:\/\/brasilnoticias.org\/site\/\",\"logo\":{\"@type\":\"ImageObject\",\"inLanguage\":\"pt-PT\",\"@id\":\"https:\/\/brasilnoticias.org\/site\/#\/schema\/logo\/image\/\",\"url\":\"https:\/\/brasilnoticias.org\/site\/wp-content\/uploads\/2022\/05\/cropped-brasilnoticias-mini.jpg\",\"contentUrl\":\"https:\/\/brasilnoticias.org\/site\/wp-content\/uploads\/2022\/05\/cropped-brasilnoticias-mini.jpg\",\"width\":314,\"height\":86,\"caption\":\"Brasil not\u00edcias\"},\"image\":{\"@id\":\"https:\/\/brasilnoticias.org\/site\/#\/schema\/logo\/image\/\"}},{\"@type\":\"Person\",\"@id\":\"https:\/\/brasilnoticias.org\/site\/#\/schema\/person\/f609fa847b5314f1c8b983342f34c798\",\"name\":\"Reda\u00e7\u00e3o\",\"image\":{\"@type\":\"ImageObject\",\"inLanguage\":\"pt-PT\",\"@id\":\"https:\/\/brasilnoticias.org\/site\/#\/schema\/person\/image\/\",\"url\":\"https:\/\/secure.gravatar.com\/avatar\/447284c06c1ad8b46465a36de9cd0d8326b73387a22799b8b1ffb1fbcff2ed0c?s=96&d=mm&r=g\",\"contentUrl\":\"https:\/\/secure.gravatar.com\/avatar\/447284c06c1ad8b46465a36de9cd0d8326b73387a22799b8b1ffb1fbcff2ed0c?s=96&d=mm&r=g\",\"caption\":\"Reda\u00e7\u00e3o\"},\"url\":\"https:\/\/brasilnoticias.org\/site\/author\/redacao\/\"}]}<\/script>\n<!-- \/ Yoast SEO plugin. -->","yoast_head_json":{"title":"Dias ap\u00f3s brasileiro ser espancado at\u00e9 a morte, baiano \u00e9 agredido e expulso de boate em Portugal - Brasil not\u00edcias","robots":{"index":"index","follow":"follow","max-snippet":"max-snippet:-1","max-image-preview":"max-image-preview:large","max-video-preview":"max-video-preview:-1"},"canonical":"https:\/\/brasilnoticias.org\/site\/dias-apos-brasileiro-ser-espancado-ate-a-morte-baiano-e-agredido-e-expulso-de-boate-em-portugal\/","og_locale":"pt_PT","og_type":"article","og_title":"Dias ap\u00f3s brasileiro ser espancado at\u00e9 a morte, baiano \u00e9 agredido e expulso de boate em Portugal - Brasil not\u00edcias","og_description":"Mais um caso de\u00a0viol\u00eancia contra brasileiros foi registrado em Portugal, o que tem aumentado assustadoramente nos \u00faltimos tempos. No \u00faltimo","og_url":"https:\/\/brasilnoticias.org\/site\/dias-apos-brasileiro-ser-espancado-ate-a-morte-baiano-e-agredido-e-expulso-de-boate-em-portugal\/","og_site_name":"Brasil not\u00edcias","article_published_time":"2022-08-10T13:48:48+00:00","og_image":[{"width":800,"height":450,"url":"https:\/\/brasilnoticias.org\/site\/wp-content\/uploads\/2022\/08\/whatsapp_image_2022-08-10_at_07.09.48_widelg.jpeg","type":"image\/jpeg"}],"author":"Reda\u00e7\u00e3o","twitter_card":"summary_large_image","twitter_misc":{"Escrito por":"Reda\u00e7\u00e3o","Tempo estimado de leitura":"3 minutos"},"schema":{"@context":"https:\/\/schema.org","@graph":[{"@type":"Article","@id":"https:\/\/brasilnoticias.org\/site\/dias-apos-brasileiro-ser-espancado-ate-a-morte-baiano-e-agredido-e-expulso-de-boate-em-portugal\/#article","isPartOf":{"@id":"https:\/\/brasilnoticias.org\/site\/dias-apos-brasileiro-ser-espancado-ate-a-morte-baiano-e-agredido-e-expulso-de-boate-em-portugal\/"},"author":{"name":"Reda\u00e7\u00e3o","@id":"https:\/\/brasilnoticias.org\/site\/#\/schema\/person\/f609fa847b5314f1c8b983342f34c798"},"headline":"Dias ap\u00f3s brasileiro ser espancado at\u00e9 a morte, baiano \u00e9 agredido e expulso de boate em Portugal","datePublished":"2022-08-10T13:48:48+00:00","mainEntityOfPage":{"@id":"https:\/\/brasilnoticias.org\/site\/dias-apos-brasileiro-ser-espancado-ate-a-morte-baiano-e-agredido-e-expulso-de-boate-em-portugal\/"},"wordCount":585,"commentCount":0,"publisher":{"@id":"https:\/\/brasilnoticias.org\/site\/#organization"},"image":{"@id":"https:\/\/brasilnoticias.org\/site\/dias-apos-brasileiro-ser-espancado-ate-a-morte-baiano-e-agredido-e-expulso-de-boate-em-portugal\/#primaryimage"},"thumbnailUrl":"https:\/\/brasilnoticias.org\/site\/wp-content\/uploads\/2022\/08\/whatsapp_image_2022-08-10_at_07.09.48_widelg.jpeg","articleSection":["Mundo"],"inLanguage":"pt-PT","potentialAction":[{"@type":"CommentAction","name":"Comment","target":["https:\/\/brasilnoticias.org\/site\/dias-apos-brasileiro-ser-espancado-ate-a-morte-baiano-e-agredido-e-expulso-de-boate-em-portugal\/#respond"]}]},{"@type":"WebPage","@id":"https:\/\/brasilnoticias.org\/site\/dias-apos-brasileiro-ser-espancado-ate-a-morte-baiano-e-agredido-e-expulso-de-boate-em-portugal\/","url":"https:\/\/brasilnoticias.org\/site\/dias-apos-brasileiro-ser-espancado-ate-a-morte-baiano-e-agredido-e-expulso-de-boate-em-portugal\/","name":"Dias ap\u00f3s brasileiro ser espancado at\u00e9 a morte, baiano \u00e9 agredido e expulso de boate em Portugal - Brasil not\u00edcias","isPartOf":{"@id":"https:\/\/brasilnoticias.org\/site\/#website"},"primaryImageOfPage":{"@id":"https:\/\/brasilnoticias.org\/site\/dias-apos-brasileiro-ser-espancado-ate-a-morte-baiano-e-agredido-e-expulso-de-boate-em-portugal\/#primaryimage"},"image":{"@id":"https:\/\/brasilnoticias.org\/site\/dias-apos-brasileiro-ser-espancado-ate-a-morte-baiano-e-agredido-e-expulso-de-boate-em-portugal\/#primaryimage"},"thumbnailUrl":"https:\/\/brasilnoticias.org\/site\/wp-content\/uploads\/2022\/08\/whatsapp_image_2022-08-10_at_07.09.48_widelg.jpeg","datePublished":"2022-08-10T13:48:48+00:00","breadcrumb":{"@id":"https:\/\/brasilnoticias.org\/site\/dias-apos-brasileiro-ser-espancado-ate-a-morte-baiano-e-agredido-e-expulso-de-boate-em-portugal\/#breadcrumb"},"inLanguage":"pt-PT","potentialAction":[{"@type":"ReadAction","target":["https:\/\/brasilnoticias.org\/site\/dias-apos-brasileiro-ser-espancado-ate-a-morte-baiano-e-agredido-e-expulso-de-boate-em-portugal\/"]}]},{"@type":"ImageObject","inLanguage":"pt-PT","@id":"https:\/\/brasilnoticias.org\/site\/dias-apos-brasileiro-ser-espancado-ate-a-morte-baiano-e-agredido-e-expulso-de-boate-em-portugal\/#primaryimage","url":"https:\/\/brasilnoticias.org\/site\/wp-content\/uploads\/2022\/08\/whatsapp_image_2022-08-10_at_07.09.48_widelg.jpeg","contentUrl":"https:\/\/brasilnoticias.org\/site\/wp-content\/uploads\/2022\/08\/whatsapp_image_2022-08-10_at_07.09.48_widelg.jpeg","width":800,"height":450},{"@type":"BreadcrumbList","@id":"https:\/\/brasilnoticias.org\/site\/dias-apos-brasileiro-ser-espancado-ate-a-morte-baiano-e-agredido-e-expulso-de-boate-em-portugal\/#breadcrumb","itemListElement":[{"@type":"ListItem","position":1,"name":"In\u00edcio","item":"https:\/\/brasilnoticias.org\/site\/"},{"@type":"ListItem","position":2,"name":"Dias ap\u00f3s brasileiro ser espancado at\u00e9 a morte, baiano \u00e9 agredido e expulso de boate em Portugal"}]},{"@type":"WebSite","@id":"https:\/\/brasilnoticias.org\/site\/#website","url":"https:\/\/brasilnoticias.org\/site\/","name":"Brasil not\u00edcias","description":"Brasil not\u00edcias","publisher":{"@id":"https:\/\/brasilnoticias.org\/site\/#organization"},"potentialAction":[{"@type":"SearchAction","target":{"@type":"EntryPoint","urlTemplate":"https:\/\/brasilnoticias.org\/site\/?s={search_term_string}"},"query-input":{"@type":"PropertyValueSpecification","valueRequired":true,"valueName":"search_term_string"}}],"inLanguage":"pt-PT"},{"@type":"Organization","@id":"https:\/\/brasilnoticias.org\/site\/#organization","name":"Brasil not\u00edcias","url":"https:\/\/brasilnoticias.org\/site\/","logo":{"@type":"ImageObject","inLanguage":"pt-PT","@id":"https:\/\/brasilnoticias.org\/site\/#\/schema\/logo\/image\/","url":"https:\/\/brasilnoticias.org\/site\/wp-content\/uploads\/2022\/05\/cropped-brasilnoticias-mini.jpg","contentUrl":"https:\/\/brasilnoticias.org\/site\/wp-content\/uploads\/2022\/05\/cropped-brasilnoticias-mini.jpg","width":314,"height":86,"caption":"Brasil not\u00edcias"},"image":{"@id":"https:\/\/brasilnoticias.org\/site\/#\/schema\/logo\/image\/"}},{"@type":"Person","@id":"https:\/\/brasilnoticias.org\/site\/#\/schema\/person\/f609fa847b5314f1c8b983342f34c798","name":"Reda\u00e7\u00e3o","image":{"@type":"ImageObject","inLanguage":"pt-PT","@id":"https:\/\/brasilnoticias.org\/site\/#\/schema\/person\/image\/","url":"https:\/\/secure.gravatar.com\/avatar\/447284c06c1ad8b46465a36de9cd0d8326b73387a22799b8b1ffb1fbcff2ed0c?s=96&d=mm&r=g","contentUrl":"https:\/\/secure.gravatar.com\/avatar\/447284c06c1ad8b46465a36de9cd0d8326b73387a22799b8b1ffb1fbcff2ed0c?s=96&d=mm&r=g","caption":"Reda\u00e7\u00e3o"},"url":"https:\/\/brasilnoticias.org\/site\/author\/redacao\/"}]}},"_links":{"self":[{"href":"https:\/\/brasilnoticias.org\/site\/wp-json\/wp\/v2\/posts\/1117","targetHints":{"allow":["GET"]}}],"collection":[{"href":"https:\/\/brasilnoticias.org\/site\/wp-json\/wp\/v2\/posts"}],"about":[{"href":"https:\/\/brasilnoticias.org\/site\/wp-json\/wp\/v2\/types\/post"}],"author":[{"embeddable":true,"href":"https:\/\/brasilnoticias.org\/site\/wp-json\/wp\/v2\/users\/2"}],"replies":[{"embeddable":true,"href":"https:\/\/brasilnoticias.org\/site\/wp-json\/wp\/v2\/comments?post=1117"}],"version-history":[{"count":1,"href":"https:\/\/brasilnoticias.org\/site\/wp-json\/wp\/v2\/posts\/1117\/revisions"}],"predecessor-version":[{"id":1119,"href":"https:\/\/brasilnoticias.org\/site\/wp-json\/wp\/v2\/posts\/1117\/revisions\/1119"}],"wp:featuredmedia":[{"embeddable":true,"href":"https:\/\/brasilnoticias.org\/site\/wp-json\/wp\/v2\/media\/1118"}],"wp:attachment":[{"href":"https:\/\/brasilnoticias.org\/site\/wp-json\/wp\/v2\/media?parent=1117"}],"wp:term":[{"taxonomy":"category","embeddable":true,"href":"https:\/\/brasilnoticias.org\/site\/wp-json\/wp\/v2\/categories?post=1117"},{"taxonomy":"post_tag","embeddable":true,"href":"https:\/\/brasilnoticias.org\/site\/wp-json\/wp\/v2\/tags?post=1117"}],"curies":[{"name":"wp","href":"https:\/\/api.w.org\/{rel}","templated":true}]}}