{"id":11171,"date":"2023-11-22T17:21:38","date_gmt":"2023-11-22T20:21:38","guid":{"rendered":"https:\/\/brasilnoticias.org\/site\/?p=11171"},"modified":"2023-11-22T17:21:38","modified_gmt":"2023-11-22T20:21:38","slug":"video-eu-chupei-seu-dispara-homem-que-se-relacionou-com-o-proprio-genro","status":"publish","type":"post","link":"https:\/\/brasilnoticias.org\/site\/video-eu-chupei-seu-dispara-homem-que-se-relacionou-com-o-proprio-genro\/","title":{"rendered":"V\u00cdDEO: &#8220;Eu chupei seu **&#8221;, dispara homem que se relacionou com o pr\u00f3prio genro"},"content":{"rendered":"<p>Um caso de trai\u00e7\u00e3o que viralizou nas redes sociais est\u00e1 tomando propor\u00e7\u00f5es ainda maiores nos meios digitais. Uma mulher, na cidade de Araraquara, em S\u00e3o Paulo, descobriu que estava sendo tra\u00edda pelo marido com o seu pr\u00f3prio pai.<\/p>\n<p>Camila Oliveira, de 25 anos, ficou completamente revoltada com a situa\u00e7\u00e3o e decidiu exp\u00f4r tudo na internet, incluindo prints e v\u00eddeos, e rapidamente o caso repercutiu nas m\u00eddias sociais.<\/p>\n<p>Nos prints divulgados, Edilson Oliveira, de 45 anos, pai da mulher, se declara para o agora seu ex-genro, conhecido como Juninho Virg\u00edlio, 30. Em resposta, o rapaz diz que o amor \u00e9 rec\u00edproco. No di\u00e1logo, os dois tamb\u00e9m falam sobre empr\u00e9stimos de dinheiro.<\/p>\n<p>O pai de Camila se revoltou com a situa\u00e7\u00e3o, e foi flagrado ateando fogo no carro de Juninho, al\u00e9m de ter sido visto arremessando uma garrafa de vidro vazia contra o port\u00e3o de uma resid\u00eancia. Em seguida, o homem foi espancado por pessoas da regi\u00e3o.<\/p>\n<p>Dos diversos v\u00eddeos que est\u00e3o viralizando sobre o caso, um em espec\u00edfico tem sido bastante comentado entre os internautas. Nas imagens, Edilson aparece nas ruas sem camisa, gritando para o genro: &#8220;eu chupei seu **&#8221;.<\/p>\n<p>CONFIRA:<\/p>\n<div style=\"position:relative;padding-bottom:56.25%;height:0;overflow:hidden;\"> <iframe loading=\"lazy\" style=\"width:100%;height:100%;position:absolute;left:0px;top:0px;overflow:hidden\" frameborder=\"0\" type=\"text\/html\" src=\"https:\/\/www.dailymotion.com\/embed\/video\/x8pv64s?autoplay=1\" width=\"100%\" height=\"100%\" allowfullscreen title=\"Dailymotion Video Player\" allow=\"autoplay\"> <\/iframe> <\/div>\n<p>Foto: Reprodu\u00e7\u00e3o \/ Redes sociais<br \/>\nBNews<\/p>\n","protected":false},"excerpt":{"rendered":"<p>Um caso de trai\u00e7\u00e3o que viralizou nas redes sociais est\u00e1 tomando propor\u00e7\u00f5es ainda maiores nos meios digitais. Uma mulher, na<\/p>\n","protected":false},"author":4,"featured_media":11172,"comment_status":"open","ping_status":"open","sticky":false,"template":"","format":"standard","meta":{"colormag_page_container_layout":"default_layout","colormag_page_sidebar_layout":"default_layout","_FSMCFIC_featured_image_caption":"","_FSMCFIC_featured_image_nocaption":"","_FSMCFIC_featured_image_hide":"","footnotes":""},"categories":[2,1],"tags":[],"class_list":["post-11171","post","type-post","status-publish","format-standard","has-post-thumbnail","hentry","category-noticias","category-ultimas"],"yoast_head":"<!-- This site is optimized with the Yoast SEO plugin v27.1.1 - https:\/\/yoast.com\/product\/yoast-seo-wordpress\/ -->\n<title>V\u00cdDEO: &quot;Eu chupei seu **&quot;, dispara homem que se relacionou com o pr\u00f3prio genro - Brasil not\u00edcias<\/title>\n<meta name=\"robots\" content=\"index, follow, max-snippet:-1, max-image-preview:large, max-video-preview:-1\" \/>\n<link rel=\"canonical\" href=\"https:\/\/brasilnoticias.org\/site\/video-eu-chupei-seu-dispara-homem-que-se-relacionou-com-o-proprio-genro\/\" \/>\n<meta property=\"og:locale\" content=\"pt_PT\" \/>\n<meta property=\"og:type\" content=\"article\" \/>\n<meta property=\"og:title\" content=\"V\u00cdDEO: &quot;Eu chupei seu **&quot;, dispara homem que se relacionou com o pr\u00f3prio genro - Brasil not\u00edcias\" \/>\n<meta property=\"og:description\" content=\"Um caso de trai\u00e7\u00e3o que viralizou nas redes sociais est\u00e1 tomando propor\u00e7\u00f5es ainda maiores nos meios digitais. Uma mulher, na\" \/>\n<meta property=\"og:url\" content=\"https:\/\/brasilnoticias.org\/site\/video-eu-chupei-seu-dispara-homem-que-se-relacionou-com-o-proprio-genro\/\" \/>\n<meta property=\"og:site_name\" content=\"Brasil not\u00edcias\" \/>\n<meta property=\"article:published_time\" content=\"2023-11-22T20:21:38+00:00\" \/>\n<meta property=\"og:image\" content=\"https:\/\/brasilnoticias.org\/site\/wp-content\/uploads\/2023\/11\/foto_18_widelg.jpg\" \/>\n\t<meta property=\"og:image:width\" content=\"800\" \/>\n\t<meta property=\"og:image:height\" content=\"450\" \/>\n\t<meta property=\"og:image:type\" content=\"image\/jpeg\" \/>\n<meta name=\"author\" content=\"Reda\u00e7\u00e3o\" \/>\n<meta name=\"twitter:card\" content=\"summary_large_image\" \/>\n<meta name=\"twitter:label1\" content=\"Escrito por\" \/>\n\t<meta name=\"twitter:data1\" content=\"Reda\u00e7\u00e3o\" \/>\n<script type=\"application\/ld+json\" class=\"yoast-schema-graph\">{\"@context\":\"https:\/\/schema.org\",\"@graph\":[{\"@type\":\"Article\",\"@id\":\"https:\/\/brasilnoticias.org\/site\/video-eu-chupei-seu-dispara-homem-que-se-relacionou-com-o-proprio-genro\/#article\",\"isPartOf\":{\"@id\":\"https:\/\/brasilnoticias.org\/site\/video-eu-chupei-seu-dispara-homem-que-se-relacionou-com-o-proprio-genro\/\"},\"author\":{\"name\":\"Reda\u00e7\u00e3o\",\"@id\":\"https:\/\/brasilnoticias.org\/site\/#\/schema\/person\/03bbbfe6c7634ad18c26444ea39049fa\"},\"headline\":\"V\u00cdDEO: &#8220;Eu chupei seu **&#8221;, dispara homem que se relacionou com o pr\u00f3prio genro\",\"datePublished\":\"2023-11-22T20:21:38+00:00\",\"mainEntityOfPage\":{\"@id\":\"https:\/\/brasilnoticias.org\/site\/video-eu-chupei-seu-dispara-homem-que-se-relacionou-com-o-proprio-genro\/\"},\"wordCount\":229,\"commentCount\":0,\"publisher\":{\"@id\":\"https:\/\/brasilnoticias.org\/site\/#organization\"},\"image\":{\"@id\":\"https:\/\/brasilnoticias.org\/site\/video-eu-chupei-seu-dispara-homem-que-se-relacionou-com-o-proprio-genro\/#primaryimage\"},\"thumbnailUrl\":\"https:\/\/brasilnoticias.org\/site\/wp-content\/uploads\/2023\/11\/foto_18_widelg.jpg\",\"articleSection\":[\"Not\u00edcias\",\"\u00daltimas\"],\"inLanguage\":\"pt-PT\",\"potentialAction\":[{\"@type\":\"CommentAction\",\"name\":\"Comment\",\"target\":[\"https:\/\/brasilnoticias.org\/site\/video-eu-chupei-seu-dispara-homem-que-se-relacionou-com-o-proprio-genro\/#respond\"]}]},{\"@type\":\"WebPage\",\"@id\":\"https:\/\/brasilnoticias.org\/site\/video-eu-chupei-seu-dispara-homem-que-se-relacionou-com-o-proprio-genro\/\",\"url\":\"https:\/\/brasilnoticias.org\/site\/video-eu-chupei-seu-dispara-homem-que-se-relacionou-com-o-proprio-genro\/\",\"name\":\"V\u00cdDEO: \\\"Eu chupei seu **\\\", dispara homem que se relacionou com o pr\u00f3prio genro - Brasil not\u00edcias\",\"isPartOf\":{\"@id\":\"https:\/\/brasilnoticias.org\/site\/#website\"},\"primaryImageOfPage\":{\"@id\":\"https:\/\/brasilnoticias.org\/site\/video-eu-chupei-seu-dispara-homem-que-se-relacionou-com-o-proprio-genro\/#primaryimage\"},\"image\":{\"@id\":\"https:\/\/brasilnoticias.org\/site\/video-eu-chupei-seu-dispara-homem-que-se-relacionou-com-o-proprio-genro\/#primaryimage\"},\"thumbnailUrl\":\"https:\/\/brasilnoticias.org\/site\/wp-content\/uploads\/2023\/11\/foto_18_widelg.jpg\",\"datePublished\":\"2023-11-22T20:21:38+00:00\",\"breadcrumb\":{\"@id\":\"https:\/\/brasilnoticias.org\/site\/video-eu-chupei-seu-dispara-homem-que-se-relacionou-com-o-proprio-genro\/#breadcrumb\"},\"inLanguage\":\"pt-PT\",\"potentialAction\":[{\"@type\":\"ReadAction\",\"target\":[\"https:\/\/brasilnoticias.org\/site\/video-eu-chupei-seu-dispara-homem-que-se-relacionou-com-o-proprio-genro\/\"]}]},{\"@type\":\"ImageObject\",\"inLanguage\":\"pt-PT\",\"@id\":\"https:\/\/brasilnoticias.org\/site\/video-eu-chupei-seu-dispara-homem-que-se-relacionou-com-o-proprio-genro\/#primaryimage\",\"url\":\"https:\/\/brasilnoticias.org\/site\/wp-content\/uploads\/2023\/11\/foto_18_widelg.jpg\",\"contentUrl\":\"https:\/\/brasilnoticias.org\/site\/wp-content\/uploads\/2023\/11\/foto_18_widelg.jpg\",\"width\":800,\"height\":450},{\"@type\":\"BreadcrumbList\",\"@id\":\"https:\/\/brasilnoticias.org\/site\/video-eu-chupei-seu-dispara-homem-que-se-relacionou-com-o-proprio-genro\/#breadcrumb\",\"itemListElement\":[{\"@type\":\"ListItem\",\"position\":1,\"name\":\"In\u00edcio\",\"item\":\"https:\/\/brasilnoticias.org\/site\/\"},{\"@type\":\"ListItem\",\"position\":2,\"name\":\"V\u00cdDEO: &#8220;Eu chupei seu **&#8221;, dispara homem que se relacionou com o pr\u00f3prio genro\"}]},{\"@type\":\"WebSite\",\"@id\":\"https:\/\/brasilnoticias.org\/site\/#website\",\"url\":\"https:\/\/brasilnoticias.org\/site\/\",\"name\":\"Brasil not\u00edcias\",\"description\":\"Brasil not\u00edcias\",\"publisher\":{\"@id\":\"https:\/\/brasilnoticias.org\/site\/#organization\"},\"potentialAction\":[{\"@type\":\"SearchAction\",\"target\":{\"@type\":\"EntryPoint\",\"urlTemplate\":\"https:\/\/brasilnoticias.org\/site\/?s={search_term_string}\"},\"query-input\":{\"@type\":\"PropertyValueSpecification\",\"valueRequired\":true,\"valueName\":\"search_term_string\"}}],\"inLanguage\":\"pt-PT\"},{\"@type\":\"Organization\",\"@id\":\"https:\/\/brasilnoticias.org\/site\/#organization\",\"name\":\"Brasil not\u00edcias\",\"url\":\"https:\/\/brasilnoticias.org\/site\/\",\"logo\":{\"@type\":\"ImageObject\",\"inLanguage\":\"pt-PT\",\"@id\":\"https:\/\/brasilnoticias.org\/site\/#\/schema\/logo\/image\/\",\"url\":\"https:\/\/brasilnoticias.org\/site\/wp-content\/uploads\/2022\/05\/cropped-brasilnoticias-mini.jpg\",\"contentUrl\":\"https:\/\/brasilnoticias.org\/site\/wp-content\/uploads\/2022\/05\/cropped-brasilnoticias-mini.jpg\",\"width\":314,\"height\":86,\"caption\":\"Brasil not\u00edcias\"},\"image\":{\"@id\":\"https:\/\/brasilnoticias.org\/site\/#\/schema\/logo\/image\/\"}},{\"@type\":\"Person\",\"@id\":\"https:\/\/brasilnoticias.org\/site\/#\/schema\/person\/03bbbfe6c7634ad18c26444ea39049fa\",\"name\":\"Reda\u00e7\u00e3o\",\"image\":{\"@type\":\"ImageObject\",\"inLanguage\":\"pt-PT\",\"@id\":\"https:\/\/brasilnoticias.org\/site\/#\/schema\/person\/image\/\",\"url\":\"https:\/\/secure.gravatar.com\/avatar\/9ecaf7327a696cb23ad926fedded5f1f04d7049de9e445375d55b48c001a6e42?s=96&d=mm&r=g\",\"contentUrl\":\"https:\/\/secure.gravatar.com\/avatar\/9ecaf7327a696cb23ad926fedded5f1f04d7049de9e445375d55b48c001a6e42?s=96&d=mm&r=g\",\"caption\":\"Reda\u00e7\u00e3o\"},\"url\":\"https:\/\/brasilnoticias.org\/site\/author\/henrique\/\"}]}<\/script>\n<!-- \/ Yoast SEO plugin. -->","yoast_head_json":{"title":"V\u00cdDEO: \"Eu chupei seu **\", dispara homem que se relacionou com o pr\u00f3prio genro - Brasil not\u00edcias","robots":{"index":"index","follow":"follow","max-snippet":"max-snippet:-1","max-image-preview":"max-image-preview:large","max-video-preview":"max-video-preview:-1"},"canonical":"https:\/\/brasilnoticias.org\/site\/video-eu-chupei-seu-dispara-homem-que-se-relacionou-com-o-proprio-genro\/","og_locale":"pt_PT","og_type":"article","og_title":"V\u00cdDEO: \"Eu chupei seu **\", dispara homem que se relacionou com o pr\u00f3prio genro - Brasil not\u00edcias","og_description":"Um caso de trai\u00e7\u00e3o que viralizou nas redes sociais est\u00e1 tomando propor\u00e7\u00f5es ainda maiores nos meios digitais. Uma mulher, na","og_url":"https:\/\/brasilnoticias.org\/site\/video-eu-chupei-seu-dispara-homem-que-se-relacionou-com-o-proprio-genro\/","og_site_name":"Brasil not\u00edcias","article_published_time":"2023-11-22T20:21:38+00:00","og_image":[{"width":800,"height":450,"url":"https:\/\/brasilnoticias.org\/site\/wp-content\/uploads\/2023\/11\/foto_18_widelg.jpg","type":"image\/jpeg"}],"author":"Reda\u00e7\u00e3o","twitter_card":"summary_large_image","twitter_misc":{"Escrito por":"Reda\u00e7\u00e3o"},"schema":{"@context":"https:\/\/schema.org","@graph":[{"@type":"Article","@id":"https:\/\/brasilnoticias.org\/site\/video-eu-chupei-seu-dispara-homem-que-se-relacionou-com-o-proprio-genro\/#article","isPartOf":{"@id":"https:\/\/brasilnoticias.org\/site\/video-eu-chupei-seu-dispara-homem-que-se-relacionou-com-o-proprio-genro\/"},"author":{"name":"Reda\u00e7\u00e3o","@id":"https:\/\/brasilnoticias.org\/site\/#\/schema\/person\/03bbbfe6c7634ad18c26444ea39049fa"},"headline":"V\u00cdDEO: &#8220;Eu chupei seu **&#8221;, dispara homem que se relacionou com o pr\u00f3prio genro","datePublished":"2023-11-22T20:21:38+00:00","mainEntityOfPage":{"@id":"https:\/\/brasilnoticias.org\/site\/video-eu-chupei-seu-dispara-homem-que-se-relacionou-com-o-proprio-genro\/"},"wordCount":229,"commentCount":0,"publisher":{"@id":"https:\/\/brasilnoticias.org\/site\/#organization"},"image":{"@id":"https:\/\/brasilnoticias.org\/site\/video-eu-chupei-seu-dispara-homem-que-se-relacionou-com-o-proprio-genro\/#primaryimage"},"thumbnailUrl":"https:\/\/brasilnoticias.org\/site\/wp-content\/uploads\/2023\/11\/foto_18_widelg.jpg","articleSection":["Not\u00edcias","\u00daltimas"],"inLanguage":"pt-PT","potentialAction":[{"@type":"CommentAction","name":"Comment","target":["https:\/\/brasilnoticias.org\/site\/video-eu-chupei-seu-dispara-homem-que-se-relacionou-com-o-proprio-genro\/#respond"]}]},{"@type":"WebPage","@id":"https:\/\/brasilnoticias.org\/site\/video-eu-chupei-seu-dispara-homem-que-se-relacionou-com-o-proprio-genro\/","url":"https:\/\/brasilnoticias.org\/site\/video-eu-chupei-seu-dispara-homem-que-se-relacionou-com-o-proprio-genro\/","name":"V\u00cdDEO: \"Eu chupei seu **\", dispara homem que se relacionou com o pr\u00f3prio genro - Brasil not\u00edcias","isPartOf":{"@id":"https:\/\/brasilnoticias.org\/site\/#website"},"primaryImageOfPage":{"@id":"https:\/\/brasilnoticias.org\/site\/video-eu-chupei-seu-dispara-homem-que-se-relacionou-com-o-proprio-genro\/#primaryimage"},"image":{"@id":"https:\/\/brasilnoticias.org\/site\/video-eu-chupei-seu-dispara-homem-que-se-relacionou-com-o-proprio-genro\/#primaryimage"},"thumbnailUrl":"https:\/\/brasilnoticias.org\/site\/wp-content\/uploads\/2023\/11\/foto_18_widelg.jpg","datePublished":"2023-11-22T20:21:38+00:00","breadcrumb":{"@id":"https:\/\/brasilnoticias.org\/site\/video-eu-chupei-seu-dispara-homem-que-se-relacionou-com-o-proprio-genro\/#breadcrumb"},"inLanguage":"pt-PT","potentialAction":[{"@type":"ReadAction","target":["https:\/\/brasilnoticias.org\/site\/video-eu-chupei-seu-dispara-homem-que-se-relacionou-com-o-proprio-genro\/"]}]},{"@type":"ImageObject","inLanguage":"pt-PT","@id":"https:\/\/brasilnoticias.org\/site\/video-eu-chupei-seu-dispara-homem-que-se-relacionou-com-o-proprio-genro\/#primaryimage","url":"https:\/\/brasilnoticias.org\/site\/wp-content\/uploads\/2023\/11\/foto_18_widelg.jpg","contentUrl":"https:\/\/brasilnoticias.org\/site\/wp-content\/uploads\/2023\/11\/foto_18_widelg.jpg","width":800,"height":450},{"@type":"BreadcrumbList","@id":"https:\/\/brasilnoticias.org\/site\/video-eu-chupei-seu-dispara-homem-que-se-relacionou-com-o-proprio-genro\/#breadcrumb","itemListElement":[{"@type":"ListItem","position":1,"name":"In\u00edcio","item":"https:\/\/brasilnoticias.org\/site\/"},{"@type":"ListItem","position":2,"name":"V\u00cdDEO: &#8220;Eu chupei seu **&#8221;, dispara homem que se relacionou com o pr\u00f3prio genro"}]},{"@type":"WebSite","@id":"https:\/\/brasilnoticias.org\/site\/#website","url":"https:\/\/brasilnoticias.org\/site\/","name":"Brasil not\u00edcias","description":"Brasil not\u00edcias","publisher":{"@id":"https:\/\/brasilnoticias.org\/site\/#organization"},"potentialAction":[{"@type":"SearchAction","target":{"@type":"EntryPoint","urlTemplate":"https:\/\/brasilnoticias.org\/site\/?s={search_term_string}"},"query-input":{"@type":"PropertyValueSpecification","valueRequired":true,"valueName":"search_term_string"}}],"inLanguage":"pt-PT"},{"@type":"Organization","@id":"https:\/\/brasilnoticias.org\/site\/#organization","name":"Brasil not\u00edcias","url":"https:\/\/brasilnoticias.org\/site\/","logo":{"@type":"ImageObject","inLanguage":"pt-PT","@id":"https:\/\/brasilnoticias.org\/site\/#\/schema\/logo\/image\/","url":"https:\/\/brasilnoticias.org\/site\/wp-content\/uploads\/2022\/05\/cropped-brasilnoticias-mini.jpg","contentUrl":"https:\/\/brasilnoticias.org\/site\/wp-content\/uploads\/2022\/05\/cropped-brasilnoticias-mini.jpg","width":314,"height":86,"caption":"Brasil not\u00edcias"},"image":{"@id":"https:\/\/brasilnoticias.org\/site\/#\/schema\/logo\/image\/"}},{"@type":"Person","@id":"https:\/\/brasilnoticias.org\/site\/#\/schema\/person\/03bbbfe6c7634ad18c26444ea39049fa","name":"Reda\u00e7\u00e3o","image":{"@type":"ImageObject","inLanguage":"pt-PT","@id":"https:\/\/brasilnoticias.org\/site\/#\/schema\/person\/image\/","url":"https:\/\/secure.gravatar.com\/avatar\/9ecaf7327a696cb23ad926fedded5f1f04d7049de9e445375d55b48c001a6e42?s=96&d=mm&r=g","contentUrl":"https:\/\/secure.gravatar.com\/avatar\/9ecaf7327a696cb23ad926fedded5f1f04d7049de9e445375d55b48c001a6e42?s=96&d=mm&r=g","caption":"Reda\u00e7\u00e3o"},"url":"https:\/\/brasilnoticias.org\/site\/author\/henrique\/"}]}},"_links":{"self":[{"href":"https:\/\/brasilnoticias.org\/site\/wp-json\/wp\/v2\/posts\/11171","targetHints":{"allow":["GET"]}}],"collection":[{"href":"https:\/\/brasilnoticias.org\/site\/wp-json\/wp\/v2\/posts"}],"about":[{"href":"https:\/\/brasilnoticias.org\/site\/wp-json\/wp\/v2\/types\/post"}],"author":[{"embeddable":true,"href":"https:\/\/brasilnoticias.org\/site\/wp-json\/wp\/v2\/users\/4"}],"replies":[{"embeddable":true,"href":"https:\/\/brasilnoticias.org\/site\/wp-json\/wp\/v2\/comments?post=11171"}],"version-history":[{"count":1,"href":"https:\/\/brasilnoticias.org\/site\/wp-json\/wp\/v2\/posts\/11171\/revisions"}],"predecessor-version":[{"id":11173,"href":"https:\/\/brasilnoticias.org\/site\/wp-json\/wp\/v2\/posts\/11171\/revisions\/11173"}],"wp:featuredmedia":[{"embeddable":true,"href":"https:\/\/brasilnoticias.org\/site\/wp-json\/wp\/v2\/media\/11172"}],"wp:attachment":[{"href":"https:\/\/brasilnoticias.org\/site\/wp-json\/wp\/v2\/media?parent=11171"}],"wp:term":[{"taxonomy":"category","embeddable":true,"href":"https:\/\/brasilnoticias.org\/site\/wp-json\/wp\/v2\/categories?post=11171"},{"taxonomy":"post_tag","embeddable":true,"href":"https:\/\/brasilnoticias.org\/site\/wp-json\/wp\/v2\/tags?post=11171"}],"curies":[{"name":"wp","href":"https:\/\/api.w.org\/{rel}","templated":true}]}}