{"id":11180,"date":"2023-11-23T06:00:52","date_gmt":"2023-11-23T09:00:52","guid":{"rendered":"https:\/\/brasilnoticias.org\/site\/?p=11180"},"modified":"2023-11-22T17:28:42","modified_gmt":"2023-11-22T20:28:42","slug":"camara-aprova-urgencia-para-vetar-portaria-que-limita-trabalho-aos-domingos-e-feriados","status":"publish","type":"post","link":"https:\/\/brasilnoticias.org\/site\/camara-aprova-urgencia-para-vetar-portaria-que-limita-trabalho-aos-domingos-e-feriados\/","title":{"rendered":"C\u00e2mara aprova urg\u00eancia para vetar portaria que limita trabalho aos domingos e feriados"},"content":{"rendered":"<p>A portaria, baixada pelo Minist\u00e9rio do Trabalho, entraria em vigor a partir de janeiro de 2024<\/p>\n<p>A C\u00e2mara dos Deputados aprovou a urg\u00eancia de um projeto contr\u00e1rio a uma portaria do Minist\u00e9rio do Trabalho, que limita o trabalho aos feriados e domingos. O intuito da Casa \u00e9 derrubar de forma imediata o ato administrativo apresentado pela pasta.<\/p>\n<p>Aprovado nesta ter\u00e7a-feira (21), o regime de urg\u00eancia acelera o processo de tramita\u00e7\u00e3o do projeto, excluindo a necessidade do documento passar pela an\u00e1lise das comiss\u00f5es tem\u00e1ticas da C\u00e2mara dos Deputados, assim como permite a vota\u00e7\u00e3o direta em plen\u00e1rio.<\/p>\n<p>O Minist\u00e9rio do Trabalho baixou a portaria em quest\u00e3o no \u00faltimo dia 15. Ela estabelece que, a partir de janeiro de 2024, setores do com\u00e9rcio e servi\u00e7os s\u00f3 poderiam funcionar aos domingos e feriados caso sindicatos ou a gest\u00e3o municipal entrassem em acordo com a decis\u00e3o.<\/p>\n<p>Segundo o presidente da Casa, Arthur Lira (PP), h\u00e1 um acordo entre os parlamentares para votar o m\u00e9rito do texto. No entanto, o parlamentar n\u00e3o divulgou uma data para a vota\u00e7\u00e3o at\u00e9 o momento.<\/p>\n<p>Foto: Marcelo Camargo\/Ag\u00eancia Brasil<br \/>\nMetro1<\/p>\n","protected":false},"excerpt":{"rendered":"<p>A portaria, baixada pelo Minist\u00e9rio do Trabalho, entraria em vigor a partir de janeiro de 2024 A C\u00e2mara dos Deputados<\/p>\n","protected":false},"author":4,"featured_media":11181,"comment_status":"open","ping_status":"open","sticky":false,"template":"","format":"standard","meta":{"colormag_page_container_layout":"default_layout","colormag_page_sidebar_layout":"default_layout","_FSMCFIC_featured_image_caption":"","_FSMCFIC_featured_image_nocaption":"","_FSMCFIC_featured_image_hide":"","footnotes":""},"categories":[5,1],"tags":[],"class_list":["post-11180","post","type-post","status-publish","format-standard","has-post-thumbnail","hentry","category-politica","category-ultimas"],"yoast_head":"<!-- This site is optimized with the Yoast SEO plugin v27.1.1 - https:\/\/yoast.com\/product\/yoast-seo-wordpress\/ -->\n<title>C\u00e2mara aprova urg\u00eancia para vetar portaria que limita trabalho aos domingos e feriados - Brasil not\u00edcias<\/title>\n<meta name=\"robots\" content=\"index, follow, max-snippet:-1, max-image-preview:large, max-video-preview:-1\" \/>\n<link rel=\"canonical\" href=\"https:\/\/brasilnoticias.org\/site\/camara-aprova-urgencia-para-vetar-portaria-que-limita-trabalho-aos-domingos-e-feriados\/\" \/>\n<meta property=\"og:locale\" content=\"pt_PT\" \/>\n<meta property=\"og:type\" content=\"article\" \/>\n<meta property=\"og:title\" content=\"C\u00e2mara aprova urg\u00eancia para vetar portaria que limita trabalho aos domingos e feriados - Brasil not\u00edcias\" \/>\n<meta property=\"og:description\" content=\"A portaria, baixada pelo Minist\u00e9rio do Trabalho, entraria em vigor a partir de janeiro de 2024 A C\u00e2mara dos Deputados\" \/>\n<meta property=\"og:url\" content=\"https:\/\/brasilnoticias.org\/site\/camara-aprova-urgencia-para-vetar-portaria-que-limita-trabalho-aos-domingos-e-feriados\/\" \/>\n<meta property=\"og:site_name\" content=\"Brasil not\u00edcias\" \/>\n<meta property=\"article:published_time\" content=\"2023-11-23T09:00:52+00:00\" \/>\n<meta property=\"og:image\" content=\"https:\/\/brasilnoticias.org\/site\/wp-content\/uploads\/2023\/11\/143430camara-aprova-urgencia-para-vetar-portaria-que-limita-trabalho-aos-domingos-e-feriados-3.jpg\" \/>\n\t<meta property=\"og:image:width\" content=\"1600\" \/>\n\t<meta property=\"og:image:height\" content=\"752\" \/>\n\t<meta property=\"og:image:type\" content=\"image\/jpeg\" \/>\n<meta name=\"author\" content=\"Reda\u00e7\u00e3o\" \/>\n<meta name=\"twitter:card\" content=\"summary_large_image\" \/>\n<meta name=\"twitter:label1\" content=\"Escrito por\" \/>\n\t<meta name=\"twitter:data1\" content=\"Reda\u00e7\u00e3o\" \/>\n<script type=\"application\/ld+json\" class=\"yoast-schema-graph\">{\"@context\":\"https:\/\/schema.org\",\"@graph\":[{\"@type\":\"Article\",\"@id\":\"https:\/\/brasilnoticias.org\/site\/camara-aprova-urgencia-para-vetar-portaria-que-limita-trabalho-aos-domingos-e-feriados\/#article\",\"isPartOf\":{\"@id\":\"https:\/\/brasilnoticias.org\/site\/camara-aprova-urgencia-para-vetar-portaria-que-limita-trabalho-aos-domingos-e-feriados\/\"},\"author\":{\"name\":\"Reda\u00e7\u00e3o\",\"@id\":\"https:\/\/brasilnoticias.org\/site\/#\/schema\/person\/03bbbfe6c7634ad18c26444ea39049fa\"},\"headline\":\"C\u00e2mara aprova urg\u00eancia para vetar portaria que limita trabalho aos domingos e feriados\",\"datePublished\":\"2023-11-23T09:00:52+00:00\",\"mainEntityOfPage\":{\"@id\":\"https:\/\/brasilnoticias.org\/site\/camara-aprova-urgencia-para-vetar-portaria-que-limita-trabalho-aos-domingos-e-feriados\/\"},\"wordCount\":215,\"commentCount\":0,\"publisher\":{\"@id\":\"https:\/\/brasilnoticias.org\/site\/#organization\"},\"image\":{\"@id\":\"https:\/\/brasilnoticias.org\/site\/camara-aprova-urgencia-para-vetar-portaria-que-limita-trabalho-aos-domingos-e-feriados\/#primaryimage\"},\"thumbnailUrl\":\"https:\/\/brasilnoticias.org\/site\/wp-content\/uploads\/2023\/11\/143430camara-aprova-urgencia-para-vetar-portaria-que-limita-trabalho-aos-domingos-e-feriados-3.jpg\",\"articleSection\":[\"Pol\u00edtica\",\"\u00daltimas\"],\"inLanguage\":\"pt-PT\",\"potentialAction\":[{\"@type\":\"CommentAction\",\"name\":\"Comment\",\"target\":[\"https:\/\/brasilnoticias.org\/site\/camara-aprova-urgencia-para-vetar-portaria-que-limita-trabalho-aos-domingos-e-feriados\/#respond\"]}]},{\"@type\":\"WebPage\",\"@id\":\"https:\/\/brasilnoticias.org\/site\/camara-aprova-urgencia-para-vetar-portaria-que-limita-trabalho-aos-domingos-e-feriados\/\",\"url\":\"https:\/\/brasilnoticias.org\/site\/camara-aprova-urgencia-para-vetar-portaria-que-limita-trabalho-aos-domingos-e-feriados\/\",\"name\":\"C\u00e2mara aprova urg\u00eancia para vetar portaria que limita trabalho aos domingos e feriados - Brasil not\u00edcias\",\"isPartOf\":{\"@id\":\"https:\/\/brasilnoticias.org\/site\/#website\"},\"primaryImageOfPage\":{\"@id\":\"https:\/\/brasilnoticias.org\/site\/camara-aprova-urgencia-para-vetar-portaria-que-limita-trabalho-aos-domingos-e-feriados\/#primaryimage\"},\"image\":{\"@id\":\"https:\/\/brasilnoticias.org\/site\/camara-aprova-urgencia-para-vetar-portaria-que-limita-trabalho-aos-domingos-e-feriados\/#primaryimage\"},\"thumbnailUrl\":\"https:\/\/brasilnoticias.org\/site\/wp-content\/uploads\/2023\/11\/143430camara-aprova-urgencia-para-vetar-portaria-que-limita-trabalho-aos-domingos-e-feriados-3.jpg\",\"datePublished\":\"2023-11-23T09:00:52+00:00\",\"breadcrumb\":{\"@id\":\"https:\/\/brasilnoticias.org\/site\/camara-aprova-urgencia-para-vetar-portaria-que-limita-trabalho-aos-domingos-e-feriados\/#breadcrumb\"},\"inLanguage\":\"pt-PT\",\"potentialAction\":[{\"@type\":\"ReadAction\",\"target\":[\"https:\/\/brasilnoticias.org\/site\/camara-aprova-urgencia-para-vetar-portaria-que-limita-trabalho-aos-domingos-e-feriados\/\"]}]},{\"@type\":\"ImageObject\",\"inLanguage\":\"pt-PT\",\"@id\":\"https:\/\/brasilnoticias.org\/site\/camara-aprova-urgencia-para-vetar-portaria-que-limita-trabalho-aos-domingos-e-feriados\/#primaryimage\",\"url\":\"https:\/\/brasilnoticias.org\/site\/wp-content\/uploads\/2023\/11\/143430camara-aprova-urgencia-para-vetar-portaria-que-limita-trabalho-aos-domingos-e-feriados-3.jpg\",\"contentUrl\":\"https:\/\/brasilnoticias.org\/site\/wp-content\/uploads\/2023\/11\/143430camara-aprova-urgencia-para-vetar-portaria-que-limita-trabalho-aos-domingos-e-feriados-3.jpg\",\"width\":1600,\"height\":752},{\"@type\":\"BreadcrumbList\",\"@id\":\"https:\/\/brasilnoticias.org\/site\/camara-aprova-urgencia-para-vetar-portaria-que-limita-trabalho-aos-domingos-e-feriados\/#breadcrumb\",\"itemListElement\":[{\"@type\":\"ListItem\",\"position\":1,\"name\":\"In\u00edcio\",\"item\":\"https:\/\/brasilnoticias.org\/site\/\"},{\"@type\":\"ListItem\",\"position\":2,\"name\":\"C\u00e2mara aprova urg\u00eancia para vetar portaria que limita trabalho aos domingos e feriados\"}]},{\"@type\":\"WebSite\",\"@id\":\"https:\/\/brasilnoticias.org\/site\/#website\",\"url\":\"https:\/\/brasilnoticias.org\/site\/\",\"name\":\"Brasil not\u00edcias\",\"description\":\"Brasil not\u00edcias\",\"publisher\":{\"@id\":\"https:\/\/brasilnoticias.org\/site\/#organization\"},\"potentialAction\":[{\"@type\":\"SearchAction\",\"target\":{\"@type\":\"EntryPoint\",\"urlTemplate\":\"https:\/\/brasilnoticias.org\/site\/?s={search_term_string}\"},\"query-input\":{\"@type\":\"PropertyValueSpecification\",\"valueRequired\":true,\"valueName\":\"search_term_string\"}}],\"inLanguage\":\"pt-PT\"},{\"@type\":\"Organization\",\"@id\":\"https:\/\/brasilnoticias.org\/site\/#organization\",\"name\":\"Brasil not\u00edcias\",\"url\":\"https:\/\/brasilnoticias.org\/site\/\",\"logo\":{\"@type\":\"ImageObject\",\"inLanguage\":\"pt-PT\",\"@id\":\"https:\/\/brasilnoticias.org\/site\/#\/schema\/logo\/image\/\",\"url\":\"https:\/\/brasilnoticias.org\/site\/wp-content\/uploads\/2022\/05\/cropped-brasilnoticias-mini.jpg\",\"contentUrl\":\"https:\/\/brasilnoticias.org\/site\/wp-content\/uploads\/2022\/05\/cropped-brasilnoticias-mini.jpg\",\"width\":314,\"height\":86,\"caption\":\"Brasil not\u00edcias\"},\"image\":{\"@id\":\"https:\/\/brasilnoticias.org\/site\/#\/schema\/logo\/image\/\"}},{\"@type\":\"Person\",\"@id\":\"https:\/\/brasilnoticias.org\/site\/#\/schema\/person\/03bbbfe6c7634ad18c26444ea39049fa\",\"name\":\"Reda\u00e7\u00e3o\",\"image\":{\"@type\":\"ImageObject\",\"inLanguage\":\"pt-PT\",\"@id\":\"https:\/\/brasilnoticias.org\/site\/#\/schema\/person\/image\/\",\"url\":\"https:\/\/secure.gravatar.com\/avatar\/9ecaf7327a696cb23ad926fedded5f1f04d7049de9e445375d55b48c001a6e42?s=96&d=mm&r=g\",\"contentUrl\":\"https:\/\/secure.gravatar.com\/avatar\/9ecaf7327a696cb23ad926fedded5f1f04d7049de9e445375d55b48c001a6e42?s=96&d=mm&r=g\",\"caption\":\"Reda\u00e7\u00e3o\"},\"url\":\"https:\/\/brasilnoticias.org\/site\/author\/henrique\/\"}]}<\/script>\n<!-- \/ Yoast SEO plugin. -->","yoast_head_json":{"title":"C\u00e2mara aprova urg\u00eancia para vetar portaria que limita trabalho aos domingos e feriados - Brasil not\u00edcias","robots":{"index":"index","follow":"follow","max-snippet":"max-snippet:-1","max-image-preview":"max-image-preview:large","max-video-preview":"max-video-preview:-1"},"canonical":"https:\/\/brasilnoticias.org\/site\/camara-aprova-urgencia-para-vetar-portaria-que-limita-trabalho-aos-domingos-e-feriados\/","og_locale":"pt_PT","og_type":"article","og_title":"C\u00e2mara aprova urg\u00eancia para vetar portaria que limita trabalho aos domingos e feriados - Brasil not\u00edcias","og_description":"A portaria, baixada pelo Minist\u00e9rio do Trabalho, entraria em vigor a partir de janeiro de 2024 A C\u00e2mara dos Deputados","og_url":"https:\/\/brasilnoticias.org\/site\/camara-aprova-urgencia-para-vetar-portaria-que-limita-trabalho-aos-domingos-e-feriados\/","og_site_name":"Brasil not\u00edcias","article_published_time":"2023-11-23T09:00:52+00:00","og_image":[{"width":1600,"height":752,"url":"https:\/\/brasilnoticias.org\/site\/wp-content\/uploads\/2023\/11\/143430camara-aprova-urgencia-para-vetar-portaria-que-limita-trabalho-aos-domingos-e-feriados-3.jpg","type":"image\/jpeg"}],"author":"Reda\u00e7\u00e3o","twitter_card":"summary_large_image","twitter_misc":{"Escrito por":"Reda\u00e7\u00e3o"},"schema":{"@context":"https:\/\/schema.org","@graph":[{"@type":"Article","@id":"https:\/\/brasilnoticias.org\/site\/camara-aprova-urgencia-para-vetar-portaria-que-limita-trabalho-aos-domingos-e-feriados\/#article","isPartOf":{"@id":"https:\/\/brasilnoticias.org\/site\/camara-aprova-urgencia-para-vetar-portaria-que-limita-trabalho-aos-domingos-e-feriados\/"},"author":{"name":"Reda\u00e7\u00e3o","@id":"https:\/\/brasilnoticias.org\/site\/#\/schema\/person\/03bbbfe6c7634ad18c26444ea39049fa"},"headline":"C\u00e2mara aprova urg\u00eancia para vetar portaria que limita trabalho aos domingos e feriados","datePublished":"2023-11-23T09:00:52+00:00","mainEntityOfPage":{"@id":"https:\/\/brasilnoticias.org\/site\/camara-aprova-urgencia-para-vetar-portaria-que-limita-trabalho-aos-domingos-e-feriados\/"},"wordCount":215,"commentCount":0,"publisher":{"@id":"https:\/\/brasilnoticias.org\/site\/#organization"},"image":{"@id":"https:\/\/brasilnoticias.org\/site\/camara-aprova-urgencia-para-vetar-portaria-que-limita-trabalho-aos-domingos-e-feriados\/#primaryimage"},"thumbnailUrl":"https:\/\/brasilnoticias.org\/site\/wp-content\/uploads\/2023\/11\/143430camara-aprova-urgencia-para-vetar-portaria-que-limita-trabalho-aos-domingos-e-feriados-3.jpg","articleSection":["Pol\u00edtica","\u00daltimas"],"inLanguage":"pt-PT","potentialAction":[{"@type":"CommentAction","name":"Comment","target":["https:\/\/brasilnoticias.org\/site\/camara-aprova-urgencia-para-vetar-portaria-que-limita-trabalho-aos-domingos-e-feriados\/#respond"]}]},{"@type":"WebPage","@id":"https:\/\/brasilnoticias.org\/site\/camara-aprova-urgencia-para-vetar-portaria-que-limita-trabalho-aos-domingos-e-feriados\/","url":"https:\/\/brasilnoticias.org\/site\/camara-aprova-urgencia-para-vetar-portaria-que-limita-trabalho-aos-domingos-e-feriados\/","name":"C\u00e2mara aprova urg\u00eancia para vetar portaria que limita trabalho aos domingos e feriados - Brasil not\u00edcias","isPartOf":{"@id":"https:\/\/brasilnoticias.org\/site\/#website"},"primaryImageOfPage":{"@id":"https:\/\/brasilnoticias.org\/site\/camara-aprova-urgencia-para-vetar-portaria-que-limita-trabalho-aos-domingos-e-feriados\/#primaryimage"},"image":{"@id":"https:\/\/brasilnoticias.org\/site\/camara-aprova-urgencia-para-vetar-portaria-que-limita-trabalho-aos-domingos-e-feriados\/#primaryimage"},"thumbnailUrl":"https:\/\/brasilnoticias.org\/site\/wp-content\/uploads\/2023\/11\/143430camara-aprova-urgencia-para-vetar-portaria-que-limita-trabalho-aos-domingos-e-feriados-3.jpg","datePublished":"2023-11-23T09:00:52+00:00","breadcrumb":{"@id":"https:\/\/brasilnoticias.org\/site\/camara-aprova-urgencia-para-vetar-portaria-que-limita-trabalho-aos-domingos-e-feriados\/#breadcrumb"},"inLanguage":"pt-PT","potentialAction":[{"@type":"ReadAction","target":["https:\/\/brasilnoticias.org\/site\/camara-aprova-urgencia-para-vetar-portaria-que-limita-trabalho-aos-domingos-e-feriados\/"]}]},{"@type":"ImageObject","inLanguage":"pt-PT","@id":"https:\/\/brasilnoticias.org\/site\/camara-aprova-urgencia-para-vetar-portaria-que-limita-trabalho-aos-domingos-e-feriados\/#primaryimage","url":"https:\/\/brasilnoticias.org\/site\/wp-content\/uploads\/2023\/11\/143430camara-aprova-urgencia-para-vetar-portaria-que-limita-trabalho-aos-domingos-e-feriados-3.jpg","contentUrl":"https:\/\/brasilnoticias.org\/site\/wp-content\/uploads\/2023\/11\/143430camara-aprova-urgencia-para-vetar-portaria-que-limita-trabalho-aos-domingos-e-feriados-3.jpg","width":1600,"height":752},{"@type":"BreadcrumbList","@id":"https:\/\/brasilnoticias.org\/site\/camara-aprova-urgencia-para-vetar-portaria-que-limita-trabalho-aos-domingos-e-feriados\/#breadcrumb","itemListElement":[{"@type":"ListItem","position":1,"name":"In\u00edcio","item":"https:\/\/brasilnoticias.org\/site\/"},{"@type":"ListItem","position":2,"name":"C\u00e2mara aprova urg\u00eancia para vetar portaria que limita trabalho aos domingos e feriados"}]},{"@type":"WebSite","@id":"https:\/\/brasilnoticias.org\/site\/#website","url":"https:\/\/brasilnoticias.org\/site\/","name":"Brasil not\u00edcias","description":"Brasil not\u00edcias","publisher":{"@id":"https:\/\/brasilnoticias.org\/site\/#organization"},"potentialAction":[{"@type":"SearchAction","target":{"@type":"EntryPoint","urlTemplate":"https:\/\/brasilnoticias.org\/site\/?s={search_term_string}"},"query-input":{"@type":"PropertyValueSpecification","valueRequired":true,"valueName":"search_term_string"}}],"inLanguage":"pt-PT"},{"@type":"Organization","@id":"https:\/\/brasilnoticias.org\/site\/#organization","name":"Brasil not\u00edcias","url":"https:\/\/brasilnoticias.org\/site\/","logo":{"@type":"ImageObject","inLanguage":"pt-PT","@id":"https:\/\/brasilnoticias.org\/site\/#\/schema\/logo\/image\/","url":"https:\/\/brasilnoticias.org\/site\/wp-content\/uploads\/2022\/05\/cropped-brasilnoticias-mini.jpg","contentUrl":"https:\/\/brasilnoticias.org\/site\/wp-content\/uploads\/2022\/05\/cropped-brasilnoticias-mini.jpg","width":314,"height":86,"caption":"Brasil not\u00edcias"},"image":{"@id":"https:\/\/brasilnoticias.org\/site\/#\/schema\/logo\/image\/"}},{"@type":"Person","@id":"https:\/\/brasilnoticias.org\/site\/#\/schema\/person\/03bbbfe6c7634ad18c26444ea39049fa","name":"Reda\u00e7\u00e3o","image":{"@type":"ImageObject","inLanguage":"pt-PT","@id":"https:\/\/brasilnoticias.org\/site\/#\/schema\/person\/image\/","url":"https:\/\/secure.gravatar.com\/avatar\/9ecaf7327a696cb23ad926fedded5f1f04d7049de9e445375d55b48c001a6e42?s=96&d=mm&r=g","contentUrl":"https:\/\/secure.gravatar.com\/avatar\/9ecaf7327a696cb23ad926fedded5f1f04d7049de9e445375d55b48c001a6e42?s=96&d=mm&r=g","caption":"Reda\u00e7\u00e3o"},"url":"https:\/\/brasilnoticias.org\/site\/author\/henrique\/"}]}},"_links":{"self":[{"href":"https:\/\/brasilnoticias.org\/site\/wp-json\/wp\/v2\/posts\/11180","targetHints":{"allow":["GET"]}}],"collection":[{"href":"https:\/\/brasilnoticias.org\/site\/wp-json\/wp\/v2\/posts"}],"about":[{"href":"https:\/\/brasilnoticias.org\/site\/wp-json\/wp\/v2\/types\/post"}],"author":[{"embeddable":true,"href":"https:\/\/brasilnoticias.org\/site\/wp-json\/wp\/v2\/users\/4"}],"replies":[{"embeddable":true,"href":"https:\/\/brasilnoticias.org\/site\/wp-json\/wp\/v2\/comments?post=11180"}],"version-history":[{"count":1,"href":"https:\/\/brasilnoticias.org\/site\/wp-json\/wp\/v2\/posts\/11180\/revisions"}],"predecessor-version":[{"id":11182,"href":"https:\/\/brasilnoticias.org\/site\/wp-json\/wp\/v2\/posts\/11180\/revisions\/11182"}],"wp:featuredmedia":[{"embeddable":true,"href":"https:\/\/brasilnoticias.org\/site\/wp-json\/wp\/v2\/media\/11181"}],"wp:attachment":[{"href":"https:\/\/brasilnoticias.org\/site\/wp-json\/wp\/v2\/media?parent=11180"}],"wp:term":[{"taxonomy":"category","embeddable":true,"href":"https:\/\/brasilnoticias.org\/site\/wp-json\/wp\/v2\/categories?post=11180"},{"taxonomy":"post_tag","embeddable":true,"href":"https:\/\/brasilnoticias.org\/site\/wp-json\/wp\/v2\/tags?post=11180"}],"curies":[{"name":"wp","href":"https:\/\/api.w.org\/{rel}","templated":true}]}}