{"id":11199,"date":"2023-11-24T17:55:17","date_gmt":"2023-11-24T20:55:17","guid":{"rendered":"https:\/\/brasilnoticias.org\/site\/?p=11199"},"modified":"2023-11-24T17:55:17","modified_gmt":"2023-11-24T20:55:17","slug":"conselheira-tutelar-e-acusada-de-falsificar-denuncia-de-sogra-contra-genro","status":"publish","type":"post","link":"https:\/\/brasilnoticias.org\/site\/conselheira-tutelar-e-acusada-de-falsificar-denuncia-de-sogra-contra-genro\/","title":{"rendered":"Conselheira Tutelar \u00e9 acusada de falsificar den\u00fancia de sogra contra genro"},"content":{"rendered":"<p>Uma conselheira tutelar da cidade de Madre de Deus est\u00e1 sendo acusada de falsificar uma den\u00fancia de maus tratos contra uma crian\u00e7a de cinco anos. O suposto depoimento teria sido movido por uma sogra contra o atual genro.<\/p>\n<p>Nos documentos, aos quais o Bnews teve acesso, a conselheira Cl\u00e1udia Bonfim teria registrado uma den\u00fancia de Maria Helena da Silva, no dia 10 de setembro deste ano, contra o marido da filha, Andr\u00e9 Luis de Oliveira Souza.<\/p>\n<p>De acordo com a suposta den\u00fancia, o acusado agredia a crian\u00e7a, neta de Maria Helena, e colocava ela para dormir no colch\u00e3o do cachorro, juntamente com fezes e urina do respectivo animal.<\/p>\n<p>Ap\u00f3s tomar conhecimento da situa\u00e7\u00e3o, Andr\u00e9 teria procurado a sogra, que negou ter feito a acusa\u00e7\u00e3o de maus tratos. Em novo depoimento, Maria Helena informa que n\u00e3o presenciou nenhuma situa\u00e7\u00e3o e que foi enganada pela conselheira, uma vez que n\u00e3o possui uma boa leitura. <\/p>\n<p>A sogra relata ainda que teria sido convidada pelo ex-marido de sua filha e pai biol\u00f3gico da neta a procurar a conselheira tutelar. Cl\u00e1udia Bonfim seria amiga da irm\u00e3 do pai e estaria ajudando-o no procedimento de guarda da filha de cinco anos.<\/p>\n<p>Maria Helena conta ainda que o ex-genro seria um pai ausente para sua filha e que, inclusive, teria passado bastante tempo sem pagar pens\u00e3o. <\/p>\n<p>Foto: Reprodu\u00e7\u00e3o | Google Maps<br \/>\nBNews<\/p>\n","protected":false},"excerpt":{"rendered":"<p>Uma conselheira tutelar da cidade de Madre de Deus est\u00e1 sendo acusada de falsificar uma den\u00fancia de maus tratos contra<\/p>\n","protected":false},"author":4,"featured_media":11200,"comment_status":"open","ping_status":"open","sticky":false,"template":"","format":"standard","meta":{"colormag_page_container_layout":"default_layout","colormag_page_sidebar_layout":"default_layout","_FSMCFIC_featured_image_caption":"","_FSMCFIC_featured_image_nocaption":"","_FSMCFIC_featured_image_hide":"","footnotes":""},"categories":[1],"tags":[],"class_list":["post-11199","post","type-post","status-publish","format-standard","has-post-thumbnail","hentry","category-ultimas"],"yoast_head":"<!-- This site is optimized with the Yoast SEO plugin v27.1.1 - https:\/\/yoast.com\/product\/yoast-seo-wordpress\/ -->\n<title>Conselheira Tutelar \u00e9 acusada de falsificar den\u00fancia de sogra contra genro - Brasil not\u00edcias<\/title>\n<meta name=\"robots\" content=\"index, follow, max-snippet:-1, max-image-preview:large, max-video-preview:-1\" \/>\n<link rel=\"canonical\" href=\"https:\/\/brasilnoticias.org\/site\/conselheira-tutelar-e-acusada-de-falsificar-denuncia-de-sogra-contra-genro\/\" \/>\n<meta property=\"og:locale\" content=\"pt_PT\" \/>\n<meta property=\"og:type\" content=\"article\" \/>\n<meta property=\"og:title\" content=\"Conselheira Tutelar \u00e9 acusada de falsificar den\u00fancia de sogra contra genro - Brasil not\u00edcias\" \/>\n<meta property=\"og:description\" content=\"Uma conselheira tutelar da cidade de Madre de Deus est\u00e1 sendo acusada de falsificar uma den\u00fancia de maus tratos contra\" \/>\n<meta property=\"og:url\" content=\"https:\/\/brasilnoticias.org\/site\/conselheira-tutelar-e-acusada-de-falsificar-denuncia-de-sogra-contra-genro\/\" \/>\n<meta property=\"og:site_name\" content=\"Brasil not\u00edcias\" \/>\n<meta property=\"article:published_time\" content=\"2023-11-24T20:55:17+00:00\" \/>\n<meta property=\"og:image\" content=\"https:\/\/brasilnoticias.org\/site\/wp-content\/uploads\/2023\/11\/whatsapp_image_2023-11-24_at_16.27.25_widelg.jpeg\" \/>\n\t<meta property=\"og:image:width\" content=\"800\" \/>\n\t<meta property=\"og:image:height\" content=\"450\" \/>\n\t<meta property=\"og:image:type\" content=\"image\/jpeg\" \/>\n<meta name=\"author\" content=\"Reda\u00e7\u00e3o\" \/>\n<meta name=\"twitter:card\" content=\"summary_large_image\" \/>\n<meta name=\"twitter:label1\" content=\"Escrito por\" \/>\n\t<meta name=\"twitter:data1\" content=\"Reda\u00e7\u00e3o\" \/>\n<script type=\"application\/ld+json\" class=\"yoast-schema-graph\">{\"@context\":\"https:\/\/schema.org\",\"@graph\":[{\"@type\":\"Article\",\"@id\":\"https:\/\/brasilnoticias.org\/site\/conselheira-tutelar-e-acusada-de-falsificar-denuncia-de-sogra-contra-genro\/#article\",\"isPartOf\":{\"@id\":\"https:\/\/brasilnoticias.org\/site\/conselheira-tutelar-e-acusada-de-falsificar-denuncia-de-sogra-contra-genro\/\"},\"author\":{\"name\":\"Reda\u00e7\u00e3o\",\"@id\":\"https:\/\/brasilnoticias.org\/site\/#\/schema\/person\/03bbbfe6c7634ad18c26444ea39049fa\"},\"headline\":\"Conselheira Tutelar \u00e9 acusada de falsificar den\u00fancia de sogra contra genro\",\"datePublished\":\"2023-11-24T20:55:17+00:00\",\"mainEntityOfPage\":{\"@id\":\"https:\/\/brasilnoticias.org\/site\/conselheira-tutelar-e-acusada-de-falsificar-denuncia-de-sogra-contra-genro\/\"},\"wordCount\":251,\"commentCount\":0,\"publisher\":{\"@id\":\"https:\/\/brasilnoticias.org\/site\/#organization\"},\"image\":{\"@id\":\"https:\/\/brasilnoticias.org\/site\/conselheira-tutelar-e-acusada-de-falsificar-denuncia-de-sogra-contra-genro\/#primaryimage\"},\"thumbnailUrl\":\"https:\/\/brasilnoticias.org\/site\/wp-content\/uploads\/2023\/11\/whatsapp_image_2023-11-24_at_16.27.25_widelg.jpeg\",\"articleSection\":[\"\u00daltimas\"],\"inLanguage\":\"pt-PT\",\"potentialAction\":[{\"@type\":\"CommentAction\",\"name\":\"Comment\",\"target\":[\"https:\/\/brasilnoticias.org\/site\/conselheira-tutelar-e-acusada-de-falsificar-denuncia-de-sogra-contra-genro\/#respond\"]}]},{\"@type\":\"WebPage\",\"@id\":\"https:\/\/brasilnoticias.org\/site\/conselheira-tutelar-e-acusada-de-falsificar-denuncia-de-sogra-contra-genro\/\",\"url\":\"https:\/\/brasilnoticias.org\/site\/conselheira-tutelar-e-acusada-de-falsificar-denuncia-de-sogra-contra-genro\/\",\"name\":\"Conselheira Tutelar \u00e9 acusada de falsificar den\u00fancia de sogra contra genro - Brasil not\u00edcias\",\"isPartOf\":{\"@id\":\"https:\/\/brasilnoticias.org\/site\/#website\"},\"primaryImageOfPage\":{\"@id\":\"https:\/\/brasilnoticias.org\/site\/conselheira-tutelar-e-acusada-de-falsificar-denuncia-de-sogra-contra-genro\/#primaryimage\"},\"image\":{\"@id\":\"https:\/\/brasilnoticias.org\/site\/conselheira-tutelar-e-acusada-de-falsificar-denuncia-de-sogra-contra-genro\/#primaryimage\"},\"thumbnailUrl\":\"https:\/\/brasilnoticias.org\/site\/wp-content\/uploads\/2023\/11\/whatsapp_image_2023-11-24_at_16.27.25_widelg.jpeg\",\"datePublished\":\"2023-11-24T20:55:17+00:00\",\"breadcrumb\":{\"@id\":\"https:\/\/brasilnoticias.org\/site\/conselheira-tutelar-e-acusada-de-falsificar-denuncia-de-sogra-contra-genro\/#breadcrumb\"},\"inLanguage\":\"pt-PT\",\"potentialAction\":[{\"@type\":\"ReadAction\",\"target\":[\"https:\/\/brasilnoticias.org\/site\/conselheira-tutelar-e-acusada-de-falsificar-denuncia-de-sogra-contra-genro\/\"]}]},{\"@type\":\"ImageObject\",\"inLanguage\":\"pt-PT\",\"@id\":\"https:\/\/brasilnoticias.org\/site\/conselheira-tutelar-e-acusada-de-falsificar-denuncia-de-sogra-contra-genro\/#primaryimage\",\"url\":\"https:\/\/brasilnoticias.org\/site\/wp-content\/uploads\/2023\/11\/whatsapp_image_2023-11-24_at_16.27.25_widelg.jpeg\",\"contentUrl\":\"https:\/\/brasilnoticias.org\/site\/wp-content\/uploads\/2023\/11\/whatsapp_image_2023-11-24_at_16.27.25_widelg.jpeg\",\"width\":800,\"height\":450},{\"@type\":\"BreadcrumbList\",\"@id\":\"https:\/\/brasilnoticias.org\/site\/conselheira-tutelar-e-acusada-de-falsificar-denuncia-de-sogra-contra-genro\/#breadcrumb\",\"itemListElement\":[{\"@type\":\"ListItem\",\"position\":1,\"name\":\"In\u00edcio\",\"item\":\"https:\/\/brasilnoticias.org\/site\/\"},{\"@type\":\"ListItem\",\"position\":2,\"name\":\"Conselheira Tutelar \u00e9 acusada de falsificar den\u00fancia de sogra contra genro\"}]},{\"@type\":\"WebSite\",\"@id\":\"https:\/\/brasilnoticias.org\/site\/#website\",\"url\":\"https:\/\/brasilnoticias.org\/site\/\",\"name\":\"Brasil not\u00edcias\",\"description\":\"Brasil not\u00edcias\",\"publisher\":{\"@id\":\"https:\/\/brasilnoticias.org\/site\/#organization\"},\"potentialAction\":[{\"@type\":\"SearchAction\",\"target\":{\"@type\":\"EntryPoint\",\"urlTemplate\":\"https:\/\/brasilnoticias.org\/site\/?s={search_term_string}\"},\"query-input\":{\"@type\":\"PropertyValueSpecification\",\"valueRequired\":true,\"valueName\":\"search_term_string\"}}],\"inLanguage\":\"pt-PT\"},{\"@type\":\"Organization\",\"@id\":\"https:\/\/brasilnoticias.org\/site\/#organization\",\"name\":\"Brasil not\u00edcias\",\"url\":\"https:\/\/brasilnoticias.org\/site\/\",\"logo\":{\"@type\":\"ImageObject\",\"inLanguage\":\"pt-PT\",\"@id\":\"https:\/\/brasilnoticias.org\/site\/#\/schema\/logo\/image\/\",\"url\":\"https:\/\/brasilnoticias.org\/site\/wp-content\/uploads\/2022\/05\/cropped-brasilnoticias-mini.jpg\",\"contentUrl\":\"https:\/\/brasilnoticias.org\/site\/wp-content\/uploads\/2022\/05\/cropped-brasilnoticias-mini.jpg\",\"width\":314,\"height\":86,\"caption\":\"Brasil not\u00edcias\"},\"image\":{\"@id\":\"https:\/\/brasilnoticias.org\/site\/#\/schema\/logo\/image\/\"}},{\"@type\":\"Person\",\"@id\":\"https:\/\/brasilnoticias.org\/site\/#\/schema\/person\/03bbbfe6c7634ad18c26444ea39049fa\",\"name\":\"Reda\u00e7\u00e3o\",\"image\":{\"@type\":\"ImageObject\",\"inLanguage\":\"pt-PT\",\"@id\":\"https:\/\/brasilnoticias.org\/site\/#\/schema\/person\/image\/\",\"url\":\"https:\/\/secure.gravatar.com\/avatar\/9ecaf7327a696cb23ad926fedded5f1f04d7049de9e445375d55b48c001a6e42?s=96&d=mm&r=g\",\"contentUrl\":\"https:\/\/secure.gravatar.com\/avatar\/9ecaf7327a696cb23ad926fedded5f1f04d7049de9e445375d55b48c001a6e42?s=96&d=mm&r=g\",\"caption\":\"Reda\u00e7\u00e3o\"},\"url\":\"https:\/\/brasilnoticias.org\/site\/author\/henrique\/\"}]}<\/script>\n<!-- \/ Yoast SEO plugin. -->","yoast_head_json":{"title":"Conselheira Tutelar \u00e9 acusada de falsificar den\u00fancia de sogra contra genro - Brasil not\u00edcias","robots":{"index":"index","follow":"follow","max-snippet":"max-snippet:-1","max-image-preview":"max-image-preview:large","max-video-preview":"max-video-preview:-1"},"canonical":"https:\/\/brasilnoticias.org\/site\/conselheira-tutelar-e-acusada-de-falsificar-denuncia-de-sogra-contra-genro\/","og_locale":"pt_PT","og_type":"article","og_title":"Conselheira Tutelar \u00e9 acusada de falsificar den\u00fancia de sogra contra genro - Brasil not\u00edcias","og_description":"Uma conselheira tutelar da cidade de Madre de Deus est\u00e1 sendo acusada de falsificar uma den\u00fancia de maus tratos contra","og_url":"https:\/\/brasilnoticias.org\/site\/conselheira-tutelar-e-acusada-de-falsificar-denuncia-de-sogra-contra-genro\/","og_site_name":"Brasil not\u00edcias","article_published_time":"2023-11-24T20:55:17+00:00","og_image":[{"width":800,"height":450,"url":"https:\/\/brasilnoticias.org\/site\/wp-content\/uploads\/2023\/11\/whatsapp_image_2023-11-24_at_16.27.25_widelg.jpeg","type":"image\/jpeg"}],"author":"Reda\u00e7\u00e3o","twitter_card":"summary_large_image","twitter_misc":{"Escrito por":"Reda\u00e7\u00e3o"},"schema":{"@context":"https:\/\/schema.org","@graph":[{"@type":"Article","@id":"https:\/\/brasilnoticias.org\/site\/conselheira-tutelar-e-acusada-de-falsificar-denuncia-de-sogra-contra-genro\/#article","isPartOf":{"@id":"https:\/\/brasilnoticias.org\/site\/conselheira-tutelar-e-acusada-de-falsificar-denuncia-de-sogra-contra-genro\/"},"author":{"name":"Reda\u00e7\u00e3o","@id":"https:\/\/brasilnoticias.org\/site\/#\/schema\/person\/03bbbfe6c7634ad18c26444ea39049fa"},"headline":"Conselheira Tutelar \u00e9 acusada de falsificar den\u00fancia de sogra contra genro","datePublished":"2023-11-24T20:55:17+00:00","mainEntityOfPage":{"@id":"https:\/\/brasilnoticias.org\/site\/conselheira-tutelar-e-acusada-de-falsificar-denuncia-de-sogra-contra-genro\/"},"wordCount":251,"commentCount":0,"publisher":{"@id":"https:\/\/brasilnoticias.org\/site\/#organization"},"image":{"@id":"https:\/\/brasilnoticias.org\/site\/conselheira-tutelar-e-acusada-de-falsificar-denuncia-de-sogra-contra-genro\/#primaryimage"},"thumbnailUrl":"https:\/\/brasilnoticias.org\/site\/wp-content\/uploads\/2023\/11\/whatsapp_image_2023-11-24_at_16.27.25_widelg.jpeg","articleSection":["\u00daltimas"],"inLanguage":"pt-PT","potentialAction":[{"@type":"CommentAction","name":"Comment","target":["https:\/\/brasilnoticias.org\/site\/conselheira-tutelar-e-acusada-de-falsificar-denuncia-de-sogra-contra-genro\/#respond"]}]},{"@type":"WebPage","@id":"https:\/\/brasilnoticias.org\/site\/conselheira-tutelar-e-acusada-de-falsificar-denuncia-de-sogra-contra-genro\/","url":"https:\/\/brasilnoticias.org\/site\/conselheira-tutelar-e-acusada-de-falsificar-denuncia-de-sogra-contra-genro\/","name":"Conselheira Tutelar \u00e9 acusada de falsificar den\u00fancia de sogra contra genro - Brasil not\u00edcias","isPartOf":{"@id":"https:\/\/brasilnoticias.org\/site\/#website"},"primaryImageOfPage":{"@id":"https:\/\/brasilnoticias.org\/site\/conselheira-tutelar-e-acusada-de-falsificar-denuncia-de-sogra-contra-genro\/#primaryimage"},"image":{"@id":"https:\/\/brasilnoticias.org\/site\/conselheira-tutelar-e-acusada-de-falsificar-denuncia-de-sogra-contra-genro\/#primaryimage"},"thumbnailUrl":"https:\/\/brasilnoticias.org\/site\/wp-content\/uploads\/2023\/11\/whatsapp_image_2023-11-24_at_16.27.25_widelg.jpeg","datePublished":"2023-11-24T20:55:17+00:00","breadcrumb":{"@id":"https:\/\/brasilnoticias.org\/site\/conselheira-tutelar-e-acusada-de-falsificar-denuncia-de-sogra-contra-genro\/#breadcrumb"},"inLanguage":"pt-PT","potentialAction":[{"@type":"ReadAction","target":["https:\/\/brasilnoticias.org\/site\/conselheira-tutelar-e-acusada-de-falsificar-denuncia-de-sogra-contra-genro\/"]}]},{"@type":"ImageObject","inLanguage":"pt-PT","@id":"https:\/\/brasilnoticias.org\/site\/conselheira-tutelar-e-acusada-de-falsificar-denuncia-de-sogra-contra-genro\/#primaryimage","url":"https:\/\/brasilnoticias.org\/site\/wp-content\/uploads\/2023\/11\/whatsapp_image_2023-11-24_at_16.27.25_widelg.jpeg","contentUrl":"https:\/\/brasilnoticias.org\/site\/wp-content\/uploads\/2023\/11\/whatsapp_image_2023-11-24_at_16.27.25_widelg.jpeg","width":800,"height":450},{"@type":"BreadcrumbList","@id":"https:\/\/brasilnoticias.org\/site\/conselheira-tutelar-e-acusada-de-falsificar-denuncia-de-sogra-contra-genro\/#breadcrumb","itemListElement":[{"@type":"ListItem","position":1,"name":"In\u00edcio","item":"https:\/\/brasilnoticias.org\/site\/"},{"@type":"ListItem","position":2,"name":"Conselheira Tutelar \u00e9 acusada de falsificar den\u00fancia de sogra contra genro"}]},{"@type":"WebSite","@id":"https:\/\/brasilnoticias.org\/site\/#website","url":"https:\/\/brasilnoticias.org\/site\/","name":"Brasil not\u00edcias","description":"Brasil not\u00edcias","publisher":{"@id":"https:\/\/brasilnoticias.org\/site\/#organization"},"potentialAction":[{"@type":"SearchAction","target":{"@type":"EntryPoint","urlTemplate":"https:\/\/brasilnoticias.org\/site\/?s={search_term_string}"},"query-input":{"@type":"PropertyValueSpecification","valueRequired":true,"valueName":"search_term_string"}}],"inLanguage":"pt-PT"},{"@type":"Organization","@id":"https:\/\/brasilnoticias.org\/site\/#organization","name":"Brasil not\u00edcias","url":"https:\/\/brasilnoticias.org\/site\/","logo":{"@type":"ImageObject","inLanguage":"pt-PT","@id":"https:\/\/brasilnoticias.org\/site\/#\/schema\/logo\/image\/","url":"https:\/\/brasilnoticias.org\/site\/wp-content\/uploads\/2022\/05\/cropped-brasilnoticias-mini.jpg","contentUrl":"https:\/\/brasilnoticias.org\/site\/wp-content\/uploads\/2022\/05\/cropped-brasilnoticias-mini.jpg","width":314,"height":86,"caption":"Brasil not\u00edcias"},"image":{"@id":"https:\/\/brasilnoticias.org\/site\/#\/schema\/logo\/image\/"}},{"@type":"Person","@id":"https:\/\/brasilnoticias.org\/site\/#\/schema\/person\/03bbbfe6c7634ad18c26444ea39049fa","name":"Reda\u00e7\u00e3o","image":{"@type":"ImageObject","inLanguage":"pt-PT","@id":"https:\/\/brasilnoticias.org\/site\/#\/schema\/person\/image\/","url":"https:\/\/secure.gravatar.com\/avatar\/9ecaf7327a696cb23ad926fedded5f1f04d7049de9e445375d55b48c001a6e42?s=96&d=mm&r=g","contentUrl":"https:\/\/secure.gravatar.com\/avatar\/9ecaf7327a696cb23ad926fedded5f1f04d7049de9e445375d55b48c001a6e42?s=96&d=mm&r=g","caption":"Reda\u00e7\u00e3o"},"url":"https:\/\/brasilnoticias.org\/site\/author\/henrique\/"}]}},"_links":{"self":[{"href":"https:\/\/brasilnoticias.org\/site\/wp-json\/wp\/v2\/posts\/11199","targetHints":{"allow":["GET"]}}],"collection":[{"href":"https:\/\/brasilnoticias.org\/site\/wp-json\/wp\/v2\/posts"}],"about":[{"href":"https:\/\/brasilnoticias.org\/site\/wp-json\/wp\/v2\/types\/post"}],"author":[{"embeddable":true,"href":"https:\/\/brasilnoticias.org\/site\/wp-json\/wp\/v2\/users\/4"}],"replies":[{"embeddable":true,"href":"https:\/\/brasilnoticias.org\/site\/wp-json\/wp\/v2\/comments?post=11199"}],"version-history":[{"count":1,"href":"https:\/\/brasilnoticias.org\/site\/wp-json\/wp\/v2\/posts\/11199\/revisions"}],"predecessor-version":[{"id":11201,"href":"https:\/\/brasilnoticias.org\/site\/wp-json\/wp\/v2\/posts\/11199\/revisions\/11201"}],"wp:featuredmedia":[{"embeddable":true,"href":"https:\/\/brasilnoticias.org\/site\/wp-json\/wp\/v2\/media\/11200"}],"wp:attachment":[{"href":"https:\/\/brasilnoticias.org\/site\/wp-json\/wp\/v2\/media?parent=11199"}],"wp:term":[{"taxonomy":"category","embeddable":true,"href":"https:\/\/brasilnoticias.org\/site\/wp-json\/wp\/v2\/categories?post=11199"},{"taxonomy":"post_tag","embeddable":true,"href":"https:\/\/brasilnoticias.org\/site\/wp-json\/wp\/v2\/tags?post=11199"}],"curies":[{"name":"wp","href":"https:\/\/api.w.org\/{rel}","templated":true}]}}