{"id":11205,"date":"2023-11-24T17:58:59","date_gmt":"2023-11-24T20:58:59","guid":{"rendered":"https:\/\/brasilnoticias.org\/site\/?p=11205"},"modified":"2023-11-24T17:58:59","modified_gmt":"2023-11-24T20:58:59","slug":"desabamento-em-supermercado-deixa-uma-pessoa-morta-e-seis-feridos-em-pe","status":"publish","type":"post","link":"https:\/\/brasilnoticias.org\/site\/desabamento-em-supermercado-deixa-uma-pessoa-morta-e-seis-feridos-em-pe\/","title":{"rendered":"Desabamento em supermercado deixa uma pessoa morta e seis feridos em PE"},"content":{"rendered":"<p>Uma mulher morreu e outras seis pessoas ficaram feridas ap\u00f3s parte do teto de um supermercado desabar nesta sexta-feira (24) em Jaboat\u00e3o dos Guararapes, na Regi\u00e3o Metropolitana do Recife, em Pernambuco.<\/p>\n<p>A mulher, j\u00e1 retirada morta dos escombros, foi identificada como Marta Maria Lima Nascimento. Ela era uma funcion\u00e1ria que estava no local, arrumando o estoque dos produtos de limpeza do estabelecimento, que seria inaugurado na pr\u00f3xima quarta-feira. As outras v\u00edtimas, sendo cinco homens e uma mulher, foram socorridas com vida. Duas delas em estado mais delicado, com m\u00faltiplas fraturas. Elas foram encaminhadas para hospitais da Regi\u00e3o Metropolitana do Recife.<\/p>\n<p>Equipes do Corpo dos Bombeiros fizeram an\u00e1lises no local para identificar o comprometimento do pr\u00e9dio, como explica o coronel do Corpo de Bombeiros, Robson Roberto. Ap\u00f3s os trabalhos de resgate, a \u00e1rea foi liberada para a Defesa Civil do munic\u00edpio que vai investigar a causa do desabamento.<\/p>\n<p>Foto: Reprodu\u00e7\u00e3o<br \/>\nCBN<\/p>\n","protected":false},"excerpt":{"rendered":"<p>Uma mulher morreu e outras seis pessoas ficaram feridas ap\u00f3s parte do teto de um supermercado desabar nesta sexta-feira (24)<\/p>\n","protected":false},"author":4,"featured_media":11206,"comment_status":"open","ping_status":"open","sticky":false,"template":"","format":"standard","meta":{"colormag_page_container_layout":"default_layout","colormag_page_sidebar_layout":"default_layout","_FSMCFIC_featured_image_caption":"","_FSMCFIC_featured_image_nocaption":"","_FSMCFIC_featured_image_hide":"","footnotes":""},"categories":[2,1],"tags":[],"class_list":["post-11205","post","type-post","status-publish","format-standard","has-post-thumbnail","hentry","category-noticias","category-ultimas"],"yoast_head":"<!-- This site is optimized with the Yoast SEO plugin v27.1.1 - https:\/\/yoast.com\/product\/yoast-seo-wordpress\/ -->\n<title>Desabamento em supermercado deixa uma pessoa morta e seis feridos em PE - Brasil not\u00edcias<\/title>\n<meta name=\"robots\" content=\"index, follow, max-snippet:-1, max-image-preview:large, max-video-preview:-1\" \/>\n<link rel=\"canonical\" href=\"https:\/\/brasilnoticias.org\/site\/desabamento-em-supermercado-deixa-uma-pessoa-morta-e-seis-feridos-em-pe\/\" \/>\n<meta property=\"og:locale\" content=\"pt_PT\" \/>\n<meta property=\"og:type\" content=\"article\" \/>\n<meta property=\"og:title\" content=\"Desabamento em supermercado deixa uma pessoa morta e seis feridos em PE - Brasil not\u00edcias\" \/>\n<meta property=\"og:description\" content=\"Uma mulher morreu e outras seis pessoas ficaram feridas ap\u00f3s parte do teto de um supermercado desabar nesta sexta-feira (24)\" \/>\n<meta property=\"og:url\" content=\"https:\/\/brasilnoticias.org\/site\/desabamento-em-supermercado-deixa-uma-pessoa-morta-e-seis-feridos-em-pe\/\" \/>\n<meta property=\"og:site_name\" content=\"Brasil not\u00edcias\" \/>\n<meta property=\"article:published_time\" content=\"2023-11-24T20:58:59+00:00\" \/>\n<meta property=\"og:image\" content=\"https:\/\/brasilnoticias.org\/site\/wp-content\/uploads\/2023\/11\/d395b728-31c8-44cd-a640-962577ee2188.png.640x360_q75_box-16701574792_crop_detail.png\" \/>\n\t<meta property=\"og:image:width\" content=\"640\" \/>\n\t<meta property=\"og:image:height\" content=\"360\" \/>\n\t<meta property=\"og:image:type\" content=\"image\/png\" \/>\n<meta name=\"author\" content=\"Reda\u00e7\u00e3o\" \/>\n<meta name=\"twitter:card\" content=\"summary_large_image\" \/>\n<meta name=\"twitter:label1\" content=\"Escrito por\" \/>\n\t<meta name=\"twitter:data1\" content=\"Reda\u00e7\u00e3o\" \/>\n<script type=\"application\/ld+json\" class=\"yoast-schema-graph\">{\"@context\":\"https:\/\/schema.org\",\"@graph\":[{\"@type\":\"Article\",\"@id\":\"https:\/\/brasilnoticias.org\/site\/desabamento-em-supermercado-deixa-uma-pessoa-morta-e-seis-feridos-em-pe\/#article\",\"isPartOf\":{\"@id\":\"https:\/\/brasilnoticias.org\/site\/desabamento-em-supermercado-deixa-uma-pessoa-morta-e-seis-feridos-em-pe\/\"},\"author\":{\"name\":\"Reda\u00e7\u00e3o\",\"@id\":\"https:\/\/brasilnoticias.org\/site\/#\/schema\/person\/03bbbfe6c7634ad18c26444ea39049fa\"},\"headline\":\"Desabamento em supermercado deixa uma pessoa morta e seis feridos em PE\",\"datePublished\":\"2023-11-24T20:58:59+00:00\",\"mainEntityOfPage\":{\"@id\":\"https:\/\/brasilnoticias.org\/site\/desabamento-em-supermercado-deixa-uma-pessoa-morta-e-seis-feridos-em-pe\/\"},\"wordCount\":174,\"commentCount\":0,\"publisher\":{\"@id\":\"https:\/\/brasilnoticias.org\/site\/#organization\"},\"image\":{\"@id\":\"https:\/\/brasilnoticias.org\/site\/desabamento-em-supermercado-deixa-uma-pessoa-morta-e-seis-feridos-em-pe\/#primaryimage\"},\"thumbnailUrl\":\"https:\/\/brasilnoticias.org\/site\/wp-content\/uploads\/2023\/11\/d395b728-31c8-44cd-a640-962577ee2188.png.640x360_q75_box-16701574792_crop_detail.png\",\"articleSection\":[\"Not\u00edcias\",\"\u00daltimas\"],\"inLanguage\":\"pt-PT\",\"potentialAction\":[{\"@type\":\"CommentAction\",\"name\":\"Comment\",\"target\":[\"https:\/\/brasilnoticias.org\/site\/desabamento-em-supermercado-deixa-uma-pessoa-morta-e-seis-feridos-em-pe\/#respond\"]}]},{\"@type\":\"WebPage\",\"@id\":\"https:\/\/brasilnoticias.org\/site\/desabamento-em-supermercado-deixa-uma-pessoa-morta-e-seis-feridos-em-pe\/\",\"url\":\"https:\/\/brasilnoticias.org\/site\/desabamento-em-supermercado-deixa-uma-pessoa-morta-e-seis-feridos-em-pe\/\",\"name\":\"Desabamento em supermercado deixa uma pessoa morta e seis feridos em PE - Brasil not\u00edcias\",\"isPartOf\":{\"@id\":\"https:\/\/brasilnoticias.org\/site\/#website\"},\"primaryImageOfPage\":{\"@id\":\"https:\/\/brasilnoticias.org\/site\/desabamento-em-supermercado-deixa-uma-pessoa-morta-e-seis-feridos-em-pe\/#primaryimage\"},\"image\":{\"@id\":\"https:\/\/brasilnoticias.org\/site\/desabamento-em-supermercado-deixa-uma-pessoa-morta-e-seis-feridos-em-pe\/#primaryimage\"},\"thumbnailUrl\":\"https:\/\/brasilnoticias.org\/site\/wp-content\/uploads\/2023\/11\/d395b728-31c8-44cd-a640-962577ee2188.png.640x360_q75_box-16701574792_crop_detail.png\",\"datePublished\":\"2023-11-24T20:58:59+00:00\",\"breadcrumb\":{\"@id\":\"https:\/\/brasilnoticias.org\/site\/desabamento-em-supermercado-deixa-uma-pessoa-morta-e-seis-feridos-em-pe\/#breadcrumb\"},\"inLanguage\":\"pt-PT\",\"potentialAction\":[{\"@type\":\"ReadAction\",\"target\":[\"https:\/\/brasilnoticias.org\/site\/desabamento-em-supermercado-deixa-uma-pessoa-morta-e-seis-feridos-em-pe\/\"]}]},{\"@type\":\"ImageObject\",\"inLanguage\":\"pt-PT\",\"@id\":\"https:\/\/brasilnoticias.org\/site\/desabamento-em-supermercado-deixa-uma-pessoa-morta-e-seis-feridos-em-pe\/#primaryimage\",\"url\":\"https:\/\/brasilnoticias.org\/site\/wp-content\/uploads\/2023\/11\/d395b728-31c8-44cd-a640-962577ee2188.png.640x360_q75_box-16701574792_crop_detail.png\",\"contentUrl\":\"https:\/\/brasilnoticias.org\/site\/wp-content\/uploads\/2023\/11\/d395b728-31c8-44cd-a640-962577ee2188.png.640x360_q75_box-16701574792_crop_detail.png\",\"width\":640,\"height\":360},{\"@type\":\"BreadcrumbList\",\"@id\":\"https:\/\/brasilnoticias.org\/site\/desabamento-em-supermercado-deixa-uma-pessoa-morta-e-seis-feridos-em-pe\/#breadcrumb\",\"itemListElement\":[{\"@type\":\"ListItem\",\"position\":1,\"name\":\"In\u00edcio\",\"item\":\"https:\/\/brasilnoticias.org\/site\/\"},{\"@type\":\"ListItem\",\"position\":2,\"name\":\"Desabamento em supermercado deixa uma pessoa morta e seis feridos em PE\"}]},{\"@type\":\"WebSite\",\"@id\":\"https:\/\/brasilnoticias.org\/site\/#website\",\"url\":\"https:\/\/brasilnoticias.org\/site\/\",\"name\":\"Brasil not\u00edcias\",\"description\":\"Brasil not\u00edcias\",\"publisher\":{\"@id\":\"https:\/\/brasilnoticias.org\/site\/#organization\"},\"potentialAction\":[{\"@type\":\"SearchAction\",\"target\":{\"@type\":\"EntryPoint\",\"urlTemplate\":\"https:\/\/brasilnoticias.org\/site\/?s={search_term_string}\"},\"query-input\":{\"@type\":\"PropertyValueSpecification\",\"valueRequired\":true,\"valueName\":\"search_term_string\"}}],\"inLanguage\":\"pt-PT\"},{\"@type\":\"Organization\",\"@id\":\"https:\/\/brasilnoticias.org\/site\/#organization\",\"name\":\"Brasil not\u00edcias\",\"url\":\"https:\/\/brasilnoticias.org\/site\/\",\"logo\":{\"@type\":\"ImageObject\",\"inLanguage\":\"pt-PT\",\"@id\":\"https:\/\/brasilnoticias.org\/site\/#\/schema\/logo\/image\/\",\"url\":\"https:\/\/brasilnoticias.org\/site\/wp-content\/uploads\/2022\/05\/cropped-brasilnoticias-mini.jpg\",\"contentUrl\":\"https:\/\/brasilnoticias.org\/site\/wp-content\/uploads\/2022\/05\/cropped-brasilnoticias-mini.jpg\",\"width\":314,\"height\":86,\"caption\":\"Brasil not\u00edcias\"},\"image\":{\"@id\":\"https:\/\/brasilnoticias.org\/site\/#\/schema\/logo\/image\/\"}},{\"@type\":\"Person\",\"@id\":\"https:\/\/brasilnoticias.org\/site\/#\/schema\/person\/03bbbfe6c7634ad18c26444ea39049fa\",\"name\":\"Reda\u00e7\u00e3o\",\"image\":{\"@type\":\"ImageObject\",\"inLanguage\":\"pt-PT\",\"@id\":\"https:\/\/brasilnoticias.org\/site\/#\/schema\/person\/image\/\",\"url\":\"https:\/\/secure.gravatar.com\/avatar\/9ecaf7327a696cb23ad926fedded5f1f04d7049de9e445375d55b48c001a6e42?s=96&d=mm&r=g\",\"contentUrl\":\"https:\/\/secure.gravatar.com\/avatar\/9ecaf7327a696cb23ad926fedded5f1f04d7049de9e445375d55b48c001a6e42?s=96&d=mm&r=g\",\"caption\":\"Reda\u00e7\u00e3o\"},\"url\":\"https:\/\/brasilnoticias.org\/site\/author\/henrique\/\"}]}<\/script>\n<!-- \/ Yoast SEO plugin. -->","yoast_head_json":{"title":"Desabamento em supermercado deixa uma pessoa morta e seis feridos em PE - Brasil not\u00edcias","robots":{"index":"index","follow":"follow","max-snippet":"max-snippet:-1","max-image-preview":"max-image-preview:large","max-video-preview":"max-video-preview:-1"},"canonical":"https:\/\/brasilnoticias.org\/site\/desabamento-em-supermercado-deixa-uma-pessoa-morta-e-seis-feridos-em-pe\/","og_locale":"pt_PT","og_type":"article","og_title":"Desabamento em supermercado deixa uma pessoa morta e seis feridos em PE - Brasil not\u00edcias","og_description":"Uma mulher morreu e outras seis pessoas ficaram feridas ap\u00f3s parte do teto de um supermercado desabar nesta sexta-feira (24)","og_url":"https:\/\/brasilnoticias.org\/site\/desabamento-em-supermercado-deixa-uma-pessoa-morta-e-seis-feridos-em-pe\/","og_site_name":"Brasil not\u00edcias","article_published_time":"2023-11-24T20:58:59+00:00","og_image":[{"width":640,"height":360,"url":"https:\/\/brasilnoticias.org\/site\/wp-content\/uploads\/2023\/11\/d395b728-31c8-44cd-a640-962577ee2188.png.640x360_q75_box-16701574792_crop_detail.png","type":"image\/png"}],"author":"Reda\u00e7\u00e3o","twitter_card":"summary_large_image","twitter_misc":{"Escrito por":"Reda\u00e7\u00e3o"},"schema":{"@context":"https:\/\/schema.org","@graph":[{"@type":"Article","@id":"https:\/\/brasilnoticias.org\/site\/desabamento-em-supermercado-deixa-uma-pessoa-morta-e-seis-feridos-em-pe\/#article","isPartOf":{"@id":"https:\/\/brasilnoticias.org\/site\/desabamento-em-supermercado-deixa-uma-pessoa-morta-e-seis-feridos-em-pe\/"},"author":{"name":"Reda\u00e7\u00e3o","@id":"https:\/\/brasilnoticias.org\/site\/#\/schema\/person\/03bbbfe6c7634ad18c26444ea39049fa"},"headline":"Desabamento em supermercado deixa uma pessoa morta e seis feridos em PE","datePublished":"2023-11-24T20:58:59+00:00","mainEntityOfPage":{"@id":"https:\/\/brasilnoticias.org\/site\/desabamento-em-supermercado-deixa-uma-pessoa-morta-e-seis-feridos-em-pe\/"},"wordCount":174,"commentCount":0,"publisher":{"@id":"https:\/\/brasilnoticias.org\/site\/#organization"},"image":{"@id":"https:\/\/brasilnoticias.org\/site\/desabamento-em-supermercado-deixa-uma-pessoa-morta-e-seis-feridos-em-pe\/#primaryimage"},"thumbnailUrl":"https:\/\/brasilnoticias.org\/site\/wp-content\/uploads\/2023\/11\/d395b728-31c8-44cd-a640-962577ee2188.png.640x360_q75_box-16701574792_crop_detail.png","articleSection":["Not\u00edcias","\u00daltimas"],"inLanguage":"pt-PT","potentialAction":[{"@type":"CommentAction","name":"Comment","target":["https:\/\/brasilnoticias.org\/site\/desabamento-em-supermercado-deixa-uma-pessoa-morta-e-seis-feridos-em-pe\/#respond"]}]},{"@type":"WebPage","@id":"https:\/\/brasilnoticias.org\/site\/desabamento-em-supermercado-deixa-uma-pessoa-morta-e-seis-feridos-em-pe\/","url":"https:\/\/brasilnoticias.org\/site\/desabamento-em-supermercado-deixa-uma-pessoa-morta-e-seis-feridos-em-pe\/","name":"Desabamento em supermercado deixa uma pessoa morta e seis feridos em PE - Brasil not\u00edcias","isPartOf":{"@id":"https:\/\/brasilnoticias.org\/site\/#website"},"primaryImageOfPage":{"@id":"https:\/\/brasilnoticias.org\/site\/desabamento-em-supermercado-deixa-uma-pessoa-morta-e-seis-feridos-em-pe\/#primaryimage"},"image":{"@id":"https:\/\/brasilnoticias.org\/site\/desabamento-em-supermercado-deixa-uma-pessoa-morta-e-seis-feridos-em-pe\/#primaryimage"},"thumbnailUrl":"https:\/\/brasilnoticias.org\/site\/wp-content\/uploads\/2023\/11\/d395b728-31c8-44cd-a640-962577ee2188.png.640x360_q75_box-16701574792_crop_detail.png","datePublished":"2023-11-24T20:58:59+00:00","breadcrumb":{"@id":"https:\/\/brasilnoticias.org\/site\/desabamento-em-supermercado-deixa-uma-pessoa-morta-e-seis-feridos-em-pe\/#breadcrumb"},"inLanguage":"pt-PT","potentialAction":[{"@type":"ReadAction","target":["https:\/\/brasilnoticias.org\/site\/desabamento-em-supermercado-deixa-uma-pessoa-morta-e-seis-feridos-em-pe\/"]}]},{"@type":"ImageObject","inLanguage":"pt-PT","@id":"https:\/\/brasilnoticias.org\/site\/desabamento-em-supermercado-deixa-uma-pessoa-morta-e-seis-feridos-em-pe\/#primaryimage","url":"https:\/\/brasilnoticias.org\/site\/wp-content\/uploads\/2023\/11\/d395b728-31c8-44cd-a640-962577ee2188.png.640x360_q75_box-16701574792_crop_detail.png","contentUrl":"https:\/\/brasilnoticias.org\/site\/wp-content\/uploads\/2023\/11\/d395b728-31c8-44cd-a640-962577ee2188.png.640x360_q75_box-16701574792_crop_detail.png","width":640,"height":360},{"@type":"BreadcrumbList","@id":"https:\/\/brasilnoticias.org\/site\/desabamento-em-supermercado-deixa-uma-pessoa-morta-e-seis-feridos-em-pe\/#breadcrumb","itemListElement":[{"@type":"ListItem","position":1,"name":"In\u00edcio","item":"https:\/\/brasilnoticias.org\/site\/"},{"@type":"ListItem","position":2,"name":"Desabamento em supermercado deixa uma pessoa morta e seis feridos em PE"}]},{"@type":"WebSite","@id":"https:\/\/brasilnoticias.org\/site\/#website","url":"https:\/\/brasilnoticias.org\/site\/","name":"Brasil not\u00edcias","description":"Brasil not\u00edcias","publisher":{"@id":"https:\/\/brasilnoticias.org\/site\/#organization"},"potentialAction":[{"@type":"SearchAction","target":{"@type":"EntryPoint","urlTemplate":"https:\/\/brasilnoticias.org\/site\/?s={search_term_string}"},"query-input":{"@type":"PropertyValueSpecification","valueRequired":true,"valueName":"search_term_string"}}],"inLanguage":"pt-PT"},{"@type":"Organization","@id":"https:\/\/brasilnoticias.org\/site\/#organization","name":"Brasil not\u00edcias","url":"https:\/\/brasilnoticias.org\/site\/","logo":{"@type":"ImageObject","inLanguage":"pt-PT","@id":"https:\/\/brasilnoticias.org\/site\/#\/schema\/logo\/image\/","url":"https:\/\/brasilnoticias.org\/site\/wp-content\/uploads\/2022\/05\/cropped-brasilnoticias-mini.jpg","contentUrl":"https:\/\/brasilnoticias.org\/site\/wp-content\/uploads\/2022\/05\/cropped-brasilnoticias-mini.jpg","width":314,"height":86,"caption":"Brasil not\u00edcias"},"image":{"@id":"https:\/\/brasilnoticias.org\/site\/#\/schema\/logo\/image\/"}},{"@type":"Person","@id":"https:\/\/brasilnoticias.org\/site\/#\/schema\/person\/03bbbfe6c7634ad18c26444ea39049fa","name":"Reda\u00e7\u00e3o","image":{"@type":"ImageObject","inLanguage":"pt-PT","@id":"https:\/\/brasilnoticias.org\/site\/#\/schema\/person\/image\/","url":"https:\/\/secure.gravatar.com\/avatar\/9ecaf7327a696cb23ad926fedded5f1f04d7049de9e445375d55b48c001a6e42?s=96&d=mm&r=g","contentUrl":"https:\/\/secure.gravatar.com\/avatar\/9ecaf7327a696cb23ad926fedded5f1f04d7049de9e445375d55b48c001a6e42?s=96&d=mm&r=g","caption":"Reda\u00e7\u00e3o"},"url":"https:\/\/brasilnoticias.org\/site\/author\/henrique\/"}]}},"_links":{"self":[{"href":"https:\/\/brasilnoticias.org\/site\/wp-json\/wp\/v2\/posts\/11205","targetHints":{"allow":["GET"]}}],"collection":[{"href":"https:\/\/brasilnoticias.org\/site\/wp-json\/wp\/v2\/posts"}],"about":[{"href":"https:\/\/brasilnoticias.org\/site\/wp-json\/wp\/v2\/types\/post"}],"author":[{"embeddable":true,"href":"https:\/\/brasilnoticias.org\/site\/wp-json\/wp\/v2\/users\/4"}],"replies":[{"embeddable":true,"href":"https:\/\/brasilnoticias.org\/site\/wp-json\/wp\/v2\/comments?post=11205"}],"version-history":[{"count":1,"href":"https:\/\/brasilnoticias.org\/site\/wp-json\/wp\/v2\/posts\/11205\/revisions"}],"predecessor-version":[{"id":11207,"href":"https:\/\/brasilnoticias.org\/site\/wp-json\/wp\/v2\/posts\/11205\/revisions\/11207"}],"wp:featuredmedia":[{"embeddable":true,"href":"https:\/\/brasilnoticias.org\/site\/wp-json\/wp\/v2\/media\/11206"}],"wp:attachment":[{"href":"https:\/\/brasilnoticias.org\/site\/wp-json\/wp\/v2\/media?parent=11205"}],"wp:term":[{"taxonomy":"category","embeddable":true,"href":"https:\/\/brasilnoticias.org\/site\/wp-json\/wp\/v2\/categories?post=11205"},{"taxonomy":"post_tag","embeddable":true,"href":"https:\/\/brasilnoticias.org\/site\/wp-json\/wp\/v2\/tags?post=11205"}],"curies":[{"name":"wp","href":"https:\/\/api.w.org\/{rel}","templated":true}]}}