{"id":11211,"date":"2023-11-24T18:03:10","date_gmt":"2023-11-24T21:03:10","guid":{"rendered":"https:\/\/brasilnoticias.org\/site\/?p=11211"},"modified":"2023-11-24T18:03:10","modified_gmt":"2023-11-24T21:03:10","slug":"em-recuperacao-de-cirurgia-no-joelho-neymar-aparece-gritando-de-dor-em-tratamento","status":"publish","type":"post","link":"https:\/\/brasilnoticias.org\/site\/em-recuperacao-de-cirurgia-no-joelho-neymar-aparece-gritando-de-dor-em-tratamento\/","title":{"rendered":"Em recupera\u00e7\u00e3o de cirurgia no joelho, Neymar aparece gritando de dor em tratamento"},"content":{"rendered":"<p>O tempo de recupera\u00e7\u00e3o da les\u00e3o de Neymar gira em torno de seis a oito meses<\/p>\n<p>Dando segmento ao tratamento para recuperar uma les\u00e3o no ligamento cruzado anterior do joelho esquerdo, o atacante Neymar, do Al Hilal, teve um v\u00eddeo compartilhado nas redes sociais mostrando uma das sess\u00f5es. Na grava\u00e7\u00e3o, o atleta aparece gritando de dor nas sess\u00f5es.<\/p>\n<p>O v\u00eddeo foi divulgado pela NR Sports, empresa que cuida da imagem do atleta, e no compilado de imagens, vemos o atacante dando segmento \u00e0 recupera\u00e7\u00e3o. Em uma das cenas, ele segura a filha Mavie, de um m\u00eas, fruto da rela\u00e7\u00e3o com Bruna Biancardi.<\/p>\n<p><iframe loading=\"lazy\" width=\"681\" height=\"383\" src=\"https:\/\/www.youtube.com\/embed\/Gk00T_ZHOB0\" title=\"Neymar Jr - Recupera\u00e7\u00e3o\" frameborder=\"0\" allow=\"accelerometer; autoplay; clipboard-write; encrypted-media; gyroscope; picture-in-picture; web-share\" allowfullscreen><\/iframe><\/p>\n<p>Na postagem, a NR Sports escreveu: \u201cd\u00f3i? N\u00e3o somos capazes de imaginar o quanto. Mas a maior dor \u2013 com toda a certeza \u2013 \u00e9 estar temporariamente fora de combate\u201d. O tempo de recupera\u00e7\u00e3o da les\u00e3o gira em torno de seis a oito meses.<\/p>\n<p>A les\u00e3o aconteceu durante o jogo do Brasil contra o Uruguai, pelas Eliminat\u00f3rias da Copa, em 17 de outubro, quando a Sele\u00e7\u00e3o perdeu por 2\u00d70. Ele foi operado no dia 2 de novembro, em Belo Horizonte, pelo m\u00e9dico do Brasil, Rodrigo Lasmar e sua equipe.<\/p>\n<p>Foto: Youtube\/NR Sports<br \/>\nAratu On<\/p>\n","protected":false},"excerpt":{"rendered":"<p>O tempo de recupera\u00e7\u00e3o da les\u00e3o de Neymar gira em torno de seis a oito meses Dando segmento ao tratamento<\/p>\n","protected":false},"author":4,"featured_media":11212,"comment_status":"open","ping_status":"open","sticky":false,"template":"","format":"standard","meta":{"colormag_page_container_layout":"default_layout","colormag_page_sidebar_layout":"default_layout","_FSMCFIC_featured_image_caption":"","_FSMCFIC_featured_image_nocaption":"","_FSMCFIC_featured_image_hide":"","footnotes":""},"categories":[8,1],"tags":[],"class_list":["post-11211","post","type-post","status-publish","format-standard","has-post-thumbnail","hentry","category-entretenimento","category-ultimas"],"yoast_head":"<!-- This site is optimized with the Yoast SEO plugin v27.1.1 - https:\/\/yoast.com\/product\/yoast-seo-wordpress\/ -->\n<title>Em recupera\u00e7\u00e3o de cirurgia no joelho, Neymar aparece gritando de dor em tratamento - Brasil not\u00edcias<\/title>\n<meta name=\"robots\" content=\"index, follow, max-snippet:-1, max-image-preview:large, max-video-preview:-1\" \/>\n<link rel=\"canonical\" href=\"https:\/\/brasilnoticias.org\/site\/em-recuperacao-de-cirurgia-no-joelho-neymar-aparece-gritando-de-dor-em-tratamento\/\" \/>\n<meta property=\"og:locale\" content=\"pt_PT\" \/>\n<meta property=\"og:type\" content=\"article\" \/>\n<meta property=\"og:title\" content=\"Em recupera\u00e7\u00e3o de cirurgia no joelho, Neymar aparece gritando de dor em tratamento - Brasil not\u00edcias\" \/>\n<meta property=\"og:description\" content=\"O tempo de recupera\u00e7\u00e3o da les\u00e3o de Neymar gira em torno de seis a oito meses Dando segmento ao tratamento\" \/>\n<meta property=\"og:url\" content=\"https:\/\/brasilnoticias.org\/site\/em-recuperacao-de-cirurgia-no-joelho-neymar-aparece-gritando-de-dor-em-tratamento\/\" \/>\n<meta property=\"og:site_name\" content=\"Brasil not\u00edcias\" \/>\n<meta property=\"article:published_time\" content=\"2023-11-24T21:03:10+00:00\" \/>\n<meta property=\"og:image\" content=\"https:\/\/brasilnoticias.org\/site\/wp-content\/uploads\/2023\/11\/neymar.jpg\" \/>\n\t<meta property=\"og:image:width\" content=\"740\" \/>\n\t<meta property=\"og:image:height\" content=\"470\" \/>\n\t<meta property=\"og:image:type\" content=\"image\/jpeg\" \/>\n<meta name=\"author\" content=\"Reda\u00e7\u00e3o\" \/>\n<meta name=\"twitter:card\" content=\"summary_large_image\" \/>\n<meta name=\"twitter:label1\" content=\"Escrito por\" \/>\n\t<meta name=\"twitter:data1\" content=\"Reda\u00e7\u00e3o\" \/>\n<script type=\"application\/ld+json\" class=\"yoast-schema-graph\">{\"@context\":\"https:\/\/schema.org\",\"@graph\":[{\"@type\":\"Article\",\"@id\":\"https:\/\/brasilnoticias.org\/site\/em-recuperacao-de-cirurgia-no-joelho-neymar-aparece-gritando-de-dor-em-tratamento\/#article\",\"isPartOf\":{\"@id\":\"https:\/\/brasilnoticias.org\/site\/em-recuperacao-de-cirurgia-no-joelho-neymar-aparece-gritando-de-dor-em-tratamento\/\"},\"author\":{\"name\":\"Reda\u00e7\u00e3o\",\"@id\":\"https:\/\/brasilnoticias.org\/site\/#\/schema\/person\/03bbbfe6c7634ad18c26444ea39049fa\"},\"headline\":\"Em recupera\u00e7\u00e3o de cirurgia no joelho, Neymar aparece gritando de dor em tratamento\",\"datePublished\":\"2023-11-24T21:03:10+00:00\",\"mainEntityOfPage\":{\"@id\":\"https:\/\/brasilnoticias.org\/site\/em-recuperacao-de-cirurgia-no-joelho-neymar-aparece-gritando-de-dor-em-tratamento\/\"},\"wordCount\":223,\"commentCount\":0,\"publisher\":{\"@id\":\"https:\/\/brasilnoticias.org\/site\/#organization\"},\"image\":{\"@id\":\"https:\/\/brasilnoticias.org\/site\/em-recuperacao-de-cirurgia-no-joelho-neymar-aparece-gritando-de-dor-em-tratamento\/#primaryimage\"},\"thumbnailUrl\":\"https:\/\/brasilnoticias.org\/site\/wp-content\/uploads\/2023\/11\/neymar.jpg\",\"articleSection\":[\"Entretenimento\",\"\u00daltimas\"],\"inLanguage\":\"pt-PT\",\"potentialAction\":[{\"@type\":\"CommentAction\",\"name\":\"Comment\",\"target\":[\"https:\/\/brasilnoticias.org\/site\/em-recuperacao-de-cirurgia-no-joelho-neymar-aparece-gritando-de-dor-em-tratamento\/#respond\"]}]},{\"@type\":\"WebPage\",\"@id\":\"https:\/\/brasilnoticias.org\/site\/em-recuperacao-de-cirurgia-no-joelho-neymar-aparece-gritando-de-dor-em-tratamento\/\",\"url\":\"https:\/\/brasilnoticias.org\/site\/em-recuperacao-de-cirurgia-no-joelho-neymar-aparece-gritando-de-dor-em-tratamento\/\",\"name\":\"Em recupera\u00e7\u00e3o de cirurgia no joelho, Neymar aparece gritando de dor em tratamento - Brasil not\u00edcias\",\"isPartOf\":{\"@id\":\"https:\/\/brasilnoticias.org\/site\/#website\"},\"primaryImageOfPage\":{\"@id\":\"https:\/\/brasilnoticias.org\/site\/em-recuperacao-de-cirurgia-no-joelho-neymar-aparece-gritando-de-dor-em-tratamento\/#primaryimage\"},\"image\":{\"@id\":\"https:\/\/brasilnoticias.org\/site\/em-recuperacao-de-cirurgia-no-joelho-neymar-aparece-gritando-de-dor-em-tratamento\/#primaryimage\"},\"thumbnailUrl\":\"https:\/\/brasilnoticias.org\/site\/wp-content\/uploads\/2023\/11\/neymar.jpg\",\"datePublished\":\"2023-11-24T21:03:10+00:00\",\"breadcrumb\":{\"@id\":\"https:\/\/brasilnoticias.org\/site\/em-recuperacao-de-cirurgia-no-joelho-neymar-aparece-gritando-de-dor-em-tratamento\/#breadcrumb\"},\"inLanguage\":\"pt-PT\",\"potentialAction\":[{\"@type\":\"ReadAction\",\"target\":[\"https:\/\/brasilnoticias.org\/site\/em-recuperacao-de-cirurgia-no-joelho-neymar-aparece-gritando-de-dor-em-tratamento\/\"]}]},{\"@type\":\"ImageObject\",\"inLanguage\":\"pt-PT\",\"@id\":\"https:\/\/brasilnoticias.org\/site\/em-recuperacao-de-cirurgia-no-joelho-neymar-aparece-gritando-de-dor-em-tratamento\/#primaryimage\",\"url\":\"https:\/\/brasilnoticias.org\/site\/wp-content\/uploads\/2023\/11\/neymar.jpg\",\"contentUrl\":\"https:\/\/brasilnoticias.org\/site\/wp-content\/uploads\/2023\/11\/neymar.jpg\",\"width\":740,\"height\":470},{\"@type\":\"BreadcrumbList\",\"@id\":\"https:\/\/brasilnoticias.org\/site\/em-recuperacao-de-cirurgia-no-joelho-neymar-aparece-gritando-de-dor-em-tratamento\/#breadcrumb\",\"itemListElement\":[{\"@type\":\"ListItem\",\"position\":1,\"name\":\"In\u00edcio\",\"item\":\"https:\/\/brasilnoticias.org\/site\/\"},{\"@type\":\"ListItem\",\"position\":2,\"name\":\"Em recupera\u00e7\u00e3o de cirurgia no joelho, Neymar aparece gritando de dor em tratamento\"}]},{\"@type\":\"WebSite\",\"@id\":\"https:\/\/brasilnoticias.org\/site\/#website\",\"url\":\"https:\/\/brasilnoticias.org\/site\/\",\"name\":\"Brasil not\u00edcias\",\"description\":\"Brasil not\u00edcias\",\"publisher\":{\"@id\":\"https:\/\/brasilnoticias.org\/site\/#organization\"},\"potentialAction\":[{\"@type\":\"SearchAction\",\"target\":{\"@type\":\"EntryPoint\",\"urlTemplate\":\"https:\/\/brasilnoticias.org\/site\/?s={search_term_string}\"},\"query-input\":{\"@type\":\"PropertyValueSpecification\",\"valueRequired\":true,\"valueName\":\"search_term_string\"}}],\"inLanguage\":\"pt-PT\"},{\"@type\":\"Organization\",\"@id\":\"https:\/\/brasilnoticias.org\/site\/#organization\",\"name\":\"Brasil not\u00edcias\",\"url\":\"https:\/\/brasilnoticias.org\/site\/\",\"logo\":{\"@type\":\"ImageObject\",\"inLanguage\":\"pt-PT\",\"@id\":\"https:\/\/brasilnoticias.org\/site\/#\/schema\/logo\/image\/\",\"url\":\"https:\/\/brasilnoticias.org\/site\/wp-content\/uploads\/2022\/05\/cropped-brasilnoticias-mini.jpg\",\"contentUrl\":\"https:\/\/brasilnoticias.org\/site\/wp-content\/uploads\/2022\/05\/cropped-brasilnoticias-mini.jpg\",\"width\":314,\"height\":86,\"caption\":\"Brasil not\u00edcias\"},\"image\":{\"@id\":\"https:\/\/brasilnoticias.org\/site\/#\/schema\/logo\/image\/\"}},{\"@type\":\"Person\",\"@id\":\"https:\/\/brasilnoticias.org\/site\/#\/schema\/person\/03bbbfe6c7634ad18c26444ea39049fa\",\"name\":\"Reda\u00e7\u00e3o\",\"image\":{\"@type\":\"ImageObject\",\"inLanguage\":\"pt-PT\",\"@id\":\"https:\/\/brasilnoticias.org\/site\/#\/schema\/person\/image\/\",\"url\":\"https:\/\/secure.gravatar.com\/avatar\/9ecaf7327a696cb23ad926fedded5f1f04d7049de9e445375d55b48c001a6e42?s=96&d=mm&r=g\",\"contentUrl\":\"https:\/\/secure.gravatar.com\/avatar\/9ecaf7327a696cb23ad926fedded5f1f04d7049de9e445375d55b48c001a6e42?s=96&d=mm&r=g\",\"caption\":\"Reda\u00e7\u00e3o\"},\"url\":\"https:\/\/brasilnoticias.org\/site\/author\/henrique\/\"}]}<\/script>\n<!-- \/ Yoast SEO plugin. -->","yoast_head_json":{"title":"Em recupera\u00e7\u00e3o de cirurgia no joelho, Neymar aparece gritando de dor em tratamento - Brasil not\u00edcias","robots":{"index":"index","follow":"follow","max-snippet":"max-snippet:-1","max-image-preview":"max-image-preview:large","max-video-preview":"max-video-preview:-1"},"canonical":"https:\/\/brasilnoticias.org\/site\/em-recuperacao-de-cirurgia-no-joelho-neymar-aparece-gritando-de-dor-em-tratamento\/","og_locale":"pt_PT","og_type":"article","og_title":"Em recupera\u00e7\u00e3o de cirurgia no joelho, Neymar aparece gritando de dor em tratamento - Brasil not\u00edcias","og_description":"O tempo de recupera\u00e7\u00e3o da les\u00e3o de Neymar gira em torno de seis a oito meses Dando segmento ao tratamento","og_url":"https:\/\/brasilnoticias.org\/site\/em-recuperacao-de-cirurgia-no-joelho-neymar-aparece-gritando-de-dor-em-tratamento\/","og_site_name":"Brasil not\u00edcias","article_published_time":"2023-11-24T21:03:10+00:00","og_image":[{"width":740,"height":470,"url":"https:\/\/brasilnoticias.org\/site\/wp-content\/uploads\/2023\/11\/neymar.jpg","type":"image\/jpeg"}],"author":"Reda\u00e7\u00e3o","twitter_card":"summary_large_image","twitter_misc":{"Escrito por":"Reda\u00e7\u00e3o"},"schema":{"@context":"https:\/\/schema.org","@graph":[{"@type":"Article","@id":"https:\/\/brasilnoticias.org\/site\/em-recuperacao-de-cirurgia-no-joelho-neymar-aparece-gritando-de-dor-em-tratamento\/#article","isPartOf":{"@id":"https:\/\/brasilnoticias.org\/site\/em-recuperacao-de-cirurgia-no-joelho-neymar-aparece-gritando-de-dor-em-tratamento\/"},"author":{"name":"Reda\u00e7\u00e3o","@id":"https:\/\/brasilnoticias.org\/site\/#\/schema\/person\/03bbbfe6c7634ad18c26444ea39049fa"},"headline":"Em recupera\u00e7\u00e3o de cirurgia no joelho, Neymar aparece gritando de dor em tratamento","datePublished":"2023-11-24T21:03:10+00:00","mainEntityOfPage":{"@id":"https:\/\/brasilnoticias.org\/site\/em-recuperacao-de-cirurgia-no-joelho-neymar-aparece-gritando-de-dor-em-tratamento\/"},"wordCount":223,"commentCount":0,"publisher":{"@id":"https:\/\/brasilnoticias.org\/site\/#organization"},"image":{"@id":"https:\/\/brasilnoticias.org\/site\/em-recuperacao-de-cirurgia-no-joelho-neymar-aparece-gritando-de-dor-em-tratamento\/#primaryimage"},"thumbnailUrl":"https:\/\/brasilnoticias.org\/site\/wp-content\/uploads\/2023\/11\/neymar.jpg","articleSection":["Entretenimento","\u00daltimas"],"inLanguage":"pt-PT","potentialAction":[{"@type":"CommentAction","name":"Comment","target":["https:\/\/brasilnoticias.org\/site\/em-recuperacao-de-cirurgia-no-joelho-neymar-aparece-gritando-de-dor-em-tratamento\/#respond"]}]},{"@type":"WebPage","@id":"https:\/\/brasilnoticias.org\/site\/em-recuperacao-de-cirurgia-no-joelho-neymar-aparece-gritando-de-dor-em-tratamento\/","url":"https:\/\/brasilnoticias.org\/site\/em-recuperacao-de-cirurgia-no-joelho-neymar-aparece-gritando-de-dor-em-tratamento\/","name":"Em recupera\u00e7\u00e3o de cirurgia no joelho, Neymar aparece gritando de dor em tratamento - Brasil not\u00edcias","isPartOf":{"@id":"https:\/\/brasilnoticias.org\/site\/#website"},"primaryImageOfPage":{"@id":"https:\/\/brasilnoticias.org\/site\/em-recuperacao-de-cirurgia-no-joelho-neymar-aparece-gritando-de-dor-em-tratamento\/#primaryimage"},"image":{"@id":"https:\/\/brasilnoticias.org\/site\/em-recuperacao-de-cirurgia-no-joelho-neymar-aparece-gritando-de-dor-em-tratamento\/#primaryimage"},"thumbnailUrl":"https:\/\/brasilnoticias.org\/site\/wp-content\/uploads\/2023\/11\/neymar.jpg","datePublished":"2023-11-24T21:03:10+00:00","breadcrumb":{"@id":"https:\/\/brasilnoticias.org\/site\/em-recuperacao-de-cirurgia-no-joelho-neymar-aparece-gritando-de-dor-em-tratamento\/#breadcrumb"},"inLanguage":"pt-PT","potentialAction":[{"@type":"ReadAction","target":["https:\/\/brasilnoticias.org\/site\/em-recuperacao-de-cirurgia-no-joelho-neymar-aparece-gritando-de-dor-em-tratamento\/"]}]},{"@type":"ImageObject","inLanguage":"pt-PT","@id":"https:\/\/brasilnoticias.org\/site\/em-recuperacao-de-cirurgia-no-joelho-neymar-aparece-gritando-de-dor-em-tratamento\/#primaryimage","url":"https:\/\/brasilnoticias.org\/site\/wp-content\/uploads\/2023\/11\/neymar.jpg","contentUrl":"https:\/\/brasilnoticias.org\/site\/wp-content\/uploads\/2023\/11\/neymar.jpg","width":740,"height":470},{"@type":"BreadcrumbList","@id":"https:\/\/brasilnoticias.org\/site\/em-recuperacao-de-cirurgia-no-joelho-neymar-aparece-gritando-de-dor-em-tratamento\/#breadcrumb","itemListElement":[{"@type":"ListItem","position":1,"name":"In\u00edcio","item":"https:\/\/brasilnoticias.org\/site\/"},{"@type":"ListItem","position":2,"name":"Em recupera\u00e7\u00e3o de cirurgia no joelho, Neymar aparece gritando de dor em tratamento"}]},{"@type":"WebSite","@id":"https:\/\/brasilnoticias.org\/site\/#website","url":"https:\/\/brasilnoticias.org\/site\/","name":"Brasil not\u00edcias","description":"Brasil not\u00edcias","publisher":{"@id":"https:\/\/brasilnoticias.org\/site\/#organization"},"potentialAction":[{"@type":"SearchAction","target":{"@type":"EntryPoint","urlTemplate":"https:\/\/brasilnoticias.org\/site\/?s={search_term_string}"},"query-input":{"@type":"PropertyValueSpecification","valueRequired":true,"valueName":"search_term_string"}}],"inLanguage":"pt-PT"},{"@type":"Organization","@id":"https:\/\/brasilnoticias.org\/site\/#organization","name":"Brasil not\u00edcias","url":"https:\/\/brasilnoticias.org\/site\/","logo":{"@type":"ImageObject","inLanguage":"pt-PT","@id":"https:\/\/brasilnoticias.org\/site\/#\/schema\/logo\/image\/","url":"https:\/\/brasilnoticias.org\/site\/wp-content\/uploads\/2022\/05\/cropped-brasilnoticias-mini.jpg","contentUrl":"https:\/\/brasilnoticias.org\/site\/wp-content\/uploads\/2022\/05\/cropped-brasilnoticias-mini.jpg","width":314,"height":86,"caption":"Brasil not\u00edcias"},"image":{"@id":"https:\/\/brasilnoticias.org\/site\/#\/schema\/logo\/image\/"}},{"@type":"Person","@id":"https:\/\/brasilnoticias.org\/site\/#\/schema\/person\/03bbbfe6c7634ad18c26444ea39049fa","name":"Reda\u00e7\u00e3o","image":{"@type":"ImageObject","inLanguage":"pt-PT","@id":"https:\/\/brasilnoticias.org\/site\/#\/schema\/person\/image\/","url":"https:\/\/secure.gravatar.com\/avatar\/9ecaf7327a696cb23ad926fedded5f1f04d7049de9e445375d55b48c001a6e42?s=96&d=mm&r=g","contentUrl":"https:\/\/secure.gravatar.com\/avatar\/9ecaf7327a696cb23ad926fedded5f1f04d7049de9e445375d55b48c001a6e42?s=96&d=mm&r=g","caption":"Reda\u00e7\u00e3o"},"url":"https:\/\/brasilnoticias.org\/site\/author\/henrique\/"}]}},"_links":{"self":[{"href":"https:\/\/brasilnoticias.org\/site\/wp-json\/wp\/v2\/posts\/11211","targetHints":{"allow":["GET"]}}],"collection":[{"href":"https:\/\/brasilnoticias.org\/site\/wp-json\/wp\/v2\/posts"}],"about":[{"href":"https:\/\/brasilnoticias.org\/site\/wp-json\/wp\/v2\/types\/post"}],"author":[{"embeddable":true,"href":"https:\/\/brasilnoticias.org\/site\/wp-json\/wp\/v2\/users\/4"}],"replies":[{"embeddable":true,"href":"https:\/\/brasilnoticias.org\/site\/wp-json\/wp\/v2\/comments?post=11211"}],"version-history":[{"count":1,"href":"https:\/\/brasilnoticias.org\/site\/wp-json\/wp\/v2\/posts\/11211\/revisions"}],"predecessor-version":[{"id":11213,"href":"https:\/\/brasilnoticias.org\/site\/wp-json\/wp\/v2\/posts\/11211\/revisions\/11213"}],"wp:featuredmedia":[{"embeddable":true,"href":"https:\/\/brasilnoticias.org\/site\/wp-json\/wp\/v2\/media\/11212"}],"wp:attachment":[{"href":"https:\/\/brasilnoticias.org\/site\/wp-json\/wp\/v2\/media?parent=11211"}],"wp:term":[{"taxonomy":"category","embeddable":true,"href":"https:\/\/brasilnoticias.org\/site\/wp-json\/wp\/v2\/categories?post=11211"},{"taxonomy":"post_tag","embeddable":true,"href":"https:\/\/brasilnoticias.org\/site\/wp-json\/wp\/v2\/tags?post=11211"}],"curies":[{"name":"wp","href":"https:\/\/api.w.org\/{rel}","templated":true}]}}