{"id":11224,"date":"2023-11-25T19:15:24","date_gmt":"2023-11-25T22:15:24","guid":{"rendered":"https:\/\/brasilnoticias.org\/site\/?p=11224"},"modified":"2023-11-25T19:15:24","modified_gmt":"2023-11-25T22:15:24","slug":"de-virada-vitoria-perde-para-a-chapecoense-na-despedida-da-serie-b","status":"publish","type":"post","link":"https:\/\/brasilnoticias.org\/site\/de-virada-vitoria-perde-para-a-chapecoense-na-despedida-da-serie-b\/","title":{"rendered":"De virada, Vit\u00f3ria perde para a Chapecoense na despedida da S\u00e9rie B"},"content":{"rendered":"<p>Welder abriu o placar, mas Marcinho, Kayke e Bruno Naz\u00e1rio viraram para fechar a partida em 3 x 1 na Arena Cond\u00e1 (SC); Rubro-Negro permaneceu com 72 pontos<\/p>\n<p>No adeus \u00e0 S\u00e9rie B, o Vit\u00f3ria foi derrotado pela Chapecoense por 3 x 1 na Arena Cond\u00e1 (SC). Na tarde deste s\u00e1bado (25), Welder abriu o placar para o Le\u00e3o, mas Marcinho, Kayke e Bruno Naz\u00e1rio viraram para os donos da casa. O time baiano terminou a s\u00e9rie B com 72 pontos &#8211; recorde do clube em campeonatos de pontos corridos.<\/p>\n<p>Com o resultado na 38\u00aa rodada, o Vit\u00f3ria perdeu a invencibilidade de cinco jogos para o advers\u00e1rio. O Rubro-Negro encerrou sua participa\u00e7\u00e3o na Segunda Divis\u00e3o com a quinta melhor campanha das \u00faltimas 10 edi\u00e7\u00f5es, ao lado do Botafogo de 2015.<\/p>\n<p>Na Segundona 2023, a equipe baiana terminou o campeonato com 22 vit\u00f3rias, seis empates e 10 derrotas. O Le\u00e3o marcou 50 gols, sofreu 31, fechou a competi\u00e7\u00e3o como o melhor mandante e o segundo melhor visitante.<\/p>\n<p>O JOGO<\/p>\n<p>Primeiro tempo<\/p>\n<p>O jogo come\u00e7ou com a Chapecoense imprimindo seu ritmo para cima do Vit\u00f3ria. O time da casa precisava do resultado e quis logo definir a partida. No entanto, o Rubro-Negro tocou bem a bola no campo de ataque e abriu o placar com gol de cabe\u00e7a de Welder ap\u00f3s cruzamento de Matheusinho. Depois s\u00f3 deu Chape, que empatou com gol de Marcinho ap\u00f3s contra-ataque. Os catarinenses produziram mais chances para virar, mas pararam na trave e tamb\u00e9m nas boas defesas do goleiro Thiago Rodrigues. A Chapecoense terminou o primeiro tempo melhor.<\/p>\n<p>Aos 17 minutos, Douglas Borel avan\u00e7ou pela direita e cruzou para Pavani. O camisa 7 pulou de peixinho e mandou para fora. <\/p>\n<p>Aos 20, Bruno Naz\u00e1rio recebeu lan\u00e7amento dentro da \u00e1rea e chutou \u00e0 queima-roupa para a defesa de Thiago Rodrigues. Por\u00e9m, a jogada foi anulada por impedimento.<\/p>\n<p>Gol do Vit\u00f3ria! Aos 26 minutos, em jogada trabalhada pela esquerda, Matheusinho cruzou na medida para Welder. O centroavante ganhou da marca\u00e7\u00e3o e cabeceou firme para abrir o placar em Chapec\u00f3.<\/p>\n<p>Aos 29, Marcinho puxou contra-ataque, mas errou o passe e a bola sobrou para Victor Ferraz. O meia rolou para Kayke que finalizou \u00e0 direita do goleiro rubro-negro.<\/p>\n<p>Empate da Chapecoense! Aos 34 minutos, Marcinho partiu em velocidade pela ponta esquerda, cortou para o meio e chutou no cantinho. A bola ainda bateu na trave antes de entrar.<\/p>\n<p>Aos 39, Douglas Borel dominou de fora da \u00e1rea e arriscou de longe para a defesa de Thiago Rodrigues.<\/p>\n<p>Na trave! Aos 41 minutos, Bruno Naz\u00e1rio finalizou de fora da \u00e1rea, a bola desviou em Yan Souto e raspou no poste direito.<\/p>\n<p>Segundo tempo<\/p>\n<p>O segundo tempo come\u00e7ou do mesmo jeito que acabou a primeira etapa: com a Chapecoense partindo para o ataque em busca da virada. E ela veio! Ap\u00f3s jogada pela direita, Kayke recebeu enfiada de bola e chutou firme para colocar o Verd\u00e3o do Oeste na frente. O time catarinense continuou com o \u00edmpeto ofensivo e ampliou o marcador com gola\u00e7o de falta de Bruno Naz\u00e1rio. Nos minutos finais, o jogo ficou truncado com muitas faltas e a Chape perdeu Cazonatti, expulso. O Vit\u00f3ria tentou pressionar, mas n\u00e3o conseguiu criar boas chances. Fim da S\u00e9rie B com derrota para o Le\u00e3o.<\/p>\n<p>Aos sete minutos, Douglas Borel fez jogada pela direita e cruzou rasteiro. Kayke chegou batendo, mas mandou por cima.<\/p>\n<p>Aos 11, Kayke cobrou falta perigosa e Thiago Rodrigues se esticou no canto esquerdo para mandar a bola para escanteio.<\/p>\n<p>Virada da Chapecoense! Aos 14 minutos, Kayke recebeu bola em profundidade e bateu forte, de bico, no cantinho do goleiro rubro-negro.<\/p>\n<p>Terceiro da Chape! Aos 21, Bruno Naz\u00e1rio cobrou falta no \u00e2ngulo e ampliou o placar para a Chapecoense. <\/p>\n<p>Expuls\u00e3o! Aos 24 minutos, Cazonatti fez falta dura, recebeu segundo cart\u00e3o amarelo e foi expulso.<\/p>\n<p>FICHA T\u00c9CNICA<\/p>\n<p>Chapecoense 3 x 1 Vit\u00f3ria<br \/>\nS\u00e9rie B &#8211; 38\u00aa rodada<br \/>\nLocal: Arena Cond\u00e1, em Chapec\u00f3 (SC)<br \/>\nData: 25\/11\/2023 (s\u00e1bado)<br \/>\nHor\u00e1rio: 17h<br \/>\n\u00c1rbitro: Rafael Rodrigo Klein (RS)<br \/>\nAssistentes: Tiago Augusto Kappes Diel (RS) e Ma\u00edra Mastella Moreira (RS)<br \/>\nQuarto \u00e1rbitro: Jonathan Benkenstein Pinheiro (RS)<br \/>\nVAR: Carlos Eduardo Nunes Braga (RJ)<\/p>\n<p>Gols: Marcinho, Kayke e Bruno Naz\u00e1rio (Chapecoense) \/ Welder (Vit\u00f3ria)<br \/>\nCart\u00f5es amarelos: Cazonatti (2x), Kayke e Pablo Oliveira (Chapecoense) \/ Marco Ant\u00f4nio, Mateus Gon\u00e7alves, Thiago Rodrigues e Yan Souto (Vit\u00f3ria)<br \/>\nCart\u00e3o vermelho: Cazonatti (Chapecoense) <\/p>\n<p>Chapecoense: Airton \u00a9; Douglas Borel (Felipe Albuquerque), Bruno Leonardo, Lucas Freitas e Mancha; Cazonatti, Pavani, Victor Ferraz (Pablo Oliveira) e Bruno Naz\u00e1rio (Bruno Vin\u00edcius); Marcinho (Fabiano) e Kayke (Henrique Dourado). T\u00e9cnico: Claudinei Oliveira<\/p>\n<p>Vit\u00f3ria: Thiago Rodrigues (Dalton); Railan, Jo\u00e3o Victor, Yan Souto e Marcelo; Marco Ant\u00f4nio \u00a9 (Jhonny Lucas), Dudu (Dion\u00edsio) e Matheusinho (Edson Lucas); Mateus Gon\u00e7alves, Z\u00e9 Hugo e Welder. T\u00e9cnico: L\u00e9o Cond\u00e9<\/p>\n<p>Foto: Victor Ferreira\/EC Vit\u00f3ria<br \/>\nPor: Jos\u00e9 Gabriel <\/p>\n","protected":false},"excerpt":{"rendered":"<p>Welder abriu o placar, mas Marcinho, Kayke e Bruno Naz\u00e1rio viraram para fechar a partida em 3 x 1 na<\/p>\n","protected":false},"author":4,"featured_media":11225,"comment_status":"open","ping_status":"open","sticky":false,"template":"","format":"standard","meta":{"colormag_page_container_layout":"default_layout","colormag_page_sidebar_layout":"default_layout","_FSMCFIC_featured_image_caption":"","_FSMCFIC_featured_image_nocaption":"","_FSMCFIC_featured_image_hide":"","footnotes":""},"categories":[4,1],"tags":[],"class_list":["post-11224","post","type-post","status-publish","format-standard","has-post-thumbnail","hentry","category-esporte","category-ultimas"],"yoast_head":"<!-- This site is optimized with the Yoast SEO plugin v27.1.1 - https:\/\/yoast.com\/product\/yoast-seo-wordpress\/ -->\n<title>De virada, Vit\u00f3ria perde para a Chapecoense na despedida da S\u00e9rie B - Brasil not\u00edcias<\/title>\n<meta name=\"robots\" content=\"index, follow, max-snippet:-1, max-image-preview:large, max-video-preview:-1\" \/>\n<link rel=\"canonical\" href=\"https:\/\/brasilnoticias.org\/site\/de-virada-vitoria-perde-para-a-chapecoense-na-despedida-da-serie-b\/\" \/>\n<meta property=\"og:locale\" content=\"pt_PT\" \/>\n<meta property=\"og:type\" content=\"article\" \/>\n<meta property=\"og:title\" content=\"De virada, Vit\u00f3ria perde para a Chapecoense na despedida da S\u00e9rie B - Brasil not\u00edcias\" \/>\n<meta property=\"og:description\" content=\"Welder abriu o placar, mas Marcinho, Kayke e Bruno Naz\u00e1rio viraram para fechar a partida em 3 x 1 na\" \/>\n<meta property=\"og:url\" content=\"https:\/\/brasilnoticias.org\/site\/de-virada-vitoria-perde-para-a-chapecoense-na-despedida-da-serie-b\/\" \/>\n<meta property=\"og:site_name\" content=\"Brasil not\u00edcias\" \/>\n<meta property=\"article:published_time\" content=\"2023-11-25T22:15:24+00:00\" \/>\n<meta property=\"og:image\" content=\"https:\/\/brasilnoticias.org\/site\/wp-content\/uploads\/2023\/11\/143550de-virada-vitoria-perde-para-a-chapecoense-na-despedida-da-serie-b-3.jpg\" \/>\n\t<meta property=\"og:image:width\" content=\"1600\" \/>\n\t<meta property=\"og:image:height\" content=\"752\" \/>\n\t<meta property=\"og:image:type\" content=\"image\/jpeg\" \/>\n<meta name=\"author\" content=\"Reda\u00e7\u00e3o\" \/>\n<meta name=\"twitter:card\" content=\"summary_large_image\" \/>\n<meta name=\"twitter:label1\" content=\"Escrito por\" \/>\n\t<meta name=\"twitter:data1\" content=\"Reda\u00e7\u00e3o\" \/>\n<script type=\"application\/ld+json\" class=\"yoast-schema-graph\">{\"@context\":\"https:\/\/schema.org\",\"@graph\":[{\"@type\":\"Article\",\"@id\":\"https:\/\/brasilnoticias.org\/site\/de-virada-vitoria-perde-para-a-chapecoense-na-despedida-da-serie-b\/#article\",\"isPartOf\":{\"@id\":\"https:\/\/brasilnoticias.org\/site\/de-virada-vitoria-perde-para-a-chapecoense-na-despedida-da-serie-b\/\"},\"author\":{\"name\":\"Reda\u00e7\u00e3o\",\"@id\":\"https:\/\/brasilnoticias.org\/site\/#\/schema\/person\/03bbbfe6c7634ad18c26444ea39049fa\"},\"headline\":\"De virada, Vit\u00f3ria perde para a Chapecoense na despedida da S\u00e9rie B\",\"datePublished\":\"2023-11-25T22:15:24+00:00\",\"mainEntityOfPage\":{\"@id\":\"https:\/\/brasilnoticias.org\/site\/de-virada-vitoria-perde-para-a-chapecoense-na-despedida-da-serie-b\/\"},\"wordCount\":832,\"commentCount\":0,\"publisher\":{\"@id\":\"https:\/\/brasilnoticias.org\/site\/#organization\"},\"image\":{\"@id\":\"https:\/\/brasilnoticias.org\/site\/de-virada-vitoria-perde-para-a-chapecoense-na-despedida-da-serie-b\/#primaryimage\"},\"thumbnailUrl\":\"https:\/\/brasilnoticias.org\/site\/wp-content\/uploads\/2023\/11\/143550de-virada-vitoria-perde-para-a-chapecoense-na-despedida-da-serie-b-3.jpg\",\"articleSection\":[\"Esporte\",\"\u00daltimas\"],\"inLanguage\":\"pt-PT\",\"potentialAction\":[{\"@type\":\"CommentAction\",\"name\":\"Comment\",\"target\":[\"https:\/\/brasilnoticias.org\/site\/de-virada-vitoria-perde-para-a-chapecoense-na-despedida-da-serie-b\/#respond\"]}]},{\"@type\":\"WebPage\",\"@id\":\"https:\/\/brasilnoticias.org\/site\/de-virada-vitoria-perde-para-a-chapecoense-na-despedida-da-serie-b\/\",\"url\":\"https:\/\/brasilnoticias.org\/site\/de-virada-vitoria-perde-para-a-chapecoense-na-despedida-da-serie-b\/\",\"name\":\"De virada, Vit\u00f3ria perde para a Chapecoense na despedida da S\u00e9rie B - Brasil not\u00edcias\",\"isPartOf\":{\"@id\":\"https:\/\/brasilnoticias.org\/site\/#website\"},\"primaryImageOfPage\":{\"@id\":\"https:\/\/brasilnoticias.org\/site\/de-virada-vitoria-perde-para-a-chapecoense-na-despedida-da-serie-b\/#primaryimage\"},\"image\":{\"@id\":\"https:\/\/brasilnoticias.org\/site\/de-virada-vitoria-perde-para-a-chapecoense-na-despedida-da-serie-b\/#primaryimage\"},\"thumbnailUrl\":\"https:\/\/brasilnoticias.org\/site\/wp-content\/uploads\/2023\/11\/143550de-virada-vitoria-perde-para-a-chapecoense-na-despedida-da-serie-b-3.jpg\",\"datePublished\":\"2023-11-25T22:15:24+00:00\",\"breadcrumb\":{\"@id\":\"https:\/\/brasilnoticias.org\/site\/de-virada-vitoria-perde-para-a-chapecoense-na-despedida-da-serie-b\/#breadcrumb\"},\"inLanguage\":\"pt-PT\",\"potentialAction\":[{\"@type\":\"ReadAction\",\"target\":[\"https:\/\/brasilnoticias.org\/site\/de-virada-vitoria-perde-para-a-chapecoense-na-despedida-da-serie-b\/\"]}]},{\"@type\":\"ImageObject\",\"inLanguage\":\"pt-PT\",\"@id\":\"https:\/\/brasilnoticias.org\/site\/de-virada-vitoria-perde-para-a-chapecoense-na-despedida-da-serie-b\/#primaryimage\",\"url\":\"https:\/\/brasilnoticias.org\/site\/wp-content\/uploads\/2023\/11\/143550de-virada-vitoria-perde-para-a-chapecoense-na-despedida-da-serie-b-3.jpg\",\"contentUrl\":\"https:\/\/brasilnoticias.org\/site\/wp-content\/uploads\/2023\/11\/143550de-virada-vitoria-perde-para-a-chapecoense-na-despedida-da-serie-b-3.jpg\",\"width\":1600,\"height\":752},{\"@type\":\"BreadcrumbList\",\"@id\":\"https:\/\/brasilnoticias.org\/site\/de-virada-vitoria-perde-para-a-chapecoense-na-despedida-da-serie-b\/#breadcrumb\",\"itemListElement\":[{\"@type\":\"ListItem\",\"position\":1,\"name\":\"In\u00edcio\",\"item\":\"https:\/\/brasilnoticias.org\/site\/\"},{\"@type\":\"ListItem\",\"position\":2,\"name\":\"De virada, Vit\u00f3ria perde para a Chapecoense na despedida da S\u00e9rie B\"}]},{\"@type\":\"WebSite\",\"@id\":\"https:\/\/brasilnoticias.org\/site\/#website\",\"url\":\"https:\/\/brasilnoticias.org\/site\/\",\"name\":\"Brasil not\u00edcias\",\"description\":\"Brasil not\u00edcias\",\"publisher\":{\"@id\":\"https:\/\/brasilnoticias.org\/site\/#organization\"},\"potentialAction\":[{\"@type\":\"SearchAction\",\"target\":{\"@type\":\"EntryPoint\",\"urlTemplate\":\"https:\/\/brasilnoticias.org\/site\/?s={search_term_string}\"},\"query-input\":{\"@type\":\"PropertyValueSpecification\",\"valueRequired\":true,\"valueName\":\"search_term_string\"}}],\"inLanguage\":\"pt-PT\"},{\"@type\":\"Organization\",\"@id\":\"https:\/\/brasilnoticias.org\/site\/#organization\",\"name\":\"Brasil not\u00edcias\",\"url\":\"https:\/\/brasilnoticias.org\/site\/\",\"logo\":{\"@type\":\"ImageObject\",\"inLanguage\":\"pt-PT\",\"@id\":\"https:\/\/brasilnoticias.org\/site\/#\/schema\/logo\/image\/\",\"url\":\"https:\/\/brasilnoticias.org\/site\/wp-content\/uploads\/2022\/05\/cropped-brasilnoticias-mini.jpg\",\"contentUrl\":\"https:\/\/brasilnoticias.org\/site\/wp-content\/uploads\/2022\/05\/cropped-brasilnoticias-mini.jpg\",\"width\":314,\"height\":86,\"caption\":\"Brasil not\u00edcias\"},\"image\":{\"@id\":\"https:\/\/brasilnoticias.org\/site\/#\/schema\/logo\/image\/\"}},{\"@type\":\"Person\",\"@id\":\"https:\/\/brasilnoticias.org\/site\/#\/schema\/person\/03bbbfe6c7634ad18c26444ea39049fa\",\"name\":\"Reda\u00e7\u00e3o\",\"image\":{\"@type\":\"ImageObject\",\"inLanguage\":\"pt-PT\",\"@id\":\"https:\/\/brasilnoticias.org\/site\/#\/schema\/person\/image\/\",\"url\":\"https:\/\/secure.gravatar.com\/avatar\/9ecaf7327a696cb23ad926fedded5f1f04d7049de9e445375d55b48c001a6e42?s=96&d=mm&r=g\",\"contentUrl\":\"https:\/\/secure.gravatar.com\/avatar\/9ecaf7327a696cb23ad926fedded5f1f04d7049de9e445375d55b48c001a6e42?s=96&d=mm&r=g\",\"caption\":\"Reda\u00e7\u00e3o\"},\"url\":\"https:\/\/brasilnoticias.org\/site\/author\/henrique\/\"}]}<\/script>\n<!-- \/ Yoast SEO plugin. -->","yoast_head_json":{"title":"De virada, Vit\u00f3ria perde para a Chapecoense na despedida da S\u00e9rie B - Brasil not\u00edcias","robots":{"index":"index","follow":"follow","max-snippet":"max-snippet:-1","max-image-preview":"max-image-preview:large","max-video-preview":"max-video-preview:-1"},"canonical":"https:\/\/brasilnoticias.org\/site\/de-virada-vitoria-perde-para-a-chapecoense-na-despedida-da-serie-b\/","og_locale":"pt_PT","og_type":"article","og_title":"De virada, Vit\u00f3ria perde para a Chapecoense na despedida da S\u00e9rie B - Brasil not\u00edcias","og_description":"Welder abriu o placar, mas Marcinho, Kayke e Bruno Naz\u00e1rio viraram para fechar a partida em 3 x 1 na","og_url":"https:\/\/brasilnoticias.org\/site\/de-virada-vitoria-perde-para-a-chapecoense-na-despedida-da-serie-b\/","og_site_name":"Brasil not\u00edcias","article_published_time":"2023-11-25T22:15:24+00:00","og_image":[{"width":1600,"height":752,"url":"https:\/\/brasilnoticias.org\/site\/wp-content\/uploads\/2023\/11\/143550de-virada-vitoria-perde-para-a-chapecoense-na-despedida-da-serie-b-3.jpg","type":"image\/jpeg"}],"author":"Reda\u00e7\u00e3o","twitter_card":"summary_large_image","twitter_misc":{"Escrito por":"Reda\u00e7\u00e3o"},"schema":{"@context":"https:\/\/schema.org","@graph":[{"@type":"Article","@id":"https:\/\/brasilnoticias.org\/site\/de-virada-vitoria-perde-para-a-chapecoense-na-despedida-da-serie-b\/#article","isPartOf":{"@id":"https:\/\/brasilnoticias.org\/site\/de-virada-vitoria-perde-para-a-chapecoense-na-despedida-da-serie-b\/"},"author":{"name":"Reda\u00e7\u00e3o","@id":"https:\/\/brasilnoticias.org\/site\/#\/schema\/person\/03bbbfe6c7634ad18c26444ea39049fa"},"headline":"De virada, Vit\u00f3ria perde para a Chapecoense na despedida da S\u00e9rie B","datePublished":"2023-11-25T22:15:24+00:00","mainEntityOfPage":{"@id":"https:\/\/brasilnoticias.org\/site\/de-virada-vitoria-perde-para-a-chapecoense-na-despedida-da-serie-b\/"},"wordCount":832,"commentCount":0,"publisher":{"@id":"https:\/\/brasilnoticias.org\/site\/#organization"},"image":{"@id":"https:\/\/brasilnoticias.org\/site\/de-virada-vitoria-perde-para-a-chapecoense-na-despedida-da-serie-b\/#primaryimage"},"thumbnailUrl":"https:\/\/brasilnoticias.org\/site\/wp-content\/uploads\/2023\/11\/143550de-virada-vitoria-perde-para-a-chapecoense-na-despedida-da-serie-b-3.jpg","articleSection":["Esporte","\u00daltimas"],"inLanguage":"pt-PT","potentialAction":[{"@type":"CommentAction","name":"Comment","target":["https:\/\/brasilnoticias.org\/site\/de-virada-vitoria-perde-para-a-chapecoense-na-despedida-da-serie-b\/#respond"]}]},{"@type":"WebPage","@id":"https:\/\/brasilnoticias.org\/site\/de-virada-vitoria-perde-para-a-chapecoense-na-despedida-da-serie-b\/","url":"https:\/\/brasilnoticias.org\/site\/de-virada-vitoria-perde-para-a-chapecoense-na-despedida-da-serie-b\/","name":"De virada, Vit\u00f3ria perde para a Chapecoense na despedida da S\u00e9rie B - Brasil not\u00edcias","isPartOf":{"@id":"https:\/\/brasilnoticias.org\/site\/#website"},"primaryImageOfPage":{"@id":"https:\/\/brasilnoticias.org\/site\/de-virada-vitoria-perde-para-a-chapecoense-na-despedida-da-serie-b\/#primaryimage"},"image":{"@id":"https:\/\/brasilnoticias.org\/site\/de-virada-vitoria-perde-para-a-chapecoense-na-despedida-da-serie-b\/#primaryimage"},"thumbnailUrl":"https:\/\/brasilnoticias.org\/site\/wp-content\/uploads\/2023\/11\/143550de-virada-vitoria-perde-para-a-chapecoense-na-despedida-da-serie-b-3.jpg","datePublished":"2023-11-25T22:15:24+00:00","breadcrumb":{"@id":"https:\/\/brasilnoticias.org\/site\/de-virada-vitoria-perde-para-a-chapecoense-na-despedida-da-serie-b\/#breadcrumb"},"inLanguage":"pt-PT","potentialAction":[{"@type":"ReadAction","target":["https:\/\/brasilnoticias.org\/site\/de-virada-vitoria-perde-para-a-chapecoense-na-despedida-da-serie-b\/"]}]},{"@type":"ImageObject","inLanguage":"pt-PT","@id":"https:\/\/brasilnoticias.org\/site\/de-virada-vitoria-perde-para-a-chapecoense-na-despedida-da-serie-b\/#primaryimage","url":"https:\/\/brasilnoticias.org\/site\/wp-content\/uploads\/2023\/11\/143550de-virada-vitoria-perde-para-a-chapecoense-na-despedida-da-serie-b-3.jpg","contentUrl":"https:\/\/brasilnoticias.org\/site\/wp-content\/uploads\/2023\/11\/143550de-virada-vitoria-perde-para-a-chapecoense-na-despedida-da-serie-b-3.jpg","width":1600,"height":752},{"@type":"BreadcrumbList","@id":"https:\/\/brasilnoticias.org\/site\/de-virada-vitoria-perde-para-a-chapecoense-na-despedida-da-serie-b\/#breadcrumb","itemListElement":[{"@type":"ListItem","position":1,"name":"In\u00edcio","item":"https:\/\/brasilnoticias.org\/site\/"},{"@type":"ListItem","position":2,"name":"De virada, Vit\u00f3ria perde para a Chapecoense na despedida da S\u00e9rie B"}]},{"@type":"WebSite","@id":"https:\/\/brasilnoticias.org\/site\/#website","url":"https:\/\/brasilnoticias.org\/site\/","name":"Brasil not\u00edcias","description":"Brasil not\u00edcias","publisher":{"@id":"https:\/\/brasilnoticias.org\/site\/#organization"},"potentialAction":[{"@type":"SearchAction","target":{"@type":"EntryPoint","urlTemplate":"https:\/\/brasilnoticias.org\/site\/?s={search_term_string}"},"query-input":{"@type":"PropertyValueSpecification","valueRequired":true,"valueName":"search_term_string"}}],"inLanguage":"pt-PT"},{"@type":"Organization","@id":"https:\/\/brasilnoticias.org\/site\/#organization","name":"Brasil not\u00edcias","url":"https:\/\/brasilnoticias.org\/site\/","logo":{"@type":"ImageObject","inLanguage":"pt-PT","@id":"https:\/\/brasilnoticias.org\/site\/#\/schema\/logo\/image\/","url":"https:\/\/brasilnoticias.org\/site\/wp-content\/uploads\/2022\/05\/cropped-brasilnoticias-mini.jpg","contentUrl":"https:\/\/brasilnoticias.org\/site\/wp-content\/uploads\/2022\/05\/cropped-brasilnoticias-mini.jpg","width":314,"height":86,"caption":"Brasil not\u00edcias"},"image":{"@id":"https:\/\/brasilnoticias.org\/site\/#\/schema\/logo\/image\/"}},{"@type":"Person","@id":"https:\/\/brasilnoticias.org\/site\/#\/schema\/person\/03bbbfe6c7634ad18c26444ea39049fa","name":"Reda\u00e7\u00e3o","image":{"@type":"ImageObject","inLanguage":"pt-PT","@id":"https:\/\/brasilnoticias.org\/site\/#\/schema\/person\/image\/","url":"https:\/\/secure.gravatar.com\/avatar\/9ecaf7327a696cb23ad926fedded5f1f04d7049de9e445375d55b48c001a6e42?s=96&d=mm&r=g","contentUrl":"https:\/\/secure.gravatar.com\/avatar\/9ecaf7327a696cb23ad926fedded5f1f04d7049de9e445375d55b48c001a6e42?s=96&d=mm&r=g","caption":"Reda\u00e7\u00e3o"},"url":"https:\/\/brasilnoticias.org\/site\/author\/henrique\/"}]}},"_links":{"self":[{"href":"https:\/\/brasilnoticias.org\/site\/wp-json\/wp\/v2\/posts\/11224","targetHints":{"allow":["GET"]}}],"collection":[{"href":"https:\/\/brasilnoticias.org\/site\/wp-json\/wp\/v2\/posts"}],"about":[{"href":"https:\/\/brasilnoticias.org\/site\/wp-json\/wp\/v2\/types\/post"}],"author":[{"embeddable":true,"href":"https:\/\/brasilnoticias.org\/site\/wp-json\/wp\/v2\/users\/4"}],"replies":[{"embeddable":true,"href":"https:\/\/brasilnoticias.org\/site\/wp-json\/wp\/v2\/comments?post=11224"}],"version-history":[{"count":1,"href":"https:\/\/brasilnoticias.org\/site\/wp-json\/wp\/v2\/posts\/11224\/revisions"}],"predecessor-version":[{"id":11226,"href":"https:\/\/brasilnoticias.org\/site\/wp-json\/wp\/v2\/posts\/11224\/revisions\/11226"}],"wp:featuredmedia":[{"embeddable":true,"href":"https:\/\/brasilnoticias.org\/site\/wp-json\/wp\/v2\/media\/11225"}],"wp:attachment":[{"href":"https:\/\/brasilnoticias.org\/site\/wp-json\/wp\/v2\/media?parent=11224"}],"wp:term":[{"taxonomy":"category","embeddable":true,"href":"https:\/\/brasilnoticias.org\/site\/wp-json\/wp\/v2\/categories?post=11224"},{"taxonomy":"post_tag","embeddable":true,"href":"https:\/\/brasilnoticias.org\/site\/wp-json\/wp\/v2\/tags?post=11224"}],"curies":[{"name":"wp","href":"https:\/\/api.w.org\/{rel}","templated":true}]}}