{"id":11239,"date":"2023-11-25T19:21:24","date_gmt":"2023-11-25T22:21:24","guid":{"rendered":"https:\/\/brasilnoticias.org\/site\/?p=11239"},"modified":"2023-11-25T19:21:24","modified_gmt":"2023-11-25T22:21:24","slug":"homens-submetidos-a-trabalho-escravo-sao-resgatados-no-extremo-oeste-da-bahia","status":"publish","type":"post","link":"https:\/\/brasilnoticias.org\/site\/homens-submetidos-a-trabalho-escravo-sao-resgatados-no-extremo-oeste-da-bahia\/","title":{"rendered":"Homens submetidos a trabalho escravo s\u00e3o resgatados no Extremo Oeste da Bahia"},"content":{"rendered":"<p>Cinco deles, em Correntina, trabalhavam dez horas por dia, de segunda a s\u00e1bado, e cinco horas aos domingos, sem descanso semanal remunerado<\/p>\n<p>Durante uma a\u00e7\u00e3o de Inspe\u00e7\u00e3o do Trabalho no Extremo Oeste da Bahia, Auditores-Fiscais do Trabalho resgataram um trabalhador que vivia em condi\u00e7\u00f5es degradantes, com agress\u00f5es frequentes, em uma fazenda que fica no munic\u00edpio de Cocos. Em Correntina, outros cinco trabalhadores em condi\u00e7\u00f5es an\u00e1logas \u00e0 de escravo tamb\u00e9m foram resgatados.<\/p>\n<p>De acordo com o Sindicato dos Auditores Fiscais do Trabalho do Estado da Bahia (SAFITEBA), a opera\u00e7\u00e3o de Combate ao Trabalho em Condi\u00e7\u00f5es An\u00e1logas \u00e0s de Escravo foi deflagrada no dia 6 de novembro, ap\u00f3s a Ger\u00eancia Regional do Trabalho e Emprego de Barreiras (GRTE\/BARREIRAS) tomar conhecimento de que um trabalhador teria sido despido, algemado e espancado por seguran\u00e7as da fazenda em que trabalhava, em Cocos.<\/p>\n<p>A equipe de fiscaliza\u00e7\u00e3o ouviu trabalhadores e encarregados, inspecionou as instala\u00e7\u00f5es e constatou que o funcion\u00e1rio foi agredido com cassetete, algemado e trancado sozinho em uma sala, de onde conseguiu sair ap\u00f3s arrombar a porta.<\/p>\n<p>Segundo o auditor Daniel Santana, o tratamento degradante e agressivo dos seguran\u00e7as contra o trabalhador configura condi\u00e7\u00f5es de trabalho an\u00e1logo ao de escravo. \u201cO fato de um trabalhador ser agredido com golpes de cassetete, ser algemado e trancado remete claramente ao vergonhoso passado do Brasil escravista e mostra o anacronismo atual no pa\u00eds, no qual condutas como estas ainda s\u00e3o realizadas\u201d.<\/p>\n<p>CORRENTINA<\/p>\n<p>Ainda durante as a\u00e7\u00f5es de fiscaliza\u00e7\u00e3o na regi\u00e3o, agentes fiscalizaram outras propriedades denunciadas e identificaram trabalho an\u00e1logo ao de escravo em uma fazenda na cidade de Correntina, onde foram localizados cinco homens em condi\u00e7\u00f5es degradantes e com jornada exaustiva de trabalhando. Um deles era um adolescente de 15 anos.<\/p>\n<p>Eles trabalhavam dez horas por dia, de segunda a s\u00e1bado, e cinco horas aos domingos, sem descanso semanal remunerado. Apenas um dos trabalhadores possu\u00eda registro formal de emprego e nenhum deles recebia os Equipamentos Individuais de Seguran\u00e7a (EPIs) adequados \u00e0 atividade rural.<\/p>\n<p>Em seus depoimentos, os empregados revelaram que n\u00e3o eram fornecidas alimenta\u00e7\u00f5es suficientes e que eles n\u00e3o tinham o acesso a \u00e1gua pot\u00e1vel. Eles tamb\u00e9m afirmaram que, muitas vezes, o caf\u00e9 da manh\u00e3 era apenas em caf\u00e9 preto puro, e quando o empregador trazia p\u00e3o, era duro e mofado. Eles tamb\u00e9m informaram que, v\u00e1rias vezes, precisaram complementar a feira com o pr\u00f3prio dinheiro, e nunca foram ressarcidos pelo patr\u00e3o.<\/p>\n<p>O espa\u00e7o utilizado como alojamento n\u00e3o possu\u00eda veda\u00e7\u00e3o, permitindo a entrada de bichos, como sapos, morcegos e ratos, e com a possibilidade, inclusive, dr acesso de animais pe\u00e7onhentos. Um dos trabalhadores dormia em um colch\u00e3o no ch\u00e3o, e n\u00e3o havia arm\u00e1rios para a guarda de objetos pessoais.<\/p>\n<p>DENUNCIE<\/p>\n<p>As den\u00fancias de condi\u00e7\u00e3o degradante de trabalho ou suspeita de trabalho an\u00e1logo \u00e0 escravid\u00e3o podem ser feitas por meio do Sistema Ip\u00ea.<\/p>\n<p>Foto: Divulga\u00e7\u00e3o\/SAFITEBA<br \/>\nAratu On<\/p>\n","protected":false},"excerpt":{"rendered":"<p>Cinco deles, em Correntina, trabalhavam dez horas por dia, de segunda a s\u00e1bado, e cinco horas aos domingos, sem descanso<\/p>\n","protected":false},"author":4,"featured_media":11240,"comment_status":"open","ping_status":"open","sticky":false,"template":"","format":"standard","meta":{"colormag_page_container_layout":"default_layout","colormag_page_sidebar_layout":"default_layout","_FSMCFIC_featured_image_caption":"","_FSMCFIC_featured_image_nocaption":"","_FSMCFIC_featured_image_hide":"","footnotes":""},"categories":[2,1],"tags":[],"class_list":["post-11239","post","type-post","status-publish","format-standard","has-post-thumbnail","hentry","category-noticias","category-ultimas"],"yoast_head":"<!-- This site is optimized with the Yoast SEO plugin v27.1.1 - https:\/\/yoast.com\/product\/yoast-seo-wordpress\/ -->\n<title>Homens submetidos a trabalho escravo s\u00e3o resgatados no Extremo Oeste da Bahia - Brasil not\u00edcias<\/title>\n<meta name=\"robots\" content=\"index, follow, max-snippet:-1, max-image-preview:large, max-video-preview:-1\" \/>\n<link rel=\"canonical\" href=\"https:\/\/brasilnoticias.org\/site\/homens-submetidos-a-trabalho-escravo-sao-resgatados-no-extremo-oeste-da-bahia\/\" \/>\n<meta property=\"og:locale\" content=\"pt_PT\" \/>\n<meta property=\"og:type\" content=\"article\" \/>\n<meta property=\"og:title\" content=\"Homens submetidos a trabalho escravo s\u00e3o resgatados no Extremo Oeste da Bahia - Brasil not\u00edcias\" \/>\n<meta property=\"og:description\" content=\"Cinco deles, em Correntina, trabalhavam dez horas por dia, de segunda a s\u00e1bado, e cinco horas aos domingos, sem descanso\" \/>\n<meta property=\"og:url\" content=\"https:\/\/brasilnoticias.org\/site\/homens-submetidos-a-trabalho-escravo-sao-resgatados-no-extremo-oeste-da-bahia\/\" \/>\n<meta property=\"og:site_name\" content=\"Brasil not\u00edcias\" \/>\n<meta property=\"article:published_time\" content=\"2023-11-25T22:21:24+00:00\" \/>\n<meta property=\"og:image\" content=\"https:\/\/brasilnoticias.org\/site\/wp-content\/uploads\/2023\/11\/escravidao.jpg\" \/>\n\t<meta property=\"og:image:width\" content=\"740\" \/>\n\t<meta property=\"og:image:height\" content=\"470\" \/>\n\t<meta property=\"og:image:type\" content=\"image\/jpeg\" \/>\n<meta name=\"author\" content=\"Reda\u00e7\u00e3o\" \/>\n<meta name=\"twitter:card\" content=\"summary_large_image\" \/>\n<meta name=\"twitter:label1\" content=\"Escrito por\" \/>\n\t<meta name=\"twitter:data1\" content=\"Reda\u00e7\u00e3o\" \/>\n<script type=\"application\/ld+json\" class=\"yoast-schema-graph\">{\"@context\":\"https:\/\/schema.org\",\"@graph\":[{\"@type\":\"Article\",\"@id\":\"https:\/\/brasilnoticias.org\/site\/homens-submetidos-a-trabalho-escravo-sao-resgatados-no-extremo-oeste-da-bahia\/#article\",\"isPartOf\":{\"@id\":\"https:\/\/brasilnoticias.org\/site\/homens-submetidos-a-trabalho-escravo-sao-resgatados-no-extremo-oeste-da-bahia\/\"},\"author\":{\"name\":\"Reda\u00e7\u00e3o\",\"@id\":\"https:\/\/brasilnoticias.org\/site\/#\/schema\/person\/03bbbfe6c7634ad18c26444ea39049fa\"},\"headline\":\"Homens submetidos a trabalho escravo s\u00e3o resgatados no Extremo Oeste da Bahia\",\"datePublished\":\"2023-11-25T22:21:24+00:00\",\"mainEntityOfPage\":{\"@id\":\"https:\/\/brasilnoticias.org\/site\/homens-submetidos-a-trabalho-escravo-sao-resgatados-no-extremo-oeste-da-bahia\/\"},\"wordCount\":533,\"commentCount\":0,\"publisher\":{\"@id\":\"https:\/\/brasilnoticias.org\/site\/#organization\"},\"image\":{\"@id\":\"https:\/\/brasilnoticias.org\/site\/homens-submetidos-a-trabalho-escravo-sao-resgatados-no-extremo-oeste-da-bahia\/#primaryimage\"},\"thumbnailUrl\":\"https:\/\/brasilnoticias.org\/site\/wp-content\/uploads\/2023\/11\/escravidao.jpg\",\"articleSection\":[\"Not\u00edcias\",\"\u00daltimas\"],\"inLanguage\":\"pt-PT\",\"potentialAction\":[{\"@type\":\"CommentAction\",\"name\":\"Comment\",\"target\":[\"https:\/\/brasilnoticias.org\/site\/homens-submetidos-a-trabalho-escravo-sao-resgatados-no-extremo-oeste-da-bahia\/#respond\"]}]},{\"@type\":\"WebPage\",\"@id\":\"https:\/\/brasilnoticias.org\/site\/homens-submetidos-a-trabalho-escravo-sao-resgatados-no-extremo-oeste-da-bahia\/\",\"url\":\"https:\/\/brasilnoticias.org\/site\/homens-submetidos-a-trabalho-escravo-sao-resgatados-no-extremo-oeste-da-bahia\/\",\"name\":\"Homens submetidos a trabalho escravo s\u00e3o resgatados no Extremo Oeste da Bahia - Brasil not\u00edcias\",\"isPartOf\":{\"@id\":\"https:\/\/brasilnoticias.org\/site\/#website\"},\"primaryImageOfPage\":{\"@id\":\"https:\/\/brasilnoticias.org\/site\/homens-submetidos-a-trabalho-escravo-sao-resgatados-no-extremo-oeste-da-bahia\/#primaryimage\"},\"image\":{\"@id\":\"https:\/\/brasilnoticias.org\/site\/homens-submetidos-a-trabalho-escravo-sao-resgatados-no-extremo-oeste-da-bahia\/#primaryimage\"},\"thumbnailUrl\":\"https:\/\/brasilnoticias.org\/site\/wp-content\/uploads\/2023\/11\/escravidao.jpg\",\"datePublished\":\"2023-11-25T22:21:24+00:00\",\"breadcrumb\":{\"@id\":\"https:\/\/brasilnoticias.org\/site\/homens-submetidos-a-trabalho-escravo-sao-resgatados-no-extremo-oeste-da-bahia\/#breadcrumb\"},\"inLanguage\":\"pt-PT\",\"potentialAction\":[{\"@type\":\"ReadAction\",\"target\":[\"https:\/\/brasilnoticias.org\/site\/homens-submetidos-a-trabalho-escravo-sao-resgatados-no-extremo-oeste-da-bahia\/\"]}]},{\"@type\":\"ImageObject\",\"inLanguage\":\"pt-PT\",\"@id\":\"https:\/\/brasilnoticias.org\/site\/homens-submetidos-a-trabalho-escravo-sao-resgatados-no-extremo-oeste-da-bahia\/#primaryimage\",\"url\":\"https:\/\/brasilnoticias.org\/site\/wp-content\/uploads\/2023\/11\/escravidao.jpg\",\"contentUrl\":\"https:\/\/brasilnoticias.org\/site\/wp-content\/uploads\/2023\/11\/escravidao.jpg\",\"width\":740,\"height\":470},{\"@type\":\"BreadcrumbList\",\"@id\":\"https:\/\/brasilnoticias.org\/site\/homens-submetidos-a-trabalho-escravo-sao-resgatados-no-extremo-oeste-da-bahia\/#breadcrumb\",\"itemListElement\":[{\"@type\":\"ListItem\",\"position\":1,\"name\":\"In\u00edcio\",\"item\":\"https:\/\/brasilnoticias.org\/site\/\"},{\"@type\":\"ListItem\",\"position\":2,\"name\":\"Homens submetidos a trabalho escravo s\u00e3o resgatados no Extremo Oeste da Bahia\"}]},{\"@type\":\"WebSite\",\"@id\":\"https:\/\/brasilnoticias.org\/site\/#website\",\"url\":\"https:\/\/brasilnoticias.org\/site\/\",\"name\":\"Brasil not\u00edcias\",\"description\":\"Brasil not\u00edcias\",\"publisher\":{\"@id\":\"https:\/\/brasilnoticias.org\/site\/#organization\"},\"potentialAction\":[{\"@type\":\"SearchAction\",\"target\":{\"@type\":\"EntryPoint\",\"urlTemplate\":\"https:\/\/brasilnoticias.org\/site\/?s={search_term_string}\"},\"query-input\":{\"@type\":\"PropertyValueSpecification\",\"valueRequired\":true,\"valueName\":\"search_term_string\"}}],\"inLanguage\":\"pt-PT\"},{\"@type\":\"Organization\",\"@id\":\"https:\/\/brasilnoticias.org\/site\/#organization\",\"name\":\"Brasil not\u00edcias\",\"url\":\"https:\/\/brasilnoticias.org\/site\/\",\"logo\":{\"@type\":\"ImageObject\",\"inLanguage\":\"pt-PT\",\"@id\":\"https:\/\/brasilnoticias.org\/site\/#\/schema\/logo\/image\/\",\"url\":\"https:\/\/brasilnoticias.org\/site\/wp-content\/uploads\/2022\/05\/cropped-brasilnoticias-mini.jpg\",\"contentUrl\":\"https:\/\/brasilnoticias.org\/site\/wp-content\/uploads\/2022\/05\/cropped-brasilnoticias-mini.jpg\",\"width\":314,\"height\":86,\"caption\":\"Brasil not\u00edcias\"},\"image\":{\"@id\":\"https:\/\/brasilnoticias.org\/site\/#\/schema\/logo\/image\/\"}},{\"@type\":\"Person\",\"@id\":\"https:\/\/brasilnoticias.org\/site\/#\/schema\/person\/03bbbfe6c7634ad18c26444ea39049fa\",\"name\":\"Reda\u00e7\u00e3o\",\"image\":{\"@type\":\"ImageObject\",\"inLanguage\":\"pt-PT\",\"@id\":\"https:\/\/brasilnoticias.org\/site\/#\/schema\/person\/image\/\",\"url\":\"https:\/\/secure.gravatar.com\/avatar\/9ecaf7327a696cb23ad926fedded5f1f04d7049de9e445375d55b48c001a6e42?s=96&d=mm&r=g\",\"contentUrl\":\"https:\/\/secure.gravatar.com\/avatar\/9ecaf7327a696cb23ad926fedded5f1f04d7049de9e445375d55b48c001a6e42?s=96&d=mm&r=g\",\"caption\":\"Reda\u00e7\u00e3o\"},\"url\":\"https:\/\/brasilnoticias.org\/site\/author\/henrique\/\"}]}<\/script>\n<!-- \/ Yoast SEO plugin. -->","yoast_head_json":{"title":"Homens submetidos a trabalho escravo s\u00e3o resgatados no Extremo Oeste da Bahia - Brasil not\u00edcias","robots":{"index":"index","follow":"follow","max-snippet":"max-snippet:-1","max-image-preview":"max-image-preview:large","max-video-preview":"max-video-preview:-1"},"canonical":"https:\/\/brasilnoticias.org\/site\/homens-submetidos-a-trabalho-escravo-sao-resgatados-no-extremo-oeste-da-bahia\/","og_locale":"pt_PT","og_type":"article","og_title":"Homens submetidos a trabalho escravo s\u00e3o resgatados no Extremo Oeste da Bahia - Brasil not\u00edcias","og_description":"Cinco deles, em Correntina, trabalhavam dez horas por dia, de segunda a s\u00e1bado, e cinco horas aos domingos, sem descanso","og_url":"https:\/\/brasilnoticias.org\/site\/homens-submetidos-a-trabalho-escravo-sao-resgatados-no-extremo-oeste-da-bahia\/","og_site_name":"Brasil not\u00edcias","article_published_time":"2023-11-25T22:21:24+00:00","og_image":[{"width":740,"height":470,"url":"https:\/\/brasilnoticias.org\/site\/wp-content\/uploads\/2023\/11\/escravidao.jpg","type":"image\/jpeg"}],"author":"Reda\u00e7\u00e3o","twitter_card":"summary_large_image","twitter_misc":{"Escrito por":"Reda\u00e7\u00e3o"},"schema":{"@context":"https:\/\/schema.org","@graph":[{"@type":"Article","@id":"https:\/\/brasilnoticias.org\/site\/homens-submetidos-a-trabalho-escravo-sao-resgatados-no-extremo-oeste-da-bahia\/#article","isPartOf":{"@id":"https:\/\/brasilnoticias.org\/site\/homens-submetidos-a-trabalho-escravo-sao-resgatados-no-extremo-oeste-da-bahia\/"},"author":{"name":"Reda\u00e7\u00e3o","@id":"https:\/\/brasilnoticias.org\/site\/#\/schema\/person\/03bbbfe6c7634ad18c26444ea39049fa"},"headline":"Homens submetidos a trabalho escravo s\u00e3o resgatados no Extremo Oeste da Bahia","datePublished":"2023-11-25T22:21:24+00:00","mainEntityOfPage":{"@id":"https:\/\/brasilnoticias.org\/site\/homens-submetidos-a-trabalho-escravo-sao-resgatados-no-extremo-oeste-da-bahia\/"},"wordCount":533,"commentCount":0,"publisher":{"@id":"https:\/\/brasilnoticias.org\/site\/#organization"},"image":{"@id":"https:\/\/brasilnoticias.org\/site\/homens-submetidos-a-trabalho-escravo-sao-resgatados-no-extremo-oeste-da-bahia\/#primaryimage"},"thumbnailUrl":"https:\/\/brasilnoticias.org\/site\/wp-content\/uploads\/2023\/11\/escravidao.jpg","articleSection":["Not\u00edcias","\u00daltimas"],"inLanguage":"pt-PT","potentialAction":[{"@type":"CommentAction","name":"Comment","target":["https:\/\/brasilnoticias.org\/site\/homens-submetidos-a-trabalho-escravo-sao-resgatados-no-extremo-oeste-da-bahia\/#respond"]}]},{"@type":"WebPage","@id":"https:\/\/brasilnoticias.org\/site\/homens-submetidos-a-trabalho-escravo-sao-resgatados-no-extremo-oeste-da-bahia\/","url":"https:\/\/brasilnoticias.org\/site\/homens-submetidos-a-trabalho-escravo-sao-resgatados-no-extremo-oeste-da-bahia\/","name":"Homens submetidos a trabalho escravo s\u00e3o resgatados no Extremo Oeste da Bahia - Brasil not\u00edcias","isPartOf":{"@id":"https:\/\/brasilnoticias.org\/site\/#website"},"primaryImageOfPage":{"@id":"https:\/\/brasilnoticias.org\/site\/homens-submetidos-a-trabalho-escravo-sao-resgatados-no-extremo-oeste-da-bahia\/#primaryimage"},"image":{"@id":"https:\/\/brasilnoticias.org\/site\/homens-submetidos-a-trabalho-escravo-sao-resgatados-no-extremo-oeste-da-bahia\/#primaryimage"},"thumbnailUrl":"https:\/\/brasilnoticias.org\/site\/wp-content\/uploads\/2023\/11\/escravidao.jpg","datePublished":"2023-11-25T22:21:24+00:00","breadcrumb":{"@id":"https:\/\/brasilnoticias.org\/site\/homens-submetidos-a-trabalho-escravo-sao-resgatados-no-extremo-oeste-da-bahia\/#breadcrumb"},"inLanguage":"pt-PT","potentialAction":[{"@type":"ReadAction","target":["https:\/\/brasilnoticias.org\/site\/homens-submetidos-a-trabalho-escravo-sao-resgatados-no-extremo-oeste-da-bahia\/"]}]},{"@type":"ImageObject","inLanguage":"pt-PT","@id":"https:\/\/brasilnoticias.org\/site\/homens-submetidos-a-trabalho-escravo-sao-resgatados-no-extremo-oeste-da-bahia\/#primaryimage","url":"https:\/\/brasilnoticias.org\/site\/wp-content\/uploads\/2023\/11\/escravidao.jpg","contentUrl":"https:\/\/brasilnoticias.org\/site\/wp-content\/uploads\/2023\/11\/escravidao.jpg","width":740,"height":470},{"@type":"BreadcrumbList","@id":"https:\/\/brasilnoticias.org\/site\/homens-submetidos-a-trabalho-escravo-sao-resgatados-no-extremo-oeste-da-bahia\/#breadcrumb","itemListElement":[{"@type":"ListItem","position":1,"name":"In\u00edcio","item":"https:\/\/brasilnoticias.org\/site\/"},{"@type":"ListItem","position":2,"name":"Homens submetidos a trabalho escravo s\u00e3o resgatados no Extremo Oeste da Bahia"}]},{"@type":"WebSite","@id":"https:\/\/brasilnoticias.org\/site\/#website","url":"https:\/\/brasilnoticias.org\/site\/","name":"Brasil not\u00edcias","description":"Brasil not\u00edcias","publisher":{"@id":"https:\/\/brasilnoticias.org\/site\/#organization"},"potentialAction":[{"@type":"SearchAction","target":{"@type":"EntryPoint","urlTemplate":"https:\/\/brasilnoticias.org\/site\/?s={search_term_string}"},"query-input":{"@type":"PropertyValueSpecification","valueRequired":true,"valueName":"search_term_string"}}],"inLanguage":"pt-PT"},{"@type":"Organization","@id":"https:\/\/brasilnoticias.org\/site\/#organization","name":"Brasil not\u00edcias","url":"https:\/\/brasilnoticias.org\/site\/","logo":{"@type":"ImageObject","inLanguage":"pt-PT","@id":"https:\/\/brasilnoticias.org\/site\/#\/schema\/logo\/image\/","url":"https:\/\/brasilnoticias.org\/site\/wp-content\/uploads\/2022\/05\/cropped-brasilnoticias-mini.jpg","contentUrl":"https:\/\/brasilnoticias.org\/site\/wp-content\/uploads\/2022\/05\/cropped-brasilnoticias-mini.jpg","width":314,"height":86,"caption":"Brasil not\u00edcias"},"image":{"@id":"https:\/\/brasilnoticias.org\/site\/#\/schema\/logo\/image\/"}},{"@type":"Person","@id":"https:\/\/brasilnoticias.org\/site\/#\/schema\/person\/03bbbfe6c7634ad18c26444ea39049fa","name":"Reda\u00e7\u00e3o","image":{"@type":"ImageObject","inLanguage":"pt-PT","@id":"https:\/\/brasilnoticias.org\/site\/#\/schema\/person\/image\/","url":"https:\/\/secure.gravatar.com\/avatar\/9ecaf7327a696cb23ad926fedded5f1f04d7049de9e445375d55b48c001a6e42?s=96&d=mm&r=g","contentUrl":"https:\/\/secure.gravatar.com\/avatar\/9ecaf7327a696cb23ad926fedded5f1f04d7049de9e445375d55b48c001a6e42?s=96&d=mm&r=g","caption":"Reda\u00e7\u00e3o"},"url":"https:\/\/brasilnoticias.org\/site\/author\/henrique\/"}]}},"_links":{"self":[{"href":"https:\/\/brasilnoticias.org\/site\/wp-json\/wp\/v2\/posts\/11239","targetHints":{"allow":["GET"]}}],"collection":[{"href":"https:\/\/brasilnoticias.org\/site\/wp-json\/wp\/v2\/posts"}],"about":[{"href":"https:\/\/brasilnoticias.org\/site\/wp-json\/wp\/v2\/types\/post"}],"author":[{"embeddable":true,"href":"https:\/\/brasilnoticias.org\/site\/wp-json\/wp\/v2\/users\/4"}],"replies":[{"embeddable":true,"href":"https:\/\/brasilnoticias.org\/site\/wp-json\/wp\/v2\/comments?post=11239"}],"version-history":[{"count":1,"href":"https:\/\/brasilnoticias.org\/site\/wp-json\/wp\/v2\/posts\/11239\/revisions"}],"predecessor-version":[{"id":11241,"href":"https:\/\/brasilnoticias.org\/site\/wp-json\/wp\/v2\/posts\/11239\/revisions\/11241"}],"wp:featuredmedia":[{"embeddable":true,"href":"https:\/\/brasilnoticias.org\/site\/wp-json\/wp\/v2\/media\/11240"}],"wp:attachment":[{"href":"https:\/\/brasilnoticias.org\/site\/wp-json\/wp\/v2\/media?parent=11239"}],"wp:term":[{"taxonomy":"category","embeddable":true,"href":"https:\/\/brasilnoticias.org\/site\/wp-json\/wp\/v2\/categories?post=11239"},{"taxonomy":"post_tag","embeddable":true,"href":"https:\/\/brasilnoticias.org\/site\/wp-json\/wp\/v2\/tags?post=11239"}],"curies":[{"name":"wp","href":"https:\/\/api.w.org\/{rel}","templated":true}]}}