{"id":11242,"date":"2023-11-25T19:22:26","date_gmt":"2023-11-25T22:22:26","guid":{"rendered":"https:\/\/brasilnoticias.org\/site\/?p=11242"},"modified":"2023-11-25T19:22:26","modified_gmt":"2023-11-25T22:22:26","slug":"policia-militar-flagra-homem-com-drogas-em-vitoria-da-conquista","status":"publish","type":"post","link":"https:\/\/brasilnoticias.org\/site\/policia-militar-flagra-homem-com-drogas-em-vitoria-da-conquista\/","title":{"rendered":"Pol\u00edcia Militar flagra homem com drogas em Vit\u00f3ria da Conquista"},"content":{"rendered":"<p>Com o suspeito foram apreendidos quase 150g de maconha e mais de 45g de coca\u00edna<\/p>\n<p>Policiais militares da Companhia Independente de Policiamento Especializado (Cipe) apreenderam um homem na noite desta sexta-feira (24\/11) portando drogas no bairro Henriqueta Prates, em Vit\u00f3ria da Conquista. Com o suspeito foram encontradas quase 150g de maconha, mais de 45g de coca\u00edna, uma balan\u00e7a de precis\u00e3o, um coldre e materiais comumente utilizados para o fracionamento e comercializa\u00e7\u00e3o de entorpecentes.<\/p>\n<p>A a\u00e7\u00e3o aconteceu durante intensifica\u00e7\u00e3o do policiamento na regi\u00e3o, ap\u00f3s os agentes receberem uma den\u00fancia de que havia um homem comercializando drogas na Rua L. O suspeito foi abordado, imediatamente preso e todo o material foi apreendido para o registro da ocorr\u00eancia.<\/p>\n<p>Foto: divulga\u00e7\u00e3o\/Cipe Sudoeste<br \/>\nAratu On<\/p>\n","protected":false},"excerpt":{"rendered":"<p>Com o suspeito foram apreendidos quase 150g de maconha e mais de 45g de coca\u00edna Policiais militares da Companhia Independente<\/p>\n","protected":false},"author":4,"featured_media":11243,"comment_status":"open","ping_status":"open","sticky":false,"template":"","format":"standard","meta":{"colormag_page_container_layout":"default_layout","colormag_page_sidebar_layout":"default_layout","_FSMCFIC_featured_image_caption":"","_FSMCFIC_featured_image_nocaption":"","_FSMCFIC_featured_image_hide":"","footnotes":""},"categories":[3,1],"tags":[],"class_list":["post-11242","post","type-post","status-publish","format-standard","has-post-thumbnail","hentry","category-policia","category-ultimas"],"yoast_head":"<!-- This site is optimized with the Yoast SEO plugin v27.1.1 - https:\/\/yoast.com\/product\/yoast-seo-wordpress\/ -->\n<title>Pol\u00edcia Militar flagra homem com drogas em Vit\u00f3ria da Conquista - Brasil not\u00edcias<\/title>\n<meta name=\"robots\" content=\"index, follow, max-snippet:-1, max-image-preview:large, max-video-preview:-1\" \/>\n<link rel=\"canonical\" href=\"https:\/\/brasilnoticias.org\/site\/policia-militar-flagra-homem-com-drogas-em-vitoria-da-conquista\/\" \/>\n<meta property=\"og:locale\" content=\"pt_PT\" \/>\n<meta property=\"og:type\" content=\"article\" \/>\n<meta property=\"og:title\" content=\"Pol\u00edcia Militar flagra homem com drogas em Vit\u00f3ria da Conquista - Brasil not\u00edcias\" \/>\n<meta property=\"og:description\" content=\"Com o suspeito foram apreendidos quase 150g de maconha e mais de 45g de coca\u00edna Policiais militares da Companhia Independente\" \/>\n<meta property=\"og:url\" content=\"https:\/\/brasilnoticias.org\/site\/policia-militar-flagra-homem-com-drogas-em-vitoria-da-conquista\/\" \/>\n<meta property=\"og:site_name\" content=\"Brasil not\u00edcias\" \/>\n<meta property=\"article:published_time\" content=\"2023-11-25T22:22:26+00:00\" \/>\n<meta property=\"og:image\" content=\"https:\/\/brasilnoticias.org\/site\/wp-content\/uploads\/2023\/11\/imagem-destacada-desafio-cipe-sudoeste-acontece-em-conquista-veja-como-se-inscre-740x470-1.jpg\" \/>\n\t<meta property=\"og:image:width\" content=\"740\" \/>\n\t<meta property=\"og:image:height\" content=\"470\" \/>\n\t<meta property=\"og:image:type\" content=\"image\/jpeg\" \/>\n<meta name=\"author\" content=\"Reda\u00e7\u00e3o\" \/>\n<meta name=\"twitter:card\" content=\"summary_large_image\" \/>\n<meta name=\"twitter:label1\" content=\"Escrito por\" \/>\n\t<meta name=\"twitter:data1\" content=\"Reda\u00e7\u00e3o\" \/>\n<script type=\"application\/ld+json\" class=\"yoast-schema-graph\">{\"@context\":\"https:\/\/schema.org\",\"@graph\":[{\"@type\":\"Article\",\"@id\":\"https:\/\/brasilnoticias.org\/site\/policia-militar-flagra-homem-com-drogas-em-vitoria-da-conquista\/#article\",\"isPartOf\":{\"@id\":\"https:\/\/brasilnoticias.org\/site\/policia-militar-flagra-homem-com-drogas-em-vitoria-da-conquista\/\"},\"author\":{\"name\":\"Reda\u00e7\u00e3o\",\"@id\":\"https:\/\/brasilnoticias.org\/site\/#\/schema\/person\/03bbbfe6c7634ad18c26444ea39049fa\"},\"headline\":\"Pol\u00edcia Militar flagra homem com drogas em Vit\u00f3ria da Conquista\",\"datePublished\":\"2023-11-25T22:22:26+00:00\",\"mainEntityOfPage\":{\"@id\":\"https:\/\/brasilnoticias.org\/site\/policia-militar-flagra-homem-com-drogas-em-vitoria-da-conquista\/\"},\"wordCount\":145,\"commentCount\":0,\"publisher\":{\"@id\":\"https:\/\/brasilnoticias.org\/site\/#organization\"},\"image\":{\"@id\":\"https:\/\/brasilnoticias.org\/site\/policia-militar-flagra-homem-com-drogas-em-vitoria-da-conquista\/#primaryimage\"},\"thumbnailUrl\":\"https:\/\/brasilnoticias.org\/site\/wp-content\/uploads\/2023\/11\/imagem-destacada-desafio-cipe-sudoeste-acontece-em-conquista-veja-como-se-inscre-740x470-1.jpg\",\"articleSection\":[\"Pol\u00edcia\",\"\u00daltimas\"],\"inLanguage\":\"pt-PT\",\"potentialAction\":[{\"@type\":\"CommentAction\",\"name\":\"Comment\",\"target\":[\"https:\/\/brasilnoticias.org\/site\/policia-militar-flagra-homem-com-drogas-em-vitoria-da-conquista\/#respond\"]}]},{\"@type\":\"WebPage\",\"@id\":\"https:\/\/brasilnoticias.org\/site\/policia-militar-flagra-homem-com-drogas-em-vitoria-da-conquista\/\",\"url\":\"https:\/\/brasilnoticias.org\/site\/policia-militar-flagra-homem-com-drogas-em-vitoria-da-conquista\/\",\"name\":\"Pol\u00edcia Militar flagra homem com drogas em Vit\u00f3ria da Conquista - Brasil not\u00edcias\",\"isPartOf\":{\"@id\":\"https:\/\/brasilnoticias.org\/site\/#website\"},\"primaryImageOfPage\":{\"@id\":\"https:\/\/brasilnoticias.org\/site\/policia-militar-flagra-homem-com-drogas-em-vitoria-da-conquista\/#primaryimage\"},\"image\":{\"@id\":\"https:\/\/brasilnoticias.org\/site\/policia-militar-flagra-homem-com-drogas-em-vitoria-da-conquista\/#primaryimage\"},\"thumbnailUrl\":\"https:\/\/brasilnoticias.org\/site\/wp-content\/uploads\/2023\/11\/imagem-destacada-desafio-cipe-sudoeste-acontece-em-conquista-veja-como-se-inscre-740x470-1.jpg\",\"datePublished\":\"2023-11-25T22:22:26+00:00\",\"breadcrumb\":{\"@id\":\"https:\/\/brasilnoticias.org\/site\/policia-militar-flagra-homem-com-drogas-em-vitoria-da-conquista\/#breadcrumb\"},\"inLanguage\":\"pt-PT\",\"potentialAction\":[{\"@type\":\"ReadAction\",\"target\":[\"https:\/\/brasilnoticias.org\/site\/policia-militar-flagra-homem-com-drogas-em-vitoria-da-conquista\/\"]}]},{\"@type\":\"ImageObject\",\"inLanguage\":\"pt-PT\",\"@id\":\"https:\/\/brasilnoticias.org\/site\/policia-militar-flagra-homem-com-drogas-em-vitoria-da-conquista\/#primaryimage\",\"url\":\"https:\/\/brasilnoticias.org\/site\/wp-content\/uploads\/2023\/11\/imagem-destacada-desafio-cipe-sudoeste-acontece-em-conquista-veja-como-se-inscre-740x470-1.jpg\",\"contentUrl\":\"https:\/\/brasilnoticias.org\/site\/wp-content\/uploads\/2023\/11\/imagem-destacada-desafio-cipe-sudoeste-acontece-em-conquista-veja-como-se-inscre-740x470-1.jpg\",\"width\":740,\"height\":470},{\"@type\":\"BreadcrumbList\",\"@id\":\"https:\/\/brasilnoticias.org\/site\/policia-militar-flagra-homem-com-drogas-em-vitoria-da-conquista\/#breadcrumb\",\"itemListElement\":[{\"@type\":\"ListItem\",\"position\":1,\"name\":\"In\u00edcio\",\"item\":\"https:\/\/brasilnoticias.org\/site\/\"},{\"@type\":\"ListItem\",\"position\":2,\"name\":\"Pol\u00edcia Militar flagra homem com drogas em Vit\u00f3ria da Conquista\"}]},{\"@type\":\"WebSite\",\"@id\":\"https:\/\/brasilnoticias.org\/site\/#website\",\"url\":\"https:\/\/brasilnoticias.org\/site\/\",\"name\":\"Brasil not\u00edcias\",\"description\":\"Brasil not\u00edcias\",\"publisher\":{\"@id\":\"https:\/\/brasilnoticias.org\/site\/#organization\"},\"potentialAction\":[{\"@type\":\"SearchAction\",\"target\":{\"@type\":\"EntryPoint\",\"urlTemplate\":\"https:\/\/brasilnoticias.org\/site\/?s={search_term_string}\"},\"query-input\":{\"@type\":\"PropertyValueSpecification\",\"valueRequired\":true,\"valueName\":\"search_term_string\"}}],\"inLanguage\":\"pt-PT\"},{\"@type\":\"Organization\",\"@id\":\"https:\/\/brasilnoticias.org\/site\/#organization\",\"name\":\"Brasil not\u00edcias\",\"url\":\"https:\/\/brasilnoticias.org\/site\/\",\"logo\":{\"@type\":\"ImageObject\",\"inLanguage\":\"pt-PT\",\"@id\":\"https:\/\/brasilnoticias.org\/site\/#\/schema\/logo\/image\/\",\"url\":\"https:\/\/brasilnoticias.org\/site\/wp-content\/uploads\/2022\/05\/cropped-brasilnoticias-mini.jpg\",\"contentUrl\":\"https:\/\/brasilnoticias.org\/site\/wp-content\/uploads\/2022\/05\/cropped-brasilnoticias-mini.jpg\",\"width\":314,\"height\":86,\"caption\":\"Brasil not\u00edcias\"},\"image\":{\"@id\":\"https:\/\/brasilnoticias.org\/site\/#\/schema\/logo\/image\/\"}},{\"@type\":\"Person\",\"@id\":\"https:\/\/brasilnoticias.org\/site\/#\/schema\/person\/03bbbfe6c7634ad18c26444ea39049fa\",\"name\":\"Reda\u00e7\u00e3o\",\"image\":{\"@type\":\"ImageObject\",\"inLanguage\":\"pt-PT\",\"@id\":\"https:\/\/brasilnoticias.org\/site\/#\/schema\/person\/image\/\",\"url\":\"https:\/\/secure.gravatar.com\/avatar\/9ecaf7327a696cb23ad926fedded5f1f04d7049de9e445375d55b48c001a6e42?s=96&d=mm&r=g\",\"contentUrl\":\"https:\/\/secure.gravatar.com\/avatar\/9ecaf7327a696cb23ad926fedded5f1f04d7049de9e445375d55b48c001a6e42?s=96&d=mm&r=g\",\"caption\":\"Reda\u00e7\u00e3o\"},\"url\":\"https:\/\/brasilnoticias.org\/site\/author\/henrique\/\"}]}<\/script>\n<!-- \/ Yoast SEO plugin. -->","yoast_head_json":{"title":"Pol\u00edcia Militar flagra homem com drogas em Vit\u00f3ria da Conquista - Brasil not\u00edcias","robots":{"index":"index","follow":"follow","max-snippet":"max-snippet:-1","max-image-preview":"max-image-preview:large","max-video-preview":"max-video-preview:-1"},"canonical":"https:\/\/brasilnoticias.org\/site\/policia-militar-flagra-homem-com-drogas-em-vitoria-da-conquista\/","og_locale":"pt_PT","og_type":"article","og_title":"Pol\u00edcia Militar flagra homem com drogas em Vit\u00f3ria da Conquista - Brasil not\u00edcias","og_description":"Com o suspeito foram apreendidos quase 150g de maconha e mais de 45g de coca\u00edna Policiais militares da Companhia Independente","og_url":"https:\/\/brasilnoticias.org\/site\/policia-militar-flagra-homem-com-drogas-em-vitoria-da-conquista\/","og_site_name":"Brasil not\u00edcias","article_published_time":"2023-11-25T22:22:26+00:00","og_image":[{"width":740,"height":470,"url":"https:\/\/brasilnoticias.org\/site\/wp-content\/uploads\/2023\/11\/imagem-destacada-desafio-cipe-sudoeste-acontece-em-conquista-veja-como-se-inscre-740x470-1.jpg","type":"image\/jpeg"}],"author":"Reda\u00e7\u00e3o","twitter_card":"summary_large_image","twitter_misc":{"Escrito por":"Reda\u00e7\u00e3o"},"schema":{"@context":"https:\/\/schema.org","@graph":[{"@type":"Article","@id":"https:\/\/brasilnoticias.org\/site\/policia-militar-flagra-homem-com-drogas-em-vitoria-da-conquista\/#article","isPartOf":{"@id":"https:\/\/brasilnoticias.org\/site\/policia-militar-flagra-homem-com-drogas-em-vitoria-da-conquista\/"},"author":{"name":"Reda\u00e7\u00e3o","@id":"https:\/\/brasilnoticias.org\/site\/#\/schema\/person\/03bbbfe6c7634ad18c26444ea39049fa"},"headline":"Pol\u00edcia Militar flagra homem com drogas em Vit\u00f3ria da Conquista","datePublished":"2023-11-25T22:22:26+00:00","mainEntityOfPage":{"@id":"https:\/\/brasilnoticias.org\/site\/policia-militar-flagra-homem-com-drogas-em-vitoria-da-conquista\/"},"wordCount":145,"commentCount":0,"publisher":{"@id":"https:\/\/brasilnoticias.org\/site\/#organization"},"image":{"@id":"https:\/\/brasilnoticias.org\/site\/policia-militar-flagra-homem-com-drogas-em-vitoria-da-conquista\/#primaryimage"},"thumbnailUrl":"https:\/\/brasilnoticias.org\/site\/wp-content\/uploads\/2023\/11\/imagem-destacada-desafio-cipe-sudoeste-acontece-em-conquista-veja-como-se-inscre-740x470-1.jpg","articleSection":["Pol\u00edcia","\u00daltimas"],"inLanguage":"pt-PT","potentialAction":[{"@type":"CommentAction","name":"Comment","target":["https:\/\/brasilnoticias.org\/site\/policia-militar-flagra-homem-com-drogas-em-vitoria-da-conquista\/#respond"]}]},{"@type":"WebPage","@id":"https:\/\/brasilnoticias.org\/site\/policia-militar-flagra-homem-com-drogas-em-vitoria-da-conquista\/","url":"https:\/\/brasilnoticias.org\/site\/policia-militar-flagra-homem-com-drogas-em-vitoria-da-conquista\/","name":"Pol\u00edcia Militar flagra homem com drogas em Vit\u00f3ria da Conquista - Brasil not\u00edcias","isPartOf":{"@id":"https:\/\/brasilnoticias.org\/site\/#website"},"primaryImageOfPage":{"@id":"https:\/\/brasilnoticias.org\/site\/policia-militar-flagra-homem-com-drogas-em-vitoria-da-conquista\/#primaryimage"},"image":{"@id":"https:\/\/brasilnoticias.org\/site\/policia-militar-flagra-homem-com-drogas-em-vitoria-da-conquista\/#primaryimage"},"thumbnailUrl":"https:\/\/brasilnoticias.org\/site\/wp-content\/uploads\/2023\/11\/imagem-destacada-desafio-cipe-sudoeste-acontece-em-conquista-veja-como-se-inscre-740x470-1.jpg","datePublished":"2023-11-25T22:22:26+00:00","breadcrumb":{"@id":"https:\/\/brasilnoticias.org\/site\/policia-militar-flagra-homem-com-drogas-em-vitoria-da-conquista\/#breadcrumb"},"inLanguage":"pt-PT","potentialAction":[{"@type":"ReadAction","target":["https:\/\/brasilnoticias.org\/site\/policia-militar-flagra-homem-com-drogas-em-vitoria-da-conquista\/"]}]},{"@type":"ImageObject","inLanguage":"pt-PT","@id":"https:\/\/brasilnoticias.org\/site\/policia-militar-flagra-homem-com-drogas-em-vitoria-da-conquista\/#primaryimage","url":"https:\/\/brasilnoticias.org\/site\/wp-content\/uploads\/2023\/11\/imagem-destacada-desafio-cipe-sudoeste-acontece-em-conquista-veja-como-se-inscre-740x470-1.jpg","contentUrl":"https:\/\/brasilnoticias.org\/site\/wp-content\/uploads\/2023\/11\/imagem-destacada-desafio-cipe-sudoeste-acontece-em-conquista-veja-como-se-inscre-740x470-1.jpg","width":740,"height":470},{"@type":"BreadcrumbList","@id":"https:\/\/brasilnoticias.org\/site\/policia-militar-flagra-homem-com-drogas-em-vitoria-da-conquista\/#breadcrumb","itemListElement":[{"@type":"ListItem","position":1,"name":"In\u00edcio","item":"https:\/\/brasilnoticias.org\/site\/"},{"@type":"ListItem","position":2,"name":"Pol\u00edcia Militar flagra homem com drogas em Vit\u00f3ria da Conquista"}]},{"@type":"WebSite","@id":"https:\/\/brasilnoticias.org\/site\/#website","url":"https:\/\/brasilnoticias.org\/site\/","name":"Brasil not\u00edcias","description":"Brasil not\u00edcias","publisher":{"@id":"https:\/\/brasilnoticias.org\/site\/#organization"},"potentialAction":[{"@type":"SearchAction","target":{"@type":"EntryPoint","urlTemplate":"https:\/\/brasilnoticias.org\/site\/?s={search_term_string}"},"query-input":{"@type":"PropertyValueSpecification","valueRequired":true,"valueName":"search_term_string"}}],"inLanguage":"pt-PT"},{"@type":"Organization","@id":"https:\/\/brasilnoticias.org\/site\/#organization","name":"Brasil not\u00edcias","url":"https:\/\/brasilnoticias.org\/site\/","logo":{"@type":"ImageObject","inLanguage":"pt-PT","@id":"https:\/\/brasilnoticias.org\/site\/#\/schema\/logo\/image\/","url":"https:\/\/brasilnoticias.org\/site\/wp-content\/uploads\/2022\/05\/cropped-brasilnoticias-mini.jpg","contentUrl":"https:\/\/brasilnoticias.org\/site\/wp-content\/uploads\/2022\/05\/cropped-brasilnoticias-mini.jpg","width":314,"height":86,"caption":"Brasil not\u00edcias"},"image":{"@id":"https:\/\/brasilnoticias.org\/site\/#\/schema\/logo\/image\/"}},{"@type":"Person","@id":"https:\/\/brasilnoticias.org\/site\/#\/schema\/person\/03bbbfe6c7634ad18c26444ea39049fa","name":"Reda\u00e7\u00e3o","image":{"@type":"ImageObject","inLanguage":"pt-PT","@id":"https:\/\/brasilnoticias.org\/site\/#\/schema\/person\/image\/","url":"https:\/\/secure.gravatar.com\/avatar\/9ecaf7327a696cb23ad926fedded5f1f04d7049de9e445375d55b48c001a6e42?s=96&d=mm&r=g","contentUrl":"https:\/\/secure.gravatar.com\/avatar\/9ecaf7327a696cb23ad926fedded5f1f04d7049de9e445375d55b48c001a6e42?s=96&d=mm&r=g","caption":"Reda\u00e7\u00e3o"},"url":"https:\/\/brasilnoticias.org\/site\/author\/henrique\/"}]}},"_links":{"self":[{"href":"https:\/\/brasilnoticias.org\/site\/wp-json\/wp\/v2\/posts\/11242","targetHints":{"allow":["GET"]}}],"collection":[{"href":"https:\/\/brasilnoticias.org\/site\/wp-json\/wp\/v2\/posts"}],"about":[{"href":"https:\/\/brasilnoticias.org\/site\/wp-json\/wp\/v2\/types\/post"}],"author":[{"embeddable":true,"href":"https:\/\/brasilnoticias.org\/site\/wp-json\/wp\/v2\/users\/4"}],"replies":[{"embeddable":true,"href":"https:\/\/brasilnoticias.org\/site\/wp-json\/wp\/v2\/comments?post=11242"}],"version-history":[{"count":1,"href":"https:\/\/brasilnoticias.org\/site\/wp-json\/wp\/v2\/posts\/11242\/revisions"}],"predecessor-version":[{"id":11244,"href":"https:\/\/brasilnoticias.org\/site\/wp-json\/wp\/v2\/posts\/11242\/revisions\/11244"}],"wp:featuredmedia":[{"embeddable":true,"href":"https:\/\/brasilnoticias.org\/site\/wp-json\/wp\/v2\/media\/11243"}],"wp:attachment":[{"href":"https:\/\/brasilnoticias.org\/site\/wp-json\/wp\/v2\/media?parent=11242"}],"wp:term":[{"taxonomy":"category","embeddable":true,"href":"https:\/\/brasilnoticias.org\/site\/wp-json\/wp\/v2\/categories?post=11242"},{"taxonomy":"post_tag","embeddable":true,"href":"https:\/\/brasilnoticias.org\/site\/wp-json\/wp\/v2\/tags?post=11242"}],"curies":[{"name":"wp","href":"https:\/\/api.w.org\/{rel}","templated":true}]}}