{"id":11260,"date":"2023-11-26T19:17:48","date_gmt":"2023-11-26T22:17:48","guid":{"rendered":"https:\/\/brasilnoticias.org\/site\/?p=11260"},"modified":"2023-11-26T19:17:48","modified_gmt":"2023-11-26T22:17:48","slug":"selecao-pataxo-fatura-a-ii-copa-indigena-de-futebol-no-estadio-de-pituacu","status":"publish","type":"post","link":"https:\/\/brasilnoticias.org\/site\/selecao-pataxo-fatura-a-ii-copa-indigena-de-futebol-no-estadio-de-pituacu\/","title":{"rendered":"Sele\u00e7\u00e3o Patax\u00f3 fatura a II Copa Ind\u00edgena de Futebol no est\u00e1dio de Pitua\u00e7u"},"content":{"rendered":"<p>A representante do extremo sul baiano venceu por 5 a 2 a equipe Coit\u00e9 Tux\u00e3, da regi\u00e3o oeste<\/p>\n<p>Neste domingo (26\/11), a Sele\u00e7\u00e3o Ind\u00edgena Patax\u00f3 faturou a ta\u00e7a da II Copa Ind\u00edgena de Futebol, com a decis\u00e3o realizada no Est\u00e1dio Metropolitano de Pitua\u00e7u. <\/p>\n<p>Na final, a representante do extremo sul baiano venceu por 5 a 2 a equipe Coit\u00e9 Tux\u00e3, da regi\u00e3o oeste, conquistando o campeonato. Na decis\u00e3o de terceiro lugar, a equipe Tux\u00e1 Banza\u00ea, da regi\u00e3o norte, superou o povo Tupinamb\u00e1, representando a regi\u00e3o sul.<\/p>\n<p>A Copa Ind\u00edgena \u00e9 um projeto da Superintend\u00eancia de Pol\u00edticas para Povos Ind\u00edgenas (SPPI), vinculada \u00e0 Secretaria Estadual de Promo\u00e7\u00e3o da Igualdade Racial e dos Povos e Comunidades Tradicionais (Sepromi).<\/p>\n<p>Foto: Ricardo Ferreira\/SetreBA<br \/>\nAratu On<\/p>\n","protected":false},"excerpt":{"rendered":"<p>A representante do extremo sul baiano venceu por 5 a 2 a equipe Coit\u00e9 Tux\u00e3, da regi\u00e3o oeste Neste domingo<\/p>\n","protected":false},"author":4,"featured_media":11261,"comment_status":"open","ping_status":"open","sticky":false,"template":"","format":"standard","meta":{"colormag_page_container_layout":"default_layout","colormag_page_sidebar_layout":"default_layout","_FSMCFIC_featured_image_caption":"","_FSMCFIC_featured_image_nocaption":"","_FSMCFIC_featured_image_hide":"","footnotes":""},"categories":[4,1],"tags":[],"class_list":["post-11260","post","type-post","status-publish","format-standard","has-post-thumbnail","hentry","category-esporte","category-ultimas"],"yoast_head":"<!-- This site is optimized with the Yoast SEO plugin v27.1.1 - https:\/\/yoast.com\/product\/yoast-seo-wordpress\/ -->\n<title>Sele\u00e7\u00e3o Patax\u00f3 fatura a II Copa Ind\u00edgena de Futebol no est\u00e1dio de Pitua\u00e7u - Brasil not\u00edcias<\/title>\n<meta name=\"robots\" content=\"index, follow, max-snippet:-1, max-image-preview:large, max-video-preview:-1\" \/>\n<link rel=\"canonical\" href=\"https:\/\/brasilnoticias.org\/site\/selecao-pataxo-fatura-a-ii-copa-indigena-de-futebol-no-estadio-de-pituacu\/\" \/>\n<meta property=\"og:locale\" content=\"pt_PT\" \/>\n<meta property=\"og:type\" content=\"article\" \/>\n<meta property=\"og:title\" content=\"Sele\u00e7\u00e3o Patax\u00f3 fatura a II Copa Ind\u00edgena de Futebol no est\u00e1dio de Pitua\u00e7u - Brasil not\u00edcias\" \/>\n<meta property=\"og:description\" content=\"A representante do extremo sul baiano venceu por 5 a 2 a equipe Coit\u00e9 Tux\u00e3, da regi\u00e3o oeste Neste domingo\" \/>\n<meta property=\"og:url\" content=\"https:\/\/brasilnoticias.org\/site\/selecao-pataxo-fatura-a-ii-copa-indigena-de-futebol-no-estadio-de-pituacu\/\" \/>\n<meta property=\"og:site_name\" content=\"Brasil not\u00edcias\" \/>\n<meta property=\"article:published_time\" content=\"2023-11-26T22:17:48+00:00\" \/>\n<meta property=\"og:image\" content=\"https:\/\/brasilnoticias.org\/site\/wp-content\/uploads\/2023\/11\/0502e826-1550-4f1c-97ba-061c7037e3c7.jpeg\" \/>\n\t<meta property=\"og:image:width\" content=\"578\" \/>\n\t<meta property=\"og:image:height\" content=\"519\" \/>\n\t<meta property=\"og:image:type\" content=\"image\/jpeg\" \/>\n<meta name=\"author\" content=\"Reda\u00e7\u00e3o\" \/>\n<meta name=\"twitter:card\" content=\"summary_large_image\" \/>\n<meta name=\"twitter:label1\" content=\"Escrito por\" \/>\n\t<meta name=\"twitter:data1\" content=\"Reda\u00e7\u00e3o\" \/>\n<script type=\"application\/ld+json\" class=\"yoast-schema-graph\">{\"@context\":\"https:\/\/schema.org\",\"@graph\":[{\"@type\":\"Article\",\"@id\":\"https:\/\/brasilnoticias.org\/site\/selecao-pataxo-fatura-a-ii-copa-indigena-de-futebol-no-estadio-de-pituacu\/#article\",\"isPartOf\":{\"@id\":\"https:\/\/brasilnoticias.org\/site\/selecao-pataxo-fatura-a-ii-copa-indigena-de-futebol-no-estadio-de-pituacu\/\"},\"author\":{\"name\":\"Reda\u00e7\u00e3o\",\"@id\":\"https:\/\/brasilnoticias.org\/site\/#\/schema\/person\/03bbbfe6c7634ad18c26444ea39049fa\"},\"headline\":\"Sele\u00e7\u00e3o Patax\u00f3 fatura a II Copa Ind\u00edgena de Futebol no est\u00e1dio de Pitua\u00e7u\",\"datePublished\":\"2023-11-26T22:17:48+00:00\",\"mainEntityOfPage\":{\"@id\":\"https:\/\/brasilnoticias.org\/site\/selecao-pataxo-fatura-a-ii-copa-indigena-de-futebol-no-estadio-de-pituacu\/\"},\"wordCount\":149,\"commentCount\":0,\"publisher\":{\"@id\":\"https:\/\/brasilnoticias.org\/site\/#organization\"},\"image\":{\"@id\":\"https:\/\/brasilnoticias.org\/site\/selecao-pataxo-fatura-a-ii-copa-indigena-de-futebol-no-estadio-de-pituacu\/#primaryimage\"},\"thumbnailUrl\":\"https:\/\/brasilnoticias.org\/site\/wp-content\/uploads\/2023\/11\/0502e826-1550-4f1c-97ba-061c7037e3c7.jpeg\",\"articleSection\":[\"Esporte\",\"\u00daltimas\"],\"inLanguage\":\"pt-PT\",\"potentialAction\":[{\"@type\":\"CommentAction\",\"name\":\"Comment\",\"target\":[\"https:\/\/brasilnoticias.org\/site\/selecao-pataxo-fatura-a-ii-copa-indigena-de-futebol-no-estadio-de-pituacu\/#respond\"]}]},{\"@type\":\"WebPage\",\"@id\":\"https:\/\/brasilnoticias.org\/site\/selecao-pataxo-fatura-a-ii-copa-indigena-de-futebol-no-estadio-de-pituacu\/\",\"url\":\"https:\/\/brasilnoticias.org\/site\/selecao-pataxo-fatura-a-ii-copa-indigena-de-futebol-no-estadio-de-pituacu\/\",\"name\":\"Sele\u00e7\u00e3o Patax\u00f3 fatura a II Copa Ind\u00edgena de Futebol no est\u00e1dio de Pitua\u00e7u - Brasil not\u00edcias\",\"isPartOf\":{\"@id\":\"https:\/\/brasilnoticias.org\/site\/#website\"},\"primaryImageOfPage\":{\"@id\":\"https:\/\/brasilnoticias.org\/site\/selecao-pataxo-fatura-a-ii-copa-indigena-de-futebol-no-estadio-de-pituacu\/#primaryimage\"},\"image\":{\"@id\":\"https:\/\/brasilnoticias.org\/site\/selecao-pataxo-fatura-a-ii-copa-indigena-de-futebol-no-estadio-de-pituacu\/#primaryimage\"},\"thumbnailUrl\":\"https:\/\/brasilnoticias.org\/site\/wp-content\/uploads\/2023\/11\/0502e826-1550-4f1c-97ba-061c7037e3c7.jpeg\",\"datePublished\":\"2023-11-26T22:17:48+00:00\",\"breadcrumb\":{\"@id\":\"https:\/\/brasilnoticias.org\/site\/selecao-pataxo-fatura-a-ii-copa-indigena-de-futebol-no-estadio-de-pituacu\/#breadcrumb\"},\"inLanguage\":\"pt-PT\",\"potentialAction\":[{\"@type\":\"ReadAction\",\"target\":[\"https:\/\/brasilnoticias.org\/site\/selecao-pataxo-fatura-a-ii-copa-indigena-de-futebol-no-estadio-de-pituacu\/\"]}]},{\"@type\":\"ImageObject\",\"inLanguage\":\"pt-PT\",\"@id\":\"https:\/\/brasilnoticias.org\/site\/selecao-pataxo-fatura-a-ii-copa-indigena-de-futebol-no-estadio-de-pituacu\/#primaryimage\",\"url\":\"https:\/\/brasilnoticias.org\/site\/wp-content\/uploads\/2023\/11\/0502e826-1550-4f1c-97ba-061c7037e3c7.jpeg\",\"contentUrl\":\"https:\/\/brasilnoticias.org\/site\/wp-content\/uploads\/2023\/11\/0502e826-1550-4f1c-97ba-061c7037e3c7.jpeg\",\"width\":578,\"height\":519},{\"@type\":\"BreadcrumbList\",\"@id\":\"https:\/\/brasilnoticias.org\/site\/selecao-pataxo-fatura-a-ii-copa-indigena-de-futebol-no-estadio-de-pituacu\/#breadcrumb\",\"itemListElement\":[{\"@type\":\"ListItem\",\"position\":1,\"name\":\"In\u00edcio\",\"item\":\"https:\/\/brasilnoticias.org\/site\/\"},{\"@type\":\"ListItem\",\"position\":2,\"name\":\"Sele\u00e7\u00e3o Patax\u00f3 fatura a II Copa Ind\u00edgena de Futebol no est\u00e1dio de Pitua\u00e7u\"}]},{\"@type\":\"WebSite\",\"@id\":\"https:\/\/brasilnoticias.org\/site\/#website\",\"url\":\"https:\/\/brasilnoticias.org\/site\/\",\"name\":\"Brasil not\u00edcias\",\"description\":\"Brasil not\u00edcias\",\"publisher\":{\"@id\":\"https:\/\/brasilnoticias.org\/site\/#organization\"},\"potentialAction\":[{\"@type\":\"SearchAction\",\"target\":{\"@type\":\"EntryPoint\",\"urlTemplate\":\"https:\/\/brasilnoticias.org\/site\/?s={search_term_string}\"},\"query-input\":{\"@type\":\"PropertyValueSpecification\",\"valueRequired\":true,\"valueName\":\"search_term_string\"}}],\"inLanguage\":\"pt-PT\"},{\"@type\":\"Organization\",\"@id\":\"https:\/\/brasilnoticias.org\/site\/#organization\",\"name\":\"Brasil not\u00edcias\",\"url\":\"https:\/\/brasilnoticias.org\/site\/\",\"logo\":{\"@type\":\"ImageObject\",\"inLanguage\":\"pt-PT\",\"@id\":\"https:\/\/brasilnoticias.org\/site\/#\/schema\/logo\/image\/\",\"url\":\"https:\/\/brasilnoticias.org\/site\/wp-content\/uploads\/2022\/05\/cropped-brasilnoticias-mini.jpg\",\"contentUrl\":\"https:\/\/brasilnoticias.org\/site\/wp-content\/uploads\/2022\/05\/cropped-brasilnoticias-mini.jpg\",\"width\":314,\"height\":86,\"caption\":\"Brasil not\u00edcias\"},\"image\":{\"@id\":\"https:\/\/brasilnoticias.org\/site\/#\/schema\/logo\/image\/\"}},{\"@type\":\"Person\",\"@id\":\"https:\/\/brasilnoticias.org\/site\/#\/schema\/person\/03bbbfe6c7634ad18c26444ea39049fa\",\"name\":\"Reda\u00e7\u00e3o\",\"image\":{\"@type\":\"ImageObject\",\"inLanguage\":\"pt-PT\",\"@id\":\"https:\/\/brasilnoticias.org\/site\/#\/schema\/person\/image\/\",\"url\":\"https:\/\/secure.gravatar.com\/avatar\/9ecaf7327a696cb23ad926fedded5f1f04d7049de9e445375d55b48c001a6e42?s=96&d=mm&r=g\",\"contentUrl\":\"https:\/\/secure.gravatar.com\/avatar\/9ecaf7327a696cb23ad926fedded5f1f04d7049de9e445375d55b48c001a6e42?s=96&d=mm&r=g\",\"caption\":\"Reda\u00e7\u00e3o\"},\"url\":\"https:\/\/brasilnoticias.org\/site\/author\/henrique\/\"}]}<\/script>\n<!-- \/ Yoast SEO plugin. -->","yoast_head_json":{"title":"Sele\u00e7\u00e3o Patax\u00f3 fatura a II Copa Ind\u00edgena de Futebol no est\u00e1dio de Pitua\u00e7u - Brasil not\u00edcias","robots":{"index":"index","follow":"follow","max-snippet":"max-snippet:-1","max-image-preview":"max-image-preview:large","max-video-preview":"max-video-preview:-1"},"canonical":"https:\/\/brasilnoticias.org\/site\/selecao-pataxo-fatura-a-ii-copa-indigena-de-futebol-no-estadio-de-pituacu\/","og_locale":"pt_PT","og_type":"article","og_title":"Sele\u00e7\u00e3o Patax\u00f3 fatura a II Copa Ind\u00edgena de Futebol no est\u00e1dio de Pitua\u00e7u - Brasil not\u00edcias","og_description":"A representante do extremo sul baiano venceu por 5 a 2 a equipe Coit\u00e9 Tux\u00e3, da regi\u00e3o oeste Neste domingo","og_url":"https:\/\/brasilnoticias.org\/site\/selecao-pataxo-fatura-a-ii-copa-indigena-de-futebol-no-estadio-de-pituacu\/","og_site_name":"Brasil not\u00edcias","article_published_time":"2023-11-26T22:17:48+00:00","og_image":[{"width":578,"height":519,"url":"https:\/\/brasilnoticias.org\/site\/wp-content\/uploads\/2023\/11\/0502e826-1550-4f1c-97ba-061c7037e3c7.jpeg","type":"image\/jpeg"}],"author":"Reda\u00e7\u00e3o","twitter_card":"summary_large_image","twitter_misc":{"Escrito por":"Reda\u00e7\u00e3o"},"schema":{"@context":"https:\/\/schema.org","@graph":[{"@type":"Article","@id":"https:\/\/brasilnoticias.org\/site\/selecao-pataxo-fatura-a-ii-copa-indigena-de-futebol-no-estadio-de-pituacu\/#article","isPartOf":{"@id":"https:\/\/brasilnoticias.org\/site\/selecao-pataxo-fatura-a-ii-copa-indigena-de-futebol-no-estadio-de-pituacu\/"},"author":{"name":"Reda\u00e7\u00e3o","@id":"https:\/\/brasilnoticias.org\/site\/#\/schema\/person\/03bbbfe6c7634ad18c26444ea39049fa"},"headline":"Sele\u00e7\u00e3o Patax\u00f3 fatura a II Copa Ind\u00edgena de Futebol no est\u00e1dio de Pitua\u00e7u","datePublished":"2023-11-26T22:17:48+00:00","mainEntityOfPage":{"@id":"https:\/\/brasilnoticias.org\/site\/selecao-pataxo-fatura-a-ii-copa-indigena-de-futebol-no-estadio-de-pituacu\/"},"wordCount":149,"commentCount":0,"publisher":{"@id":"https:\/\/brasilnoticias.org\/site\/#organization"},"image":{"@id":"https:\/\/brasilnoticias.org\/site\/selecao-pataxo-fatura-a-ii-copa-indigena-de-futebol-no-estadio-de-pituacu\/#primaryimage"},"thumbnailUrl":"https:\/\/brasilnoticias.org\/site\/wp-content\/uploads\/2023\/11\/0502e826-1550-4f1c-97ba-061c7037e3c7.jpeg","articleSection":["Esporte","\u00daltimas"],"inLanguage":"pt-PT","potentialAction":[{"@type":"CommentAction","name":"Comment","target":["https:\/\/brasilnoticias.org\/site\/selecao-pataxo-fatura-a-ii-copa-indigena-de-futebol-no-estadio-de-pituacu\/#respond"]}]},{"@type":"WebPage","@id":"https:\/\/brasilnoticias.org\/site\/selecao-pataxo-fatura-a-ii-copa-indigena-de-futebol-no-estadio-de-pituacu\/","url":"https:\/\/brasilnoticias.org\/site\/selecao-pataxo-fatura-a-ii-copa-indigena-de-futebol-no-estadio-de-pituacu\/","name":"Sele\u00e7\u00e3o Patax\u00f3 fatura a II Copa Ind\u00edgena de Futebol no est\u00e1dio de Pitua\u00e7u - Brasil not\u00edcias","isPartOf":{"@id":"https:\/\/brasilnoticias.org\/site\/#website"},"primaryImageOfPage":{"@id":"https:\/\/brasilnoticias.org\/site\/selecao-pataxo-fatura-a-ii-copa-indigena-de-futebol-no-estadio-de-pituacu\/#primaryimage"},"image":{"@id":"https:\/\/brasilnoticias.org\/site\/selecao-pataxo-fatura-a-ii-copa-indigena-de-futebol-no-estadio-de-pituacu\/#primaryimage"},"thumbnailUrl":"https:\/\/brasilnoticias.org\/site\/wp-content\/uploads\/2023\/11\/0502e826-1550-4f1c-97ba-061c7037e3c7.jpeg","datePublished":"2023-11-26T22:17:48+00:00","breadcrumb":{"@id":"https:\/\/brasilnoticias.org\/site\/selecao-pataxo-fatura-a-ii-copa-indigena-de-futebol-no-estadio-de-pituacu\/#breadcrumb"},"inLanguage":"pt-PT","potentialAction":[{"@type":"ReadAction","target":["https:\/\/brasilnoticias.org\/site\/selecao-pataxo-fatura-a-ii-copa-indigena-de-futebol-no-estadio-de-pituacu\/"]}]},{"@type":"ImageObject","inLanguage":"pt-PT","@id":"https:\/\/brasilnoticias.org\/site\/selecao-pataxo-fatura-a-ii-copa-indigena-de-futebol-no-estadio-de-pituacu\/#primaryimage","url":"https:\/\/brasilnoticias.org\/site\/wp-content\/uploads\/2023\/11\/0502e826-1550-4f1c-97ba-061c7037e3c7.jpeg","contentUrl":"https:\/\/brasilnoticias.org\/site\/wp-content\/uploads\/2023\/11\/0502e826-1550-4f1c-97ba-061c7037e3c7.jpeg","width":578,"height":519},{"@type":"BreadcrumbList","@id":"https:\/\/brasilnoticias.org\/site\/selecao-pataxo-fatura-a-ii-copa-indigena-de-futebol-no-estadio-de-pituacu\/#breadcrumb","itemListElement":[{"@type":"ListItem","position":1,"name":"In\u00edcio","item":"https:\/\/brasilnoticias.org\/site\/"},{"@type":"ListItem","position":2,"name":"Sele\u00e7\u00e3o Patax\u00f3 fatura a II Copa Ind\u00edgena de Futebol no est\u00e1dio de Pitua\u00e7u"}]},{"@type":"WebSite","@id":"https:\/\/brasilnoticias.org\/site\/#website","url":"https:\/\/brasilnoticias.org\/site\/","name":"Brasil not\u00edcias","description":"Brasil not\u00edcias","publisher":{"@id":"https:\/\/brasilnoticias.org\/site\/#organization"},"potentialAction":[{"@type":"SearchAction","target":{"@type":"EntryPoint","urlTemplate":"https:\/\/brasilnoticias.org\/site\/?s={search_term_string}"},"query-input":{"@type":"PropertyValueSpecification","valueRequired":true,"valueName":"search_term_string"}}],"inLanguage":"pt-PT"},{"@type":"Organization","@id":"https:\/\/brasilnoticias.org\/site\/#organization","name":"Brasil not\u00edcias","url":"https:\/\/brasilnoticias.org\/site\/","logo":{"@type":"ImageObject","inLanguage":"pt-PT","@id":"https:\/\/brasilnoticias.org\/site\/#\/schema\/logo\/image\/","url":"https:\/\/brasilnoticias.org\/site\/wp-content\/uploads\/2022\/05\/cropped-brasilnoticias-mini.jpg","contentUrl":"https:\/\/brasilnoticias.org\/site\/wp-content\/uploads\/2022\/05\/cropped-brasilnoticias-mini.jpg","width":314,"height":86,"caption":"Brasil not\u00edcias"},"image":{"@id":"https:\/\/brasilnoticias.org\/site\/#\/schema\/logo\/image\/"}},{"@type":"Person","@id":"https:\/\/brasilnoticias.org\/site\/#\/schema\/person\/03bbbfe6c7634ad18c26444ea39049fa","name":"Reda\u00e7\u00e3o","image":{"@type":"ImageObject","inLanguage":"pt-PT","@id":"https:\/\/brasilnoticias.org\/site\/#\/schema\/person\/image\/","url":"https:\/\/secure.gravatar.com\/avatar\/9ecaf7327a696cb23ad926fedded5f1f04d7049de9e445375d55b48c001a6e42?s=96&d=mm&r=g","contentUrl":"https:\/\/secure.gravatar.com\/avatar\/9ecaf7327a696cb23ad926fedded5f1f04d7049de9e445375d55b48c001a6e42?s=96&d=mm&r=g","caption":"Reda\u00e7\u00e3o"},"url":"https:\/\/brasilnoticias.org\/site\/author\/henrique\/"}]}},"_links":{"self":[{"href":"https:\/\/brasilnoticias.org\/site\/wp-json\/wp\/v2\/posts\/11260","targetHints":{"allow":["GET"]}}],"collection":[{"href":"https:\/\/brasilnoticias.org\/site\/wp-json\/wp\/v2\/posts"}],"about":[{"href":"https:\/\/brasilnoticias.org\/site\/wp-json\/wp\/v2\/types\/post"}],"author":[{"embeddable":true,"href":"https:\/\/brasilnoticias.org\/site\/wp-json\/wp\/v2\/users\/4"}],"replies":[{"embeddable":true,"href":"https:\/\/brasilnoticias.org\/site\/wp-json\/wp\/v2\/comments?post=11260"}],"version-history":[{"count":1,"href":"https:\/\/brasilnoticias.org\/site\/wp-json\/wp\/v2\/posts\/11260\/revisions"}],"predecessor-version":[{"id":11262,"href":"https:\/\/brasilnoticias.org\/site\/wp-json\/wp\/v2\/posts\/11260\/revisions\/11262"}],"wp:featuredmedia":[{"embeddable":true,"href":"https:\/\/brasilnoticias.org\/site\/wp-json\/wp\/v2\/media\/11261"}],"wp:attachment":[{"href":"https:\/\/brasilnoticias.org\/site\/wp-json\/wp\/v2\/media?parent=11260"}],"wp:term":[{"taxonomy":"category","embeddable":true,"href":"https:\/\/brasilnoticias.org\/site\/wp-json\/wp\/v2\/categories?post=11260"},{"taxonomy":"post_tag","embeddable":true,"href":"https:\/\/brasilnoticias.org\/site\/wp-json\/wp\/v2\/tags?post=11260"}],"curies":[{"name":"wp","href":"https:\/\/api.w.org\/{rel}","templated":true}]}}