{"id":11263,"date":"2023-11-26T19:18:45","date_gmt":"2023-11-26T22:18:45","guid":{"rendered":"https:\/\/brasilnoticias.org\/site\/?p=11263"},"modified":"2023-11-26T19:18:45","modified_gmt":"2023-11-26T22:18:45","slug":"javier-milei-envia-carta-para-lula-convida-para-posse-e-fala-em-construcao-de-lacos","status":"publish","type":"post","link":"https:\/\/brasilnoticias.org\/site\/javier-milei-envia-carta-para-lula-convida-para-posse-e-fala-em-construcao-de-lacos\/","title":{"rendered":"Javier Milei envia carta para Lula, convida para posse e fala em &#8220;constru\u00e7\u00e3o de la\u00e7os&#8221;"},"content":{"rendered":"<p>Documento foi entregue pela futura chanceler da Argentina durante visita \u00e0 Bras\u00edlia<\/p>\n<p>O presidente eleito da Argentina, Javier Milei, enviou uma carta ao presidente brasileiro Luiz In\u00e1cio Lula da Siva (PT), neste domingo (26), em que convida o petista para a posse, no dia 10 de dezembro.<\/p>\n<p>A informa\u00e7\u00e3o foi divulgada pela Folha de S. Paulo. A carta foi entregue pela futura chanceler da Argentina, Diana Mondino, durante visita \u00e0 Bras\u00edlia neste domingo, para encontro com o chanceler do Brasil, Mauro Vieira.<\/p>\n<p>A carta fala ainda em &#8220;trabalho frut\u00edfero&#8221; e &#8220;constru\u00e7\u00e3o de la\u00e7os&#8221;.&#8221;Sei que o senhor conhece e valoriza cabalmente o que significa este momento de transi\u00e7\u00e3o para o processo hist\u00f3rico da Argentina, seu povo, e naturalmente para mim e minha equipe de colaboradores que me acompanhar\u00e3o na pr\u00f3xima gest\u00e3o do governo&#8221;, escreveu Milei.<\/p>\n<p>A declara\u00e7\u00e3o acontece ap\u00f3s Milei ter atacado Lula diversas vezes durante campanha eleitoral. Ele chagou a dizer que, se eleito, n\u00e3o se encontraria com Lula. <\/p>\n<p>A mudan\u00e7a de tom come\u00e7ou na \u00faltima quarta-feira (22), quando Milei disse que Lula &#8220;ser\u00e1 bem recebido&#8221; caso compare\u00e7a a sua posse. Por chamada de v\u00eddeo, logo ap\u00f3s a vit\u00f3ria no \u00faltimo domingo (19), Milei convidou o ex-presidente brasileiro Jair Bolsonaro (PL), que j\u00e1 prepara comitiva para participar da cerim\u00f4nia.<\/p>\n<p>Foto: Reprodu\u00e7\u00e3o Itamaraty X<br \/>\nMetro1<\/p>\n","protected":false},"excerpt":{"rendered":"<p>Documento foi entregue pela futura chanceler da Argentina durante visita \u00e0 Bras\u00edlia O presidente eleito da Argentina, Javier Milei, enviou<\/p>\n","protected":false},"author":4,"featured_media":11264,"comment_status":"open","ping_status":"open","sticky":false,"template":"","format":"standard","meta":{"colormag_page_container_layout":"default_layout","colormag_page_sidebar_layout":"default_layout","_FSMCFIC_featured_image_caption":"","_FSMCFIC_featured_image_nocaption":"","_FSMCFIC_featured_image_hide":"","footnotes":""},"categories":[5,1],"tags":[],"class_list":["post-11263","post","type-post","status-publish","format-standard","has-post-thumbnail","hentry","category-politica","category-ultimas"],"yoast_head":"<!-- This site is optimized with the Yoast SEO plugin v27.1.1 - https:\/\/yoast.com\/product\/yoast-seo-wordpress\/ -->\n<title>Javier Milei envia carta para Lula, convida para posse e fala em &quot;constru\u00e7\u00e3o de la\u00e7os&quot; - Brasil not\u00edcias<\/title>\n<meta name=\"robots\" content=\"index, follow, max-snippet:-1, max-image-preview:large, max-video-preview:-1\" \/>\n<link rel=\"canonical\" href=\"https:\/\/brasilnoticias.org\/site\/javier-milei-envia-carta-para-lula-convida-para-posse-e-fala-em-construcao-de-lacos\/\" \/>\n<meta property=\"og:locale\" content=\"pt_PT\" \/>\n<meta property=\"og:type\" content=\"article\" \/>\n<meta property=\"og:title\" content=\"Javier Milei envia carta para Lula, convida para posse e fala em &quot;constru\u00e7\u00e3o de la\u00e7os&quot; - Brasil not\u00edcias\" \/>\n<meta property=\"og:description\" content=\"Documento foi entregue pela futura chanceler da Argentina durante visita \u00e0 Bras\u00edlia O presidente eleito da Argentina, Javier Milei, enviou\" \/>\n<meta property=\"og:url\" content=\"https:\/\/brasilnoticias.org\/site\/javier-milei-envia-carta-para-lula-convida-para-posse-e-fala-em-construcao-de-lacos\/\" \/>\n<meta property=\"og:site_name\" content=\"Brasil not\u00edcias\" \/>\n<meta property=\"article:published_time\" content=\"2023-11-26T22:18:45+00:00\" \/>\n<meta property=\"og:image\" content=\"https:\/\/brasilnoticias.org\/site\/wp-content\/uploads\/2023\/11\/143578javier-milei-envia-carta-para-lula-convida-para-posse-e-fala-em-construcao-de-lacos-3.jpg\" \/>\n\t<meta property=\"og:image:width\" content=\"1600\" \/>\n\t<meta property=\"og:image:height\" content=\"752\" \/>\n\t<meta property=\"og:image:type\" content=\"image\/jpeg\" \/>\n<meta name=\"author\" content=\"Reda\u00e7\u00e3o\" \/>\n<meta name=\"twitter:card\" content=\"summary_large_image\" \/>\n<meta name=\"twitter:label1\" content=\"Escrito por\" \/>\n\t<meta name=\"twitter:data1\" content=\"Reda\u00e7\u00e3o\" \/>\n<script type=\"application\/ld+json\" class=\"yoast-schema-graph\">{\"@context\":\"https:\/\/schema.org\",\"@graph\":[{\"@type\":\"Article\",\"@id\":\"https:\/\/brasilnoticias.org\/site\/javier-milei-envia-carta-para-lula-convida-para-posse-e-fala-em-construcao-de-lacos\/#article\",\"isPartOf\":{\"@id\":\"https:\/\/brasilnoticias.org\/site\/javier-milei-envia-carta-para-lula-convida-para-posse-e-fala-em-construcao-de-lacos\/\"},\"author\":{\"name\":\"Reda\u00e7\u00e3o\",\"@id\":\"https:\/\/brasilnoticias.org\/site\/#\/schema\/person\/03bbbfe6c7634ad18c26444ea39049fa\"},\"headline\":\"Javier Milei envia carta para Lula, convida para posse e fala em &#8220;constru\u00e7\u00e3o de la\u00e7os&#8221;\",\"datePublished\":\"2023-11-26T22:18:45+00:00\",\"mainEntityOfPage\":{\"@id\":\"https:\/\/brasilnoticias.org\/site\/javier-milei-envia-carta-para-lula-convida-para-posse-e-fala-em-construcao-de-lacos\/\"},\"wordCount\":249,\"commentCount\":0,\"publisher\":{\"@id\":\"https:\/\/brasilnoticias.org\/site\/#organization\"},\"image\":{\"@id\":\"https:\/\/brasilnoticias.org\/site\/javier-milei-envia-carta-para-lula-convida-para-posse-e-fala-em-construcao-de-lacos\/#primaryimage\"},\"thumbnailUrl\":\"https:\/\/brasilnoticias.org\/site\/wp-content\/uploads\/2023\/11\/143578javier-milei-envia-carta-para-lula-convida-para-posse-e-fala-em-construcao-de-lacos-3.jpg\",\"articleSection\":[\"Pol\u00edtica\",\"\u00daltimas\"],\"inLanguage\":\"pt-PT\",\"potentialAction\":[{\"@type\":\"CommentAction\",\"name\":\"Comment\",\"target\":[\"https:\/\/brasilnoticias.org\/site\/javier-milei-envia-carta-para-lula-convida-para-posse-e-fala-em-construcao-de-lacos\/#respond\"]}]},{\"@type\":\"WebPage\",\"@id\":\"https:\/\/brasilnoticias.org\/site\/javier-milei-envia-carta-para-lula-convida-para-posse-e-fala-em-construcao-de-lacos\/\",\"url\":\"https:\/\/brasilnoticias.org\/site\/javier-milei-envia-carta-para-lula-convida-para-posse-e-fala-em-construcao-de-lacos\/\",\"name\":\"Javier Milei envia carta para Lula, convida para posse e fala em \\\"constru\u00e7\u00e3o de la\u00e7os\\\" - Brasil not\u00edcias\",\"isPartOf\":{\"@id\":\"https:\/\/brasilnoticias.org\/site\/#website\"},\"primaryImageOfPage\":{\"@id\":\"https:\/\/brasilnoticias.org\/site\/javier-milei-envia-carta-para-lula-convida-para-posse-e-fala-em-construcao-de-lacos\/#primaryimage\"},\"image\":{\"@id\":\"https:\/\/brasilnoticias.org\/site\/javier-milei-envia-carta-para-lula-convida-para-posse-e-fala-em-construcao-de-lacos\/#primaryimage\"},\"thumbnailUrl\":\"https:\/\/brasilnoticias.org\/site\/wp-content\/uploads\/2023\/11\/143578javier-milei-envia-carta-para-lula-convida-para-posse-e-fala-em-construcao-de-lacos-3.jpg\",\"datePublished\":\"2023-11-26T22:18:45+00:00\",\"breadcrumb\":{\"@id\":\"https:\/\/brasilnoticias.org\/site\/javier-milei-envia-carta-para-lula-convida-para-posse-e-fala-em-construcao-de-lacos\/#breadcrumb\"},\"inLanguage\":\"pt-PT\",\"potentialAction\":[{\"@type\":\"ReadAction\",\"target\":[\"https:\/\/brasilnoticias.org\/site\/javier-milei-envia-carta-para-lula-convida-para-posse-e-fala-em-construcao-de-lacos\/\"]}]},{\"@type\":\"ImageObject\",\"inLanguage\":\"pt-PT\",\"@id\":\"https:\/\/brasilnoticias.org\/site\/javier-milei-envia-carta-para-lula-convida-para-posse-e-fala-em-construcao-de-lacos\/#primaryimage\",\"url\":\"https:\/\/brasilnoticias.org\/site\/wp-content\/uploads\/2023\/11\/143578javier-milei-envia-carta-para-lula-convida-para-posse-e-fala-em-construcao-de-lacos-3.jpg\",\"contentUrl\":\"https:\/\/brasilnoticias.org\/site\/wp-content\/uploads\/2023\/11\/143578javier-milei-envia-carta-para-lula-convida-para-posse-e-fala-em-construcao-de-lacos-3.jpg\",\"width\":1600,\"height\":752},{\"@type\":\"BreadcrumbList\",\"@id\":\"https:\/\/brasilnoticias.org\/site\/javier-milei-envia-carta-para-lula-convida-para-posse-e-fala-em-construcao-de-lacos\/#breadcrumb\",\"itemListElement\":[{\"@type\":\"ListItem\",\"position\":1,\"name\":\"In\u00edcio\",\"item\":\"https:\/\/brasilnoticias.org\/site\/\"},{\"@type\":\"ListItem\",\"position\":2,\"name\":\"Javier Milei envia carta para Lula, convida para posse e fala em &#8220;constru\u00e7\u00e3o de la\u00e7os&#8221;\"}]},{\"@type\":\"WebSite\",\"@id\":\"https:\/\/brasilnoticias.org\/site\/#website\",\"url\":\"https:\/\/brasilnoticias.org\/site\/\",\"name\":\"Brasil not\u00edcias\",\"description\":\"Brasil not\u00edcias\",\"publisher\":{\"@id\":\"https:\/\/brasilnoticias.org\/site\/#organization\"},\"potentialAction\":[{\"@type\":\"SearchAction\",\"target\":{\"@type\":\"EntryPoint\",\"urlTemplate\":\"https:\/\/brasilnoticias.org\/site\/?s={search_term_string}\"},\"query-input\":{\"@type\":\"PropertyValueSpecification\",\"valueRequired\":true,\"valueName\":\"search_term_string\"}}],\"inLanguage\":\"pt-PT\"},{\"@type\":\"Organization\",\"@id\":\"https:\/\/brasilnoticias.org\/site\/#organization\",\"name\":\"Brasil not\u00edcias\",\"url\":\"https:\/\/brasilnoticias.org\/site\/\",\"logo\":{\"@type\":\"ImageObject\",\"inLanguage\":\"pt-PT\",\"@id\":\"https:\/\/brasilnoticias.org\/site\/#\/schema\/logo\/image\/\",\"url\":\"https:\/\/brasilnoticias.org\/site\/wp-content\/uploads\/2022\/05\/cropped-brasilnoticias-mini.jpg\",\"contentUrl\":\"https:\/\/brasilnoticias.org\/site\/wp-content\/uploads\/2022\/05\/cropped-brasilnoticias-mini.jpg\",\"width\":314,\"height\":86,\"caption\":\"Brasil not\u00edcias\"},\"image\":{\"@id\":\"https:\/\/brasilnoticias.org\/site\/#\/schema\/logo\/image\/\"}},{\"@type\":\"Person\",\"@id\":\"https:\/\/brasilnoticias.org\/site\/#\/schema\/person\/03bbbfe6c7634ad18c26444ea39049fa\",\"name\":\"Reda\u00e7\u00e3o\",\"image\":{\"@type\":\"ImageObject\",\"inLanguage\":\"pt-PT\",\"@id\":\"https:\/\/brasilnoticias.org\/site\/#\/schema\/person\/image\/\",\"url\":\"https:\/\/secure.gravatar.com\/avatar\/9ecaf7327a696cb23ad926fedded5f1f04d7049de9e445375d55b48c001a6e42?s=96&d=mm&r=g\",\"contentUrl\":\"https:\/\/secure.gravatar.com\/avatar\/9ecaf7327a696cb23ad926fedded5f1f04d7049de9e445375d55b48c001a6e42?s=96&d=mm&r=g\",\"caption\":\"Reda\u00e7\u00e3o\"},\"url\":\"https:\/\/brasilnoticias.org\/site\/author\/henrique\/\"}]}<\/script>\n<!-- \/ Yoast SEO plugin. -->","yoast_head_json":{"title":"Javier Milei envia carta para Lula, convida para posse e fala em \"constru\u00e7\u00e3o de la\u00e7os\" - Brasil not\u00edcias","robots":{"index":"index","follow":"follow","max-snippet":"max-snippet:-1","max-image-preview":"max-image-preview:large","max-video-preview":"max-video-preview:-1"},"canonical":"https:\/\/brasilnoticias.org\/site\/javier-milei-envia-carta-para-lula-convida-para-posse-e-fala-em-construcao-de-lacos\/","og_locale":"pt_PT","og_type":"article","og_title":"Javier Milei envia carta para Lula, convida para posse e fala em \"constru\u00e7\u00e3o de la\u00e7os\" - Brasil not\u00edcias","og_description":"Documento foi entregue pela futura chanceler da Argentina durante visita \u00e0 Bras\u00edlia O presidente eleito da Argentina, Javier Milei, enviou","og_url":"https:\/\/brasilnoticias.org\/site\/javier-milei-envia-carta-para-lula-convida-para-posse-e-fala-em-construcao-de-lacos\/","og_site_name":"Brasil not\u00edcias","article_published_time":"2023-11-26T22:18:45+00:00","og_image":[{"width":1600,"height":752,"url":"https:\/\/brasilnoticias.org\/site\/wp-content\/uploads\/2023\/11\/143578javier-milei-envia-carta-para-lula-convida-para-posse-e-fala-em-construcao-de-lacos-3.jpg","type":"image\/jpeg"}],"author":"Reda\u00e7\u00e3o","twitter_card":"summary_large_image","twitter_misc":{"Escrito por":"Reda\u00e7\u00e3o"},"schema":{"@context":"https:\/\/schema.org","@graph":[{"@type":"Article","@id":"https:\/\/brasilnoticias.org\/site\/javier-milei-envia-carta-para-lula-convida-para-posse-e-fala-em-construcao-de-lacos\/#article","isPartOf":{"@id":"https:\/\/brasilnoticias.org\/site\/javier-milei-envia-carta-para-lula-convida-para-posse-e-fala-em-construcao-de-lacos\/"},"author":{"name":"Reda\u00e7\u00e3o","@id":"https:\/\/brasilnoticias.org\/site\/#\/schema\/person\/03bbbfe6c7634ad18c26444ea39049fa"},"headline":"Javier Milei envia carta para Lula, convida para posse e fala em &#8220;constru\u00e7\u00e3o de la\u00e7os&#8221;","datePublished":"2023-11-26T22:18:45+00:00","mainEntityOfPage":{"@id":"https:\/\/brasilnoticias.org\/site\/javier-milei-envia-carta-para-lula-convida-para-posse-e-fala-em-construcao-de-lacos\/"},"wordCount":249,"commentCount":0,"publisher":{"@id":"https:\/\/brasilnoticias.org\/site\/#organization"},"image":{"@id":"https:\/\/brasilnoticias.org\/site\/javier-milei-envia-carta-para-lula-convida-para-posse-e-fala-em-construcao-de-lacos\/#primaryimage"},"thumbnailUrl":"https:\/\/brasilnoticias.org\/site\/wp-content\/uploads\/2023\/11\/143578javier-milei-envia-carta-para-lula-convida-para-posse-e-fala-em-construcao-de-lacos-3.jpg","articleSection":["Pol\u00edtica","\u00daltimas"],"inLanguage":"pt-PT","potentialAction":[{"@type":"CommentAction","name":"Comment","target":["https:\/\/brasilnoticias.org\/site\/javier-milei-envia-carta-para-lula-convida-para-posse-e-fala-em-construcao-de-lacos\/#respond"]}]},{"@type":"WebPage","@id":"https:\/\/brasilnoticias.org\/site\/javier-milei-envia-carta-para-lula-convida-para-posse-e-fala-em-construcao-de-lacos\/","url":"https:\/\/brasilnoticias.org\/site\/javier-milei-envia-carta-para-lula-convida-para-posse-e-fala-em-construcao-de-lacos\/","name":"Javier Milei envia carta para Lula, convida para posse e fala em \"constru\u00e7\u00e3o de la\u00e7os\" - Brasil not\u00edcias","isPartOf":{"@id":"https:\/\/brasilnoticias.org\/site\/#website"},"primaryImageOfPage":{"@id":"https:\/\/brasilnoticias.org\/site\/javier-milei-envia-carta-para-lula-convida-para-posse-e-fala-em-construcao-de-lacos\/#primaryimage"},"image":{"@id":"https:\/\/brasilnoticias.org\/site\/javier-milei-envia-carta-para-lula-convida-para-posse-e-fala-em-construcao-de-lacos\/#primaryimage"},"thumbnailUrl":"https:\/\/brasilnoticias.org\/site\/wp-content\/uploads\/2023\/11\/143578javier-milei-envia-carta-para-lula-convida-para-posse-e-fala-em-construcao-de-lacos-3.jpg","datePublished":"2023-11-26T22:18:45+00:00","breadcrumb":{"@id":"https:\/\/brasilnoticias.org\/site\/javier-milei-envia-carta-para-lula-convida-para-posse-e-fala-em-construcao-de-lacos\/#breadcrumb"},"inLanguage":"pt-PT","potentialAction":[{"@type":"ReadAction","target":["https:\/\/brasilnoticias.org\/site\/javier-milei-envia-carta-para-lula-convida-para-posse-e-fala-em-construcao-de-lacos\/"]}]},{"@type":"ImageObject","inLanguage":"pt-PT","@id":"https:\/\/brasilnoticias.org\/site\/javier-milei-envia-carta-para-lula-convida-para-posse-e-fala-em-construcao-de-lacos\/#primaryimage","url":"https:\/\/brasilnoticias.org\/site\/wp-content\/uploads\/2023\/11\/143578javier-milei-envia-carta-para-lula-convida-para-posse-e-fala-em-construcao-de-lacos-3.jpg","contentUrl":"https:\/\/brasilnoticias.org\/site\/wp-content\/uploads\/2023\/11\/143578javier-milei-envia-carta-para-lula-convida-para-posse-e-fala-em-construcao-de-lacos-3.jpg","width":1600,"height":752},{"@type":"BreadcrumbList","@id":"https:\/\/brasilnoticias.org\/site\/javier-milei-envia-carta-para-lula-convida-para-posse-e-fala-em-construcao-de-lacos\/#breadcrumb","itemListElement":[{"@type":"ListItem","position":1,"name":"In\u00edcio","item":"https:\/\/brasilnoticias.org\/site\/"},{"@type":"ListItem","position":2,"name":"Javier Milei envia carta para Lula, convida para posse e fala em &#8220;constru\u00e7\u00e3o de la\u00e7os&#8221;"}]},{"@type":"WebSite","@id":"https:\/\/brasilnoticias.org\/site\/#website","url":"https:\/\/brasilnoticias.org\/site\/","name":"Brasil not\u00edcias","description":"Brasil not\u00edcias","publisher":{"@id":"https:\/\/brasilnoticias.org\/site\/#organization"},"potentialAction":[{"@type":"SearchAction","target":{"@type":"EntryPoint","urlTemplate":"https:\/\/brasilnoticias.org\/site\/?s={search_term_string}"},"query-input":{"@type":"PropertyValueSpecification","valueRequired":true,"valueName":"search_term_string"}}],"inLanguage":"pt-PT"},{"@type":"Organization","@id":"https:\/\/brasilnoticias.org\/site\/#organization","name":"Brasil not\u00edcias","url":"https:\/\/brasilnoticias.org\/site\/","logo":{"@type":"ImageObject","inLanguage":"pt-PT","@id":"https:\/\/brasilnoticias.org\/site\/#\/schema\/logo\/image\/","url":"https:\/\/brasilnoticias.org\/site\/wp-content\/uploads\/2022\/05\/cropped-brasilnoticias-mini.jpg","contentUrl":"https:\/\/brasilnoticias.org\/site\/wp-content\/uploads\/2022\/05\/cropped-brasilnoticias-mini.jpg","width":314,"height":86,"caption":"Brasil not\u00edcias"},"image":{"@id":"https:\/\/brasilnoticias.org\/site\/#\/schema\/logo\/image\/"}},{"@type":"Person","@id":"https:\/\/brasilnoticias.org\/site\/#\/schema\/person\/03bbbfe6c7634ad18c26444ea39049fa","name":"Reda\u00e7\u00e3o","image":{"@type":"ImageObject","inLanguage":"pt-PT","@id":"https:\/\/brasilnoticias.org\/site\/#\/schema\/person\/image\/","url":"https:\/\/secure.gravatar.com\/avatar\/9ecaf7327a696cb23ad926fedded5f1f04d7049de9e445375d55b48c001a6e42?s=96&d=mm&r=g","contentUrl":"https:\/\/secure.gravatar.com\/avatar\/9ecaf7327a696cb23ad926fedded5f1f04d7049de9e445375d55b48c001a6e42?s=96&d=mm&r=g","caption":"Reda\u00e7\u00e3o"},"url":"https:\/\/brasilnoticias.org\/site\/author\/henrique\/"}]}},"_links":{"self":[{"href":"https:\/\/brasilnoticias.org\/site\/wp-json\/wp\/v2\/posts\/11263","targetHints":{"allow":["GET"]}}],"collection":[{"href":"https:\/\/brasilnoticias.org\/site\/wp-json\/wp\/v2\/posts"}],"about":[{"href":"https:\/\/brasilnoticias.org\/site\/wp-json\/wp\/v2\/types\/post"}],"author":[{"embeddable":true,"href":"https:\/\/brasilnoticias.org\/site\/wp-json\/wp\/v2\/users\/4"}],"replies":[{"embeddable":true,"href":"https:\/\/brasilnoticias.org\/site\/wp-json\/wp\/v2\/comments?post=11263"}],"version-history":[{"count":1,"href":"https:\/\/brasilnoticias.org\/site\/wp-json\/wp\/v2\/posts\/11263\/revisions"}],"predecessor-version":[{"id":11265,"href":"https:\/\/brasilnoticias.org\/site\/wp-json\/wp\/v2\/posts\/11263\/revisions\/11265"}],"wp:featuredmedia":[{"embeddable":true,"href":"https:\/\/brasilnoticias.org\/site\/wp-json\/wp\/v2\/media\/11264"}],"wp:attachment":[{"href":"https:\/\/brasilnoticias.org\/site\/wp-json\/wp\/v2\/media?parent=11263"}],"wp:term":[{"taxonomy":"category","embeddable":true,"href":"https:\/\/brasilnoticias.org\/site\/wp-json\/wp\/v2\/categories?post=11263"},{"taxonomy":"post_tag","embeddable":true,"href":"https:\/\/brasilnoticias.org\/site\/wp-json\/wp\/v2\/tags?post=11263"}],"curies":[{"name":"wp","href":"https:\/\/api.w.org\/{rel}","templated":true}]}}