{"id":11278,"date":"2023-11-27T06:00:33","date_gmt":"2023-11-27T09:00:33","guid":{"rendered":"https:\/\/brasilnoticias.org\/site\/?p=11278"},"modified":"2023-11-26T19:26:31","modified_gmt":"2023-11-26T22:26:31","slug":"em-feira-da-mata-jeronimo-entrega-reforma-de-unidade-de-saude-e-obras-de-desenvolvimento-urbano","status":"publish","type":"post","link":"https:\/\/brasilnoticias.org\/site\/em-feira-da-mata-jeronimo-entrega-reforma-de-unidade-de-saude-e-obras-de-desenvolvimento-urbano\/","title":{"rendered":"Em Feira da Mata, Jer\u00f4nimo entrega reforma de unidade de sa\u00fade e obras de desenvolvimento urbano"},"content":{"rendered":"<p>O s\u00e1bado (25) amanheceu bonito no munic\u00edpio de Feira da Mata, no oeste baiano. Com sol forte e calor intenso, o governador Jer\u00f4nimo Rodrigues, acompanhado do prefeito Valmir Macedo, cumpriu agenda na cidade, entregando obras nas \u00e1reas de infraestrutura e sa\u00fade. Tamb\u00e9m houve assinatura de ordens de servi\u00e7o e autoriza\u00e7\u00f5es para outras interven\u00e7\u00f5es. <\/p>\n<p>A Unidade Mista de Sa\u00fade Nelson Pinheiro de Azevedo, na sede, passou por reforma geral. Foram investidos mais de R$ 634 mil, entre obras e equipamentos. A partir de agora, o equipamento pode realizar procedimentos como cirurgias e partos. Foram realizados servi\u00e7os de reforma de muro, port\u00f5es, paredes, pisos, instala\u00e7\u00f5es el\u00e9trica e hidr\u00e1ulica, cobertura, esquadrias, instala\u00e7\u00f5es de esgoto e ventila\u00e7\u00e3o, bancadas e balc\u00f5es, acessibilidade, lou\u00e7as e metais, preven\u00e7\u00e3o e combate a inc\u00eandio.<\/p>\n<p>Tamb\u00e9m foram entregues novos ar condicionados, um carro de emerg\u00eancia, um foco cir\u00fargico, uma incubadora de cuidado intensivo, um monitor card\u00edaco, um ventilador pulmonar e aparelho de ultrassom para a Unidade Mista de Sa\u00fade Nelson Pinheiro de Azevedo. J\u00e1 o Centro Municipal de Imagem recebeu um aparelho e processador de Raio-X. <\/p>\n<p>A secret\u00e1ria estadual da Sa\u00fade, Roberta Santana, destaca a relev\u00e2ncias das a\u00e7\u00f5es no setor, interiorizando o atendimento e qualificando a aten\u00e7\u00e3o \u00e0 sa\u00fade dos baianos e baianas. \u201cA gente tem realizado um conv\u00eanio no fortalecimento das unidades b\u00e1sicas de sa\u00fade prim\u00e1ria. Essa unidade mista vai poder atender tanto a Aten\u00e7\u00e3o Prim\u00e1ria como vamos poder fazer partos aqui. A gente volta a poder fazer as pessoas nascerem aqui, no seu munic\u00edpio. Ent\u00e3o, \u00e9 muito importante esse fortalecimento tamb\u00e9m. \u00c9 a interioriza\u00e7\u00e3o da sa\u00fade no estado. Esse \u00e9 um pedido do governador e \u00e9 isso que a gente tem feito. Tamb\u00e9m, recentemente, entregamos uma ambul\u00e2ncia para ajudar no transporte regulat\u00f3rio\u201d, conta ela.<\/p>\n<p>&#8220;A reforma da unidade de sa\u00fade em Feira da Mata representa uma melhoria na infraestrutura de sa\u00fade da cidade, proporcionando um atendimento de qualidade para a popula\u00e7\u00e3o. Al\u00e9m disso, as obras de pavimenta\u00e7\u00e3o e as estradas que ser\u00e3o constru\u00eddas facilitar\u00e3o o acesso da cidade a outras regi\u00f5es. A atualiza\u00e7\u00e3o e prepara\u00e7\u00e3o dos projetos de \u00e1gua tamb\u00e9m garantir\u00e3o o abastecimento para v\u00e1rias comunidades, melhorando a qualidade de vida dos moradores\u201d, avalia o governador.<\/p>\n<p>Infraestrutura<\/p>\n<p>Na \u00e1rea de infraestrutura, por meio de conv\u00eanio entre o Governo do Estado e a prefeitura, foram entregues a pavimenta\u00e7\u00e3o em paralelep\u00edpedo de ruas da comunidade de V\u00e1rzea da Cruz e do distrito de Ramalho. Os servi\u00e7os foram realizados pela Companhia de Desenvolvimento Urbano da Bahia (Conder). Juntos, foram investidos mais de R$ 920 mil. <\/p>\n<p>O prefeito Valmir Macedo comemora a realiza\u00e7\u00e3o das obras por meio da parceria com o governo do estado: &#8220;a gente tem 70% da comunidade nossa que bebe \u00e1gua salgada, tem outras comunidades que imploram para levarmos 20 litros de \u00e1gua doce pra eles. Comecei essa parceria com o Rui e tenho certeza de que Feira da Mata vai se dar muito bem com a parceria com Jer\u00f4nimo. Temos ali um caminh\u00e3o cheio de equipamentos conseguidos pela secret\u00e1ria da Sa\u00fade. Essa pavimenta\u00e7\u00e3o \u00e9 outro sonho. O munic\u00edpio s\u00f3 tem a ganhar&#8221;.<\/p>\n<p>Na Comunidade de Itapicuru, Jer\u00f4nimo assinou um conv\u00eanio com a prefeitura de Feira da Mata para a constru\u00e7\u00e3o de uma pra\u00e7a. \u00c9 previsto um investimento de R$ 327 mil.<\/p>\n<p>O governador assinou a ordem de servi\u00e7o autorizando a Conder a pavimentar oito ruas da cidade. O valor desta interven\u00e7\u00e3o \u00e9 superior a R$ 1,1 milh\u00e3o.<\/p>\n<p>A Secretaria de Infraestrutura do Estado (Seinfra) recebeu duas autoriza\u00e7\u00f5es: uma para iniciar o processo licitat\u00f3rio para pavimenta\u00e7\u00e3o asf\u00e1ltica do trecho de tr\u00eas quil\u00f4metros do entroncamento da BR-030 (Feira da Mata) \u2013 Ponte sobre o Rio Carinhanha (Divisa BA\/MG), no valor de R$ 3 milh\u00f5es. Ser\u00e3o beneficiados os munic\u00edpios de Cocos, Feira da Mata e Carinhanha. A outra \u00e9 um acordo com o Cons\u00f3rcio Intermunicipal Bacia do Rio Corrente (Cibarc) para pavimenta\u00e7\u00e3o asf\u00e1ltica de 33 quil\u00f4metros, entre Boca da Lapa e V\u00e1rzea da Cruz, acesso \u00e0 BA-601. Ser\u00e3o investidos R$ 2,5 milh\u00f5es para atender ao munic\u00edpio de Feira da Mata.<\/p>\n<p>A Secretaria de Infraestrutura H\u00eddrica e Saneamento do Estado (Sihs), atrav\u00e9s da Companhia de Engenharia e Recursos H\u00eddricos (Cerb), tamb\u00e9m recebeu duas autoriza\u00e7\u00f5es: uma para atualizar o projeto para implanta\u00e7\u00e3o do Sistema Integrado de Abastecimento de \u00c1gua das localidades de Itapicuru, Barra do Riacho, V\u00e1rzea da Cruz, Po\u00e7\u00e3o, Aldeia e Ramalho. O investimento estimado \u00e9 de R$ 18 milh\u00f5es. J\u00e1 a outra foi para captar recursos necess\u00e1rios para implanta\u00e7\u00e3o do Sistema de Abastecimento de \u00c1gua das localidades de Mangabeiras, T\u00e1buas, Vargem das Cara\u00edbas, Paje\u00fa, Pingueira, Neves, Sanharol e Ladeira. Devem ser investidos R$ 10 milh\u00f5es.<\/p>\n<p>A comitiva era composta pela secret\u00e1ria de Desenvolvimento Urbano, Jusmari Oliveira, o chefe de gabinete do governador, Adolfo Loyola, o superintendente de Infraestrutura de Transporte, Saulo Pontes, al\u00e9m de deputados estadual e federal. Na ocasi\u00e3o, o governador prometeu voltar \u00e0 Feira da Mata, em breve, para entregar unidades das pol\u00edcias Civil e Militar.<\/p>\n<p>Foto: Mateus Pereira\/GOVBA<br \/>\nRep\u00f3rter: Anderson Oliveira\/GOVBA<\/p>\n","protected":false},"excerpt":{"rendered":"<p>O s\u00e1bado (25) amanheceu bonito no munic\u00edpio de Feira da Mata, no oeste baiano. Com sol forte e calor intenso,<\/p>\n","protected":false},"author":4,"featured_media":11279,"comment_status":"open","ping_status":"open","sticky":false,"template":"","format":"standard","meta":{"colormag_page_container_layout":"default_layout","colormag_page_sidebar_layout":"default_layout","_FSMCFIC_featured_image_caption":"","_FSMCFIC_featured_image_nocaption":"","_FSMCFIC_featured_image_hide":"","footnotes":""},"categories":[5,1],"tags":[],"class_list":["post-11278","post","type-post","status-publish","format-standard","has-post-thumbnail","hentry","category-politica","category-ultimas"],"yoast_head":"<!-- This site is optimized with the Yoast SEO plugin v27.1.1 - https:\/\/yoast.com\/product\/yoast-seo-wordpress\/ -->\n<title>Em Feira da Mata, Jer\u00f4nimo entrega reforma de unidade de sa\u00fade e obras de desenvolvimento urbano - Brasil not\u00edcias<\/title>\n<meta name=\"robots\" content=\"index, follow, max-snippet:-1, max-image-preview:large, max-video-preview:-1\" \/>\n<link rel=\"canonical\" href=\"https:\/\/brasilnoticias.org\/site\/em-feira-da-mata-jeronimo-entrega-reforma-de-unidade-de-saude-e-obras-de-desenvolvimento-urbano\/\" \/>\n<meta property=\"og:locale\" content=\"pt_PT\" \/>\n<meta property=\"og:type\" content=\"article\" \/>\n<meta property=\"og:title\" content=\"Em Feira da Mata, Jer\u00f4nimo entrega reforma de unidade de sa\u00fade e obras de desenvolvimento urbano - Brasil not\u00edcias\" \/>\n<meta property=\"og:description\" content=\"O s\u00e1bado (25) amanheceu bonito no munic\u00edpio de Feira da Mata, no oeste baiano. Com sol forte e calor intenso,\" \/>\n<meta property=\"og:url\" content=\"https:\/\/brasilnoticias.org\/site\/em-feira-da-mata-jeronimo-entrega-reforma-de-unidade-de-saude-e-obras-de-desenvolvimento-urbano\/\" \/>\n<meta property=\"og:site_name\" content=\"Brasil not\u00edcias\" \/>\n<meta property=\"article:published_time\" content=\"2023-11-27T09:00:33+00:00\" \/>\n<meta property=\"og:image\" content=\"https:\/\/brasilnoticias.org\/site\/wp-content\/uploads\/2023\/11\/Fotos-Mateus-PereiraGOVBA-Image-2023-11-25-at-12.39.02-900x600-1.webp\" \/>\n\t<meta property=\"og:image:width\" content=\"900\" \/>\n\t<meta property=\"og:image:height\" content=\"600\" \/>\n\t<meta property=\"og:image:type\" content=\"image\/webp\" \/>\n<meta name=\"author\" content=\"Reda\u00e7\u00e3o\" \/>\n<meta name=\"twitter:card\" content=\"summary_large_image\" \/>\n<meta name=\"twitter:label1\" content=\"Escrito por\" \/>\n\t<meta name=\"twitter:data1\" content=\"Reda\u00e7\u00e3o\" \/>\n<script type=\"application\/ld+json\" class=\"yoast-schema-graph\">{\"@context\":\"https:\/\/schema.org\",\"@graph\":[{\"@type\":\"Article\",\"@id\":\"https:\/\/brasilnoticias.org\/site\/em-feira-da-mata-jeronimo-entrega-reforma-de-unidade-de-saude-e-obras-de-desenvolvimento-urbano\/#article\",\"isPartOf\":{\"@id\":\"https:\/\/brasilnoticias.org\/site\/em-feira-da-mata-jeronimo-entrega-reforma-de-unidade-de-saude-e-obras-de-desenvolvimento-urbano\/\"},\"author\":{\"name\":\"Reda\u00e7\u00e3o\",\"@id\":\"https:\/\/brasilnoticias.org\/site\/#\/schema\/person\/03bbbfe6c7634ad18c26444ea39049fa\"},\"headline\":\"Em Feira da Mata, Jer\u00f4nimo entrega reforma de unidade de sa\u00fade e obras de desenvolvimento urbano\",\"datePublished\":\"2023-11-27T09:00:33+00:00\",\"mainEntityOfPage\":{\"@id\":\"https:\/\/brasilnoticias.org\/site\/em-feira-da-mata-jeronimo-entrega-reforma-de-unidade-de-saude-e-obras-de-desenvolvimento-urbano\/\"},\"wordCount\":923,\"commentCount\":0,\"publisher\":{\"@id\":\"https:\/\/brasilnoticias.org\/site\/#organization\"},\"image\":{\"@id\":\"https:\/\/brasilnoticias.org\/site\/em-feira-da-mata-jeronimo-entrega-reforma-de-unidade-de-saude-e-obras-de-desenvolvimento-urbano\/#primaryimage\"},\"thumbnailUrl\":\"https:\/\/brasilnoticias.org\/site\/wp-content\/uploads\/2023\/11\/Fotos-Mateus-PereiraGOVBA-Image-2023-11-25-at-12.39.02-900x600-1.webp\",\"articleSection\":[\"Pol\u00edtica\",\"\u00daltimas\"],\"inLanguage\":\"pt-PT\",\"potentialAction\":[{\"@type\":\"CommentAction\",\"name\":\"Comment\",\"target\":[\"https:\/\/brasilnoticias.org\/site\/em-feira-da-mata-jeronimo-entrega-reforma-de-unidade-de-saude-e-obras-de-desenvolvimento-urbano\/#respond\"]}]},{\"@type\":\"WebPage\",\"@id\":\"https:\/\/brasilnoticias.org\/site\/em-feira-da-mata-jeronimo-entrega-reforma-de-unidade-de-saude-e-obras-de-desenvolvimento-urbano\/\",\"url\":\"https:\/\/brasilnoticias.org\/site\/em-feira-da-mata-jeronimo-entrega-reforma-de-unidade-de-saude-e-obras-de-desenvolvimento-urbano\/\",\"name\":\"Em Feira da Mata, Jer\u00f4nimo entrega reforma de unidade de sa\u00fade e obras de desenvolvimento urbano - Brasil not\u00edcias\",\"isPartOf\":{\"@id\":\"https:\/\/brasilnoticias.org\/site\/#website\"},\"primaryImageOfPage\":{\"@id\":\"https:\/\/brasilnoticias.org\/site\/em-feira-da-mata-jeronimo-entrega-reforma-de-unidade-de-saude-e-obras-de-desenvolvimento-urbano\/#primaryimage\"},\"image\":{\"@id\":\"https:\/\/brasilnoticias.org\/site\/em-feira-da-mata-jeronimo-entrega-reforma-de-unidade-de-saude-e-obras-de-desenvolvimento-urbano\/#primaryimage\"},\"thumbnailUrl\":\"https:\/\/brasilnoticias.org\/site\/wp-content\/uploads\/2023\/11\/Fotos-Mateus-PereiraGOVBA-Image-2023-11-25-at-12.39.02-900x600-1.webp\",\"datePublished\":\"2023-11-27T09:00:33+00:00\",\"breadcrumb\":{\"@id\":\"https:\/\/brasilnoticias.org\/site\/em-feira-da-mata-jeronimo-entrega-reforma-de-unidade-de-saude-e-obras-de-desenvolvimento-urbano\/#breadcrumb\"},\"inLanguage\":\"pt-PT\",\"potentialAction\":[{\"@type\":\"ReadAction\",\"target\":[\"https:\/\/brasilnoticias.org\/site\/em-feira-da-mata-jeronimo-entrega-reforma-de-unidade-de-saude-e-obras-de-desenvolvimento-urbano\/\"]}]},{\"@type\":\"ImageObject\",\"inLanguage\":\"pt-PT\",\"@id\":\"https:\/\/brasilnoticias.org\/site\/em-feira-da-mata-jeronimo-entrega-reforma-de-unidade-de-saude-e-obras-de-desenvolvimento-urbano\/#primaryimage\",\"url\":\"https:\/\/brasilnoticias.org\/site\/wp-content\/uploads\/2023\/11\/Fotos-Mateus-PereiraGOVBA-Image-2023-11-25-at-12.39.02-900x600-1.webp\",\"contentUrl\":\"https:\/\/brasilnoticias.org\/site\/wp-content\/uploads\/2023\/11\/Fotos-Mateus-PereiraGOVBA-Image-2023-11-25-at-12.39.02-900x600-1.webp\",\"width\":900,\"height\":600},{\"@type\":\"BreadcrumbList\",\"@id\":\"https:\/\/brasilnoticias.org\/site\/em-feira-da-mata-jeronimo-entrega-reforma-de-unidade-de-saude-e-obras-de-desenvolvimento-urbano\/#breadcrumb\",\"itemListElement\":[{\"@type\":\"ListItem\",\"position\":1,\"name\":\"In\u00edcio\",\"item\":\"https:\/\/brasilnoticias.org\/site\/\"},{\"@type\":\"ListItem\",\"position\":2,\"name\":\"Em Feira da Mata, Jer\u00f4nimo entrega reforma de unidade de sa\u00fade e obras de desenvolvimento urbano\"}]},{\"@type\":\"WebSite\",\"@id\":\"https:\/\/brasilnoticias.org\/site\/#website\",\"url\":\"https:\/\/brasilnoticias.org\/site\/\",\"name\":\"Brasil not\u00edcias\",\"description\":\"Brasil not\u00edcias\",\"publisher\":{\"@id\":\"https:\/\/brasilnoticias.org\/site\/#organization\"},\"potentialAction\":[{\"@type\":\"SearchAction\",\"target\":{\"@type\":\"EntryPoint\",\"urlTemplate\":\"https:\/\/brasilnoticias.org\/site\/?s={search_term_string}\"},\"query-input\":{\"@type\":\"PropertyValueSpecification\",\"valueRequired\":true,\"valueName\":\"search_term_string\"}}],\"inLanguage\":\"pt-PT\"},{\"@type\":\"Organization\",\"@id\":\"https:\/\/brasilnoticias.org\/site\/#organization\",\"name\":\"Brasil not\u00edcias\",\"url\":\"https:\/\/brasilnoticias.org\/site\/\",\"logo\":{\"@type\":\"ImageObject\",\"inLanguage\":\"pt-PT\",\"@id\":\"https:\/\/brasilnoticias.org\/site\/#\/schema\/logo\/image\/\",\"url\":\"https:\/\/brasilnoticias.org\/site\/wp-content\/uploads\/2022\/05\/cropped-brasilnoticias-mini.jpg\",\"contentUrl\":\"https:\/\/brasilnoticias.org\/site\/wp-content\/uploads\/2022\/05\/cropped-brasilnoticias-mini.jpg\",\"width\":314,\"height\":86,\"caption\":\"Brasil not\u00edcias\"},\"image\":{\"@id\":\"https:\/\/brasilnoticias.org\/site\/#\/schema\/logo\/image\/\"}},{\"@type\":\"Person\",\"@id\":\"https:\/\/brasilnoticias.org\/site\/#\/schema\/person\/03bbbfe6c7634ad18c26444ea39049fa\",\"name\":\"Reda\u00e7\u00e3o\",\"image\":{\"@type\":\"ImageObject\",\"inLanguage\":\"pt-PT\",\"@id\":\"https:\/\/brasilnoticias.org\/site\/#\/schema\/person\/image\/\",\"url\":\"https:\/\/secure.gravatar.com\/avatar\/9ecaf7327a696cb23ad926fedded5f1f04d7049de9e445375d55b48c001a6e42?s=96&d=mm&r=g\",\"contentUrl\":\"https:\/\/secure.gravatar.com\/avatar\/9ecaf7327a696cb23ad926fedded5f1f04d7049de9e445375d55b48c001a6e42?s=96&d=mm&r=g\",\"caption\":\"Reda\u00e7\u00e3o\"},\"url\":\"https:\/\/brasilnoticias.org\/site\/author\/henrique\/\"}]}<\/script>\n<!-- \/ Yoast SEO plugin. -->","yoast_head_json":{"title":"Em Feira da Mata, Jer\u00f4nimo entrega reforma de unidade de sa\u00fade e obras de desenvolvimento urbano - Brasil not\u00edcias","robots":{"index":"index","follow":"follow","max-snippet":"max-snippet:-1","max-image-preview":"max-image-preview:large","max-video-preview":"max-video-preview:-1"},"canonical":"https:\/\/brasilnoticias.org\/site\/em-feira-da-mata-jeronimo-entrega-reforma-de-unidade-de-saude-e-obras-de-desenvolvimento-urbano\/","og_locale":"pt_PT","og_type":"article","og_title":"Em Feira da Mata, Jer\u00f4nimo entrega reforma de unidade de sa\u00fade e obras de desenvolvimento urbano - Brasil not\u00edcias","og_description":"O s\u00e1bado (25) amanheceu bonito no munic\u00edpio de Feira da Mata, no oeste baiano. Com sol forte e calor intenso,","og_url":"https:\/\/brasilnoticias.org\/site\/em-feira-da-mata-jeronimo-entrega-reforma-de-unidade-de-saude-e-obras-de-desenvolvimento-urbano\/","og_site_name":"Brasil not\u00edcias","article_published_time":"2023-11-27T09:00:33+00:00","og_image":[{"width":900,"height":600,"url":"https:\/\/brasilnoticias.org\/site\/wp-content\/uploads\/2023\/11\/Fotos-Mateus-PereiraGOVBA-Image-2023-11-25-at-12.39.02-900x600-1.webp","type":"image\/webp"}],"author":"Reda\u00e7\u00e3o","twitter_card":"summary_large_image","twitter_misc":{"Escrito por":"Reda\u00e7\u00e3o"},"schema":{"@context":"https:\/\/schema.org","@graph":[{"@type":"Article","@id":"https:\/\/brasilnoticias.org\/site\/em-feira-da-mata-jeronimo-entrega-reforma-de-unidade-de-saude-e-obras-de-desenvolvimento-urbano\/#article","isPartOf":{"@id":"https:\/\/brasilnoticias.org\/site\/em-feira-da-mata-jeronimo-entrega-reforma-de-unidade-de-saude-e-obras-de-desenvolvimento-urbano\/"},"author":{"name":"Reda\u00e7\u00e3o","@id":"https:\/\/brasilnoticias.org\/site\/#\/schema\/person\/03bbbfe6c7634ad18c26444ea39049fa"},"headline":"Em Feira da Mata, Jer\u00f4nimo entrega reforma de unidade de sa\u00fade e obras de desenvolvimento urbano","datePublished":"2023-11-27T09:00:33+00:00","mainEntityOfPage":{"@id":"https:\/\/brasilnoticias.org\/site\/em-feira-da-mata-jeronimo-entrega-reforma-de-unidade-de-saude-e-obras-de-desenvolvimento-urbano\/"},"wordCount":923,"commentCount":0,"publisher":{"@id":"https:\/\/brasilnoticias.org\/site\/#organization"},"image":{"@id":"https:\/\/brasilnoticias.org\/site\/em-feira-da-mata-jeronimo-entrega-reforma-de-unidade-de-saude-e-obras-de-desenvolvimento-urbano\/#primaryimage"},"thumbnailUrl":"https:\/\/brasilnoticias.org\/site\/wp-content\/uploads\/2023\/11\/Fotos-Mateus-PereiraGOVBA-Image-2023-11-25-at-12.39.02-900x600-1.webp","articleSection":["Pol\u00edtica","\u00daltimas"],"inLanguage":"pt-PT","potentialAction":[{"@type":"CommentAction","name":"Comment","target":["https:\/\/brasilnoticias.org\/site\/em-feira-da-mata-jeronimo-entrega-reforma-de-unidade-de-saude-e-obras-de-desenvolvimento-urbano\/#respond"]}]},{"@type":"WebPage","@id":"https:\/\/brasilnoticias.org\/site\/em-feira-da-mata-jeronimo-entrega-reforma-de-unidade-de-saude-e-obras-de-desenvolvimento-urbano\/","url":"https:\/\/brasilnoticias.org\/site\/em-feira-da-mata-jeronimo-entrega-reforma-de-unidade-de-saude-e-obras-de-desenvolvimento-urbano\/","name":"Em Feira da Mata, Jer\u00f4nimo entrega reforma de unidade de sa\u00fade e obras de desenvolvimento urbano - Brasil not\u00edcias","isPartOf":{"@id":"https:\/\/brasilnoticias.org\/site\/#website"},"primaryImageOfPage":{"@id":"https:\/\/brasilnoticias.org\/site\/em-feira-da-mata-jeronimo-entrega-reforma-de-unidade-de-saude-e-obras-de-desenvolvimento-urbano\/#primaryimage"},"image":{"@id":"https:\/\/brasilnoticias.org\/site\/em-feira-da-mata-jeronimo-entrega-reforma-de-unidade-de-saude-e-obras-de-desenvolvimento-urbano\/#primaryimage"},"thumbnailUrl":"https:\/\/brasilnoticias.org\/site\/wp-content\/uploads\/2023\/11\/Fotos-Mateus-PereiraGOVBA-Image-2023-11-25-at-12.39.02-900x600-1.webp","datePublished":"2023-11-27T09:00:33+00:00","breadcrumb":{"@id":"https:\/\/brasilnoticias.org\/site\/em-feira-da-mata-jeronimo-entrega-reforma-de-unidade-de-saude-e-obras-de-desenvolvimento-urbano\/#breadcrumb"},"inLanguage":"pt-PT","potentialAction":[{"@type":"ReadAction","target":["https:\/\/brasilnoticias.org\/site\/em-feira-da-mata-jeronimo-entrega-reforma-de-unidade-de-saude-e-obras-de-desenvolvimento-urbano\/"]}]},{"@type":"ImageObject","inLanguage":"pt-PT","@id":"https:\/\/brasilnoticias.org\/site\/em-feira-da-mata-jeronimo-entrega-reforma-de-unidade-de-saude-e-obras-de-desenvolvimento-urbano\/#primaryimage","url":"https:\/\/brasilnoticias.org\/site\/wp-content\/uploads\/2023\/11\/Fotos-Mateus-PereiraGOVBA-Image-2023-11-25-at-12.39.02-900x600-1.webp","contentUrl":"https:\/\/brasilnoticias.org\/site\/wp-content\/uploads\/2023\/11\/Fotos-Mateus-PereiraGOVBA-Image-2023-11-25-at-12.39.02-900x600-1.webp","width":900,"height":600},{"@type":"BreadcrumbList","@id":"https:\/\/brasilnoticias.org\/site\/em-feira-da-mata-jeronimo-entrega-reforma-de-unidade-de-saude-e-obras-de-desenvolvimento-urbano\/#breadcrumb","itemListElement":[{"@type":"ListItem","position":1,"name":"In\u00edcio","item":"https:\/\/brasilnoticias.org\/site\/"},{"@type":"ListItem","position":2,"name":"Em Feira da Mata, Jer\u00f4nimo entrega reforma de unidade de sa\u00fade e obras de desenvolvimento urbano"}]},{"@type":"WebSite","@id":"https:\/\/brasilnoticias.org\/site\/#website","url":"https:\/\/brasilnoticias.org\/site\/","name":"Brasil not\u00edcias","description":"Brasil not\u00edcias","publisher":{"@id":"https:\/\/brasilnoticias.org\/site\/#organization"},"potentialAction":[{"@type":"SearchAction","target":{"@type":"EntryPoint","urlTemplate":"https:\/\/brasilnoticias.org\/site\/?s={search_term_string}"},"query-input":{"@type":"PropertyValueSpecification","valueRequired":true,"valueName":"search_term_string"}}],"inLanguage":"pt-PT"},{"@type":"Organization","@id":"https:\/\/brasilnoticias.org\/site\/#organization","name":"Brasil not\u00edcias","url":"https:\/\/brasilnoticias.org\/site\/","logo":{"@type":"ImageObject","inLanguage":"pt-PT","@id":"https:\/\/brasilnoticias.org\/site\/#\/schema\/logo\/image\/","url":"https:\/\/brasilnoticias.org\/site\/wp-content\/uploads\/2022\/05\/cropped-brasilnoticias-mini.jpg","contentUrl":"https:\/\/brasilnoticias.org\/site\/wp-content\/uploads\/2022\/05\/cropped-brasilnoticias-mini.jpg","width":314,"height":86,"caption":"Brasil not\u00edcias"},"image":{"@id":"https:\/\/brasilnoticias.org\/site\/#\/schema\/logo\/image\/"}},{"@type":"Person","@id":"https:\/\/brasilnoticias.org\/site\/#\/schema\/person\/03bbbfe6c7634ad18c26444ea39049fa","name":"Reda\u00e7\u00e3o","image":{"@type":"ImageObject","inLanguage":"pt-PT","@id":"https:\/\/brasilnoticias.org\/site\/#\/schema\/person\/image\/","url":"https:\/\/secure.gravatar.com\/avatar\/9ecaf7327a696cb23ad926fedded5f1f04d7049de9e445375d55b48c001a6e42?s=96&d=mm&r=g","contentUrl":"https:\/\/secure.gravatar.com\/avatar\/9ecaf7327a696cb23ad926fedded5f1f04d7049de9e445375d55b48c001a6e42?s=96&d=mm&r=g","caption":"Reda\u00e7\u00e3o"},"url":"https:\/\/brasilnoticias.org\/site\/author\/henrique\/"}]}},"_links":{"self":[{"href":"https:\/\/brasilnoticias.org\/site\/wp-json\/wp\/v2\/posts\/11278","targetHints":{"allow":["GET"]}}],"collection":[{"href":"https:\/\/brasilnoticias.org\/site\/wp-json\/wp\/v2\/posts"}],"about":[{"href":"https:\/\/brasilnoticias.org\/site\/wp-json\/wp\/v2\/types\/post"}],"author":[{"embeddable":true,"href":"https:\/\/brasilnoticias.org\/site\/wp-json\/wp\/v2\/users\/4"}],"replies":[{"embeddable":true,"href":"https:\/\/brasilnoticias.org\/site\/wp-json\/wp\/v2\/comments?post=11278"}],"version-history":[{"count":1,"href":"https:\/\/brasilnoticias.org\/site\/wp-json\/wp\/v2\/posts\/11278\/revisions"}],"predecessor-version":[{"id":11280,"href":"https:\/\/brasilnoticias.org\/site\/wp-json\/wp\/v2\/posts\/11278\/revisions\/11280"}],"wp:featuredmedia":[{"embeddable":true,"href":"https:\/\/brasilnoticias.org\/site\/wp-json\/wp\/v2\/media\/11279"}],"wp:attachment":[{"href":"https:\/\/brasilnoticias.org\/site\/wp-json\/wp\/v2\/media?parent=11278"}],"wp:term":[{"taxonomy":"category","embeddable":true,"href":"https:\/\/brasilnoticias.org\/site\/wp-json\/wp\/v2\/categories?post=11278"},{"taxonomy":"post_tag","embeddable":true,"href":"https:\/\/brasilnoticias.org\/site\/wp-json\/wp\/v2\/tags?post=11278"}],"curies":[{"name":"wp","href":"https:\/\/api.w.org\/{rel}","templated":true}]}}