{"id":11290,"date":"2023-11-27T21:00:46","date_gmt":"2023-11-28T00:00:46","guid":{"rendered":"https:\/\/brasilnoticias.org\/site\/?p=11290"},"modified":"2023-11-27T21:00:46","modified_gmt":"2023-11-28T00:00:46","slug":"israel-x-hamas-cessar-fogo-e-prorrogado-por-mais-dois-dias","status":"publish","type":"post","link":"https:\/\/brasilnoticias.org\/site\/israel-x-hamas-cessar-fogo-e-prorrogado-por-mais-dois-dias\/","title":{"rendered":"Israel x Hamas: cessar-fogo \u00e9 prorrogado por mais dois dias"},"content":{"rendered":"<p>A informa\u00e7\u00e3o foi divulgada nesta segunda-feira (27\/11), pelo Minist\u00e9rio das Rela\u00e7\u00f5es Exteriores do Catar<\/p>\n<p>O cessar-fogo do conflito em Gaza, entre Israel e o Hamas, foi prorrogado por mais dois dias. A informa\u00e7\u00e3o foi divulgada nesta segunda-feira (27\/11), pelo Minist\u00e9rio das Rela\u00e7\u00f5es Exteriores do Catar.ebcebc<br \/>\n\u201cUm acordo foi alcan\u00e7ado para estender a tr\u00e9gua humanit\u00e1ria por mais dois dias na Faixa de Gaza\u201d, escreveu um porta-voz do referido minist\u00e9rio na rede social X (antigo Twitter).<\/p>\n<p>Para essa prorroga\u00e7\u00e3o, o Hamas disse que concordou com o Catar e o Egito para manter as mesmas condi\u00e7\u00f5es da \u2018tr\u00e9gua\u2019 anterior, de quatro dias.<\/p>\n<p>\u201cFoi alcan\u00e7ado um acordo com os irm\u00e3os no Catar e no Egito para prolongar a tr\u00e9gua humanit\u00e1ria tempor\u00e1ria por mais dois dias, com as mesmas condi\u00e7\u00f5es da tr\u00e9gua anterior\u201d, disse um respons\u00e1vel do Hamas em um telefonema \u00e0 Reuters, ag\u00eancia internacional de not\u00edcias.<\/p>\n<p>Foto: Distribui\u00e7\u00e3o de ajuda ao sul de Wadi, em Gaza | Divulga\u00e7\u00e3o\/UNRWA<br \/>\nArtu On<\/p>\n","protected":false},"excerpt":{"rendered":"<p>A informa\u00e7\u00e3o foi divulgada nesta segunda-feira (27\/11), pelo Minist\u00e9rio das Rela\u00e7\u00f5es Exteriores do Catar O cessar-fogo do conflito em Gaza,<\/p>\n","protected":false},"author":4,"featured_media":11291,"comment_status":"open","ping_status":"open","sticky":false,"template":"","format":"standard","meta":{"colormag_page_container_layout":"default_layout","colormag_page_sidebar_layout":"default_layout","_FSMCFIC_featured_image_caption":"","_FSMCFIC_featured_image_nocaption":"","_FSMCFIC_featured_image_hide":"","footnotes":""},"categories":[6,1],"tags":[],"class_list":["post-11290","post","type-post","status-publish","format-standard","has-post-thumbnail","hentry","category-mundo","category-ultimas"],"yoast_head":"<!-- This site is optimized with the Yoast SEO plugin v27.1.1 - https:\/\/yoast.com\/product\/yoast-seo-wordpress\/ -->\n<title>Israel x Hamas: cessar-fogo \u00e9 prorrogado por mais dois dias - Brasil not\u00edcias<\/title>\n<meta name=\"robots\" content=\"index, follow, max-snippet:-1, max-image-preview:large, max-video-preview:-1\" \/>\n<link rel=\"canonical\" href=\"https:\/\/brasilnoticias.org\/site\/israel-x-hamas-cessar-fogo-e-prorrogado-por-mais-dois-dias\/\" \/>\n<meta property=\"og:locale\" content=\"pt_PT\" \/>\n<meta property=\"og:type\" content=\"article\" \/>\n<meta property=\"og:title\" content=\"Israel x Hamas: cessar-fogo \u00e9 prorrogado por mais dois dias - Brasil not\u00edcias\" \/>\n<meta property=\"og:description\" content=\"A informa\u00e7\u00e3o foi divulgada nesta segunda-feira (27\/11), pelo Minist\u00e9rio das Rela\u00e7\u00f5es Exteriores do Catar O cessar-fogo do conflito em Gaza,\" \/>\n<meta property=\"og:url\" content=\"https:\/\/brasilnoticias.org\/site\/israel-x-hamas-cessar-fogo-e-prorrogado-por-mais-dois-dias\/\" \/>\n<meta property=\"og:site_name\" content=\"Brasil not\u00edcias\" \/>\n<meta property=\"article:published_time\" content=\"2023-11-28T00:00:46+00:00\" \/>\n<meta property=\"og:image\" content=\"https:\/\/brasilnoticias.org\/site\/wp-content\/uploads\/2023\/11\/gaza-unrwa.jpg\" \/>\n\t<meta property=\"og:image:width\" content=\"740\" \/>\n\t<meta property=\"og:image:height\" content=\"470\" \/>\n\t<meta property=\"og:image:type\" content=\"image\/jpeg\" \/>\n<meta name=\"author\" content=\"Reda\u00e7\u00e3o\" \/>\n<meta name=\"twitter:card\" content=\"summary_large_image\" \/>\n<meta name=\"twitter:label1\" content=\"Escrito por\" \/>\n\t<meta name=\"twitter:data1\" content=\"Reda\u00e7\u00e3o\" \/>\n<script type=\"application\/ld+json\" class=\"yoast-schema-graph\">{\"@context\":\"https:\/\/schema.org\",\"@graph\":[{\"@type\":\"Article\",\"@id\":\"https:\/\/brasilnoticias.org\/site\/israel-x-hamas-cessar-fogo-e-prorrogado-por-mais-dois-dias\/#article\",\"isPartOf\":{\"@id\":\"https:\/\/brasilnoticias.org\/site\/israel-x-hamas-cessar-fogo-e-prorrogado-por-mais-dois-dias\/\"},\"author\":{\"name\":\"Reda\u00e7\u00e3o\",\"@id\":\"https:\/\/brasilnoticias.org\/site\/#\/schema\/person\/03bbbfe6c7634ad18c26444ea39049fa\"},\"headline\":\"Israel x Hamas: cessar-fogo \u00e9 prorrogado por mais dois dias\",\"datePublished\":\"2023-11-28T00:00:46+00:00\",\"mainEntityOfPage\":{\"@id\":\"https:\/\/brasilnoticias.org\/site\/israel-x-hamas-cessar-fogo-e-prorrogado-por-mais-dois-dias\/\"},\"wordCount\":188,\"commentCount\":0,\"publisher\":{\"@id\":\"https:\/\/brasilnoticias.org\/site\/#organization\"},\"image\":{\"@id\":\"https:\/\/brasilnoticias.org\/site\/israel-x-hamas-cessar-fogo-e-prorrogado-por-mais-dois-dias\/#primaryimage\"},\"thumbnailUrl\":\"https:\/\/brasilnoticias.org\/site\/wp-content\/uploads\/2023\/11\/gaza-unrwa.jpg\",\"articleSection\":[\"Mundo\",\"\u00daltimas\"],\"inLanguage\":\"pt-PT\",\"potentialAction\":[{\"@type\":\"CommentAction\",\"name\":\"Comment\",\"target\":[\"https:\/\/brasilnoticias.org\/site\/israel-x-hamas-cessar-fogo-e-prorrogado-por-mais-dois-dias\/#respond\"]}]},{\"@type\":\"WebPage\",\"@id\":\"https:\/\/brasilnoticias.org\/site\/israel-x-hamas-cessar-fogo-e-prorrogado-por-mais-dois-dias\/\",\"url\":\"https:\/\/brasilnoticias.org\/site\/israel-x-hamas-cessar-fogo-e-prorrogado-por-mais-dois-dias\/\",\"name\":\"Israel x Hamas: cessar-fogo \u00e9 prorrogado por mais dois dias - Brasil not\u00edcias\",\"isPartOf\":{\"@id\":\"https:\/\/brasilnoticias.org\/site\/#website\"},\"primaryImageOfPage\":{\"@id\":\"https:\/\/brasilnoticias.org\/site\/israel-x-hamas-cessar-fogo-e-prorrogado-por-mais-dois-dias\/#primaryimage\"},\"image\":{\"@id\":\"https:\/\/brasilnoticias.org\/site\/israel-x-hamas-cessar-fogo-e-prorrogado-por-mais-dois-dias\/#primaryimage\"},\"thumbnailUrl\":\"https:\/\/brasilnoticias.org\/site\/wp-content\/uploads\/2023\/11\/gaza-unrwa.jpg\",\"datePublished\":\"2023-11-28T00:00:46+00:00\",\"breadcrumb\":{\"@id\":\"https:\/\/brasilnoticias.org\/site\/israel-x-hamas-cessar-fogo-e-prorrogado-por-mais-dois-dias\/#breadcrumb\"},\"inLanguage\":\"pt-PT\",\"potentialAction\":[{\"@type\":\"ReadAction\",\"target\":[\"https:\/\/brasilnoticias.org\/site\/israel-x-hamas-cessar-fogo-e-prorrogado-por-mais-dois-dias\/\"]}]},{\"@type\":\"ImageObject\",\"inLanguage\":\"pt-PT\",\"@id\":\"https:\/\/brasilnoticias.org\/site\/israel-x-hamas-cessar-fogo-e-prorrogado-por-mais-dois-dias\/#primaryimage\",\"url\":\"https:\/\/brasilnoticias.org\/site\/wp-content\/uploads\/2023\/11\/gaza-unrwa.jpg\",\"contentUrl\":\"https:\/\/brasilnoticias.org\/site\/wp-content\/uploads\/2023\/11\/gaza-unrwa.jpg\",\"width\":740,\"height\":470},{\"@type\":\"BreadcrumbList\",\"@id\":\"https:\/\/brasilnoticias.org\/site\/israel-x-hamas-cessar-fogo-e-prorrogado-por-mais-dois-dias\/#breadcrumb\",\"itemListElement\":[{\"@type\":\"ListItem\",\"position\":1,\"name\":\"In\u00edcio\",\"item\":\"https:\/\/brasilnoticias.org\/site\/\"},{\"@type\":\"ListItem\",\"position\":2,\"name\":\"Israel x Hamas: cessar-fogo \u00e9 prorrogado por mais dois dias\"}]},{\"@type\":\"WebSite\",\"@id\":\"https:\/\/brasilnoticias.org\/site\/#website\",\"url\":\"https:\/\/brasilnoticias.org\/site\/\",\"name\":\"Brasil not\u00edcias\",\"description\":\"Brasil not\u00edcias\",\"publisher\":{\"@id\":\"https:\/\/brasilnoticias.org\/site\/#organization\"},\"potentialAction\":[{\"@type\":\"SearchAction\",\"target\":{\"@type\":\"EntryPoint\",\"urlTemplate\":\"https:\/\/brasilnoticias.org\/site\/?s={search_term_string}\"},\"query-input\":{\"@type\":\"PropertyValueSpecification\",\"valueRequired\":true,\"valueName\":\"search_term_string\"}}],\"inLanguage\":\"pt-PT\"},{\"@type\":\"Organization\",\"@id\":\"https:\/\/brasilnoticias.org\/site\/#organization\",\"name\":\"Brasil not\u00edcias\",\"url\":\"https:\/\/brasilnoticias.org\/site\/\",\"logo\":{\"@type\":\"ImageObject\",\"inLanguage\":\"pt-PT\",\"@id\":\"https:\/\/brasilnoticias.org\/site\/#\/schema\/logo\/image\/\",\"url\":\"https:\/\/brasilnoticias.org\/site\/wp-content\/uploads\/2022\/05\/cropped-brasilnoticias-mini.jpg\",\"contentUrl\":\"https:\/\/brasilnoticias.org\/site\/wp-content\/uploads\/2022\/05\/cropped-brasilnoticias-mini.jpg\",\"width\":314,\"height\":86,\"caption\":\"Brasil not\u00edcias\"},\"image\":{\"@id\":\"https:\/\/brasilnoticias.org\/site\/#\/schema\/logo\/image\/\"}},{\"@type\":\"Person\",\"@id\":\"https:\/\/brasilnoticias.org\/site\/#\/schema\/person\/03bbbfe6c7634ad18c26444ea39049fa\",\"name\":\"Reda\u00e7\u00e3o\",\"image\":{\"@type\":\"ImageObject\",\"inLanguage\":\"pt-PT\",\"@id\":\"https:\/\/brasilnoticias.org\/site\/#\/schema\/person\/image\/\",\"url\":\"https:\/\/secure.gravatar.com\/avatar\/9ecaf7327a696cb23ad926fedded5f1f04d7049de9e445375d55b48c001a6e42?s=96&d=mm&r=g\",\"contentUrl\":\"https:\/\/secure.gravatar.com\/avatar\/9ecaf7327a696cb23ad926fedded5f1f04d7049de9e445375d55b48c001a6e42?s=96&d=mm&r=g\",\"caption\":\"Reda\u00e7\u00e3o\"},\"url\":\"https:\/\/brasilnoticias.org\/site\/author\/henrique\/\"}]}<\/script>\n<!-- \/ Yoast SEO plugin. -->","yoast_head_json":{"title":"Israel x Hamas: cessar-fogo \u00e9 prorrogado por mais dois dias - Brasil not\u00edcias","robots":{"index":"index","follow":"follow","max-snippet":"max-snippet:-1","max-image-preview":"max-image-preview:large","max-video-preview":"max-video-preview:-1"},"canonical":"https:\/\/brasilnoticias.org\/site\/israel-x-hamas-cessar-fogo-e-prorrogado-por-mais-dois-dias\/","og_locale":"pt_PT","og_type":"article","og_title":"Israel x Hamas: cessar-fogo \u00e9 prorrogado por mais dois dias - Brasil not\u00edcias","og_description":"A informa\u00e7\u00e3o foi divulgada nesta segunda-feira (27\/11), pelo Minist\u00e9rio das Rela\u00e7\u00f5es Exteriores do Catar O cessar-fogo do conflito em Gaza,","og_url":"https:\/\/brasilnoticias.org\/site\/israel-x-hamas-cessar-fogo-e-prorrogado-por-mais-dois-dias\/","og_site_name":"Brasil not\u00edcias","article_published_time":"2023-11-28T00:00:46+00:00","og_image":[{"width":740,"height":470,"url":"https:\/\/brasilnoticias.org\/site\/wp-content\/uploads\/2023\/11\/gaza-unrwa.jpg","type":"image\/jpeg"}],"author":"Reda\u00e7\u00e3o","twitter_card":"summary_large_image","twitter_misc":{"Escrito por":"Reda\u00e7\u00e3o"},"schema":{"@context":"https:\/\/schema.org","@graph":[{"@type":"Article","@id":"https:\/\/brasilnoticias.org\/site\/israel-x-hamas-cessar-fogo-e-prorrogado-por-mais-dois-dias\/#article","isPartOf":{"@id":"https:\/\/brasilnoticias.org\/site\/israel-x-hamas-cessar-fogo-e-prorrogado-por-mais-dois-dias\/"},"author":{"name":"Reda\u00e7\u00e3o","@id":"https:\/\/brasilnoticias.org\/site\/#\/schema\/person\/03bbbfe6c7634ad18c26444ea39049fa"},"headline":"Israel x Hamas: cessar-fogo \u00e9 prorrogado por mais dois dias","datePublished":"2023-11-28T00:00:46+00:00","mainEntityOfPage":{"@id":"https:\/\/brasilnoticias.org\/site\/israel-x-hamas-cessar-fogo-e-prorrogado-por-mais-dois-dias\/"},"wordCount":188,"commentCount":0,"publisher":{"@id":"https:\/\/brasilnoticias.org\/site\/#organization"},"image":{"@id":"https:\/\/brasilnoticias.org\/site\/israel-x-hamas-cessar-fogo-e-prorrogado-por-mais-dois-dias\/#primaryimage"},"thumbnailUrl":"https:\/\/brasilnoticias.org\/site\/wp-content\/uploads\/2023\/11\/gaza-unrwa.jpg","articleSection":["Mundo","\u00daltimas"],"inLanguage":"pt-PT","potentialAction":[{"@type":"CommentAction","name":"Comment","target":["https:\/\/brasilnoticias.org\/site\/israel-x-hamas-cessar-fogo-e-prorrogado-por-mais-dois-dias\/#respond"]}]},{"@type":"WebPage","@id":"https:\/\/brasilnoticias.org\/site\/israel-x-hamas-cessar-fogo-e-prorrogado-por-mais-dois-dias\/","url":"https:\/\/brasilnoticias.org\/site\/israel-x-hamas-cessar-fogo-e-prorrogado-por-mais-dois-dias\/","name":"Israel x Hamas: cessar-fogo \u00e9 prorrogado por mais dois dias - Brasil not\u00edcias","isPartOf":{"@id":"https:\/\/brasilnoticias.org\/site\/#website"},"primaryImageOfPage":{"@id":"https:\/\/brasilnoticias.org\/site\/israel-x-hamas-cessar-fogo-e-prorrogado-por-mais-dois-dias\/#primaryimage"},"image":{"@id":"https:\/\/brasilnoticias.org\/site\/israel-x-hamas-cessar-fogo-e-prorrogado-por-mais-dois-dias\/#primaryimage"},"thumbnailUrl":"https:\/\/brasilnoticias.org\/site\/wp-content\/uploads\/2023\/11\/gaza-unrwa.jpg","datePublished":"2023-11-28T00:00:46+00:00","breadcrumb":{"@id":"https:\/\/brasilnoticias.org\/site\/israel-x-hamas-cessar-fogo-e-prorrogado-por-mais-dois-dias\/#breadcrumb"},"inLanguage":"pt-PT","potentialAction":[{"@type":"ReadAction","target":["https:\/\/brasilnoticias.org\/site\/israel-x-hamas-cessar-fogo-e-prorrogado-por-mais-dois-dias\/"]}]},{"@type":"ImageObject","inLanguage":"pt-PT","@id":"https:\/\/brasilnoticias.org\/site\/israel-x-hamas-cessar-fogo-e-prorrogado-por-mais-dois-dias\/#primaryimage","url":"https:\/\/brasilnoticias.org\/site\/wp-content\/uploads\/2023\/11\/gaza-unrwa.jpg","contentUrl":"https:\/\/brasilnoticias.org\/site\/wp-content\/uploads\/2023\/11\/gaza-unrwa.jpg","width":740,"height":470},{"@type":"BreadcrumbList","@id":"https:\/\/brasilnoticias.org\/site\/israel-x-hamas-cessar-fogo-e-prorrogado-por-mais-dois-dias\/#breadcrumb","itemListElement":[{"@type":"ListItem","position":1,"name":"In\u00edcio","item":"https:\/\/brasilnoticias.org\/site\/"},{"@type":"ListItem","position":2,"name":"Israel x Hamas: cessar-fogo \u00e9 prorrogado por mais dois dias"}]},{"@type":"WebSite","@id":"https:\/\/brasilnoticias.org\/site\/#website","url":"https:\/\/brasilnoticias.org\/site\/","name":"Brasil not\u00edcias","description":"Brasil not\u00edcias","publisher":{"@id":"https:\/\/brasilnoticias.org\/site\/#organization"},"potentialAction":[{"@type":"SearchAction","target":{"@type":"EntryPoint","urlTemplate":"https:\/\/brasilnoticias.org\/site\/?s={search_term_string}"},"query-input":{"@type":"PropertyValueSpecification","valueRequired":true,"valueName":"search_term_string"}}],"inLanguage":"pt-PT"},{"@type":"Organization","@id":"https:\/\/brasilnoticias.org\/site\/#organization","name":"Brasil not\u00edcias","url":"https:\/\/brasilnoticias.org\/site\/","logo":{"@type":"ImageObject","inLanguage":"pt-PT","@id":"https:\/\/brasilnoticias.org\/site\/#\/schema\/logo\/image\/","url":"https:\/\/brasilnoticias.org\/site\/wp-content\/uploads\/2022\/05\/cropped-brasilnoticias-mini.jpg","contentUrl":"https:\/\/brasilnoticias.org\/site\/wp-content\/uploads\/2022\/05\/cropped-brasilnoticias-mini.jpg","width":314,"height":86,"caption":"Brasil not\u00edcias"},"image":{"@id":"https:\/\/brasilnoticias.org\/site\/#\/schema\/logo\/image\/"}},{"@type":"Person","@id":"https:\/\/brasilnoticias.org\/site\/#\/schema\/person\/03bbbfe6c7634ad18c26444ea39049fa","name":"Reda\u00e7\u00e3o","image":{"@type":"ImageObject","inLanguage":"pt-PT","@id":"https:\/\/brasilnoticias.org\/site\/#\/schema\/person\/image\/","url":"https:\/\/secure.gravatar.com\/avatar\/9ecaf7327a696cb23ad926fedded5f1f04d7049de9e445375d55b48c001a6e42?s=96&d=mm&r=g","contentUrl":"https:\/\/secure.gravatar.com\/avatar\/9ecaf7327a696cb23ad926fedded5f1f04d7049de9e445375d55b48c001a6e42?s=96&d=mm&r=g","caption":"Reda\u00e7\u00e3o"},"url":"https:\/\/brasilnoticias.org\/site\/author\/henrique\/"}]}},"_links":{"self":[{"href":"https:\/\/brasilnoticias.org\/site\/wp-json\/wp\/v2\/posts\/11290","targetHints":{"allow":["GET"]}}],"collection":[{"href":"https:\/\/brasilnoticias.org\/site\/wp-json\/wp\/v2\/posts"}],"about":[{"href":"https:\/\/brasilnoticias.org\/site\/wp-json\/wp\/v2\/types\/post"}],"author":[{"embeddable":true,"href":"https:\/\/brasilnoticias.org\/site\/wp-json\/wp\/v2\/users\/4"}],"replies":[{"embeddable":true,"href":"https:\/\/brasilnoticias.org\/site\/wp-json\/wp\/v2\/comments?post=11290"}],"version-history":[{"count":1,"href":"https:\/\/brasilnoticias.org\/site\/wp-json\/wp\/v2\/posts\/11290\/revisions"}],"predecessor-version":[{"id":11292,"href":"https:\/\/brasilnoticias.org\/site\/wp-json\/wp\/v2\/posts\/11290\/revisions\/11292"}],"wp:featuredmedia":[{"embeddable":true,"href":"https:\/\/brasilnoticias.org\/site\/wp-json\/wp\/v2\/media\/11291"}],"wp:attachment":[{"href":"https:\/\/brasilnoticias.org\/site\/wp-json\/wp\/v2\/media?parent=11290"}],"wp:term":[{"taxonomy":"category","embeddable":true,"href":"https:\/\/brasilnoticias.org\/site\/wp-json\/wp\/v2\/categories?post=11290"},{"taxonomy":"post_tag","embeddable":true,"href":"https:\/\/brasilnoticias.org\/site\/wp-json\/wp\/v2\/tags?post=11290"}],"curies":[{"name":"wp","href":"https:\/\/api.w.org\/{rel}","templated":true}]}}