{"id":11308,"date":"2023-11-28T14:32:18","date_gmt":"2023-11-28T17:32:18","guid":{"rendered":"https:\/\/brasilnoticias.org\/site\/?p=11308"},"modified":"2023-11-28T14:32:18","modified_gmt":"2023-11-28T17:32:18","slug":"desmontando-a-armadura-quem-foi-jayme-figura-icone-da-cultura-e-arte-na-bahia","status":"publish","type":"post","link":"https:\/\/brasilnoticias.org\/site\/desmontando-a-armadura-quem-foi-jayme-figura-icone-da-cultura-e-arte-na-bahia\/","title":{"rendered":"Desmontando a armadura: quem foi Jayme Figura, \u00edcone da cultura e arte na Bahia"},"content":{"rendered":"<p>Por tr\u00e1s de uma indument\u00e1ria irreverente, ele era, segundo Mattos, um grande artista do mundo. &#8220;\u00danico que fazia performances, 24 horas por dia&#8221;.<\/p>\n<p>Baianos e turistas que desejam conhecer as telas produzidas pelo artista pl\u00e1stico Jayme Figura t\u00eam a oportunidade de ver os trabalhos, que est\u00e3o expostos no atelier do amigo e colega, Leonel Mattos, em Salvador.<\/p>\n<p>Aos 64 anos, Figura morreu no \u00faltimo domingo (26\/11), ap\u00f3s passar mal e ser atendido em uma Unida de Pronto Atendimento (UPA), na capital baiana, onde n\u00e3o resistiu. Por tr\u00e1s de uma indument\u00e1ria irreverente, ele era, segundo Mattos, um grande artista do mundo. \u201c\u00danico que fazia performances, 24 horas por dia\u201d.<\/p>\n<p>Para o Grupo Aratu, Leonel informou que os dois estavam trabalhando juntos. \u201cPostei duas telas dele e uma galeria importante de S\u00e3o Paulo que tem, inclusive, filial em Nova Iorque, se interessou pelas obras para fazer uma exposi\u00e7\u00e3o\u201d, revelou.<\/p>\n<p>Motta destacou que ele e Figura produziram alguns trabalhos, separadamente, que debatiam algumas tem\u00e1ticas, mostrando os diferentes olhares dos artistas. Para o colega, Jayme era uma figura extremamente profissional e d\u00f3cil. \u201cEle dizia que n\u00e3o precisava se mostrar, bastava os seus trabalhos\u201d, pontuou.<\/p>\n<p>A timidez de Jayme Figura , segundo Leonel, pode ter motivado sua atitude perform\u00e1tica que o transformou em um \u00edcone baiano. Mattos citou que a roupa incrementada pelo colega, surgiu por uma necessidade.<\/p>\n<p>Inicialmente, segundo o amigo, ele come\u00e7ou a sair todo de preto, mas os cachorros come\u00e7avam a latir e, para n\u00e3o se ferir com mordidas, passou a usar luvas. \u201cDepois, motoristas come\u00e7aram a jogar o carro pra cima dele, e ele botou umas coisas de alum\u00ednio nas pernas para se proteger\u201d, acrescentou.<\/p>\n<p>De acordo com Mattos, foi quando colocou a m\u00e1scara no rosto, que Figura ganhou mais for\u00e7a e autonomia. \u201cA pol\u00edcia come\u00e7ou a estranhar e abordar ele, at\u00e9 tomar conhecimento que n\u00e3o era um marginal, mas um grande artista!\u201d, ressaltou.<\/p>\n<p>Jayme Figura tinha uma exposi\u00e7\u00e3o agendada, em S\u00e3o Paulo, para acontecer no pr\u00f3ximo ano. \u201cEu estava fazendo, em paralelo a essa produ\u00e7\u00e3o, uns trabalhos de grande dimens\u00e3o, pra a gente fazer uma futura mostra, eu e ele, dialogando as culturas\u201d, disse, lamentando a fatalidade que impediu o feito.<\/p>\n<p>Leonel Mattos n\u00e3o concorda com a ideia de o amigo ser lembrado, apenas, pela sua irrever\u00eancia e combate esse tipo de posicionamento, enaltecendo suas qualifica\u00e7\u00f5es art\u00edsticas.<\/p>\n<p>\u201cEu quero dizer que Jayme Figura n\u00e3o \u00e9 uma figura folcl\u00f3rica, como aconteceu com a \u2018Mulher de R\u00f4xo\u2019 [\u2026] ele \u00e9 um artista de primeira qualidade, de primeira linha, como Basquiat, por exemplo. Infelizmente, andava aqui na Bahia e com essas dificuldades todas que os artistas enfrentam [\u2026] Mas agora eu n\u00e3o tenho d\u00favida que os trabalhos dele v\u00e3o ser valorizados!\u201d, afirmou.<\/p>\n<p>EXPOSI\u00c7\u00c3O<\/p>\n<p>Aos interessados em conhecer alguns dos trabalhos de Jayme Figura, Mattos est\u00e1 abrindo o seu ateli\u00ea para visita\u00e7\u00e3o. O espa\u00e7o conta com cerca de 20 telas do artista e est\u00e1 localizado na Rua Dr. Pedro J\u00falio Barbuda, n\u00ba 4, bairro da Sa\u00fade. Contudo, \u00e9 necess\u00e1rio, antes, fazer o agendamento pelo telefone: 71 9961-7470.<\/p>\n<p>Foto: divulga\u00e7\u00e3o<br \/>\nAratu On<\/p>\n","protected":false},"excerpt":{"rendered":"<p>Por tr\u00e1s de uma indument\u00e1ria irreverente, ele era, segundo Mattos, um grande artista do mundo. &#8220;\u00danico que fazia performances, 24<\/p>\n","protected":false},"author":4,"featured_media":11309,"comment_status":"open","ping_status":"open","sticky":false,"template":"","format":"standard","meta":{"colormag_page_container_layout":"default_layout","colormag_page_sidebar_layout":"default_layout","_FSMCFIC_featured_image_caption":"","_FSMCFIC_featured_image_nocaption":"","_FSMCFIC_featured_image_hide":"","footnotes":""},"categories":[2,1],"tags":[],"class_list":["post-11308","post","type-post","status-publish","format-standard","has-post-thumbnail","hentry","category-noticias","category-ultimas"],"yoast_head":"<!-- This site is optimized with the Yoast SEO plugin v27.1.1 - https:\/\/yoast.com\/product\/yoast-seo-wordpress\/ -->\n<title>Desmontando a armadura: quem foi Jayme Figura, \u00edcone da cultura e arte na Bahia - Brasil not\u00edcias<\/title>\n<meta name=\"robots\" content=\"index, follow, max-snippet:-1, max-image-preview:large, max-video-preview:-1\" \/>\n<link rel=\"canonical\" href=\"https:\/\/brasilnoticias.org\/site\/desmontando-a-armadura-quem-foi-jayme-figura-icone-da-cultura-e-arte-na-bahia\/\" \/>\n<meta property=\"og:locale\" content=\"pt_PT\" \/>\n<meta property=\"og:type\" content=\"article\" \/>\n<meta property=\"og:title\" content=\"Desmontando a armadura: quem foi Jayme Figura, \u00edcone da cultura e arte na Bahia - Brasil not\u00edcias\" \/>\n<meta property=\"og:description\" content=\"Por tr\u00e1s de uma indument\u00e1ria irreverente, ele era, segundo Mattos, um grande artista do mundo. &#8220;\u00danico que fazia performances, 24\" \/>\n<meta property=\"og:url\" content=\"https:\/\/brasilnoticias.org\/site\/desmontando-a-armadura-quem-foi-jayme-figura-icone-da-cultura-e-arte-na-bahia\/\" \/>\n<meta property=\"og:site_name\" content=\"Brasil not\u00edcias\" \/>\n<meta property=\"article:published_time\" content=\"2023-11-28T17:32:18+00:00\" \/>\n<meta property=\"og:image\" content=\"https:\/\/brasilnoticias.org\/site\/wp-content\/uploads\/2023\/11\/Jayme-Figura-740x470-1.jpg\" \/>\n\t<meta property=\"og:image:width\" content=\"740\" \/>\n\t<meta property=\"og:image:height\" content=\"470\" \/>\n\t<meta property=\"og:image:type\" content=\"image\/jpeg\" \/>\n<meta name=\"author\" content=\"Reda\u00e7\u00e3o\" \/>\n<meta name=\"twitter:card\" content=\"summary_large_image\" \/>\n<meta name=\"twitter:label1\" content=\"Escrito por\" \/>\n\t<meta name=\"twitter:data1\" content=\"Reda\u00e7\u00e3o\" \/>\n<script type=\"application\/ld+json\" class=\"yoast-schema-graph\">{\"@context\":\"https:\/\/schema.org\",\"@graph\":[{\"@type\":\"Article\",\"@id\":\"https:\/\/brasilnoticias.org\/site\/desmontando-a-armadura-quem-foi-jayme-figura-icone-da-cultura-e-arte-na-bahia\/#article\",\"isPartOf\":{\"@id\":\"https:\/\/brasilnoticias.org\/site\/desmontando-a-armadura-quem-foi-jayme-figura-icone-da-cultura-e-arte-na-bahia\/\"},\"author\":{\"name\":\"Reda\u00e7\u00e3o\",\"@id\":\"https:\/\/brasilnoticias.org\/site\/#\/schema\/person\/03bbbfe6c7634ad18c26444ea39049fa\"},\"headline\":\"Desmontando a armadura: quem foi Jayme Figura, \u00edcone da cultura e arte na Bahia\",\"datePublished\":\"2023-11-28T17:32:18+00:00\",\"mainEntityOfPage\":{\"@id\":\"https:\/\/brasilnoticias.org\/site\/desmontando-a-armadura-quem-foi-jayme-figura-icone-da-cultura-e-arte-na-bahia\/\"},\"wordCount\":555,\"commentCount\":0,\"publisher\":{\"@id\":\"https:\/\/brasilnoticias.org\/site\/#organization\"},\"image\":{\"@id\":\"https:\/\/brasilnoticias.org\/site\/desmontando-a-armadura-quem-foi-jayme-figura-icone-da-cultura-e-arte-na-bahia\/#primaryimage\"},\"thumbnailUrl\":\"https:\/\/brasilnoticias.org\/site\/wp-content\/uploads\/2023\/11\/Jayme-Figura-740x470-1.jpg\",\"articleSection\":[\"Not\u00edcias\",\"\u00daltimas\"],\"inLanguage\":\"pt-PT\",\"potentialAction\":[{\"@type\":\"CommentAction\",\"name\":\"Comment\",\"target\":[\"https:\/\/brasilnoticias.org\/site\/desmontando-a-armadura-quem-foi-jayme-figura-icone-da-cultura-e-arte-na-bahia\/#respond\"]}]},{\"@type\":\"WebPage\",\"@id\":\"https:\/\/brasilnoticias.org\/site\/desmontando-a-armadura-quem-foi-jayme-figura-icone-da-cultura-e-arte-na-bahia\/\",\"url\":\"https:\/\/brasilnoticias.org\/site\/desmontando-a-armadura-quem-foi-jayme-figura-icone-da-cultura-e-arte-na-bahia\/\",\"name\":\"Desmontando a armadura: quem foi Jayme Figura, \u00edcone da cultura e arte na Bahia - Brasil not\u00edcias\",\"isPartOf\":{\"@id\":\"https:\/\/brasilnoticias.org\/site\/#website\"},\"primaryImageOfPage\":{\"@id\":\"https:\/\/brasilnoticias.org\/site\/desmontando-a-armadura-quem-foi-jayme-figura-icone-da-cultura-e-arte-na-bahia\/#primaryimage\"},\"image\":{\"@id\":\"https:\/\/brasilnoticias.org\/site\/desmontando-a-armadura-quem-foi-jayme-figura-icone-da-cultura-e-arte-na-bahia\/#primaryimage\"},\"thumbnailUrl\":\"https:\/\/brasilnoticias.org\/site\/wp-content\/uploads\/2023\/11\/Jayme-Figura-740x470-1.jpg\",\"datePublished\":\"2023-11-28T17:32:18+00:00\",\"breadcrumb\":{\"@id\":\"https:\/\/brasilnoticias.org\/site\/desmontando-a-armadura-quem-foi-jayme-figura-icone-da-cultura-e-arte-na-bahia\/#breadcrumb\"},\"inLanguage\":\"pt-PT\",\"potentialAction\":[{\"@type\":\"ReadAction\",\"target\":[\"https:\/\/brasilnoticias.org\/site\/desmontando-a-armadura-quem-foi-jayme-figura-icone-da-cultura-e-arte-na-bahia\/\"]}]},{\"@type\":\"ImageObject\",\"inLanguage\":\"pt-PT\",\"@id\":\"https:\/\/brasilnoticias.org\/site\/desmontando-a-armadura-quem-foi-jayme-figura-icone-da-cultura-e-arte-na-bahia\/#primaryimage\",\"url\":\"https:\/\/brasilnoticias.org\/site\/wp-content\/uploads\/2023\/11\/Jayme-Figura-740x470-1.jpg\",\"contentUrl\":\"https:\/\/brasilnoticias.org\/site\/wp-content\/uploads\/2023\/11\/Jayme-Figura-740x470-1.jpg\",\"width\":740,\"height\":470},{\"@type\":\"BreadcrumbList\",\"@id\":\"https:\/\/brasilnoticias.org\/site\/desmontando-a-armadura-quem-foi-jayme-figura-icone-da-cultura-e-arte-na-bahia\/#breadcrumb\",\"itemListElement\":[{\"@type\":\"ListItem\",\"position\":1,\"name\":\"In\u00edcio\",\"item\":\"https:\/\/brasilnoticias.org\/site\/\"},{\"@type\":\"ListItem\",\"position\":2,\"name\":\"Desmontando a armadura: quem foi Jayme Figura, \u00edcone da cultura e arte na Bahia\"}]},{\"@type\":\"WebSite\",\"@id\":\"https:\/\/brasilnoticias.org\/site\/#website\",\"url\":\"https:\/\/brasilnoticias.org\/site\/\",\"name\":\"Brasil not\u00edcias\",\"description\":\"Brasil not\u00edcias\",\"publisher\":{\"@id\":\"https:\/\/brasilnoticias.org\/site\/#organization\"},\"potentialAction\":[{\"@type\":\"SearchAction\",\"target\":{\"@type\":\"EntryPoint\",\"urlTemplate\":\"https:\/\/brasilnoticias.org\/site\/?s={search_term_string}\"},\"query-input\":{\"@type\":\"PropertyValueSpecification\",\"valueRequired\":true,\"valueName\":\"search_term_string\"}}],\"inLanguage\":\"pt-PT\"},{\"@type\":\"Organization\",\"@id\":\"https:\/\/brasilnoticias.org\/site\/#organization\",\"name\":\"Brasil not\u00edcias\",\"url\":\"https:\/\/brasilnoticias.org\/site\/\",\"logo\":{\"@type\":\"ImageObject\",\"inLanguage\":\"pt-PT\",\"@id\":\"https:\/\/brasilnoticias.org\/site\/#\/schema\/logo\/image\/\",\"url\":\"https:\/\/brasilnoticias.org\/site\/wp-content\/uploads\/2022\/05\/cropped-brasilnoticias-mini.jpg\",\"contentUrl\":\"https:\/\/brasilnoticias.org\/site\/wp-content\/uploads\/2022\/05\/cropped-brasilnoticias-mini.jpg\",\"width\":314,\"height\":86,\"caption\":\"Brasil not\u00edcias\"},\"image\":{\"@id\":\"https:\/\/brasilnoticias.org\/site\/#\/schema\/logo\/image\/\"}},{\"@type\":\"Person\",\"@id\":\"https:\/\/brasilnoticias.org\/site\/#\/schema\/person\/03bbbfe6c7634ad18c26444ea39049fa\",\"name\":\"Reda\u00e7\u00e3o\",\"image\":{\"@type\":\"ImageObject\",\"inLanguage\":\"pt-PT\",\"@id\":\"https:\/\/brasilnoticias.org\/site\/#\/schema\/person\/image\/\",\"url\":\"https:\/\/secure.gravatar.com\/avatar\/9ecaf7327a696cb23ad926fedded5f1f04d7049de9e445375d55b48c001a6e42?s=96&d=mm&r=g\",\"contentUrl\":\"https:\/\/secure.gravatar.com\/avatar\/9ecaf7327a696cb23ad926fedded5f1f04d7049de9e445375d55b48c001a6e42?s=96&d=mm&r=g\",\"caption\":\"Reda\u00e7\u00e3o\"},\"url\":\"https:\/\/brasilnoticias.org\/site\/author\/henrique\/\"}]}<\/script>\n<!-- \/ Yoast SEO plugin. -->","yoast_head_json":{"title":"Desmontando a armadura: quem foi Jayme Figura, \u00edcone da cultura e arte na Bahia - Brasil not\u00edcias","robots":{"index":"index","follow":"follow","max-snippet":"max-snippet:-1","max-image-preview":"max-image-preview:large","max-video-preview":"max-video-preview:-1"},"canonical":"https:\/\/brasilnoticias.org\/site\/desmontando-a-armadura-quem-foi-jayme-figura-icone-da-cultura-e-arte-na-bahia\/","og_locale":"pt_PT","og_type":"article","og_title":"Desmontando a armadura: quem foi Jayme Figura, \u00edcone da cultura e arte na Bahia - Brasil not\u00edcias","og_description":"Por tr\u00e1s de uma indument\u00e1ria irreverente, ele era, segundo Mattos, um grande artista do mundo. &#8220;\u00danico que fazia performances, 24","og_url":"https:\/\/brasilnoticias.org\/site\/desmontando-a-armadura-quem-foi-jayme-figura-icone-da-cultura-e-arte-na-bahia\/","og_site_name":"Brasil not\u00edcias","article_published_time":"2023-11-28T17:32:18+00:00","og_image":[{"width":740,"height":470,"url":"https:\/\/brasilnoticias.org\/site\/wp-content\/uploads\/2023\/11\/Jayme-Figura-740x470-1.jpg","type":"image\/jpeg"}],"author":"Reda\u00e7\u00e3o","twitter_card":"summary_large_image","twitter_misc":{"Escrito por":"Reda\u00e7\u00e3o"},"schema":{"@context":"https:\/\/schema.org","@graph":[{"@type":"Article","@id":"https:\/\/brasilnoticias.org\/site\/desmontando-a-armadura-quem-foi-jayme-figura-icone-da-cultura-e-arte-na-bahia\/#article","isPartOf":{"@id":"https:\/\/brasilnoticias.org\/site\/desmontando-a-armadura-quem-foi-jayme-figura-icone-da-cultura-e-arte-na-bahia\/"},"author":{"name":"Reda\u00e7\u00e3o","@id":"https:\/\/brasilnoticias.org\/site\/#\/schema\/person\/03bbbfe6c7634ad18c26444ea39049fa"},"headline":"Desmontando a armadura: quem foi Jayme Figura, \u00edcone da cultura e arte na Bahia","datePublished":"2023-11-28T17:32:18+00:00","mainEntityOfPage":{"@id":"https:\/\/brasilnoticias.org\/site\/desmontando-a-armadura-quem-foi-jayme-figura-icone-da-cultura-e-arte-na-bahia\/"},"wordCount":555,"commentCount":0,"publisher":{"@id":"https:\/\/brasilnoticias.org\/site\/#organization"},"image":{"@id":"https:\/\/brasilnoticias.org\/site\/desmontando-a-armadura-quem-foi-jayme-figura-icone-da-cultura-e-arte-na-bahia\/#primaryimage"},"thumbnailUrl":"https:\/\/brasilnoticias.org\/site\/wp-content\/uploads\/2023\/11\/Jayme-Figura-740x470-1.jpg","articleSection":["Not\u00edcias","\u00daltimas"],"inLanguage":"pt-PT","potentialAction":[{"@type":"CommentAction","name":"Comment","target":["https:\/\/brasilnoticias.org\/site\/desmontando-a-armadura-quem-foi-jayme-figura-icone-da-cultura-e-arte-na-bahia\/#respond"]}]},{"@type":"WebPage","@id":"https:\/\/brasilnoticias.org\/site\/desmontando-a-armadura-quem-foi-jayme-figura-icone-da-cultura-e-arte-na-bahia\/","url":"https:\/\/brasilnoticias.org\/site\/desmontando-a-armadura-quem-foi-jayme-figura-icone-da-cultura-e-arte-na-bahia\/","name":"Desmontando a armadura: quem foi Jayme Figura, \u00edcone da cultura e arte na Bahia - Brasil not\u00edcias","isPartOf":{"@id":"https:\/\/brasilnoticias.org\/site\/#website"},"primaryImageOfPage":{"@id":"https:\/\/brasilnoticias.org\/site\/desmontando-a-armadura-quem-foi-jayme-figura-icone-da-cultura-e-arte-na-bahia\/#primaryimage"},"image":{"@id":"https:\/\/brasilnoticias.org\/site\/desmontando-a-armadura-quem-foi-jayme-figura-icone-da-cultura-e-arte-na-bahia\/#primaryimage"},"thumbnailUrl":"https:\/\/brasilnoticias.org\/site\/wp-content\/uploads\/2023\/11\/Jayme-Figura-740x470-1.jpg","datePublished":"2023-11-28T17:32:18+00:00","breadcrumb":{"@id":"https:\/\/brasilnoticias.org\/site\/desmontando-a-armadura-quem-foi-jayme-figura-icone-da-cultura-e-arte-na-bahia\/#breadcrumb"},"inLanguage":"pt-PT","potentialAction":[{"@type":"ReadAction","target":["https:\/\/brasilnoticias.org\/site\/desmontando-a-armadura-quem-foi-jayme-figura-icone-da-cultura-e-arte-na-bahia\/"]}]},{"@type":"ImageObject","inLanguage":"pt-PT","@id":"https:\/\/brasilnoticias.org\/site\/desmontando-a-armadura-quem-foi-jayme-figura-icone-da-cultura-e-arte-na-bahia\/#primaryimage","url":"https:\/\/brasilnoticias.org\/site\/wp-content\/uploads\/2023\/11\/Jayme-Figura-740x470-1.jpg","contentUrl":"https:\/\/brasilnoticias.org\/site\/wp-content\/uploads\/2023\/11\/Jayme-Figura-740x470-1.jpg","width":740,"height":470},{"@type":"BreadcrumbList","@id":"https:\/\/brasilnoticias.org\/site\/desmontando-a-armadura-quem-foi-jayme-figura-icone-da-cultura-e-arte-na-bahia\/#breadcrumb","itemListElement":[{"@type":"ListItem","position":1,"name":"In\u00edcio","item":"https:\/\/brasilnoticias.org\/site\/"},{"@type":"ListItem","position":2,"name":"Desmontando a armadura: quem foi Jayme Figura, \u00edcone da cultura e arte na Bahia"}]},{"@type":"WebSite","@id":"https:\/\/brasilnoticias.org\/site\/#website","url":"https:\/\/brasilnoticias.org\/site\/","name":"Brasil not\u00edcias","description":"Brasil not\u00edcias","publisher":{"@id":"https:\/\/brasilnoticias.org\/site\/#organization"},"potentialAction":[{"@type":"SearchAction","target":{"@type":"EntryPoint","urlTemplate":"https:\/\/brasilnoticias.org\/site\/?s={search_term_string}"},"query-input":{"@type":"PropertyValueSpecification","valueRequired":true,"valueName":"search_term_string"}}],"inLanguage":"pt-PT"},{"@type":"Organization","@id":"https:\/\/brasilnoticias.org\/site\/#organization","name":"Brasil not\u00edcias","url":"https:\/\/brasilnoticias.org\/site\/","logo":{"@type":"ImageObject","inLanguage":"pt-PT","@id":"https:\/\/brasilnoticias.org\/site\/#\/schema\/logo\/image\/","url":"https:\/\/brasilnoticias.org\/site\/wp-content\/uploads\/2022\/05\/cropped-brasilnoticias-mini.jpg","contentUrl":"https:\/\/brasilnoticias.org\/site\/wp-content\/uploads\/2022\/05\/cropped-brasilnoticias-mini.jpg","width":314,"height":86,"caption":"Brasil not\u00edcias"},"image":{"@id":"https:\/\/brasilnoticias.org\/site\/#\/schema\/logo\/image\/"}},{"@type":"Person","@id":"https:\/\/brasilnoticias.org\/site\/#\/schema\/person\/03bbbfe6c7634ad18c26444ea39049fa","name":"Reda\u00e7\u00e3o","image":{"@type":"ImageObject","inLanguage":"pt-PT","@id":"https:\/\/brasilnoticias.org\/site\/#\/schema\/person\/image\/","url":"https:\/\/secure.gravatar.com\/avatar\/9ecaf7327a696cb23ad926fedded5f1f04d7049de9e445375d55b48c001a6e42?s=96&d=mm&r=g","contentUrl":"https:\/\/secure.gravatar.com\/avatar\/9ecaf7327a696cb23ad926fedded5f1f04d7049de9e445375d55b48c001a6e42?s=96&d=mm&r=g","caption":"Reda\u00e7\u00e3o"},"url":"https:\/\/brasilnoticias.org\/site\/author\/henrique\/"}]}},"_links":{"self":[{"href":"https:\/\/brasilnoticias.org\/site\/wp-json\/wp\/v2\/posts\/11308","targetHints":{"allow":["GET"]}}],"collection":[{"href":"https:\/\/brasilnoticias.org\/site\/wp-json\/wp\/v2\/posts"}],"about":[{"href":"https:\/\/brasilnoticias.org\/site\/wp-json\/wp\/v2\/types\/post"}],"author":[{"embeddable":true,"href":"https:\/\/brasilnoticias.org\/site\/wp-json\/wp\/v2\/users\/4"}],"replies":[{"embeddable":true,"href":"https:\/\/brasilnoticias.org\/site\/wp-json\/wp\/v2\/comments?post=11308"}],"version-history":[{"count":1,"href":"https:\/\/brasilnoticias.org\/site\/wp-json\/wp\/v2\/posts\/11308\/revisions"}],"predecessor-version":[{"id":11310,"href":"https:\/\/brasilnoticias.org\/site\/wp-json\/wp\/v2\/posts\/11308\/revisions\/11310"}],"wp:featuredmedia":[{"embeddable":true,"href":"https:\/\/brasilnoticias.org\/site\/wp-json\/wp\/v2\/media\/11309"}],"wp:attachment":[{"href":"https:\/\/brasilnoticias.org\/site\/wp-json\/wp\/v2\/media?parent=11308"}],"wp:term":[{"taxonomy":"category","embeddable":true,"href":"https:\/\/brasilnoticias.org\/site\/wp-json\/wp\/v2\/categories?post=11308"},{"taxonomy":"post_tag","embeddable":true,"href":"https:\/\/brasilnoticias.org\/site\/wp-json\/wp\/v2\/tags?post=11308"}],"curies":[{"name":"wp","href":"https:\/\/api.w.org\/{rel}","templated":true}]}}