{"id":1131,"date":"2022-08-12T10:29:23","date_gmt":"2022-08-12T13:29:23","guid":{"rendered":"https:\/\/brasilnoticias.org\/site\/?p=1131"},"modified":"2022-08-12T10:29:23","modified_gmt":"2022-08-12T13:29:23","slug":"posto-de-saude-fecha-apos-tiroteio-no-nordeste-de-amaralina","status":"publish","type":"post","link":"https:\/\/brasilnoticias.org\/site\/posto-de-saude-fecha-apos-tiroteio-no-nordeste-de-amaralina\/","title":{"rendered":"Posto de sa\u00fade fecha ap\u00f3s tiroteio no Nordeste de Amaralina"},"content":{"rendered":"<p>Moradores do\u00a0<a href=\"https:\/\/www.bnews.com.br\/tags\/nordeste-de-amaralina\" target=\"_blank\" rel=\"noopener\">Nordeste de Amaralina<\/a>\u00a0n\u00e3o podem contar com os atendimentos do posto de sa\u00fade Menino Joel. A unidade n\u00e3o est\u00e1 funcionando deste a tarde desta quinta-feira (11), quando uma intensa troca de tiros foi registrada na localidade.<\/p>\n<p>Segundo informa\u00e7\u00f5es da TV Bahia, policiais foram recebidos a tiros por traficantes do local, o que desencadeou o tiroteio que durou cerca de 10 minutos. Ainda n\u00e3o h\u00e1 informa\u00e7\u00f5es sobre pris\u00f5es, apreens\u00f5es ou se h\u00e1 algu\u00e9m ferido.<\/p>\n<p>Em nota, a Pol\u00edcia Militar informou que, por volta das 15h30, policiais da 40\u00aa Companhia Independente de Pol\u00edcia Militar (CIPM) realizavam rondas na localidade conhecida como Campo da Natureza, em Santa Cruz, quando homens armados correram para ruas transversais. Em seguida, os suspeitos atiraram contra a guarni\u00e7\u00e3o, que revidou o ataque.<\/p>\n<p>&#8220;[&#8230;] cessados os disparos, os suspeitos fugiram. Os militares encontraram uma motocicleta com placa adulterada. O ve\u00edculo foi apreendido e apresentado \u00e0 Delegacia de Repress\u00e3o a Furtos e Roubos de Ve\u00edculos (DRFRV). At\u00e9 o momento, n\u00e3o h\u00e1 registro de feridos e nenhum suspeito foi localizado&#8221;, disse trecho do comunicado do \u00f3rg\u00e3o.<\/p>\n<p>&nbsp;<\/p>\n<p>&nbsp;<\/p>\n<p>&nbsp;<\/p>\n<p>Bnews<\/p>\n","protected":false},"excerpt":{"rendered":"<p>Moradores do\u00a0Nordeste de Amaralina\u00a0n\u00e3o podem contar com os atendimentos do posto de sa\u00fade Menino Joel. A unidade n\u00e3o est\u00e1 funcionando<\/p>\n","protected":false},"author":2,"featured_media":1132,"comment_status":"open","ping_status":"open","sticky":false,"template":"","format":"standard","meta":{"colormag_page_container_layout":"default_layout","colormag_page_sidebar_layout":"default_layout","_FSMCFIC_featured_image_caption":"","_FSMCFIC_featured_image_nocaption":"","_FSMCFIC_featured_image_hide":"","footnotes":""},"categories":[3,1],"tags":[],"class_list":["post-1131","post","type-post","status-publish","format-standard","has-post-thumbnail","hentry","category-policia","category-ultimas"],"yoast_head":"<!-- This site is optimized with the Yoast SEO plugin v27.1.1 - https:\/\/yoast.com\/product\/yoast-seo-wordpress\/ -->\n<title>Posto de sa\u00fade fecha ap\u00f3s tiroteio no Nordeste de Amaralina - Brasil not\u00edcias<\/title>\n<meta name=\"robots\" content=\"index, follow, max-snippet:-1, max-image-preview:large, max-video-preview:-1\" \/>\n<link rel=\"canonical\" href=\"https:\/\/brasilnoticias.org\/site\/posto-de-saude-fecha-apos-tiroteio-no-nordeste-de-amaralina\/\" \/>\n<meta property=\"og:locale\" content=\"pt_PT\" \/>\n<meta property=\"og:type\" content=\"article\" \/>\n<meta property=\"og:title\" content=\"Posto de sa\u00fade fecha ap\u00f3s tiroteio no Nordeste de Amaralina - Brasil not\u00edcias\" \/>\n<meta property=\"og:description\" content=\"Moradores do\u00a0Nordeste de Amaralina\u00a0n\u00e3o podem contar com os atendimentos do posto de sa\u00fade Menino Joel. A unidade n\u00e3o est\u00e1 funcionando\" \/>\n<meta property=\"og:url\" content=\"https:\/\/brasilnoticias.org\/site\/posto-de-saude-fecha-apos-tiroteio-no-nordeste-de-amaralina\/\" \/>\n<meta property=\"og:site_name\" content=\"Brasil not\u00edcias\" \/>\n<meta property=\"article:published_time\" content=\"2022-08-12T13:29:23+00:00\" \/>\n<meta property=\"og:image\" content=\"https:\/\/brasilnoticias.org\/site\/wp-content\/uploads\/2022\/08\/318306_widelg_widelg.jpg\" \/>\n\t<meta property=\"og:image:width\" content=\"800\" \/>\n\t<meta property=\"og:image:height\" content=\"450\" \/>\n\t<meta property=\"og:image:type\" content=\"image\/jpeg\" \/>\n<meta name=\"author\" content=\"Reda\u00e7\u00e3o\" \/>\n<meta name=\"twitter:card\" content=\"summary_large_image\" \/>\n<meta name=\"twitter:label1\" content=\"Escrito por\" \/>\n\t<meta name=\"twitter:data1\" content=\"Reda\u00e7\u00e3o\" \/>\n\t<meta name=\"twitter:label2\" content=\"Tempo estimado de leitura\" \/>\n\t<meta name=\"twitter:data2\" content=\"1 minuto\" \/>\n<script type=\"application\/ld+json\" class=\"yoast-schema-graph\">{\"@context\":\"https:\/\/schema.org\",\"@graph\":[{\"@type\":\"Article\",\"@id\":\"https:\/\/brasilnoticias.org\/site\/posto-de-saude-fecha-apos-tiroteio-no-nordeste-de-amaralina\/#article\",\"isPartOf\":{\"@id\":\"https:\/\/brasilnoticias.org\/site\/posto-de-saude-fecha-apos-tiroteio-no-nordeste-de-amaralina\/\"},\"author\":{\"name\":\"Reda\u00e7\u00e3o\",\"@id\":\"https:\/\/brasilnoticias.org\/site\/#\/schema\/person\/f609fa847b5314f1c8b983342f34c798\"},\"headline\":\"Posto de sa\u00fade fecha ap\u00f3s tiroteio no Nordeste de Amaralina\",\"datePublished\":\"2022-08-12T13:29:23+00:00\",\"mainEntityOfPage\":{\"@id\":\"https:\/\/brasilnoticias.org\/site\/posto-de-saude-fecha-apos-tiroteio-no-nordeste-de-amaralina\/\"},\"wordCount\":205,\"commentCount\":0,\"publisher\":{\"@id\":\"https:\/\/brasilnoticias.org\/site\/#organization\"},\"image\":{\"@id\":\"https:\/\/brasilnoticias.org\/site\/posto-de-saude-fecha-apos-tiroteio-no-nordeste-de-amaralina\/#primaryimage\"},\"thumbnailUrl\":\"https:\/\/brasilnoticias.org\/site\/wp-content\/uploads\/2022\/08\/318306_widelg_widelg.jpg\",\"articleSection\":[\"Pol\u00edcia\",\"\u00daltimas\"],\"inLanguage\":\"pt-PT\",\"potentialAction\":[{\"@type\":\"CommentAction\",\"name\":\"Comment\",\"target\":[\"https:\/\/brasilnoticias.org\/site\/posto-de-saude-fecha-apos-tiroteio-no-nordeste-de-amaralina\/#respond\"]}]},{\"@type\":\"WebPage\",\"@id\":\"https:\/\/brasilnoticias.org\/site\/posto-de-saude-fecha-apos-tiroteio-no-nordeste-de-amaralina\/\",\"url\":\"https:\/\/brasilnoticias.org\/site\/posto-de-saude-fecha-apos-tiroteio-no-nordeste-de-amaralina\/\",\"name\":\"Posto de sa\u00fade fecha ap\u00f3s tiroteio no Nordeste de Amaralina - Brasil not\u00edcias\",\"isPartOf\":{\"@id\":\"https:\/\/brasilnoticias.org\/site\/#website\"},\"primaryImageOfPage\":{\"@id\":\"https:\/\/brasilnoticias.org\/site\/posto-de-saude-fecha-apos-tiroteio-no-nordeste-de-amaralina\/#primaryimage\"},\"image\":{\"@id\":\"https:\/\/brasilnoticias.org\/site\/posto-de-saude-fecha-apos-tiroteio-no-nordeste-de-amaralina\/#primaryimage\"},\"thumbnailUrl\":\"https:\/\/brasilnoticias.org\/site\/wp-content\/uploads\/2022\/08\/318306_widelg_widelg.jpg\",\"datePublished\":\"2022-08-12T13:29:23+00:00\",\"breadcrumb\":{\"@id\":\"https:\/\/brasilnoticias.org\/site\/posto-de-saude-fecha-apos-tiroteio-no-nordeste-de-amaralina\/#breadcrumb\"},\"inLanguage\":\"pt-PT\",\"potentialAction\":[{\"@type\":\"ReadAction\",\"target\":[\"https:\/\/brasilnoticias.org\/site\/posto-de-saude-fecha-apos-tiroteio-no-nordeste-de-amaralina\/\"]}]},{\"@type\":\"ImageObject\",\"inLanguage\":\"pt-PT\",\"@id\":\"https:\/\/brasilnoticias.org\/site\/posto-de-saude-fecha-apos-tiroteio-no-nordeste-de-amaralina\/#primaryimage\",\"url\":\"https:\/\/brasilnoticias.org\/site\/wp-content\/uploads\/2022\/08\/318306_widelg_widelg.jpg\",\"contentUrl\":\"https:\/\/brasilnoticias.org\/site\/wp-content\/uploads\/2022\/08\/318306_widelg_widelg.jpg\",\"width\":800,\"height\":450},{\"@type\":\"BreadcrumbList\",\"@id\":\"https:\/\/brasilnoticias.org\/site\/posto-de-saude-fecha-apos-tiroteio-no-nordeste-de-amaralina\/#breadcrumb\",\"itemListElement\":[{\"@type\":\"ListItem\",\"position\":1,\"name\":\"In\u00edcio\",\"item\":\"https:\/\/brasilnoticias.org\/site\/\"},{\"@type\":\"ListItem\",\"position\":2,\"name\":\"Posto de sa\u00fade fecha ap\u00f3s tiroteio no Nordeste de Amaralina\"}]},{\"@type\":\"WebSite\",\"@id\":\"https:\/\/brasilnoticias.org\/site\/#website\",\"url\":\"https:\/\/brasilnoticias.org\/site\/\",\"name\":\"Brasil not\u00edcias\",\"description\":\"Brasil not\u00edcias\",\"publisher\":{\"@id\":\"https:\/\/brasilnoticias.org\/site\/#organization\"},\"potentialAction\":[{\"@type\":\"SearchAction\",\"target\":{\"@type\":\"EntryPoint\",\"urlTemplate\":\"https:\/\/brasilnoticias.org\/site\/?s={search_term_string}\"},\"query-input\":{\"@type\":\"PropertyValueSpecification\",\"valueRequired\":true,\"valueName\":\"search_term_string\"}}],\"inLanguage\":\"pt-PT\"},{\"@type\":\"Organization\",\"@id\":\"https:\/\/brasilnoticias.org\/site\/#organization\",\"name\":\"Brasil not\u00edcias\",\"url\":\"https:\/\/brasilnoticias.org\/site\/\",\"logo\":{\"@type\":\"ImageObject\",\"inLanguage\":\"pt-PT\",\"@id\":\"https:\/\/brasilnoticias.org\/site\/#\/schema\/logo\/image\/\",\"url\":\"https:\/\/brasilnoticias.org\/site\/wp-content\/uploads\/2022\/05\/cropped-brasilnoticias-mini.jpg\",\"contentUrl\":\"https:\/\/brasilnoticias.org\/site\/wp-content\/uploads\/2022\/05\/cropped-brasilnoticias-mini.jpg\",\"width\":314,\"height\":86,\"caption\":\"Brasil not\u00edcias\"},\"image\":{\"@id\":\"https:\/\/brasilnoticias.org\/site\/#\/schema\/logo\/image\/\"}},{\"@type\":\"Person\",\"@id\":\"https:\/\/brasilnoticias.org\/site\/#\/schema\/person\/f609fa847b5314f1c8b983342f34c798\",\"name\":\"Reda\u00e7\u00e3o\",\"image\":{\"@type\":\"ImageObject\",\"inLanguage\":\"pt-PT\",\"@id\":\"https:\/\/brasilnoticias.org\/site\/#\/schema\/person\/image\/\",\"url\":\"https:\/\/secure.gravatar.com\/avatar\/447284c06c1ad8b46465a36de9cd0d8326b73387a22799b8b1ffb1fbcff2ed0c?s=96&d=mm&r=g\",\"contentUrl\":\"https:\/\/secure.gravatar.com\/avatar\/447284c06c1ad8b46465a36de9cd0d8326b73387a22799b8b1ffb1fbcff2ed0c?s=96&d=mm&r=g\",\"caption\":\"Reda\u00e7\u00e3o\"},\"url\":\"https:\/\/brasilnoticias.org\/site\/author\/redacao\/\"}]}<\/script>\n<!-- \/ Yoast SEO plugin. -->","yoast_head_json":{"title":"Posto de sa\u00fade fecha ap\u00f3s tiroteio no Nordeste de Amaralina - Brasil not\u00edcias","robots":{"index":"index","follow":"follow","max-snippet":"max-snippet:-1","max-image-preview":"max-image-preview:large","max-video-preview":"max-video-preview:-1"},"canonical":"https:\/\/brasilnoticias.org\/site\/posto-de-saude-fecha-apos-tiroteio-no-nordeste-de-amaralina\/","og_locale":"pt_PT","og_type":"article","og_title":"Posto de sa\u00fade fecha ap\u00f3s tiroteio no Nordeste de Amaralina - Brasil not\u00edcias","og_description":"Moradores do\u00a0Nordeste de Amaralina\u00a0n\u00e3o podem contar com os atendimentos do posto de sa\u00fade Menino Joel. A unidade n\u00e3o est\u00e1 funcionando","og_url":"https:\/\/brasilnoticias.org\/site\/posto-de-saude-fecha-apos-tiroteio-no-nordeste-de-amaralina\/","og_site_name":"Brasil not\u00edcias","article_published_time":"2022-08-12T13:29:23+00:00","og_image":[{"width":800,"height":450,"url":"https:\/\/brasilnoticias.org\/site\/wp-content\/uploads\/2022\/08\/318306_widelg_widelg.jpg","type":"image\/jpeg"}],"author":"Reda\u00e7\u00e3o","twitter_card":"summary_large_image","twitter_misc":{"Escrito por":"Reda\u00e7\u00e3o","Tempo estimado de leitura":"1 minuto"},"schema":{"@context":"https:\/\/schema.org","@graph":[{"@type":"Article","@id":"https:\/\/brasilnoticias.org\/site\/posto-de-saude-fecha-apos-tiroteio-no-nordeste-de-amaralina\/#article","isPartOf":{"@id":"https:\/\/brasilnoticias.org\/site\/posto-de-saude-fecha-apos-tiroteio-no-nordeste-de-amaralina\/"},"author":{"name":"Reda\u00e7\u00e3o","@id":"https:\/\/brasilnoticias.org\/site\/#\/schema\/person\/f609fa847b5314f1c8b983342f34c798"},"headline":"Posto de sa\u00fade fecha ap\u00f3s tiroteio no Nordeste de Amaralina","datePublished":"2022-08-12T13:29:23+00:00","mainEntityOfPage":{"@id":"https:\/\/brasilnoticias.org\/site\/posto-de-saude-fecha-apos-tiroteio-no-nordeste-de-amaralina\/"},"wordCount":205,"commentCount":0,"publisher":{"@id":"https:\/\/brasilnoticias.org\/site\/#organization"},"image":{"@id":"https:\/\/brasilnoticias.org\/site\/posto-de-saude-fecha-apos-tiroteio-no-nordeste-de-amaralina\/#primaryimage"},"thumbnailUrl":"https:\/\/brasilnoticias.org\/site\/wp-content\/uploads\/2022\/08\/318306_widelg_widelg.jpg","articleSection":["Pol\u00edcia","\u00daltimas"],"inLanguage":"pt-PT","potentialAction":[{"@type":"CommentAction","name":"Comment","target":["https:\/\/brasilnoticias.org\/site\/posto-de-saude-fecha-apos-tiroteio-no-nordeste-de-amaralina\/#respond"]}]},{"@type":"WebPage","@id":"https:\/\/brasilnoticias.org\/site\/posto-de-saude-fecha-apos-tiroteio-no-nordeste-de-amaralina\/","url":"https:\/\/brasilnoticias.org\/site\/posto-de-saude-fecha-apos-tiroteio-no-nordeste-de-amaralina\/","name":"Posto de sa\u00fade fecha ap\u00f3s tiroteio no Nordeste de Amaralina - Brasil not\u00edcias","isPartOf":{"@id":"https:\/\/brasilnoticias.org\/site\/#website"},"primaryImageOfPage":{"@id":"https:\/\/brasilnoticias.org\/site\/posto-de-saude-fecha-apos-tiroteio-no-nordeste-de-amaralina\/#primaryimage"},"image":{"@id":"https:\/\/brasilnoticias.org\/site\/posto-de-saude-fecha-apos-tiroteio-no-nordeste-de-amaralina\/#primaryimage"},"thumbnailUrl":"https:\/\/brasilnoticias.org\/site\/wp-content\/uploads\/2022\/08\/318306_widelg_widelg.jpg","datePublished":"2022-08-12T13:29:23+00:00","breadcrumb":{"@id":"https:\/\/brasilnoticias.org\/site\/posto-de-saude-fecha-apos-tiroteio-no-nordeste-de-amaralina\/#breadcrumb"},"inLanguage":"pt-PT","potentialAction":[{"@type":"ReadAction","target":["https:\/\/brasilnoticias.org\/site\/posto-de-saude-fecha-apos-tiroteio-no-nordeste-de-amaralina\/"]}]},{"@type":"ImageObject","inLanguage":"pt-PT","@id":"https:\/\/brasilnoticias.org\/site\/posto-de-saude-fecha-apos-tiroteio-no-nordeste-de-amaralina\/#primaryimage","url":"https:\/\/brasilnoticias.org\/site\/wp-content\/uploads\/2022\/08\/318306_widelg_widelg.jpg","contentUrl":"https:\/\/brasilnoticias.org\/site\/wp-content\/uploads\/2022\/08\/318306_widelg_widelg.jpg","width":800,"height":450},{"@type":"BreadcrumbList","@id":"https:\/\/brasilnoticias.org\/site\/posto-de-saude-fecha-apos-tiroteio-no-nordeste-de-amaralina\/#breadcrumb","itemListElement":[{"@type":"ListItem","position":1,"name":"In\u00edcio","item":"https:\/\/brasilnoticias.org\/site\/"},{"@type":"ListItem","position":2,"name":"Posto de sa\u00fade fecha ap\u00f3s tiroteio no Nordeste de Amaralina"}]},{"@type":"WebSite","@id":"https:\/\/brasilnoticias.org\/site\/#website","url":"https:\/\/brasilnoticias.org\/site\/","name":"Brasil not\u00edcias","description":"Brasil not\u00edcias","publisher":{"@id":"https:\/\/brasilnoticias.org\/site\/#organization"},"potentialAction":[{"@type":"SearchAction","target":{"@type":"EntryPoint","urlTemplate":"https:\/\/brasilnoticias.org\/site\/?s={search_term_string}"},"query-input":{"@type":"PropertyValueSpecification","valueRequired":true,"valueName":"search_term_string"}}],"inLanguage":"pt-PT"},{"@type":"Organization","@id":"https:\/\/brasilnoticias.org\/site\/#organization","name":"Brasil not\u00edcias","url":"https:\/\/brasilnoticias.org\/site\/","logo":{"@type":"ImageObject","inLanguage":"pt-PT","@id":"https:\/\/brasilnoticias.org\/site\/#\/schema\/logo\/image\/","url":"https:\/\/brasilnoticias.org\/site\/wp-content\/uploads\/2022\/05\/cropped-brasilnoticias-mini.jpg","contentUrl":"https:\/\/brasilnoticias.org\/site\/wp-content\/uploads\/2022\/05\/cropped-brasilnoticias-mini.jpg","width":314,"height":86,"caption":"Brasil not\u00edcias"},"image":{"@id":"https:\/\/brasilnoticias.org\/site\/#\/schema\/logo\/image\/"}},{"@type":"Person","@id":"https:\/\/brasilnoticias.org\/site\/#\/schema\/person\/f609fa847b5314f1c8b983342f34c798","name":"Reda\u00e7\u00e3o","image":{"@type":"ImageObject","inLanguage":"pt-PT","@id":"https:\/\/brasilnoticias.org\/site\/#\/schema\/person\/image\/","url":"https:\/\/secure.gravatar.com\/avatar\/447284c06c1ad8b46465a36de9cd0d8326b73387a22799b8b1ffb1fbcff2ed0c?s=96&d=mm&r=g","contentUrl":"https:\/\/secure.gravatar.com\/avatar\/447284c06c1ad8b46465a36de9cd0d8326b73387a22799b8b1ffb1fbcff2ed0c?s=96&d=mm&r=g","caption":"Reda\u00e7\u00e3o"},"url":"https:\/\/brasilnoticias.org\/site\/author\/redacao\/"}]}},"_links":{"self":[{"href":"https:\/\/brasilnoticias.org\/site\/wp-json\/wp\/v2\/posts\/1131","targetHints":{"allow":["GET"]}}],"collection":[{"href":"https:\/\/brasilnoticias.org\/site\/wp-json\/wp\/v2\/posts"}],"about":[{"href":"https:\/\/brasilnoticias.org\/site\/wp-json\/wp\/v2\/types\/post"}],"author":[{"embeddable":true,"href":"https:\/\/brasilnoticias.org\/site\/wp-json\/wp\/v2\/users\/2"}],"replies":[{"embeddable":true,"href":"https:\/\/brasilnoticias.org\/site\/wp-json\/wp\/v2\/comments?post=1131"}],"version-history":[{"count":1,"href":"https:\/\/brasilnoticias.org\/site\/wp-json\/wp\/v2\/posts\/1131\/revisions"}],"predecessor-version":[{"id":1133,"href":"https:\/\/brasilnoticias.org\/site\/wp-json\/wp\/v2\/posts\/1131\/revisions\/1133"}],"wp:featuredmedia":[{"embeddable":true,"href":"https:\/\/brasilnoticias.org\/site\/wp-json\/wp\/v2\/media\/1132"}],"wp:attachment":[{"href":"https:\/\/brasilnoticias.org\/site\/wp-json\/wp\/v2\/media?parent=1131"}],"wp:term":[{"taxonomy":"category","embeddable":true,"href":"https:\/\/brasilnoticias.org\/site\/wp-json\/wp\/v2\/categories?post=1131"},{"taxonomy":"post_tag","embeddable":true,"href":"https:\/\/brasilnoticias.org\/site\/wp-json\/wp\/v2\/tags?post=1131"}],"curies":[{"name":"wp","href":"https:\/\/api.w.org\/{rel}","templated":true}]}}