{"id":11311,"date":"2023-11-28T14:34:32","date_gmt":"2023-11-28T17:34:32","guid":{"rendered":"https:\/\/brasilnoticias.org\/site\/?p=11311"},"modified":"2023-11-28T14:34:32","modified_gmt":"2023-11-28T17:34:32","slug":"muito-importante-para-reta-final-diz-cauly-sobre-partida-contra-sao-paulo","status":"publish","type":"post","link":"https:\/\/brasilnoticias.org\/site\/muito-importante-para-reta-final-diz-cauly-sobre-partida-contra-sao-paulo\/","title":{"rendered":"&#8220;Muito importante para reta final&#8221;, diz Cauly sobre partida contra S\u00e3o Paulo"},"content":{"rendered":"<p>Autor de um dos gols do Bahia na goleada hist\u00f3rica contra o Corinthians na Neo Qu\u00edmica Arena na \u00faltima sexta-feira (24), Cauly deu entrevista coletiva na Cidade Tricolor e projetou o confronto contra o S\u00e3o Paulo, na quarta-feira (29), \u00e0s 20h (de Bras\u00edlia), na Arena Fonte Nova.<\/p>\n<p>Questionado se o esquema t\u00e1tico do Esquadr\u00e3o vai ser o mesmo ou similar da partida que goleou o Corinthians, o meia tricolor diz que cada jogo tem suas particularidades e que a decis\u00e3o fica por conta de Rog\u00e9rio Ceni.<\/p>\n<p>&#8220;Isso quem vai decidir \u00e9 o treinador. Acho que contra o Corinthians a gente viu que encaixou muito bem. Mas cada jogo \u00e9 diferente e escreve a sua pr\u00f3pria hist\u00f3ria. Ent\u00e3o o treinador vai preparar a gente para o S\u00e3o Paulo&#8221;, afirmou o meia.<br \/>\nGrande destaque do Bahia na temporada de 2023, Cauly ainda diz que, para ele, n\u00e3o adianta fazer um bom Brasileir\u00e3o se n\u00e3o conseguir livrar o Bahia do rebaixamento. &#8220;Eu acho que, pra mim, n\u00e3o adiantaria muito ter feito um bom campeonato se a gente n\u00e3o conseguir manter o Bahia na S\u00e9rie A, ent\u00e3o, como eu falei, t\u00e1 tudo nas nossas m\u00e3os, a gente vai dar o m\u00e1ximo a\u00ed pra conseguir esse objetivo a\u00ed, que \u00e9 o objetivo principal&#8221;.<\/p>\n<p>Cauly foi perguntado sobre o fato do S\u00e3o Paulo ainda n\u00e3o ter vencido como visitante neste Brasileir\u00e3o, mas refor\u00e7ou que isso n\u00e3o pode ser par\u00e2metro para favoritismo. &#8220;\u00c9 uma estat\u00edstica desse ano, mas n\u00e3o vai importar muito. A gente tamb\u00e9m n\u00e3o tinha vencido l\u00e1 na casa do Corinthians, ent\u00e3o a gente tem que entrar bem ligado no jogo, que isso n\u00e3o importa. (&#8230;) A gente vai querer deixar esses tr\u00eas pontos aqui em casa com a nossa torcida, que vai ser muito importante para essa reta final.&#8221; <\/p>\n<p>Foto: Felipe Oliveira \/ EC Bahia<br \/>\nBNews<\/p>\n","protected":false},"excerpt":{"rendered":"<p>Autor de um dos gols do Bahia na goleada hist\u00f3rica contra o Corinthians na Neo Qu\u00edmica Arena na \u00faltima sexta-feira<\/p>\n","protected":false},"author":4,"featured_media":11312,"comment_status":"open","ping_status":"open","sticky":false,"template":"","format":"standard","meta":{"colormag_page_container_layout":"default_layout","colormag_page_sidebar_layout":"default_layout","_FSMCFIC_featured_image_caption":"","_FSMCFIC_featured_image_nocaption":"","_FSMCFIC_featured_image_hide":"","footnotes":""},"categories":[4,1],"tags":[],"class_list":["post-11311","post","type-post","status-publish","format-standard","has-post-thumbnail","hentry","category-esporte","category-ultimas"],"yoast_head":"<!-- This site is optimized with the Yoast SEO plugin v27.1.1 - https:\/\/yoast.com\/product\/yoast-seo-wordpress\/ -->\n<title>&quot;Muito importante para reta final&quot;, diz Cauly sobre partida contra S\u00e3o Paulo - Brasil not\u00edcias<\/title>\n<meta name=\"robots\" content=\"index, follow, max-snippet:-1, max-image-preview:large, max-video-preview:-1\" \/>\n<link rel=\"canonical\" href=\"https:\/\/brasilnoticias.org\/site\/muito-importante-para-reta-final-diz-cauly-sobre-partida-contra-sao-paulo\/\" \/>\n<meta property=\"og:locale\" content=\"pt_PT\" \/>\n<meta property=\"og:type\" content=\"article\" \/>\n<meta property=\"og:title\" content=\"&quot;Muito importante para reta final&quot;, diz Cauly sobre partida contra S\u00e3o Paulo - Brasil not\u00edcias\" \/>\n<meta property=\"og:description\" content=\"Autor de um dos gols do Bahia na goleada hist\u00f3rica contra o Corinthians na Neo Qu\u00edmica Arena na \u00faltima sexta-feira\" \/>\n<meta property=\"og:url\" content=\"https:\/\/brasilnoticias.org\/site\/muito-importante-para-reta-final-diz-cauly-sobre-partida-contra-sao-paulo\/\" \/>\n<meta property=\"og:site_name\" content=\"Brasil not\u00edcias\" \/>\n<meta property=\"article:published_time\" content=\"2023-11-28T17:34:32+00:00\" \/>\n<meta property=\"og:image\" content=\"https:\/\/brasilnoticias.org\/site\/wp-content\/uploads\/2023\/11\/foto_12_ZILurkV_widelg.jpg\" \/>\n\t<meta property=\"og:image:width\" content=\"800\" \/>\n\t<meta property=\"og:image:height\" content=\"450\" \/>\n\t<meta property=\"og:image:type\" content=\"image\/jpeg\" \/>\n<meta name=\"author\" content=\"Reda\u00e7\u00e3o\" \/>\n<meta name=\"twitter:card\" content=\"summary_large_image\" \/>\n<meta name=\"twitter:label1\" content=\"Escrito por\" \/>\n\t<meta name=\"twitter:data1\" content=\"Reda\u00e7\u00e3o\" \/>\n<script type=\"application\/ld+json\" class=\"yoast-schema-graph\">{\"@context\":\"https:\/\/schema.org\",\"@graph\":[{\"@type\":\"Article\",\"@id\":\"https:\/\/brasilnoticias.org\/site\/muito-importante-para-reta-final-diz-cauly-sobre-partida-contra-sao-paulo\/#article\",\"isPartOf\":{\"@id\":\"https:\/\/brasilnoticias.org\/site\/muito-importante-para-reta-final-diz-cauly-sobre-partida-contra-sao-paulo\/\"},\"author\":{\"name\":\"Reda\u00e7\u00e3o\",\"@id\":\"https:\/\/brasilnoticias.org\/site\/#\/schema\/person\/03bbbfe6c7634ad18c26444ea39049fa\"},\"headline\":\"&#8220;Muito importante para reta final&#8221;, diz Cauly sobre partida contra S\u00e3o Paulo\",\"datePublished\":\"2023-11-28T17:34:32+00:00\",\"mainEntityOfPage\":{\"@id\":\"https:\/\/brasilnoticias.org\/site\/muito-importante-para-reta-final-diz-cauly-sobre-partida-contra-sao-paulo\/\"},\"wordCount\":340,\"commentCount\":0,\"publisher\":{\"@id\":\"https:\/\/brasilnoticias.org\/site\/#organization\"},\"image\":{\"@id\":\"https:\/\/brasilnoticias.org\/site\/muito-importante-para-reta-final-diz-cauly-sobre-partida-contra-sao-paulo\/#primaryimage\"},\"thumbnailUrl\":\"https:\/\/brasilnoticias.org\/site\/wp-content\/uploads\/2023\/11\/foto_12_ZILurkV_widelg.jpg\",\"articleSection\":[\"Esporte\",\"\u00daltimas\"],\"inLanguage\":\"pt-PT\",\"potentialAction\":[{\"@type\":\"CommentAction\",\"name\":\"Comment\",\"target\":[\"https:\/\/brasilnoticias.org\/site\/muito-importante-para-reta-final-diz-cauly-sobre-partida-contra-sao-paulo\/#respond\"]}]},{\"@type\":\"WebPage\",\"@id\":\"https:\/\/brasilnoticias.org\/site\/muito-importante-para-reta-final-diz-cauly-sobre-partida-contra-sao-paulo\/\",\"url\":\"https:\/\/brasilnoticias.org\/site\/muito-importante-para-reta-final-diz-cauly-sobre-partida-contra-sao-paulo\/\",\"name\":\"\\\"Muito importante para reta final\\\", diz Cauly sobre partida contra S\u00e3o Paulo - Brasil not\u00edcias\",\"isPartOf\":{\"@id\":\"https:\/\/brasilnoticias.org\/site\/#website\"},\"primaryImageOfPage\":{\"@id\":\"https:\/\/brasilnoticias.org\/site\/muito-importante-para-reta-final-diz-cauly-sobre-partida-contra-sao-paulo\/#primaryimage\"},\"image\":{\"@id\":\"https:\/\/brasilnoticias.org\/site\/muito-importante-para-reta-final-diz-cauly-sobre-partida-contra-sao-paulo\/#primaryimage\"},\"thumbnailUrl\":\"https:\/\/brasilnoticias.org\/site\/wp-content\/uploads\/2023\/11\/foto_12_ZILurkV_widelg.jpg\",\"datePublished\":\"2023-11-28T17:34:32+00:00\",\"breadcrumb\":{\"@id\":\"https:\/\/brasilnoticias.org\/site\/muito-importante-para-reta-final-diz-cauly-sobre-partida-contra-sao-paulo\/#breadcrumb\"},\"inLanguage\":\"pt-PT\",\"potentialAction\":[{\"@type\":\"ReadAction\",\"target\":[\"https:\/\/brasilnoticias.org\/site\/muito-importante-para-reta-final-diz-cauly-sobre-partida-contra-sao-paulo\/\"]}]},{\"@type\":\"ImageObject\",\"inLanguage\":\"pt-PT\",\"@id\":\"https:\/\/brasilnoticias.org\/site\/muito-importante-para-reta-final-diz-cauly-sobre-partida-contra-sao-paulo\/#primaryimage\",\"url\":\"https:\/\/brasilnoticias.org\/site\/wp-content\/uploads\/2023\/11\/foto_12_ZILurkV_widelg.jpg\",\"contentUrl\":\"https:\/\/brasilnoticias.org\/site\/wp-content\/uploads\/2023\/11\/foto_12_ZILurkV_widelg.jpg\",\"width\":800,\"height\":450},{\"@type\":\"BreadcrumbList\",\"@id\":\"https:\/\/brasilnoticias.org\/site\/muito-importante-para-reta-final-diz-cauly-sobre-partida-contra-sao-paulo\/#breadcrumb\",\"itemListElement\":[{\"@type\":\"ListItem\",\"position\":1,\"name\":\"In\u00edcio\",\"item\":\"https:\/\/brasilnoticias.org\/site\/\"},{\"@type\":\"ListItem\",\"position\":2,\"name\":\"&#8220;Muito importante para reta final&#8221;, diz Cauly sobre partida contra S\u00e3o Paulo\"}]},{\"@type\":\"WebSite\",\"@id\":\"https:\/\/brasilnoticias.org\/site\/#website\",\"url\":\"https:\/\/brasilnoticias.org\/site\/\",\"name\":\"Brasil not\u00edcias\",\"description\":\"Brasil not\u00edcias\",\"publisher\":{\"@id\":\"https:\/\/brasilnoticias.org\/site\/#organization\"},\"potentialAction\":[{\"@type\":\"SearchAction\",\"target\":{\"@type\":\"EntryPoint\",\"urlTemplate\":\"https:\/\/brasilnoticias.org\/site\/?s={search_term_string}\"},\"query-input\":{\"@type\":\"PropertyValueSpecification\",\"valueRequired\":true,\"valueName\":\"search_term_string\"}}],\"inLanguage\":\"pt-PT\"},{\"@type\":\"Organization\",\"@id\":\"https:\/\/brasilnoticias.org\/site\/#organization\",\"name\":\"Brasil not\u00edcias\",\"url\":\"https:\/\/brasilnoticias.org\/site\/\",\"logo\":{\"@type\":\"ImageObject\",\"inLanguage\":\"pt-PT\",\"@id\":\"https:\/\/brasilnoticias.org\/site\/#\/schema\/logo\/image\/\",\"url\":\"https:\/\/brasilnoticias.org\/site\/wp-content\/uploads\/2022\/05\/cropped-brasilnoticias-mini.jpg\",\"contentUrl\":\"https:\/\/brasilnoticias.org\/site\/wp-content\/uploads\/2022\/05\/cropped-brasilnoticias-mini.jpg\",\"width\":314,\"height\":86,\"caption\":\"Brasil not\u00edcias\"},\"image\":{\"@id\":\"https:\/\/brasilnoticias.org\/site\/#\/schema\/logo\/image\/\"}},{\"@type\":\"Person\",\"@id\":\"https:\/\/brasilnoticias.org\/site\/#\/schema\/person\/03bbbfe6c7634ad18c26444ea39049fa\",\"name\":\"Reda\u00e7\u00e3o\",\"image\":{\"@type\":\"ImageObject\",\"inLanguage\":\"pt-PT\",\"@id\":\"https:\/\/brasilnoticias.org\/site\/#\/schema\/person\/image\/\",\"url\":\"https:\/\/secure.gravatar.com\/avatar\/9ecaf7327a696cb23ad926fedded5f1f04d7049de9e445375d55b48c001a6e42?s=96&d=mm&r=g\",\"contentUrl\":\"https:\/\/secure.gravatar.com\/avatar\/9ecaf7327a696cb23ad926fedded5f1f04d7049de9e445375d55b48c001a6e42?s=96&d=mm&r=g\",\"caption\":\"Reda\u00e7\u00e3o\"},\"url\":\"https:\/\/brasilnoticias.org\/site\/author\/henrique\/\"}]}<\/script>\n<!-- \/ Yoast SEO plugin. -->","yoast_head_json":{"title":"\"Muito importante para reta final\", diz Cauly sobre partida contra S\u00e3o Paulo - Brasil not\u00edcias","robots":{"index":"index","follow":"follow","max-snippet":"max-snippet:-1","max-image-preview":"max-image-preview:large","max-video-preview":"max-video-preview:-1"},"canonical":"https:\/\/brasilnoticias.org\/site\/muito-importante-para-reta-final-diz-cauly-sobre-partida-contra-sao-paulo\/","og_locale":"pt_PT","og_type":"article","og_title":"\"Muito importante para reta final\", diz Cauly sobre partida contra S\u00e3o Paulo - Brasil not\u00edcias","og_description":"Autor de um dos gols do Bahia na goleada hist\u00f3rica contra o Corinthians na Neo Qu\u00edmica Arena na \u00faltima sexta-feira","og_url":"https:\/\/brasilnoticias.org\/site\/muito-importante-para-reta-final-diz-cauly-sobre-partida-contra-sao-paulo\/","og_site_name":"Brasil not\u00edcias","article_published_time":"2023-11-28T17:34:32+00:00","og_image":[{"width":800,"height":450,"url":"https:\/\/brasilnoticias.org\/site\/wp-content\/uploads\/2023\/11\/foto_12_ZILurkV_widelg.jpg","type":"image\/jpeg"}],"author":"Reda\u00e7\u00e3o","twitter_card":"summary_large_image","twitter_misc":{"Escrito por":"Reda\u00e7\u00e3o"},"schema":{"@context":"https:\/\/schema.org","@graph":[{"@type":"Article","@id":"https:\/\/brasilnoticias.org\/site\/muito-importante-para-reta-final-diz-cauly-sobre-partida-contra-sao-paulo\/#article","isPartOf":{"@id":"https:\/\/brasilnoticias.org\/site\/muito-importante-para-reta-final-diz-cauly-sobre-partida-contra-sao-paulo\/"},"author":{"name":"Reda\u00e7\u00e3o","@id":"https:\/\/brasilnoticias.org\/site\/#\/schema\/person\/03bbbfe6c7634ad18c26444ea39049fa"},"headline":"&#8220;Muito importante para reta final&#8221;, diz Cauly sobre partida contra S\u00e3o Paulo","datePublished":"2023-11-28T17:34:32+00:00","mainEntityOfPage":{"@id":"https:\/\/brasilnoticias.org\/site\/muito-importante-para-reta-final-diz-cauly-sobre-partida-contra-sao-paulo\/"},"wordCount":340,"commentCount":0,"publisher":{"@id":"https:\/\/brasilnoticias.org\/site\/#organization"},"image":{"@id":"https:\/\/brasilnoticias.org\/site\/muito-importante-para-reta-final-diz-cauly-sobre-partida-contra-sao-paulo\/#primaryimage"},"thumbnailUrl":"https:\/\/brasilnoticias.org\/site\/wp-content\/uploads\/2023\/11\/foto_12_ZILurkV_widelg.jpg","articleSection":["Esporte","\u00daltimas"],"inLanguage":"pt-PT","potentialAction":[{"@type":"CommentAction","name":"Comment","target":["https:\/\/brasilnoticias.org\/site\/muito-importante-para-reta-final-diz-cauly-sobre-partida-contra-sao-paulo\/#respond"]}]},{"@type":"WebPage","@id":"https:\/\/brasilnoticias.org\/site\/muito-importante-para-reta-final-diz-cauly-sobre-partida-contra-sao-paulo\/","url":"https:\/\/brasilnoticias.org\/site\/muito-importante-para-reta-final-diz-cauly-sobre-partida-contra-sao-paulo\/","name":"\"Muito importante para reta final\", diz Cauly sobre partida contra S\u00e3o Paulo - Brasil not\u00edcias","isPartOf":{"@id":"https:\/\/brasilnoticias.org\/site\/#website"},"primaryImageOfPage":{"@id":"https:\/\/brasilnoticias.org\/site\/muito-importante-para-reta-final-diz-cauly-sobre-partida-contra-sao-paulo\/#primaryimage"},"image":{"@id":"https:\/\/brasilnoticias.org\/site\/muito-importante-para-reta-final-diz-cauly-sobre-partida-contra-sao-paulo\/#primaryimage"},"thumbnailUrl":"https:\/\/brasilnoticias.org\/site\/wp-content\/uploads\/2023\/11\/foto_12_ZILurkV_widelg.jpg","datePublished":"2023-11-28T17:34:32+00:00","breadcrumb":{"@id":"https:\/\/brasilnoticias.org\/site\/muito-importante-para-reta-final-diz-cauly-sobre-partida-contra-sao-paulo\/#breadcrumb"},"inLanguage":"pt-PT","potentialAction":[{"@type":"ReadAction","target":["https:\/\/brasilnoticias.org\/site\/muito-importante-para-reta-final-diz-cauly-sobre-partida-contra-sao-paulo\/"]}]},{"@type":"ImageObject","inLanguage":"pt-PT","@id":"https:\/\/brasilnoticias.org\/site\/muito-importante-para-reta-final-diz-cauly-sobre-partida-contra-sao-paulo\/#primaryimage","url":"https:\/\/brasilnoticias.org\/site\/wp-content\/uploads\/2023\/11\/foto_12_ZILurkV_widelg.jpg","contentUrl":"https:\/\/brasilnoticias.org\/site\/wp-content\/uploads\/2023\/11\/foto_12_ZILurkV_widelg.jpg","width":800,"height":450},{"@type":"BreadcrumbList","@id":"https:\/\/brasilnoticias.org\/site\/muito-importante-para-reta-final-diz-cauly-sobre-partida-contra-sao-paulo\/#breadcrumb","itemListElement":[{"@type":"ListItem","position":1,"name":"In\u00edcio","item":"https:\/\/brasilnoticias.org\/site\/"},{"@type":"ListItem","position":2,"name":"&#8220;Muito importante para reta final&#8221;, diz Cauly sobre partida contra S\u00e3o Paulo"}]},{"@type":"WebSite","@id":"https:\/\/brasilnoticias.org\/site\/#website","url":"https:\/\/brasilnoticias.org\/site\/","name":"Brasil not\u00edcias","description":"Brasil not\u00edcias","publisher":{"@id":"https:\/\/brasilnoticias.org\/site\/#organization"},"potentialAction":[{"@type":"SearchAction","target":{"@type":"EntryPoint","urlTemplate":"https:\/\/brasilnoticias.org\/site\/?s={search_term_string}"},"query-input":{"@type":"PropertyValueSpecification","valueRequired":true,"valueName":"search_term_string"}}],"inLanguage":"pt-PT"},{"@type":"Organization","@id":"https:\/\/brasilnoticias.org\/site\/#organization","name":"Brasil not\u00edcias","url":"https:\/\/brasilnoticias.org\/site\/","logo":{"@type":"ImageObject","inLanguage":"pt-PT","@id":"https:\/\/brasilnoticias.org\/site\/#\/schema\/logo\/image\/","url":"https:\/\/brasilnoticias.org\/site\/wp-content\/uploads\/2022\/05\/cropped-brasilnoticias-mini.jpg","contentUrl":"https:\/\/brasilnoticias.org\/site\/wp-content\/uploads\/2022\/05\/cropped-brasilnoticias-mini.jpg","width":314,"height":86,"caption":"Brasil not\u00edcias"},"image":{"@id":"https:\/\/brasilnoticias.org\/site\/#\/schema\/logo\/image\/"}},{"@type":"Person","@id":"https:\/\/brasilnoticias.org\/site\/#\/schema\/person\/03bbbfe6c7634ad18c26444ea39049fa","name":"Reda\u00e7\u00e3o","image":{"@type":"ImageObject","inLanguage":"pt-PT","@id":"https:\/\/brasilnoticias.org\/site\/#\/schema\/person\/image\/","url":"https:\/\/secure.gravatar.com\/avatar\/9ecaf7327a696cb23ad926fedded5f1f04d7049de9e445375d55b48c001a6e42?s=96&d=mm&r=g","contentUrl":"https:\/\/secure.gravatar.com\/avatar\/9ecaf7327a696cb23ad926fedded5f1f04d7049de9e445375d55b48c001a6e42?s=96&d=mm&r=g","caption":"Reda\u00e7\u00e3o"},"url":"https:\/\/brasilnoticias.org\/site\/author\/henrique\/"}]}},"_links":{"self":[{"href":"https:\/\/brasilnoticias.org\/site\/wp-json\/wp\/v2\/posts\/11311","targetHints":{"allow":["GET"]}}],"collection":[{"href":"https:\/\/brasilnoticias.org\/site\/wp-json\/wp\/v2\/posts"}],"about":[{"href":"https:\/\/brasilnoticias.org\/site\/wp-json\/wp\/v2\/types\/post"}],"author":[{"embeddable":true,"href":"https:\/\/brasilnoticias.org\/site\/wp-json\/wp\/v2\/users\/4"}],"replies":[{"embeddable":true,"href":"https:\/\/brasilnoticias.org\/site\/wp-json\/wp\/v2\/comments?post=11311"}],"version-history":[{"count":1,"href":"https:\/\/brasilnoticias.org\/site\/wp-json\/wp\/v2\/posts\/11311\/revisions"}],"predecessor-version":[{"id":11313,"href":"https:\/\/brasilnoticias.org\/site\/wp-json\/wp\/v2\/posts\/11311\/revisions\/11313"}],"wp:featuredmedia":[{"embeddable":true,"href":"https:\/\/brasilnoticias.org\/site\/wp-json\/wp\/v2\/media\/11312"}],"wp:attachment":[{"href":"https:\/\/brasilnoticias.org\/site\/wp-json\/wp\/v2\/media?parent=11311"}],"wp:term":[{"taxonomy":"category","embeddable":true,"href":"https:\/\/brasilnoticias.org\/site\/wp-json\/wp\/v2\/categories?post=11311"},{"taxonomy":"post_tag","embeddable":true,"href":"https:\/\/brasilnoticias.org\/site\/wp-json\/wp\/v2\/tags?post=11311"}],"curies":[{"name":"wp","href":"https:\/\/api.w.org\/{rel}","templated":true}]}}