{"id":1134,"date":"2022-08-12T10:31:53","date_gmt":"2022-08-12T13:31:53","guid":{"rendered":"https:\/\/brasilnoticias.org\/site\/?p=1134"},"modified":"2022-08-12T10:31:53","modified_gmt":"2022-08-12T13:31:53","slug":"athletico-pr-marca-nos-acrescimos-bate-o-estudiantes-e-esta-na-semifinal-da-libertadores-assista-ao-gol","status":"publish","type":"post","link":"https:\/\/brasilnoticias.org\/site\/athletico-pr-marca-nos-acrescimos-bate-o-estudiantes-e-esta-na-semifinal-da-libertadores-assista-ao-gol\/","title":{"rendered":"Athletico-PR marca nos acr\u00e9scimos, bate o Estudiantes e est\u00e1 na semifinal da Libertadores; assista ao gol"},"content":{"rendered":"<p>Contado com o brilho do jovem atacante Vitor Roque, de apenas 17 anos, o<a href=\"https:\/\/www.bnews.com.br\/tags\/athletico-pr\" target=\"_blank\" rel=\"noopener\">\u00a0Athletico-PR<\/a>\u00a0derrotou o Estudiantes (Argentina) por 1 a 0, na noite desta quinta-feira (11) no est\u00e1dio Jorge Luis Hirschi, em La Plata (Argentina), e se classificou para as\u00a0<a href=\"https:\/\/www.bnews.com.br\/noticias\/esporte\/velez-pega-flamengo-na-semifinal-da-libertadores-e-palmeiras-se-classifica-apos-eliminar-atletico-mg.html\" target=\"_blank\" rel=\"noopener\">semifinais da Copa Libertadores, onde medir\u00e1 for\u00e7as com o Palmeiras.<\/a><\/p>\n<p>A partida come\u00e7ou com os argentinos mantendo mais a posse de bola, e criando as melhores oportunidades nos 45 minutos iniciais. Logo aos 6 minutos Manuel Castro criou a primeira chance do Estudiantes, com finaliza\u00e7\u00e3o que foi para fora. Mas a oportunidade mais cristalina surgiu aos 43, quando Morel escorou para defesa do goleiro Bento. J\u00e1 o Furac\u00e3o s\u00f3 criou alguma coisa aos 16 minutos, em cobran\u00e7a de falta de Khellven que foi defendida por And\u00fajar.<\/p>\n<p>Ap\u00f3s o intervalo a equipe comandada pelo t\u00e9cnico Luiz Felipe Scolari melhorou e come\u00e7ou a criar mais. Por\u00e9m, a equipe de La Plata foi mais eficiente e chegou a superar o goleiro Bento aos 17 minutos, em finaliza\u00e7\u00e3o de Lollo. Por\u00e9m, o gol acabou sendo anulado pelo juiz, com aux\u00edlio do VAR (\u00e1rbitro de v\u00eddeo), ao assinalar irregularidade no lance.<\/p>\n<p>Com o passar do tempo, Felip\u00e3o mudou sua equipe de forma a tornar mais ofensiva, colocando em campo mais jogadores de ataque, entre eles o uruguaio Terans, que foi decisivo.<\/p>\n<p>J\u00e1 aos 50 minutos o camisa 20 do Furac\u00e3o fez grande jogada pela esquerda e tocou para Vitinho na \u00e1rea, que levantou a bola para o garoto Vitor Roque ganhar de cabe\u00e7a do goleiro And\u00fajar para marcar o gol da classifica\u00e7\u00e3o para a semifinal. Com este resultado o Brasil garante ao menos um representante na decis\u00e3o da competi\u00e7\u00e3o.<\/p>\n<p>&nbsp;<\/p>\n<p>&nbsp;<\/p>\n<p>&nbsp;<\/p>\n<p>Bnews<\/p>\n","protected":false},"excerpt":{"rendered":"<p>Contado com o brilho do jovem atacante Vitor Roque, de apenas 17 anos, o\u00a0Athletico-PR\u00a0derrotou o Estudiantes (Argentina) por 1 a<\/p>\n","protected":false},"author":2,"featured_media":1135,"comment_status":"open","ping_status":"open","sticky":false,"template":"","format":"standard","meta":{"colormag_page_container_layout":"default_layout","colormag_page_sidebar_layout":"default_layout","_FSMCFIC_featured_image_caption":"","_FSMCFIC_featured_image_nocaption":"","_FSMCFIC_featured_image_hide":"","footnotes":""},"categories":[4,1],"tags":[],"class_list":["post-1134","post","type-post","status-publish","format-standard","has-post-thumbnail","hentry","category-esporte","category-ultimas"],"yoast_head":"<!-- This site is optimized with the Yoast SEO plugin v27.1.1 - https:\/\/yoast.com\/product\/yoast-seo-wordpress\/ -->\n<title>Athletico-PR marca nos acr\u00e9scimos, bate o Estudiantes e est\u00e1 na semifinal da Libertadores; assista ao gol - Brasil not\u00edcias<\/title>\n<meta name=\"robots\" content=\"index, follow, max-snippet:-1, max-image-preview:large, max-video-preview:-1\" \/>\n<link rel=\"canonical\" href=\"https:\/\/brasilnoticias.org\/site\/athletico-pr-marca-nos-acrescimos-bate-o-estudiantes-e-esta-na-semifinal-da-libertadores-assista-ao-gol\/\" \/>\n<meta property=\"og:locale\" content=\"pt_PT\" \/>\n<meta property=\"og:type\" content=\"article\" \/>\n<meta property=\"og:title\" content=\"Athletico-PR marca nos acr\u00e9scimos, bate o Estudiantes e est\u00e1 na semifinal da Libertadores; assista ao gol - Brasil not\u00edcias\" \/>\n<meta property=\"og:description\" content=\"Contado com o brilho do jovem atacante Vitor Roque, de apenas 17 anos, o\u00a0Athletico-PR\u00a0derrotou o Estudiantes (Argentina) por 1 a\" \/>\n<meta property=\"og:url\" content=\"https:\/\/brasilnoticias.org\/site\/athletico-pr-marca-nos-acrescimos-bate-o-estudiantes-e-esta-na-semifinal-da-libertadores-assista-ao-gol\/\" \/>\n<meta property=\"og:site_name\" content=\"Brasil not\u00edcias\" \/>\n<meta property=\"article:published_time\" content=\"2022-08-12T13:31:53+00:00\" \/>\n<meta property=\"og:image\" content=\"https:\/\/brasilnoticias.org\/site\/wp-content\/uploads\/2022\/08\/cao-1-1024x683_widelg.jpg\" \/>\n\t<meta property=\"og:image:width\" content=\"800\" \/>\n\t<meta property=\"og:image:height\" content=\"450\" \/>\n\t<meta property=\"og:image:type\" content=\"image\/jpeg\" \/>\n<meta name=\"author\" content=\"Reda\u00e7\u00e3o\" \/>\n<meta name=\"twitter:card\" content=\"summary_large_image\" \/>\n<meta name=\"twitter:label1\" content=\"Escrito por\" \/>\n\t<meta name=\"twitter:data1\" content=\"Reda\u00e7\u00e3o\" \/>\n\t<meta name=\"twitter:label2\" content=\"Tempo estimado de leitura\" \/>\n\t<meta name=\"twitter:data2\" content=\"1 minuto\" \/>\n<script type=\"application\/ld+json\" class=\"yoast-schema-graph\">{\"@context\":\"https:\/\/schema.org\",\"@graph\":[{\"@type\":\"Article\",\"@id\":\"https:\/\/brasilnoticias.org\/site\/athletico-pr-marca-nos-acrescimos-bate-o-estudiantes-e-esta-na-semifinal-da-libertadores-assista-ao-gol\/#article\",\"isPartOf\":{\"@id\":\"https:\/\/brasilnoticias.org\/site\/athletico-pr-marca-nos-acrescimos-bate-o-estudiantes-e-esta-na-semifinal-da-libertadores-assista-ao-gol\/\"},\"author\":{\"name\":\"Reda\u00e7\u00e3o\",\"@id\":\"https:\/\/brasilnoticias.org\/site\/#\/schema\/person\/f609fa847b5314f1c8b983342f34c798\"},\"headline\":\"Athletico-PR marca nos acr\u00e9scimos, bate o Estudiantes e est\u00e1 na semifinal da Libertadores; assista ao gol\",\"datePublished\":\"2022-08-12T13:31:53+00:00\",\"mainEntityOfPage\":{\"@id\":\"https:\/\/brasilnoticias.org\/site\/athletico-pr-marca-nos-acrescimos-bate-o-estudiantes-e-esta-na-semifinal-da-libertadores-assista-ao-gol\/\"},\"wordCount\":308,\"commentCount\":0,\"publisher\":{\"@id\":\"https:\/\/brasilnoticias.org\/site\/#organization\"},\"image\":{\"@id\":\"https:\/\/brasilnoticias.org\/site\/athletico-pr-marca-nos-acrescimos-bate-o-estudiantes-e-esta-na-semifinal-da-libertadores-assista-ao-gol\/#primaryimage\"},\"thumbnailUrl\":\"https:\/\/brasilnoticias.org\/site\/wp-content\/uploads\/2022\/08\/cao-1-1024x683_widelg.jpg\",\"articleSection\":[\"Esporte\",\"\u00daltimas\"],\"inLanguage\":\"pt-PT\",\"potentialAction\":[{\"@type\":\"CommentAction\",\"name\":\"Comment\",\"target\":[\"https:\/\/brasilnoticias.org\/site\/athletico-pr-marca-nos-acrescimos-bate-o-estudiantes-e-esta-na-semifinal-da-libertadores-assista-ao-gol\/#respond\"]}]},{\"@type\":\"WebPage\",\"@id\":\"https:\/\/brasilnoticias.org\/site\/athletico-pr-marca-nos-acrescimos-bate-o-estudiantes-e-esta-na-semifinal-da-libertadores-assista-ao-gol\/\",\"url\":\"https:\/\/brasilnoticias.org\/site\/athletico-pr-marca-nos-acrescimos-bate-o-estudiantes-e-esta-na-semifinal-da-libertadores-assista-ao-gol\/\",\"name\":\"Athletico-PR marca nos acr\u00e9scimos, bate o Estudiantes e est\u00e1 na semifinal da Libertadores; assista ao gol - Brasil not\u00edcias\",\"isPartOf\":{\"@id\":\"https:\/\/brasilnoticias.org\/site\/#website\"},\"primaryImageOfPage\":{\"@id\":\"https:\/\/brasilnoticias.org\/site\/athletico-pr-marca-nos-acrescimos-bate-o-estudiantes-e-esta-na-semifinal-da-libertadores-assista-ao-gol\/#primaryimage\"},\"image\":{\"@id\":\"https:\/\/brasilnoticias.org\/site\/athletico-pr-marca-nos-acrescimos-bate-o-estudiantes-e-esta-na-semifinal-da-libertadores-assista-ao-gol\/#primaryimage\"},\"thumbnailUrl\":\"https:\/\/brasilnoticias.org\/site\/wp-content\/uploads\/2022\/08\/cao-1-1024x683_widelg.jpg\",\"datePublished\":\"2022-08-12T13:31:53+00:00\",\"breadcrumb\":{\"@id\":\"https:\/\/brasilnoticias.org\/site\/athletico-pr-marca-nos-acrescimos-bate-o-estudiantes-e-esta-na-semifinal-da-libertadores-assista-ao-gol\/#breadcrumb\"},\"inLanguage\":\"pt-PT\",\"potentialAction\":[{\"@type\":\"ReadAction\",\"target\":[\"https:\/\/brasilnoticias.org\/site\/athletico-pr-marca-nos-acrescimos-bate-o-estudiantes-e-esta-na-semifinal-da-libertadores-assista-ao-gol\/\"]}]},{\"@type\":\"ImageObject\",\"inLanguage\":\"pt-PT\",\"@id\":\"https:\/\/brasilnoticias.org\/site\/athletico-pr-marca-nos-acrescimos-bate-o-estudiantes-e-esta-na-semifinal-da-libertadores-assista-ao-gol\/#primaryimage\",\"url\":\"https:\/\/brasilnoticias.org\/site\/wp-content\/uploads\/2022\/08\/cao-1-1024x683_widelg.jpg\",\"contentUrl\":\"https:\/\/brasilnoticias.org\/site\/wp-content\/uploads\/2022\/08\/cao-1-1024x683_widelg.jpg\",\"width\":800,\"height\":450},{\"@type\":\"BreadcrumbList\",\"@id\":\"https:\/\/brasilnoticias.org\/site\/athletico-pr-marca-nos-acrescimos-bate-o-estudiantes-e-esta-na-semifinal-da-libertadores-assista-ao-gol\/#breadcrumb\",\"itemListElement\":[{\"@type\":\"ListItem\",\"position\":1,\"name\":\"In\u00edcio\",\"item\":\"https:\/\/brasilnoticias.org\/site\/\"},{\"@type\":\"ListItem\",\"position\":2,\"name\":\"Athletico-PR marca nos acr\u00e9scimos, bate o Estudiantes e est\u00e1 na semifinal da Libertadores; assista ao gol\"}]},{\"@type\":\"WebSite\",\"@id\":\"https:\/\/brasilnoticias.org\/site\/#website\",\"url\":\"https:\/\/brasilnoticias.org\/site\/\",\"name\":\"Brasil not\u00edcias\",\"description\":\"Brasil not\u00edcias\",\"publisher\":{\"@id\":\"https:\/\/brasilnoticias.org\/site\/#organization\"},\"potentialAction\":[{\"@type\":\"SearchAction\",\"target\":{\"@type\":\"EntryPoint\",\"urlTemplate\":\"https:\/\/brasilnoticias.org\/site\/?s={search_term_string}\"},\"query-input\":{\"@type\":\"PropertyValueSpecification\",\"valueRequired\":true,\"valueName\":\"search_term_string\"}}],\"inLanguage\":\"pt-PT\"},{\"@type\":\"Organization\",\"@id\":\"https:\/\/brasilnoticias.org\/site\/#organization\",\"name\":\"Brasil not\u00edcias\",\"url\":\"https:\/\/brasilnoticias.org\/site\/\",\"logo\":{\"@type\":\"ImageObject\",\"inLanguage\":\"pt-PT\",\"@id\":\"https:\/\/brasilnoticias.org\/site\/#\/schema\/logo\/image\/\",\"url\":\"https:\/\/brasilnoticias.org\/site\/wp-content\/uploads\/2022\/05\/cropped-brasilnoticias-mini.jpg\",\"contentUrl\":\"https:\/\/brasilnoticias.org\/site\/wp-content\/uploads\/2022\/05\/cropped-brasilnoticias-mini.jpg\",\"width\":314,\"height\":86,\"caption\":\"Brasil not\u00edcias\"},\"image\":{\"@id\":\"https:\/\/brasilnoticias.org\/site\/#\/schema\/logo\/image\/\"}},{\"@type\":\"Person\",\"@id\":\"https:\/\/brasilnoticias.org\/site\/#\/schema\/person\/f609fa847b5314f1c8b983342f34c798\",\"name\":\"Reda\u00e7\u00e3o\",\"image\":{\"@type\":\"ImageObject\",\"inLanguage\":\"pt-PT\",\"@id\":\"https:\/\/brasilnoticias.org\/site\/#\/schema\/person\/image\/\",\"url\":\"https:\/\/secure.gravatar.com\/avatar\/447284c06c1ad8b46465a36de9cd0d8326b73387a22799b8b1ffb1fbcff2ed0c?s=96&d=mm&r=g\",\"contentUrl\":\"https:\/\/secure.gravatar.com\/avatar\/447284c06c1ad8b46465a36de9cd0d8326b73387a22799b8b1ffb1fbcff2ed0c?s=96&d=mm&r=g\",\"caption\":\"Reda\u00e7\u00e3o\"},\"url\":\"https:\/\/brasilnoticias.org\/site\/author\/redacao\/\"}]}<\/script>\n<!-- \/ Yoast SEO plugin. -->","yoast_head_json":{"title":"Athletico-PR marca nos acr\u00e9scimos, bate o Estudiantes e est\u00e1 na semifinal da Libertadores; assista ao gol - Brasil not\u00edcias","robots":{"index":"index","follow":"follow","max-snippet":"max-snippet:-1","max-image-preview":"max-image-preview:large","max-video-preview":"max-video-preview:-1"},"canonical":"https:\/\/brasilnoticias.org\/site\/athletico-pr-marca-nos-acrescimos-bate-o-estudiantes-e-esta-na-semifinal-da-libertadores-assista-ao-gol\/","og_locale":"pt_PT","og_type":"article","og_title":"Athletico-PR marca nos acr\u00e9scimos, bate o Estudiantes e est\u00e1 na semifinal da Libertadores; assista ao gol - Brasil not\u00edcias","og_description":"Contado com o brilho do jovem atacante Vitor Roque, de apenas 17 anos, o\u00a0Athletico-PR\u00a0derrotou o Estudiantes (Argentina) por 1 a","og_url":"https:\/\/brasilnoticias.org\/site\/athletico-pr-marca-nos-acrescimos-bate-o-estudiantes-e-esta-na-semifinal-da-libertadores-assista-ao-gol\/","og_site_name":"Brasil not\u00edcias","article_published_time":"2022-08-12T13:31:53+00:00","og_image":[{"width":800,"height":450,"url":"https:\/\/brasilnoticias.org\/site\/wp-content\/uploads\/2022\/08\/cao-1-1024x683_widelg.jpg","type":"image\/jpeg"}],"author":"Reda\u00e7\u00e3o","twitter_card":"summary_large_image","twitter_misc":{"Escrito por":"Reda\u00e7\u00e3o","Tempo estimado de leitura":"1 minuto"},"schema":{"@context":"https:\/\/schema.org","@graph":[{"@type":"Article","@id":"https:\/\/brasilnoticias.org\/site\/athletico-pr-marca-nos-acrescimos-bate-o-estudiantes-e-esta-na-semifinal-da-libertadores-assista-ao-gol\/#article","isPartOf":{"@id":"https:\/\/brasilnoticias.org\/site\/athletico-pr-marca-nos-acrescimos-bate-o-estudiantes-e-esta-na-semifinal-da-libertadores-assista-ao-gol\/"},"author":{"name":"Reda\u00e7\u00e3o","@id":"https:\/\/brasilnoticias.org\/site\/#\/schema\/person\/f609fa847b5314f1c8b983342f34c798"},"headline":"Athletico-PR marca nos acr\u00e9scimos, bate o Estudiantes e est\u00e1 na semifinal da Libertadores; assista ao gol","datePublished":"2022-08-12T13:31:53+00:00","mainEntityOfPage":{"@id":"https:\/\/brasilnoticias.org\/site\/athletico-pr-marca-nos-acrescimos-bate-o-estudiantes-e-esta-na-semifinal-da-libertadores-assista-ao-gol\/"},"wordCount":308,"commentCount":0,"publisher":{"@id":"https:\/\/brasilnoticias.org\/site\/#organization"},"image":{"@id":"https:\/\/brasilnoticias.org\/site\/athletico-pr-marca-nos-acrescimos-bate-o-estudiantes-e-esta-na-semifinal-da-libertadores-assista-ao-gol\/#primaryimage"},"thumbnailUrl":"https:\/\/brasilnoticias.org\/site\/wp-content\/uploads\/2022\/08\/cao-1-1024x683_widelg.jpg","articleSection":["Esporte","\u00daltimas"],"inLanguage":"pt-PT","potentialAction":[{"@type":"CommentAction","name":"Comment","target":["https:\/\/brasilnoticias.org\/site\/athletico-pr-marca-nos-acrescimos-bate-o-estudiantes-e-esta-na-semifinal-da-libertadores-assista-ao-gol\/#respond"]}]},{"@type":"WebPage","@id":"https:\/\/brasilnoticias.org\/site\/athletico-pr-marca-nos-acrescimos-bate-o-estudiantes-e-esta-na-semifinal-da-libertadores-assista-ao-gol\/","url":"https:\/\/brasilnoticias.org\/site\/athletico-pr-marca-nos-acrescimos-bate-o-estudiantes-e-esta-na-semifinal-da-libertadores-assista-ao-gol\/","name":"Athletico-PR marca nos acr\u00e9scimos, bate o Estudiantes e est\u00e1 na semifinal da Libertadores; assista ao gol - Brasil not\u00edcias","isPartOf":{"@id":"https:\/\/brasilnoticias.org\/site\/#website"},"primaryImageOfPage":{"@id":"https:\/\/brasilnoticias.org\/site\/athletico-pr-marca-nos-acrescimos-bate-o-estudiantes-e-esta-na-semifinal-da-libertadores-assista-ao-gol\/#primaryimage"},"image":{"@id":"https:\/\/brasilnoticias.org\/site\/athletico-pr-marca-nos-acrescimos-bate-o-estudiantes-e-esta-na-semifinal-da-libertadores-assista-ao-gol\/#primaryimage"},"thumbnailUrl":"https:\/\/brasilnoticias.org\/site\/wp-content\/uploads\/2022\/08\/cao-1-1024x683_widelg.jpg","datePublished":"2022-08-12T13:31:53+00:00","breadcrumb":{"@id":"https:\/\/brasilnoticias.org\/site\/athletico-pr-marca-nos-acrescimos-bate-o-estudiantes-e-esta-na-semifinal-da-libertadores-assista-ao-gol\/#breadcrumb"},"inLanguage":"pt-PT","potentialAction":[{"@type":"ReadAction","target":["https:\/\/brasilnoticias.org\/site\/athletico-pr-marca-nos-acrescimos-bate-o-estudiantes-e-esta-na-semifinal-da-libertadores-assista-ao-gol\/"]}]},{"@type":"ImageObject","inLanguage":"pt-PT","@id":"https:\/\/brasilnoticias.org\/site\/athletico-pr-marca-nos-acrescimos-bate-o-estudiantes-e-esta-na-semifinal-da-libertadores-assista-ao-gol\/#primaryimage","url":"https:\/\/brasilnoticias.org\/site\/wp-content\/uploads\/2022\/08\/cao-1-1024x683_widelg.jpg","contentUrl":"https:\/\/brasilnoticias.org\/site\/wp-content\/uploads\/2022\/08\/cao-1-1024x683_widelg.jpg","width":800,"height":450},{"@type":"BreadcrumbList","@id":"https:\/\/brasilnoticias.org\/site\/athletico-pr-marca-nos-acrescimos-bate-o-estudiantes-e-esta-na-semifinal-da-libertadores-assista-ao-gol\/#breadcrumb","itemListElement":[{"@type":"ListItem","position":1,"name":"In\u00edcio","item":"https:\/\/brasilnoticias.org\/site\/"},{"@type":"ListItem","position":2,"name":"Athletico-PR marca nos acr\u00e9scimos, bate o Estudiantes e est\u00e1 na semifinal da Libertadores; assista ao gol"}]},{"@type":"WebSite","@id":"https:\/\/brasilnoticias.org\/site\/#website","url":"https:\/\/brasilnoticias.org\/site\/","name":"Brasil not\u00edcias","description":"Brasil not\u00edcias","publisher":{"@id":"https:\/\/brasilnoticias.org\/site\/#organization"},"potentialAction":[{"@type":"SearchAction","target":{"@type":"EntryPoint","urlTemplate":"https:\/\/brasilnoticias.org\/site\/?s={search_term_string}"},"query-input":{"@type":"PropertyValueSpecification","valueRequired":true,"valueName":"search_term_string"}}],"inLanguage":"pt-PT"},{"@type":"Organization","@id":"https:\/\/brasilnoticias.org\/site\/#organization","name":"Brasil not\u00edcias","url":"https:\/\/brasilnoticias.org\/site\/","logo":{"@type":"ImageObject","inLanguage":"pt-PT","@id":"https:\/\/brasilnoticias.org\/site\/#\/schema\/logo\/image\/","url":"https:\/\/brasilnoticias.org\/site\/wp-content\/uploads\/2022\/05\/cropped-brasilnoticias-mini.jpg","contentUrl":"https:\/\/brasilnoticias.org\/site\/wp-content\/uploads\/2022\/05\/cropped-brasilnoticias-mini.jpg","width":314,"height":86,"caption":"Brasil not\u00edcias"},"image":{"@id":"https:\/\/brasilnoticias.org\/site\/#\/schema\/logo\/image\/"}},{"@type":"Person","@id":"https:\/\/brasilnoticias.org\/site\/#\/schema\/person\/f609fa847b5314f1c8b983342f34c798","name":"Reda\u00e7\u00e3o","image":{"@type":"ImageObject","inLanguage":"pt-PT","@id":"https:\/\/brasilnoticias.org\/site\/#\/schema\/person\/image\/","url":"https:\/\/secure.gravatar.com\/avatar\/447284c06c1ad8b46465a36de9cd0d8326b73387a22799b8b1ffb1fbcff2ed0c?s=96&d=mm&r=g","contentUrl":"https:\/\/secure.gravatar.com\/avatar\/447284c06c1ad8b46465a36de9cd0d8326b73387a22799b8b1ffb1fbcff2ed0c?s=96&d=mm&r=g","caption":"Reda\u00e7\u00e3o"},"url":"https:\/\/brasilnoticias.org\/site\/author\/redacao\/"}]}},"_links":{"self":[{"href":"https:\/\/brasilnoticias.org\/site\/wp-json\/wp\/v2\/posts\/1134","targetHints":{"allow":["GET"]}}],"collection":[{"href":"https:\/\/brasilnoticias.org\/site\/wp-json\/wp\/v2\/posts"}],"about":[{"href":"https:\/\/brasilnoticias.org\/site\/wp-json\/wp\/v2\/types\/post"}],"author":[{"embeddable":true,"href":"https:\/\/brasilnoticias.org\/site\/wp-json\/wp\/v2\/users\/2"}],"replies":[{"embeddable":true,"href":"https:\/\/brasilnoticias.org\/site\/wp-json\/wp\/v2\/comments?post=1134"}],"version-history":[{"count":1,"href":"https:\/\/brasilnoticias.org\/site\/wp-json\/wp\/v2\/posts\/1134\/revisions"}],"predecessor-version":[{"id":1136,"href":"https:\/\/brasilnoticias.org\/site\/wp-json\/wp\/v2\/posts\/1134\/revisions\/1136"}],"wp:featuredmedia":[{"embeddable":true,"href":"https:\/\/brasilnoticias.org\/site\/wp-json\/wp\/v2\/media\/1135"}],"wp:attachment":[{"href":"https:\/\/brasilnoticias.org\/site\/wp-json\/wp\/v2\/media?parent=1134"}],"wp:term":[{"taxonomy":"category","embeddable":true,"href":"https:\/\/brasilnoticias.org\/site\/wp-json\/wp\/v2\/categories?post=1134"},{"taxonomy":"post_tag","embeddable":true,"href":"https:\/\/brasilnoticias.org\/site\/wp-json\/wp\/v2\/tags?post=1134"}],"curies":[{"name":"wp","href":"https:\/\/api.w.org\/{rel}","templated":true}]}}