{"id":11373,"date":"2023-12-01T15:27:43","date_gmt":"2023-12-01T18:27:43","guid":{"rendered":"https:\/\/brasilnoticias.org\/site\/?p=11373"},"modified":"2023-12-01T15:27:43","modified_gmt":"2023-12-01T18:27:43","slug":"regiao-de-cajazeiras-conta-com-novas-linhas-de-onibus-em-horarios-de-pico-saiba-mais","status":"publish","type":"post","link":"https:\/\/brasilnoticias.org\/site\/regiao-de-cajazeiras-conta-com-novas-linhas-de-onibus-em-horarios-de-pico-saiba-mais\/","title":{"rendered":"Regi\u00e3o de Cajazeiras conta com novas linhas de \u00f4nibus em hor\u00e1rios de pico; saiba mais"},"content":{"rendered":"<p>As opera\u00e7\u00f5es acontecem de segunda a sexta-feira, entre 18h e 23h40, e aos finais de semana e feriados, neste caso.<\/p>\n<p>Os usu\u00e1rios do transporte p\u00fablico da regi\u00e3o de Cajazeiras, Castelo Branco e da Boca da Mata, em Salvador, passam a contar com altera\u00e7\u00f5es no atendimento em hor\u00e1rios de pico do per\u00edodo da tarde.<\/p>\n<p>Segundo informa\u00e7\u00f5es da Secretaria Municipal de Mobilidade (Semob), novos atendimentos v\u00e3o proporcionar melhorias no servi\u00e7o para estas localidades.<\/p>\n<p>As novas linhas s\u00e3o: 1420-02 \u2013 Boca da Mata x Iguatemi e a 1436-02 \u2013 Cajazeiras 11 x Iguatemi v\u00e3o dar suporte ao atendimento das linhas 1305 \u2013 Castelo Branco x Pituba, 1420 \u2013 Boca da Mata x Pituba e a 1436 \u2013 Cajazeiras 11 x Pituba.<\/p>\n<p>As opera\u00e7\u00f5es acontecem de segunda a sexta-feira, entre 18h e 23h40, e aos finais de semana e feriados, neste caso, substituindo o atendimento das linhas m\u00e3es. Os novos atendimentos t\u00eam como objetivo aumentar a frequ\u00eancia das linhas no bairro, reduzindo o percurso e o tempo de deslocamento, fazendo com que os \u00f4nibus retornem mais r\u00e1pido ao bairro neste per\u00edodo.<\/p>\n<p>Com a mudan\u00e7a, os usu\u00e1rios que utilizam o transporte na regi\u00e3o da Alameda das Espat\u00f3deas e Avenida Paulo VI, dever\u00e3o acessar a linha B003 \u2013 Rodovi\u00e1ria BRT x Paulo VI\/Pituba e, no Shopping da Bahia, integrar com as novas linhas para retornar ao bairro. Agentes da Semob e das concession\u00e1rias estar\u00e3o em locais estrat\u00e9gicos tanto no bairro quanto nos destinos finais para orientar os usu\u00e1rios sobre as altera\u00e7\u00f5es.<\/p>\n<p>Foto: Bruno Concha\/Secom-PMS<br \/>\nAratu On<\/p>\n","protected":false},"excerpt":{"rendered":"<p>As opera\u00e7\u00f5es acontecem de segunda a sexta-feira, entre 18h e 23h40, e aos finais de semana e feriados, neste caso.<\/p>\n","protected":false},"author":4,"featured_media":11374,"comment_status":"open","ping_status":"open","sticky":false,"template":"","format":"standard","meta":{"colormag_page_container_layout":"default_layout","colormag_page_sidebar_layout":"default_layout","_FSMCFIC_featured_image_caption":"","_FSMCFIC_featured_image_nocaption":"","_FSMCFIC_featured_image_hide":"","footnotes":""},"categories":[2,1],"tags":[],"class_list":["post-11373","post","type-post","status-publish","format-standard","has-post-thumbnail","hentry","category-noticias","category-ultimas"],"yoast_head":"<!-- This site is optimized with the Yoast SEO plugin v27.1.1 - https:\/\/yoast.com\/product\/yoast-seo-wordpress\/ -->\n<title>Regi\u00e3o de Cajazeiras conta com novas linhas de \u00f4nibus em hor\u00e1rios de pico; saiba mais - Brasil not\u00edcias<\/title>\n<meta name=\"robots\" content=\"index, follow, max-snippet:-1, max-image-preview:large, max-video-preview:-1\" \/>\n<link rel=\"canonical\" href=\"https:\/\/brasilnoticias.org\/site\/regiao-de-cajazeiras-conta-com-novas-linhas-de-onibus-em-horarios-de-pico-saiba-mais\/\" \/>\n<meta property=\"og:locale\" content=\"pt_PT\" \/>\n<meta property=\"og:type\" content=\"article\" \/>\n<meta property=\"og:title\" content=\"Regi\u00e3o de Cajazeiras conta com novas linhas de \u00f4nibus em hor\u00e1rios de pico; saiba mais - Brasil not\u00edcias\" \/>\n<meta property=\"og:description\" content=\"As opera\u00e7\u00f5es acontecem de segunda a sexta-feira, entre 18h e 23h40, e aos finais de semana e feriados, neste caso.\" \/>\n<meta property=\"og:url\" content=\"https:\/\/brasilnoticias.org\/site\/regiao-de-cajazeiras-conta-com-novas-linhas-de-onibus-em-horarios-de-pico-saiba-mais\/\" \/>\n<meta property=\"og:site_name\" content=\"Brasil not\u00edcias\" \/>\n<meta property=\"article:published_time\" content=\"2023-12-01T18:27:43+00:00\" \/>\n<meta property=\"og:image\" content=\"https:\/\/brasilnoticias.org\/site\/wp-content\/uploads\/2023\/12\/cajazeiras-onibus-740x470-1.jpg\" \/>\n\t<meta property=\"og:image:width\" content=\"740\" \/>\n\t<meta property=\"og:image:height\" content=\"470\" \/>\n\t<meta property=\"og:image:type\" content=\"image\/jpeg\" \/>\n<meta name=\"author\" content=\"Reda\u00e7\u00e3o\" \/>\n<meta name=\"twitter:card\" content=\"summary_large_image\" \/>\n<meta name=\"twitter:label1\" content=\"Escrito por\" \/>\n\t<meta name=\"twitter:data1\" content=\"Reda\u00e7\u00e3o\" \/>\n<script type=\"application\/ld+json\" class=\"yoast-schema-graph\">{\"@context\":\"https:\/\/schema.org\",\"@graph\":[{\"@type\":\"Article\",\"@id\":\"https:\/\/brasilnoticias.org\/site\/regiao-de-cajazeiras-conta-com-novas-linhas-de-onibus-em-horarios-de-pico-saiba-mais\/#article\",\"isPartOf\":{\"@id\":\"https:\/\/brasilnoticias.org\/site\/regiao-de-cajazeiras-conta-com-novas-linhas-de-onibus-em-horarios-de-pico-saiba-mais\/\"},\"author\":{\"name\":\"Reda\u00e7\u00e3o\",\"@id\":\"https:\/\/brasilnoticias.org\/site\/#\/schema\/person\/03bbbfe6c7634ad18c26444ea39049fa\"},\"headline\":\"Regi\u00e3o de Cajazeiras conta com novas linhas de \u00f4nibus em hor\u00e1rios de pico; saiba mais\",\"datePublished\":\"2023-12-01T18:27:43+00:00\",\"mainEntityOfPage\":{\"@id\":\"https:\/\/brasilnoticias.org\/site\/regiao-de-cajazeiras-conta-com-novas-linhas-de-onibus-em-horarios-de-pico-saiba-mais\/\"},\"wordCount\":287,\"commentCount\":0,\"publisher\":{\"@id\":\"https:\/\/brasilnoticias.org\/site\/#organization\"},\"image\":{\"@id\":\"https:\/\/brasilnoticias.org\/site\/regiao-de-cajazeiras-conta-com-novas-linhas-de-onibus-em-horarios-de-pico-saiba-mais\/#primaryimage\"},\"thumbnailUrl\":\"https:\/\/brasilnoticias.org\/site\/wp-content\/uploads\/2023\/12\/cajazeiras-onibus-740x470-1.jpg\",\"articleSection\":[\"Not\u00edcias\",\"\u00daltimas\"],\"inLanguage\":\"pt-PT\",\"potentialAction\":[{\"@type\":\"CommentAction\",\"name\":\"Comment\",\"target\":[\"https:\/\/brasilnoticias.org\/site\/regiao-de-cajazeiras-conta-com-novas-linhas-de-onibus-em-horarios-de-pico-saiba-mais\/#respond\"]}]},{\"@type\":\"WebPage\",\"@id\":\"https:\/\/brasilnoticias.org\/site\/regiao-de-cajazeiras-conta-com-novas-linhas-de-onibus-em-horarios-de-pico-saiba-mais\/\",\"url\":\"https:\/\/brasilnoticias.org\/site\/regiao-de-cajazeiras-conta-com-novas-linhas-de-onibus-em-horarios-de-pico-saiba-mais\/\",\"name\":\"Regi\u00e3o de Cajazeiras conta com novas linhas de \u00f4nibus em hor\u00e1rios de pico; saiba mais - Brasil not\u00edcias\",\"isPartOf\":{\"@id\":\"https:\/\/brasilnoticias.org\/site\/#website\"},\"primaryImageOfPage\":{\"@id\":\"https:\/\/brasilnoticias.org\/site\/regiao-de-cajazeiras-conta-com-novas-linhas-de-onibus-em-horarios-de-pico-saiba-mais\/#primaryimage\"},\"image\":{\"@id\":\"https:\/\/brasilnoticias.org\/site\/regiao-de-cajazeiras-conta-com-novas-linhas-de-onibus-em-horarios-de-pico-saiba-mais\/#primaryimage\"},\"thumbnailUrl\":\"https:\/\/brasilnoticias.org\/site\/wp-content\/uploads\/2023\/12\/cajazeiras-onibus-740x470-1.jpg\",\"datePublished\":\"2023-12-01T18:27:43+00:00\",\"breadcrumb\":{\"@id\":\"https:\/\/brasilnoticias.org\/site\/regiao-de-cajazeiras-conta-com-novas-linhas-de-onibus-em-horarios-de-pico-saiba-mais\/#breadcrumb\"},\"inLanguage\":\"pt-PT\",\"potentialAction\":[{\"@type\":\"ReadAction\",\"target\":[\"https:\/\/brasilnoticias.org\/site\/regiao-de-cajazeiras-conta-com-novas-linhas-de-onibus-em-horarios-de-pico-saiba-mais\/\"]}]},{\"@type\":\"ImageObject\",\"inLanguage\":\"pt-PT\",\"@id\":\"https:\/\/brasilnoticias.org\/site\/regiao-de-cajazeiras-conta-com-novas-linhas-de-onibus-em-horarios-de-pico-saiba-mais\/#primaryimage\",\"url\":\"https:\/\/brasilnoticias.org\/site\/wp-content\/uploads\/2023\/12\/cajazeiras-onibus-740x470-1.jpg\",\"contentUrl\":\"https:\/\/brasilnoticias.org\/site\/wp-content\/uploads\/2023\/12\/cajazeiras-onibus-740x470-1.jpg\",\"width\":740,\"height\":470},{\"@type\":\"BreadcrumbList\",\"@id\":\"https:\/\/brasilnoticias.org\/site\/regiao-de-cajazeiras-conta-com-novas-linhas-de-onibus-em-horarios-de-pico-saiba-mais\/#breadcrumb\",\"itemListElement\":[{\"@type\":\"ListItem\",\"position\":1,\"name\":\"In\u00edcio\",\"item\":\"https:\/\/brasilnoticias.org\/site\/\"},{\"@type\":\"ListItem\",\"position\":2,\"name\":\"Regi\u00e3o de Cajazeiras conta com novas linhas de \u00f4nibus em hor\u00e1rios de pico; saiba mais\"}]},{\"@type\":\"WebSite\",\"@id\":\"https:\/\/brasilnoticias.org\/site\/#website\",\"url\":\"https:\/\/brasilnoticias.org\/site\/\",\"name\":\"Brasil not\u00edcias\",\"description\":\"Brasil not\u00edcias\",\"publisher\":{\"@id\":\"https:\/\/brasilnoticias.org\/site\/#organization\"},\"potentialAction\":[{\"@type\":\"SearchAction\",\"target\":{\"@type\":\"EntryPoint\",\"urlTemplate\":\"https:\/\/brasilnoticias.org\/site\/?s={search_term_string}\"},\"query-input\":{\"@type\":\"PropertyValueSpecification\",\"valueRequired\":true,\"valueName\":\"search_term_string\"}}],\"inLanguage\":\"pt-PT\"},{\"@type\":\"Organization\",\"@id\":\"https:\/\/brasilnoticias.org\/site\/#organization\",\"name\":\"Brasil not\u00edcias\",\"url\":\"https:\/\/brasilnoticias.org\/site\/\",\"logo\":{\"@type\":\"ImageObject\",\"inLanguage\":\"pt-PT\",\"@id\":\"https:\/\/brasilnoticias.org\/site\/#\/schema\/logo\/image\/\",\"url\":\"https:\/\/brasilnoticias.org\/site\/wp-content\/uploads\/2022\/05\/cropped-brasilnoticias-mini.jpg\",\"contentUrl\":\"https:\/\/brasilnoticias.org\/site\/wp-content\/uploads\/2022\/05\/cropped-brasilnoticias-mini.jpg\",\"width\":314,\"height\":86,\"caption\":\"Brasil not\u00edcias\"},\"image\":{\"@id\":\"https:\/\/brasilnoticias.org\/site\/#\/schema\/logo\/image\/\"}},{\"@type\":\"Person\",\"@id\":\"https:\/\/brasilnoticias.org\/site\/#\/schema\/person\/03bbbfe6c7634ad18c26444ea39049fa\",\"name\":\"Reda\u00e7\u00e3o\",\"image\":{\"@type\":\"ImageObject\",\"inLanguage\":\"pt-PT\",\"@id\":\"https:\/\/brasilnoticias.org\/site\/#\/schema\/person\/image\/\",\"url\":\"https:\/\/secure.gravatar.com\/avatar\/9ecaf7327a696cb23ad926fedded5f1f04d7049de9e445375d55b48c001a6e42?s=96&d=mm&r=g\",\"contentUrl\":\"https:\/\/secure.gravatar.com\/avatar\/9ecaf7327a696cb23ad926fedded5f1f04d7049de9e445375d55b48c001a6e42?s=96&d=mm&r=g\",\"caption\":\"Reda\u00e7\u00e3o\"},\"url\":\"https:\/\/brasilnoticias.org\/site\/author\/henrique\/\"}]}<\/script>\n<!-- \/ Yoast SEO plugin. -->","yoast_head_json":{"title":"Regi\u00e3o de Cajazeiras conta com novas linhas de \u00f4nibus em hor\u00e1rios de pico; saiba mais - Brasil not\u00edcias","robots":{"index":"index","follow":"follow","max-snippet":"max-snippet:-1","max-image-preview":"max-image-preview:large","max-video-preview":"max-video-preview:-1"},"canonical":"https:\/\/brasilnoticias.org\/site\/regiao-de-cajazeiras-conta-com-novas-linhas-de-onibus-em-horarios-de-pico-saiba-mais\/","og_locale":"pt_PT","og_type":"article","og_title":"Regi\u00e3o de Cajazeiras conta com novas linhas de \u00f4nibus em hor\u00e1rios de pico; saiba mais - Brasil not\u00edcias","og_description":"As opera\u00e7\u00f5es acontecem de segunda a sexta-feira, entre 18h e 23h40, e aos finais de semana e feriados, neste caso.","og_url":"https:\/\/brasilnoticias.org\/site\/regiao-de-cajazeiras-conta-com-novas-linhas-de-onibus-em-horarios-de-pico-saiba-mais\/","og_site_name":"Brasil not\u00edcias","article_published_time":"2023-12-01T18:27:43+00:00","og_image":[{"width":740,"height":470,"url":"https:\/\/brasilnoticias.org\/site\/wp-content\/uploads\/2023\/12\/cajazeiras-onibus-740x470-1.jpg","type":"image\/jpeg"}],"author":"Reda\u00e7\u00e3o","twitter_card":"summary_large_image","twitter_misc":{"Escrito por":"Reda\u00e7\u00e3o"},"schema":{"@context":"https:\/\/schema.org","@graph":[{"@type":"Article","@id":"https:\/\/brasilnoticias.org\/site\/regiao-de-cajazeiras-conta-com-novas-linhas-de-onibus-em-horarios-de-pico-saiba-mais\/#article","isPartOf":{"@id":"https:\/\/brasilnoticias.org\/site\/regiao-de-cajazeiras-conta-com-novas-linhas-de-onibus-em-horarios-de-pico-saiba-mais\/"},"author":{"name":"Reda\u00e7\u00e3o","@id":"https:\/\/brasilnoticias.org\/site\/#\/schema\/person\/03bbbfe6c7634ad18c26444ea39049fa"},"headline":"Regi\u00e3o de Cajazeiras conta com novas linhas de \u00f4nibus em hor\u00e1rios de pico; saiba mais","datePublished":"2023-12-01T18:27:43+00:00","mainEntityOfPage":{"@id":"https:\/\/brasilnoticias.org\/site\/regiao-de-cajazeiras-conta-com-novas-linhas-de-onibus-em-horarios-de-pico-saiba-mais\/"},"wordCount":287,"commentCount":0,"publisher":{"@id":"https:\/\/brasilnoticias.org\/site\/#organization"},"image":{"@id":"https:\/\/brasilnoticias.org\/site\/regiao-de-cajazeiras-conta-com-novas-linhas-de-onibus-em-horarios-de-pico-saiba-mais\/#primaryimage"},"thumbnailUrl":"https:\/\/brasilnoticias.org\/site\/wp-content\/uploads\/2023\/12\/cajazeiras-onibus-740x470-1.jpg","articleSection":["Not\u00edcias","\u00daltimas"],"inLanguage":"pt-PT","potentialAction":[{"@type":"CommentAction","name":"Comment","target":["https:\/\/brasilnoticias.org\/site\/regiao-de-cajazeiras-conta-com-novas-linhas-de-onibus-em-horarios-de-pico-saiba-mais\/#respond"]}]},{"@type":"WebPage","@id":"https:\/\/brasilnoticias.org\/site\/regiao-de-cajazeiras-conta-com-novas-linhas-de-onibus-em-horarios-de-pico-saiba-mais\/","url":"https:\/\/brasilnoticias.org\/site\/regiao-de-cajazeiras-conta-com-novas-linhas-de-onibus-em-horarios-de-pico-saiba-mais\/","name":"Regi\u00e3o de Cajazeiras conta com novas linhas de \u00f4nibus em hor\u00e1rios de pico; saiba mais - Brasil not\u00edcias","isPartOf":{"@id":"https:\/\/brasilnoticias.org\/site\/#website"},"primaryImageOfPage":{"@id":"https:\/\/brasilnoticias.org\/site\/regiao-de-cajazeiras-conta-com-novas-linhas-de-onibus-em-horarios-de-pico-saiba-mais\/#primaryimage"},"image":{"@id":"https:\/\/brasilnoticias.org\/site\/regiao-de-cajazeiras-conta-com-novas-linhas-de-onibus-em-horarios-de-pico-saiba-mais\/#primaryimage"},"thumbnailUrl":"https:\/\/brasilnoticias.org\/site\/wp-content\/uploads\/2023\/12\/cajazeiras-onibus-740x470-1.jpg","datePublished":"2023-12-01T18:27:43+00:00","breadcrumb":{"@id":"https:\/\/brasilnoticias.org\/site\/regiao-de-cajazeiras-conta-com-novas-linhas-de-onibus-em-horarios-de-pico-saiba-mais\/#breadcrumb"},"inLanguage":"pt-PT","potentialAction":[{"@type":"ReadAction","target":["https:\/\/brasilnoticias.org\/site\/regiao-de-cajazeiras-conta-com-novas-linhas-de-onibus-em-horarios-de-pico-saiba-mais\/"]}]},{"@type":"ImageObject","inLanguage":"pt-PT","@id":"https:\/\/brasilnoticias.org\/site\/regiao-de-cajazeiras-conta-com-novas-linhas-de-onibus-em-horarios-de-pico-saiba-mais\/#primaryimage","url":"https:\/\/brasilnoticias.org\/site\/wp-content\/uploads\/2023\/12\/cajazeiras-onibus-740x470-1.jpg","contentUrl":"https:\/\/brasilnoticias.org\/site\/wp-content\/uploads\/2023\/12\/cajazeiras-onibus-740x470-1.jpg","width":740,"height":470},{"@type":"BreadcrumbList","@id":"https:\/\/brasilnoticias.org\/site\/regiao-de-cajazeiras-conta-com-novas-linhas-de-onibus-em-horarios-de-pico-saiba-mais\/#breadcrumb","itemListElement":[{"@type":"ListItem","position":1,"name":"In\u00edcio","item":"https:\/\/brasilnoticias.org\/site\/"},{"@type":"ListItem","position":2,"name":"Regi\u00e3o de Cajazeiras conta com novas linhas de \u00f4nibus em hor\u00e1rios de pico; saiba mais"}]},{"@type":"WebSite","@id":"https:\/\/brasilnoticias.org\/site\/#website","url":"https:\/\/brasilnoticias.org\/site\/","name":"Brasil not\u00edcias","description":"Brasil not\u00edcias","publisher":{"@id":"https:\/\/brasilnoticias.org\/site\/#organization"},"potentialAction":[{"@type":"SearchAction","target":{"@type":"EntryPoint","urlTemplate":"https:\/\/brasilnoticias.org\/site\/?s={search_term_string}"},"query-input":{"@type":"PropertyValueSpecification","valueRequired":true,"valueName":"search_term_string"}}],"inLanguage":"pt-PT"},{"@type":"Organization","@id":"https:\/\/brasilnoticias.org\/site\/#organization","name":"Brasil not\u00edcias","url":"https:\/\/brasilnoticias.org\/site\/","logo":{"@type":"ImageObject","inLanguage":"pt-PT","@id":"https:\/\/brasilnoticias.org\/site\/#\/schema\/logo\/image\/","url":"https:\/\/brasilnoticias.org\/site\/wp-content\/uploads\/2022\/05\/cropped-brasilnoticias-mini.jpg","contentUrl":"https:\/\/brasilnoticias.org\/site\/wp-content\/uploads\/2022\/05\/cropped-brasilnoticias-mini.jpg","width":314,"height":86,"caption":"Brasil not\u00edcias"},"image":{"@id":"https:\/\/brasilnoticias.org\/site\/#\/schema\/logo\/image\/"}},{"@type":"Person","@id":"https:\/\/brasilnoticias.org\/site\/#\/schema\/person\/03bbbfe6c7634ad18c26444ea39049fa","name":"Reda\u00e7\u00e3o","image":{"@type":"ImageObject","inLanguage":"pt-PT","@id":"https:\/\/brasilnoticias.org\/site\/#\/schema\/person\/image\/","url":"https:\/\/secure.gravatar.com\/avatar\/9ecaf7327a696cb23ad926fedded5f1f04d7049de9e445375d55b48c001a6e42?s=96&d=mm&r=g","contentUrl":"https:\/\/secure.gravatar.com\/avatar\/9ecaf7327a696cb23ad926fedded5f1f04d7049de9e445375d55b48c001a6e42?s=96&d=mm&r=g","caption":"Reda\u00e7\u00e3o"},"url":"https:\/\/brasilnoticias.org\/site\/author\/henrique\/"}]}},"_links":{"self":[{"href":"https:\/\/brasilnoticias.org\/site\/wp-json\/wp\/v2\/posts\/11373","targetHints":{"allow":["GET"]}}],"collection":[{"href":"https:\/\/brasilnoticias.org\/site\/wp-json\/wp\/v2\/posts"}],"about":[{"href":"https:\/\/brasilnoticias.org\/site\/wp-json\/wp\/v2\/types\/post"}],"author":[{"embeddable":true,"href":"https:\/\/brasilnoticias.org\/site\/wp-json\/wp\/v2\/users\/4"}],"replies":[{"embeddable":true,"href":"https:\/\/brasilnoticias.org\/site\/wp-json\/wp\/v2\/comments?post=11373"}],"version-history":[{"count":1,"href":"https:\/\/brasilnoticias.org\/site\/wp-json\/wp\/v2\/posts\/11373\/revisions"}],"predecessor-version":[{"id":11375,"href":"https:\/\/brasilnoticias.org\/site\/wp-json\/wp\/v2\/posts\/11373\/revisions\/11375"}],"wp:featuredmedia":[{"embeddable":true,"href":"https:\/\/brasilnoticias.org\/site\/wp-json\/wp\/v2\/media\/11374"}],"wp:attachment":[{"href":"https:\/\/brasilnoticias.org\/site\/wp-json\/wp\/v2\/media?parent=11373"}],"wp:term":[{"taxonomy":"category","embeddable":true,"href":"https:\/\/brasilnoticias.org\/site\/wp-json\/wp\/v2\/categories?post=11373"},{"taxonomy":"post_tag","embeddable":true,"href":"https:\/\/brasilnoticias.org\/site\/wp-json\/wp\/v2\/tags?post=11373"}],"curies":[{"name":"wp","href":"https:\/\/api.w.org\/{rel}","templated":true}]}}