{"id":11405,"date":"2023-12-02T20:32:48","date_gmt":"2023-12-02T23:32:48","guid":{"rendered":"https:\/\/brasilnoticias.org\/site\/?p=11405"},"modified":"2023-12-02T20:32:48","modified_gmt":"2023-12-02T23:32:48","slug":"empresas-oferecem-r-42-bi-de-indenizacao-por-desastre-em-mariana-e-orgaos-publicos-condenam-proposta","status":"publish","type":"post","link":"https:\/\/brasilnoticias.org\/site\/empresas-oferecem-r-42-bi-de-indenizacao-por-desastre-em-mariana-e-orgaos-publicos-condenam-proposta\/","title":{"rendered":"Empresas oferecem R$ 42 bi de indeniza\u00e7\u00e3o por desastre em Mariana e \u00f3rg\u00e3os p\u00fablicos condenam proposta"},"content":{"rendered":"<p>As reuni\u00f5es t\u00e9cnicas para determinar o valor indeniza\u00e7\u00e3o foram suspensas e devem ser retomadas na pr\u00f3xima quarta-feira (7)<\/p>\n<p>Uma proposta conjunta feita pela Vale, BHP e Samarco foi apresentada durante uma mesa de repactua\u00e7\u00e3o, nesta sexta-feira (1\u00b0). Integrantes do Poder P\u00fablico classificaram o texto como &#8220;constrangedor&#8221;, segundo a Folha de S. Paulo.<\/p>\n<p>Unidas, as empresas propuseram pagar $ 42 bilh\u00f5es em repara\u00e7\u00e3o, mais obriga\u00e7\u00f5es, de acordo com participantes da mesa de repactua\u00e7\u00e3o, que tinha o intuito de discutir os valores. A quantia representa menos da metade do pagamento que havia sido sugerido por autoridades da regi\u00e3o no \u00faltimo dia 8.<\/p>\n<p>Representantes de Uni\u00e3o, governos de Minas Gerais e Esp\u00edrito Santo, Minist\u00e9rio P\u00fablico Federal, Defensoria P\u00fablica da Uni\u00e3o, Defensorias P\u00fablicas e Minist\u00e9rios P\u00fablicos tinham apresentado uma porposta repara\u00e7\u00e3o de cerca de R$ 126 bilh\u00f5es, al\u00e9m de demais obriga\u00e7\u00f5es.<\/p>\n<p>Em raz\u00e3o da discrep\u00e2ncia, foi determinado que as discuss\u00f5es t\u00e9cnicas entre o Poder P\u00fablico e as empresas seriam suspensas de forma tempor\u00e1ria at\u00e9 a pr\u00f3xima quinta-feira (7), quando est\u00e1 prevista para ocorrer uma nova reuni\u00e3o.<\/p>\n<p>Em 5 de novembro de 2015, ocorreu o epis\u00f3dio que ficou conhecido como &#8220;desastre de Mariana&#8221;, ap\u00f3s o rompimento da barragem da mineradora Samarco, administrada pela Vale e pela BHP,  resultando na maior trag\u00e9dia ambiental do pa\u00eds. <\/p>\n<p>Foto: Ag\u00eancia Brasil<br \/>\nPor: Metro1 <\/p>\n","protected":false},"excerpt":{"rendered":"<p>As reuni\u00f5es t\u00e9cnicas para determinar o valor indeniza\u00e7\u00e3o foram suspensas e devem ser retomadas na pr\u00f3xima quarta-feira (7) Uma proposta<\/p>\n","protected":false},"author":4,"featured_media":11406,"comment_status":"open","ping_status":"open","sticky":false,"template":"","format":"standard","meta":{"colormag_page_container_layout":"default_layout","colormag_page_sidebar_layout":"default_layout","_FSMCFIC_featured_image_caption":"","_FSMCFIC_featured_image_nocaption":"","_FSMCFIC_featured_image_hide":"","footnotes":""},"categories":[7,1],"tags":[],"class_list":["post-11405","post","type-post","status-publish","format-standard","has-post-thumbnail","hentry","category-justica","category-ultimas"],"yoast_head":"<!-- This site is optimized with the Yoast SEO plugin v27.1.1 - https:\/\/yoast.com\/product\/yoast-seo-wordpress\/ -->\n<title>Empresas oferecem R$ 42 bi de indeniza\u00e7\u00e3o por desastre em Mariana e \u00f3rg\u00e3os p\u00fablicos condenam proposta - Brasil not\u00edcias<\/title>\n<meta name=\"robots\" content=\"index, follow, max-snippet:-1, max-image-preview:large, max-video-preview:-1\" \/>\n<link rel=\"canonical\" href=\"https:\/\/brasilnoticias.org\/site\/empresas-oferecem-r-42-bi-de-indenizacao-por-desastre-em-mariana-e-orgaos-publicos-condenam-proposta\/\" \/>\n<meta property=\"og:locale\" content=\"pt_PT\" \/>\n<meta property=\"og:type\" content=\"article\" \/>\n<meta property=\"og:title\" content=\"Empresas oferecem R$ 42 bi de indeniza\u00e7\u00e3o por desastre em Mariana e \u00f3rg\u00e3os p\u00fablicos condenam proposta - Brasil not\u00edcias\" \/>\n<meta property=\"og:description\" content=\"As reuni\u00f5es t\u00e9cnicas para determinar o valor indeniza\u00e7\u00e3o foram suspensas e devem ser retomadas na pr\u00f3xima quarta-feira (7) Uma proposta\" \/>\n<meta property=\"og:url\" content=\"https:\/\/brasilnoticias.org\/site\/empresas-oferecem-r-42-bi-de-indenizacao-por-desastre-em-mariana-e-orgaos-publicos-condenam-proposta\/\" \/>\n<meta property=\"og:site_name\" content=\"Brasil not\u00edcias\" \/>\n<meta property=\"article:published_time\" content=\"2023-12-02T23:32:48+00:00\" \/>\n<meta property=\"og:image\" content=\"https:\/\/brasilnoticias.org\/site\/wp-content\/uploads\/2023\/12\/143814empresas-oferecem-r-42-bi-de-indenizacao-por-desastre-em-mariana-e-orgaos-publicos-condenam-proposta-3.jpg\" \/>\n\t<meta property=\"og:image:width\" content=\"1600\" \/>\n\t<meta property=\"og:image:height\" content=\"752\" \/>\n\t<meta property=\"og:image:type\" content=\"image\/jpeg\" \/>\n<meta name=\"author\" content=\"Reda\u00e7\u00e3o\" \/>\n<meta name=\"twitter:card\" content=\"summary_large_image\" \/>\n<meta name=\"twitter:label1\" content=\"Escrito por\" \/>\n\t<meta name=\"twitter:data1\" content=\"Reda\u00e7\u00e3o\" \/>\n<script type=\"application\/ld+json\" class=\"yoast-schema-graph\">{\"@context\":\"https:\/\/schema.org\",\"@graph\":[{\"@type\":\"Article\",\"@id\":\"https:\/\/brasilnoticias.org\/site\/empresas-oferecem-r-42-bi-de-indenizacao-por-desastre-em-mariana-e-orgaos-publicos-condenam-proposta\/#article\",\"isPartOf\":{\"@id\":\"https:\/\/brasilnoticias.org\/site\/empresas-oferecem-r-42-bi-de-indenizacao-por-desastre-em-mariana-e-orgaos-publicos-condenam-proposta\/\"},\"author\":{\"name\":\"Reda\u00e7\u00e3o\",\"@id\":\"https:\/\/brasilnoticias.org\/site\/#\/schema\/person\/03bbbfe6c7634ad18c26444ea39049fa\"},\"headline\":\"Empresas oferecem R$ 42 bi de indeniza\u00e7\u00e3o por desastre em Mariana e \u00f3rg\u00e3os p\u00fablicos condenam proposta\",\"datePublished\":\"2023-12-02T23:32:48+00:00\",\"mainEntityOfPage\":{\"@id\":\"https:\/\/brasilnoticias.org\/site\/empresas-oferecem-r-42-bi-de-indenizacao-por-desastre-em-mariana-e-orgaos-publicos-condenam-proposta\/\"},\"wordCount\":260,\"commentCount\":0,\"publisher\":{\"@id\":\"https:\/\/brasilnoticias.org\/site\/#organization\"},\"image\":{\"@id\":\"https:\/\/brasilnoticias.org\/site\/empresas-oferecem-r-42-bi-de-indenizacao-por-desastre-em-mariana-e-orgaos-publicos-condenam-proposta\/#primaryimage\"},\"thumbnailUrl\":\"https:\/\/brasilnoticias.org\/site\/wp-content\/uploads\/2023\/12\/143814empresas-oferecem-r-42-bi-de-indenizacao-por-desastre-em-mariana-e-orgaos-publicos-condenam-proposta-3.jpg\",\"articleSection\":[\"Justi\u00e7a\",\"\u00daltimas\"],\"inLanguage\":\"pt-PT\",\"potentialAction\":[{\"@type\":\"CommentAction\",\"name\":\"Comment\",\"target\":[\"https:\/\/brasilnoticias.org\/site\/empresas-oferecem-r-42-bi-de-indenizacao-por-desastre-em-mariana-e-orgaos-publicos-condenam-proposta\/#respond\"]}]},{\"@type\":\"WebPage\",\"@id\":\"https:\/\/brasilnoticias.org\/site\/empresas-oferecem-r-42-bi-de-indenizacao-por-desastre-em-mariana-e-orgaos-publicos-condenam-proposta\/\",\"url\":\"https:\/\/brasilnoticias.org\/site\/empresas-oferecem-r-42-bi-de-indenizacao-por-desastre-em-mariana-e-orgaos-publicos-condenam-proposta\/\",\"name\":\"Empresas oferecem R$ 42 bi de indeniza\u00e7\u00e3o por desastre em Mariana e \u00f3rg\u00e3os p\u00fablicos condenam proposta - Brasil not\u00edcias\",\"isPartOf\":{\"@id\":\"https:\/\/brasilnoticias.org\/site\/#website\"},\"primaryImageOfPage\":{\"@id\":\"https:\/\/brasilnoticias.org\/site\/empresas-oferecem-r-42-bi-de-indenizacao-por-desastre-em-mariana-e-orgaos-publicos-condenam-proposta\/#primaryimage\"},\"image\":{\"@id\":\"https:\/\/brasilnoticias.org\/site\/empresas-oferecem-r-42-bi-de-indenizacao-por-desastre-em-mariana-e-orgaos-publicos-condenam-proposta\/#primaryimage\"},\"thumbnailUrl\":\"https:\/\/brasilnoticias.org\/site\/wp-content\/uploads\/2023\/12\/143814empresas-oferecem-r-42-bi-de-indenizacao-por-desastre-em-mariana-e-orgaos-publicos-condenam-proposta-3.jpg\",\"datePublished\":\"2023-12-02T23:32:48+00:00\",\"breadcrumb\":{\"@id\":\"https:\/\/brasilnoticias.org\/site\/empresas-oferecem-r-42-bi-de-indenizacao-por-desastre-em-mariana-e-orgaos-publicos-condenam-proposta\/#breadcrumb\"},\"inLanguage\":\"pt-PT\",\"potentialAction\":[{\"@type\":\"ReadAction\",\"target\":[\"https:\/\/brasilnoticias.org\/site\/empresas-oferecem-r-42-bi-de-indenizacao-por-desastre-em-mariana-e-orgaos-publicos-condenam-proposta\/\"]}]},{\"@type\":\"ImageObject\",\"inLanguage\":\"pt-PT\",\"@id\":\"https:\/\/brasilnoticias.org\/site\/empresas-oferecem-r-42-bi-de-indenizacao-por-desastre-em-mariana-e-orgaos-publicos-condenam-proposta\/#primaryimage\",\"url\":\"https:\/\/brasilnoticias.org\/site\/wp-content\/uploads\/2023\/12\/143814empresas-oferecem-r-42-bi-de-indenizacao-por-desastre-em-mariana-e-orgaos-publicos-condenam-proposta-3.jpg\",\"contentUrl\":\"https:\/\/brasilnoticias.org\/site\/wp-content\/uploads\/2023\/12\/143814empresas-oferecem-r-42-bi-de-indenizacao-por-desastre-em-mariana-e-orgaos-publicos-condenam-proposta-3.jpg\",\"width\":1600,\"height\":752},{\"@type\":\"BreadcrumbList\",\"@id\":\"https:\/\/brasilnoticias.org\/site\/empresas-oferecem-r-42-bi-de-indenizacao-por-desastre-em-mariana-e-orgaos-publicos-condenam-proposta\/#breadcrumb\",\"itemListElement\":[{\"@type\":\"ListItem\",\"position\":1,\"name\":\"In\u00edcio\",\"item\":\"https:\/\/brasilnoticias.org\/site\/\"},{\"@type\":\"ListItem\",\"position\":2,\"name\":\"Empresas oferecem R$ 42 bi de indeniza\u00e7\u00e3o por desastre em Mariana e \u00f3rg\u00e3os p\u00fablicos condenam proposta\"}]},{\"@type\":\"WebSite\",\"@id\":\"https:\/\/brasilnoticias.org\/site\/#website\",\"url\":\"https:\/\/brasilnoticias.org\/site\/\",\"name\":\"Brasil not\u00edcias\",\"description\":\"Brasil not\u00edcias\",\"publisher\":{\"@id\":\"https:\/\/brasilnoticias.org\/site\/#organization\"},\"potentialAction\":[{\"@type\":\"SearchAction\",\"target\":{\"@type\":\"EntryPoint\",\"urlTemplate\":\"https:\/\/brasilnoticias.org\/site\/?s={search_term_string}\"},\"query-input\":{\"@type\":\"PropertyValueSpecification\",\"valueRequired\":true,\"valueName\":\"search_term_string\"}}],\"inLanguage\":\"pt-PT\"},{\"@type\":\"Organization\",\"@id\":\"https:\/\/brasilnoticias.org\/site\/#organization\",\"name\":\"Brasil not\u00edcias\",\"url\":\"https:\/\/brasilnoticias.org\/site\/\",\"logo\":{\"@type\":\"ImageObject\",\"inLanguage\":\"pt-PT\",\"@id\":\"https:\/\/brasilnoticias.org\/site\/#\/schema\/logo\/image\/\",\"url\":\"https:\/\/brasilnoticias.org\/site\/wp-content\/uploads\/2022\/05\/cropped-brasilnoticias-mini.jpg\",\"contentUrl\":\"https:\/\/brasilnoticias.org\/site\/wp-content\/uploads\/2022\/05\/cropped-brasilnoticias-mini.jpg\",\"width\":314,\"height\":86,\"caption\":\"Brasil not\u00edcias\"},\"image\":{\"@id\":\"https:\/\/brasilnoticias.org\/site\/#\/schema\/logo\/image\/\"}},{\"@type\":\"Person\",\"@id\":\"https:\/\/brasilnoticias.org\/site\/#\/schema\/person\/03bbbfe6c7634ad18c26444ea39049fa\",\"name\":\"Reda\u00e7\u00e3o\",\"image\":{\"@type\":\"ImageObject\",\"inLanguage\":\"pt-PT\",\"@id\":\"https:\/\/brasilnoticias.org\/site\/#\/schema\/person\/image\/\",\"url\":\"https:\/\/secure.gravatar.com\/avatar\/9ecaf7327a696cb23ad926fedded5f1f04d7049de9e445375d55b48c001a6e42?s=96&d=mm&r=g\",\"contentUrl\":\"https:\/\/secure.gravatar.com\/avatar\/9ecaf7327a696cb23ad926fedded5f1f04d7049de9e445375d55b48c001a6e42?s=96&d=mm&r=g\",\"caption\":\"Reda\u00e7\u00e3o\"},\"url\":\"https:\/\/brasilnoticias.org\/site\/author\/henrique\/\"}]}<\/script>\n<!-- \/ Yoast SEO plugin. -->","yoast_head_json":{"title":"Empresas oferecem R$ 42 bi de indeniza\u00e7\u00e3o por desastre em Mariana e \u00f3rg\u00e3os p\u00fablicos condenam proposta - Brasil not\u00edcias","robots":{"index":"index","follow":"follow","max-snippet":"max-snippet:-1","max-image-preview":"max-image-preview:large","max-video-preview":"max-video-preview:-1"},"canonical":"https:\/\/brasilnoticias.org\/site\/empresas-oferecem-r-42-bi-de-indenizacao-por-desastre-em-mariana-e-orgaos-publicos-condenam-proposta\/","og_locale":"pt_PT","og_type":"article","og_title":"Empresas oferecem R$ 42 bi de indeniza\u00e7\u00e3o por desastre em Mariana e \u00f3rg\u00e3os p\u00fablicos condenam proposta - Brasil not\u00edcias","og_description":"As reuni\u00f5es t\u00e9cnicas para determinar o valor indeniza\u00e7\u00e3o foram suspensas e devem ser retomadas na pr\u00f3xima quarta-feira (7) Uma proposta","og_url":"https:\/\/brasilnoticias.org\/site\/empresas-oferecem-r-42-bi-de-indenizacao-por-desastre-em-mariana-e-orgaos-publicos-condenam-proposta\/","og_site_name":"Brasil not\u00edcias","article_published_time":"2023-12-02T23:32:48+00:00","og_image":[{"width":1600,"height":752,"url":"https:\/\/brasilnoticias.org\/site\/wp-content\/uploads\/2023\/12\/143814empresas-oferecem-r-42-bi-de-indenizacao-por-desastre-em-mariana-e-orgaos-publicos-condenam-proposta-3.jpg","type":"image\/jpeg"}],"author":"Reda\u00e7\u00e3o","twitter_card":"summary_large_image","twitter_misc":{"Escrito por":"Reda\u00e7\u00e3o"},"schema":{"@context":"https:\/\/schema.org","@graph":[{"@type":"Article","@id":"https:\/\/brasilnoticias.org\/site\/empresas-oferecem-r-42-bi-de-indenizacao-por-desastre-em-mariana-e-orgaos-publicos-condenam-proposta\/#article","isPartOf":{"@id":"https:\/\/brasilnoticias.org\/site\/empresas-oferecem-r-42-bi-de-indenizacao-por-desastre-em-mariana-e-orgaos-publicos-condenam-proposta\/"},"author":{"name":"Reda\u00e7\u00e3o","@id":"https:\/\/brasilnoticias.org\/site\/#\/schema\/person\/03bbbfe6c7634ad18c26444ea39049fa"},"headline":"Empresas oferecem R$ 42 bi de indeniza\u00e7\u00e3o por desastre em Mariana e \u00f3rg\u00e3os p\u00fablicos condenam proposta","datePublished":"2023-12-02T23:32:48+00:00","mainEntityOfPage":{"@id":"https:\/\/brasilnoticias.org\/site\/empresas-oferecem-r-42-bi-de-indenizacao-por-desastre-em-mariana-e-orgaos-publicos-condenam-proposta\/"},"wordCount":260,"commentCount":0,"publisher":{"@id":"https:\/\/brasilnoticias.org\/site\/#organization"},"image":{"@id":"https:\/\/brasilnoticias.org\/site\/empresas-oferecem-r-42-bi-de-indenizacao-por-desastre-em-mariana-e-orgaos-publicos-condenam-proposta\/#primaryimage"},"thumbnailUrl":"https:\/\/brasilnoticias.org\/site\/wp-content\/uploads\/2023\/12\/143814empresas-oferecem-r-42-bi-de-indenizacao-por-desastre-em-mariana-e-orgaos-publicos-condenam-proposta-3.jpg","articleSection":["Justi\u00e7a","\u00daltimas"],"inLanguage":"pt-PT","potentialAction":[{"@type":"CommentAction","name":"Comment","target":["https:\/\/brasilnoticias.org\/site\/empresas-oferecem-r-42-bi-de-indenizacao-por-desastre-em-mariana-e-orgaos-publicos-condenam-proposta\/#respond"]}]},{"@type":"WebPage","@id":"https:\/\/brasilnoticias.org\/site\/empresas-oferecem-r-42-bi-de-indenizacao-por-desastre-em-mariana-e-orgaos-publicos-condenam-proposta\/","url":"https:\/\/brasilnoticias.org\/site\/empresas-oferecem-r-42-bi-de-indenizacao-por-desastre-em-mariana-e-orgaos-publicos-condenam-proposta\/","name":"Empresas oferecem R$ 42 bi de indeniza\u00e7\u00e3o por desastre em Mariana e \u00f3rg\u00e3os p\u00fablicos condenam proposta - Brasil not\u00edcias","isPartOf":{"@id":"https:\/\/brasilnoticias.org\/site\/#website"},"primaryImageOfPage":{"@id":"https:\/\/brasilnoticias.org\/site\/empresas-oferecem-r-42-bi-de-indenizacao-por-desastre-em-mariana-e-orgaos-publicos-condenam-proposta\/#primaryimage"},"image":{"@id":"https:\/\/brasilnoticias.org\/site\/empresas-oferecem-r-42-bi-de-indenizacao-por-desastre-em-mariana-e-orgaos-publicos-condenam-proposta\/#primaryimage"},"thumbnailUrl":"https:\/\/brasilnoticias.org\/site\/wp-content\/uploads\/2023\/12\/143814empresas-oferecem-r-42-bi-de-indenizacao-por-desastre-em-mariana-e-orgaos-publicos-condenam-proposta-3.jpg","datePublished":"2023-12-02T23:32:48+00:00","breadcrumb":{"@id":"https:\/\/brasilnoticias.org\/site\/empresas-oferecem-r-42-bi-de-indenizacao-por-desastre-em-mariana-e-orgaos-publicos-condenam-proposta\/#breadcrumb"},"inLanguage":"pt-PT","potentialAction":[{"@type":"ReadAction","target":["https:\/\/brasilnoticias.org\/site\/empresas-oferecem-r-42-bi-de-indenizacao-por-desastre-em-mariana-e-orgaos-publicos-condenam-proposta\/"]}]},{"@type":"ImageObject","inLanguage":"pt-PT","@id":"https:\/\/brasilnoticias.org\/site\/empresas-oferecem-r-42-bi-de-indenizacao-por-desastre-em-mariana-e-orgaos-publicos-condenam-proposta\/#primaryimage","url":"https:\/\/brasilnoticias.org\/site\/wp-content\/uploads\/2023\/12\/143814empresas-oferecem-r-42-bi-de-indenizacao-por-desastre-em-mariana-e-orgaos-publicos-condenam-proposta-3.jpg","contentUrl":"https:\/\/brasilnoticias.org\/site\/wp-content\/uploads\/2023\/12\/143814empresas-oferecem-r-42-bi-de-indenizacao-por-desastre-em-mariana-e-orgaos-publicos-condenam-proposta-3.jpg","width":1600,"height":752},{"@type":"BreadcrumbList","@id":"https:\/\/brasilnoticias.org\/site\/empresas-oferecem-r-42-bi-de-indenizacao-por-desastre-em-mariana-e-orgaos-publicos-condenam-proposta\/#breadcrumb","itemListElement":[{"@type":"ListItem","position":1,"name":"In\u00edcio","item":"https:\/\/brasilnoticias.org\/site\/"},{"@type":"ListItem","position":2,"name":"Empresas oferecem R$ 42 bi de indeniza\u00e7\u00e3o por desastre em Mariana e \u00f3rg\u00e3os p\u00fablicos condenam proposta"}]},{"@type":"WebSite","@id":"https:\/\/brasilnoticias.org\/site\/#website","url":"https:\/\/brasilnoticias.org\/site\/","name":"Brasil not\u00edcias","description":"Brasil not\u00edcias","publisher":{"@id":"https:\/\/brasilnoticias.org\/site\/#organization"},"potentialAction":[{"@type":"SearchAction","target":{"@type":"EntryPoint","urlTemplate":"https:\/\/brasilnoticias.org\/site\/?s={search_term_string}"},"query-input":{"@type":"PropertyValueSpecification","valueRequired":true,"valueName":"search_term_string"}}],"inLanguage":"pt-PT"},{"@type":"Organization","@id":"https:\/\/brasilnoticias.org\/site\/#organization","name":"Brasil not\u00edcias","url":"https:\/\/brasilnoticias.org\/site\/","logo":{"@type":"ImageObject","inLanguage":"pt-PT","@id":"https:\/\/brasilnoticias.org\/site\/#\/schema\/logo\/image\/","url":"https:\/\/brasilnoticias.org\/site\/wp-content\/uploads\/2022\/05\/cropped-brasilnoticias-mini.jpg","contentUrl":"https:\/\/brasilnoticias.org\/site\/wp-content\/uploads\/2022\/05\/cropped-brasilnoticias-mini.jpg","width":314,"height":86,"caption":"Brasil not\u00edcias"},"image":{"@id":"https:\/\/brasilnoticias.org\/site\/#\/schema\/logo\/image\/"}},{"@type":"Person","@id":"https:\/\/brasilnoticias.org\/site\/#\/schema\/person\/03bbbfe6c7634ad18c26444ea39049fa","name":"Reda\u00e7\u00e3o","image":{"@type":"ImageObject","inLanguage":"pt-PT","@id":"https:\/\/brasilnoticias.org\/site\/#\/schema\/person\/image\/","url":"https:\/\/secure.gravatar.com\/avatar\/9ecaf7327a696cb23ad926fedded5f1f04d7049de9e445375d55b48c001a6e42?s=96&d=mm&r=g","contentUrl":"https:\/\/secure.gravatar.com\/avatar\/9ecaf7327a696cb23ad926fedded5f1f04d7049de9e445375d55b48c001a6e42?s=96&d=mm&r=g","caption":"Reda\u00e7\u00e3o"},"url":"https:\/\/brasilnoticias.org\/site\/author\/henrique\/"}]}},"_links":{"self":[{"href":"https:\/\/brasilnoticias.org\/site\/wp-json\/wp\/v2\/posts\/11405","targetHints":{"allow":["GET"]}}],"collection":[{"href":"https:\/\/brasilnoticias.org\/site\/wp-json\/wp\/v2\/posts"}],"about":[{"href":"https:\/\/brasilnoticias.org\/site\/wp-json\/wp\/v2\/types\/post"}],"author":[{"embeddable":true,"href":"https:\/\/brasilnoticias.org\/site\/wp-json\/wp\/v2\/users\/4"}],"replies":[{"embeddable":true,"href":"https:\/\/brasilnoticias.org\/site\/wp-json\/wp\/v2\/comments?post=11405"}],"version-history":[{"count":1,"href":"https:\/\/brasilnoticias.org\/site\/wp-json\/wp\/v2\/posts\/11405\/revisions"}],"predecessor-version":[{"id":11407,"href":"https:\/\/brasilnoticias.org\/site\/wp-json\/wp\/v2\/posts\/11405\/revisions\/11407"}],"wp:featuredmedia":[{"embeddable":true,"href":"https:\/\/brasilnoticias.org\/site\/wp-json\/wp\/v2\/media\/11406"}],"wp:attachment":[{"href":"https:\/\/brasilnoticias.org\/site\/wp-json\/wp\/v2\/media?parent=11405"}],"wp:term":[{"taxonomy":"category","embeddable":true,"href":"https:\/\/brasilnoticias.org\/site\/wp-json\/wp\/v2\/categories?post=11405"},{"taxonomy":"post_tag","embeddable":true,"href":"https:\/\/brasilnoticias.org\/site\/wp-json\/wp\/v2\/tags?post=11405"}],"curies":[{"name":"wp","href":"https:\/\/api.w.org\/{rel}","templated":true}]}}