{"id":11417,"date":"2023-12-03T21:40:48","date_gmt":"2023-12-04T00:40:48","guid":{"rendered":"https:\/\/brasilnoticias.org\/site\/?p=11417"},"modified":"2023-12-03T21:40:48","modified_gmt":"2023-12-04T00:40:48","slug":"cerca-de-200-bombeiros-militares-combatem-incendios-florestais-na-bahia-neste-domingo","status":"publish","type":"post","link":"https:\/\/brasilnoticias.org\/site\/cerca-de-200-bombeiros-militares-combatem-incendios-florestais-na-bahia-neste-domingo\/","title":{"rendered":"Cerca de 200 bombeiros militares combatem inc\u00eandios florestais na Bahia neste domingo"},"content":{"rendered":"<p>Al\u00e9m dos combates, os bombeiros militares realizam a\u00e7\u00f5es preventivas com a popula\u00e7\u00e3o das cidades assistidas no interior do estado.<\/p>\n<p>Neste domingo (3\/12), cerca de 200 bombeiros militares permanecem atuando no combate e monitoramento aos inc\u00eandios florestais que atingem as regi\u00f5es Norte, Sudoeste, Sul e Chapada Diamantina, no interior da Bahia. Os trabalhos fazem parte da Opera\u00e7\u00e3o Florestal 2023, do Corpo de Bombeiros Militar da Bahia (CBMBA), que teve in\u00edcio no \u00faltimo m\u00eas de julho.<\/p>\n<p>Segundo o CBMBA, al\u00e9m dos combates, os bombeiros militares realizam a\u00e7\u00f5es preventivas com a popula\u00e7\u00e3o das cidades assistidas: Miguel Calmon, Pindoba\u00e7u, Ibicoara, Morro do Chap\u00e9u, Maca\u00fabas, Brotas de Maca\u00fabas, Mundo Novo, Ruy Barbosa, Barra da Estiva, Rio de Contas, \u00c9rico Cardoso, Po\u00e7\u00f5es, Mara\u00fa, Porto Seguro, Eun\u00e1polis e Itamaraju.<\/p>\n<p>D\u00e3o apoio \u00e0 Opera\u00e7\u00e3o oito avi\u00f5es modelo Air Tractor, fornecidos atrav\u00e9s do Programa Bahia Sem Fogo, da Secretaria do Meio Ambiente do Estado (Sema), dois helic\u00f3pteros \u2013 um do Grupamento A\u00e9reo (Graer) da Pol\u00edcia Militar da Bahia (PMBA) e outro cedido pelo governo de Pernambuco -, al\u00e9m de brigadistas do Instituto Chico Mendes de Conserva\u00e7\u00e3o da Biodiversidade (ICMBio), do Instituto Brasileiro do Meio Ambiente e dos Recursos Naturais Renov\u00e1veis (Ibama) e de brigadistas volunt\u00e1rios dos munic\u00edpios pr\u00f3ximos \u00e0s regi\u00f5es atingidas.<\/p>\n<p>Foto: divulga\u00e7\u00e3o\/CBMBA<br \/>\nAratu On<\/p>\n","protected":false},"excerpt":{"rendered":"<p>Al\u00e9m dos combates, os bombeiros militares realizam a\u00e7\u00f5es preventivas com a popula\u00e7\u00e3o das cidades assistidas no interior do estado. Neste<\/p>\n","protected":false},"author":4,"featured_media":11418,"comment_status":"open","ping_status":"open","sticky":false,"template":"","format":"standard","meta":{"colormag_page_container_layout":"default_layout","colormag_page_sidebar_layout":"default_layout","_FSMCFIC_featured_image_caption":"","_FSMCFIC_featured_image_nocaption":"","_FSMCFIC_featured_image_hide":"","footnotes":""},"categories":[2,1],"tags":[],"class_list":["post-11417","post","type-post","status-publish","format-standard","has-post-thumbnail","hentry","category-noticias","category-ultimas"],"yoast_head":"<!-- This site is optimized with the Yoast SEO plugin v27.1.1 - https:\/\/yoast.com\/product\/yoast-seo-wordpress\/ -->\n<title>Cerca de 200 bombeiros militares combatem inc\u00eandios florestais na Bahia neste domingo - Brasil not\u00edcias<\/title>\n<meta name=\"robots\" content=\"index, follow, max-snippet:-1, max-image-preview:large, max-video-preview:-1\" \/>\n<link rel=\"canonical\" href=\"https:\/\/brasilnoticias.org\/site\/cerca-de-200-bombeiros-militares-combatem-incendios-florestais-na-bahia-neste-domingo\/\" \/>\n<meta property=\"og:locale\" content=\"pt_PT\" \/>\n<meta property=\"og:type\" content=\"article\" \/>\n<meta property=\"og:title\" content=\"Cerca de 200 bombeiros militares combatem inc\u00eandios florestais na Bahia neste domingo - Brasil not\u00edcias\" \/>\n<meta property=\"og:description\" content=\"Al\u00e9m dos combates, os bombeiros militares realizam a\u00e7\u00f5es preventivas com a popula\u00e7\u00e3o das cidades assistidas no interior do estado. Neste\" \/>\n<meta property=\"og:url\" content=\"https:\/\/brasilnoticias.org\/site\/cerca-de-200-bombeiros-militares-combatem-incendios-florestais-na-bahia-neste-domingo\/\" \/>\n<meta property=\"og:site_name\" content=\"Brasil not\u00edcias\" \/>\n<meta property=\"article:published_time\" content=\"2023-12-04T00:40:48+00:00\" \/>\n<meta property=\"og:image\" content=\"https:\/\/brasilnoticias.org\/site\/wp-content\/uploads\/2023\/12\/incendios-florestais-740x470-1.jpg\" \/>\n\t<meta property=\"og:image:width\" content=\"740\" \/>\n\t<meta property=\"og:image:height\" content=\"470\" \/>\n\t<meta property=\"og:image:type\" content=\"image\/jpeg\" \/>\n<meta name=\"author\" content=\"Reda\u00e7\u00e3o\" \/>\n<meta name=\"twitter:card\" content=\"summary_large_image\" \/>\n<meta name=\"twitter:label1\" content=\"Escrito por\" \/>\n\t<meta name=\"twitter:data1\" content=\"Reda\u00e7\u00e3o\" \/>\n<script type=\"application\/ld+json\" class=\"yoast-schema-graph\">{\"@context\":\"https:\/\/schema.org\",\"@graph\":[{\"@type\":\"Article\",\"@id\":\"https:\/\/brasilnoticias.org\/site\/cerca-de-200-bombeiros-militares-combatem-incendios-florestais-na-bahia-neste-domingo\/#article\",\"isPartOf\":{\"@id\":\"https:\/\/brasilnoticias.org\/site\/cerca-de-200-bombeiros-militares-combatem-incendios-florestais-na-bahia-neste-domingo\/\"},\"author\":{\"name\":\"Reda\u00e7\u00e3o\",\"@id\":\"https:\/\/brasilnoticias.org\/site\/#\/schema\/person\/03bbbfe6c7634ad18c26444ea39049fa\"},\"headline\":\"Cerca de 200 bombeiros militares combatem inc\u00eandios florestais na Bahia neste domingo\",\"datePublished\":\"2023-12-04T00:40:48+00:00\",\"mainEntityOfPage\":{\"@id\":\"https:\/\/brasilnoticias.org\/site\/cerca-de-200-bombeiros-militares-combatem-incendios-florestais-na-bahia-neste-domingo\/\"},\"wordCount\":246,\"commentCount\":0,\"publisher\":{\"@id\":\"https:\/\/brasilnoticias.org\/site\/#organization\"},\"image\":{\"@id\":\"https:\/\/brasilnoticias.org\/site\/cerca-de-200-bombeiros-militares-combatem-incendios-florestais-na-bahia-neste-domingo\/#primaryimage\"},\"thumbnailUrl\":\"https:\/\/brasilnoticias.org\/site\/wp-content\/uploads\/2023\/12\/incendios-florestais-740x470-1.jpg\",\"articleSection\":[\"Not\u00edcias\",\"\u00daltimas\"],\"inLanguage\":\"pt-PT\",\"potentialAction\":[{\"@type\":\"CommentAction\",\"name\":\"Comment\",\"target\":[\"https:\/\/brasilnoticias.org\/site\/cerca-de-200-bombeiros-militares-combatem-incendios-florestais-na-bahia-neste-domingo\/#respond\"]}]},{\"@type\":\"WebPage\",\"@id\":\"https:\/\/brasilnoticias.org\/site\/cerca-de-200-bombeiros-militares-combatem-incendios-florestais-na-bahia-neste-domingo\/\",\"url\":\"https:\/\/brasilnoticias.org\/site\/cerca-de-200-bombeiros-militares-combatem-incendios-florestais-na-bahia-neste-domingo\/\",\"name\":\"Cerca de 200 bombeiros militares combatem inc\u00eandios florestais na Bahia neste domingo - Brasil not\u00edcias\",\"isPartOf\":{\"@id\":\"https:\/\/brasilnoticias.org\/site\/#website\"},\"primaryImageOfPage\":{\"@id\":\"https:\/\/brasilnoticias.org\/site\/cerca-de-200-bombeiros-militares-combatem-incendios-florestais-na-bahia-neste-domingo\/#primaryimage\"},\"image\":{\"@id\":\"https:\/\/brasilnoticias.org\/site\/cerca-de-200-bombeiros-militares-combatem-incendios-florestais-na-bahia-neste-domingo\/#primaryimage\"},\"thumbnailUrl\":\"https:\/\/brasilnoticias.org\/site\/wp-content\/uploads\/2023\/12\/incendios-florestais-740x470-1.jpg\",\"datePublished\":\"2023-12-04T00:40:48+00:00\",\"breadcrumb\":{\"@id\":\"https:\/\/brasilnoticias.org\/site\/cerca-de-200-bombeiros-militares-combatem-incendios-florestais-na-bahia-neste-domingo\/#breadcrumb\"},\"inLanguage\":\"pt-PT\",\"potentialAction\":[{\"@type\":\"ReadAction\",\"target\":[\"https:\/\/brasilnoticias.org\/site\/cerca-de-200-bombeiros-militares-combatem-incendios-florestais-na-bahia-neste-domingo\/\"]}]},{\"@type\":\"ImageObject\",\"inLanguage\":\"pt-PT\",\"@id\":\"https:\/\/brasilnoticias.org\/site\/cerca-de-200-bombeiros-militares-combatem-incendios-florestais-na-bahia-neste-domingo\/#primaryimage\",\"url\":\"https:\/\/brasilnoticias.org\/site\/wp-content\/uploads\/2023\/12\/incendios-florestais-740x470-1.jpg\",\"contentUrl\":\"https:\/\/brasilnoticias.org\/site\/wp-content\/uploads\/2023\/12\/incendios-florestais-740x470-1.jpg\",\"width\":740,\"height\":470},{\"@type\":\"BreadcrumbList\",\"@id\":\"https:\/\/brasilnoticias.org\/site\/cerca-de-200-bombeiros-militares-combatem-incendios-florestais-na-bahia-neste-domingo\/#breadcrumb\",\"itemListElement\":[{\"@type\":\"ListItem\",\"position\":1,\"name\":\"In\u00edcio\",\"item\":\"https:\/\/brasilnoticias.org\/site\/\"},{\"@type\":\"ListItem\",\"position\":2,\"name\":\"Cerca de 200 bombeiros militares combatem inc\u00eandios florestais na Bahia neste domingo\"}]},{\"@type\":\"WebSite\",\"@id\":\"https:\/\/brasilnoticias.org\/site\/#website\",\"url\":\"https:\/\/brasilnoticias.org\/site\/\",\"name\":\"Brasil not\u00edcias\",\"description\":\"Brasil not\u00edcias\",\"publisher\":{\"@id\":\"https:\/\/brasilnoticias.org\/site\/#organization\"},\"potentialAction\":[{\"@type\":\"SearchAction\",\"target\":{\"@type\":\"EntryPoint\",\"urlTemplate\":\"https:\/\/brasilnoticias.org\/site\/?s={search_term_string}\"},\"query-input\":{\"@type\":\"PropertyValueSpecification\",\"valueRequired\":true,\"valueName\":\"search_term_string\"}}],\"inLanguage\":\"pt-PT\"},{\"@type\":\"Organization\",\"@id\":\"https:\/\/brasilnoticias.org\/site\/#organization\",\"name\":\"Brasil not\u00edcias\",\"url\":\"https:\/\/brasilnoticias.org\/site\/\",\"logo\":{\"@type\":\"ImageObject\",\"inLanguage\":\"pt-PT\",\"@id\":\"https:\/\/brasilnoticias.org\/site\/#\/schema\/logo\/image\/\",\"url\":\"https:\/\/brasilnoticias.org\/site\/wp-content\/uploads\/2022\/05\/cropped-brasilnoticias-mini.jpg\",\"contentUrl\":\"https:\/\/brasilnoticias.org\/site\/wp-content\/uploads\/2022\/05\/cropped-brasilnoticias-mini.jpg\",\"width\":314,\"height\":86,\"caption\":\"Brasil not\u00edcias\"},\"image\":{\"@id\":\"https:\/\/brasilnoticias.org\/site\/#\/schema\/logo\/image\/\"}},{\"@type\":\"Person\",\"@id\":\"https:\/\/brasilnoticias.org\/site\/#\/schema\/person\/03bbbfe6c7634ad18c26444ea39049fa\",\"name\":\"Reda\u00e7\u00e3o\",\"image\":{\"@type\":\"ImageObject\",\"inLanguage\":\"pt-PT\",\"@id\":\"https:\/\/brasilnoticias.org\/site\/#\/schema\/person\/image\/\",\"url\":\"https:\/\/secure.gravatar.com\/avatar\/9ecaf7327a696cb23ad926fedded5f1f04d7049de9e445375d55b48c001a6e42?s=96&d=mm&r=g\",\"contentUrl\":\"https:\/\/secure.gravatar.com\/avatar\/9ecaf7327a696cb23ad926fedded5f1f04d7049de9e445375d55b48c001a6e42?s=96&d=mm&r=g\",\"caption\":\"Reda\u00e7\u00e3o\"},\"url\":\"https:\/\/brasilnoticias.org\/site\/author\/henrique\/\"}]}<\/script>\n<!-- \/ Yoast SEO plugin. -->","yoast_head_json":{"title":"Cerca de 200 bombeiros militares combatem inc\u00eandios florestais na Bahia neste domingo - Brasil not\u00edcias","robots":{"index":"index","follow":"follow","max-snippet":"max-snippet:-1","max-image-preview":"max-image-preview:large","max-video-preview":"max-video-preview:-1"},"canonical":"https:\/\/brasilnoticias.org\/site\/cerca-de-200-bombeiros-militares-combatem-incendios-florestais-na-bahia-neste-domingo\/","og_locale":"pt_PT","og_type":"article","og_title":"Cerca de 200 bombeiros militares combatem inc\u00eandios florestais na Bahia neste domingo - Brasil not\u00edcias","og_description":"Al\u00e9m dos combates, os bombeiros militares realizam a\u00e7\u00f5es preventivas com a popula\u00e7\u00e3o das cidades assistidas no interior do estado. Neste","og_url":"https:\/\/brasilnoticias.org\/site\/cerca-de-200-bombeiros-militares-combatem-incendios-florestais-na-bahia-neste-domingo\/","og_site_name":"Brasil not\u00edcias","article_published_time":"2023-12-04T00:40:48+00:00","og_image":[{"width":740,"height":470,"url":"https:\/\/brasilnoticias.org\/site\/wp-content\/uploads\/2023\/12\/incendios-florestais-740x470-1.jpg","type":"image\/jpeg"}],"author":"Reda\u00e7\u00e3o","twitter_card":"summary_large_image","twitter_misc":{"Escrito por":"Reda\u00e7\u00e3o"},"schema":{"@context":"https:\/\/schema.org","@graph":[{"@type":"Article","@id":"https:\/\/brasilnoticias.org\/site\/cerca-de-200-bombeiros-militares-combatem-incendios-florestais-na-bahia-neste-domingo\/#article","isPartOf":{"@id":"https:\/\/brasilnoticias.org\/site\/cerca-de-200-bombeiros-militares-combatem-incendios-florestais-na-bahia-neste-domingo\/"},"author":{"name":"Reda\u00e7\u00e3o","@id":"https:\/\/brasilnoticias.org\/site\/#\/schema\/person\/03bbbfe6c7634ad18c26444ea39049fa"},"headline":"Cerca de 200 bombeiros militares combatem inc\u00eandios florestais na Bahia neste domingo","datePublished":"2023-12-04T00:40:48+00:00","mainEntityOfPage":{"@id":"https:\/\/brasilnoticias.org\/site\/cerca-de-200-bombeiros-militares-combatem-incendios-florestais-na-bahia-neste-domingo\/"},"wordCount":246,"commentCount":0,"publisher":{"@id":"https:\/\/brasilnoticias.org\/site\/#organization"},"image":{"@id":"https:\/\/brasilnoticias.org\/site\/cerca-de-200-bombeiros-militares-combatem-incendios-florestais-na-bahia-neste-domingo\/#primaryimage"},"thumbnailUrl":"https:\/\/brasilnoticias.org\/site\/wp-content\/uploads\/2023\/12\/incendios-florestais-740x470-1.jpg","articleSection":["Not\u00edcias","\u00daltimas"],"inLanguage":"pt-PT","potentialAction":[{"@type":"CommentAction","name":"Comment","target":["https:\/\/brasilnoticias.org\/site\/cerca-de-200-bombeiros-militares-combatem-incendios-florestais-na-bahia-neste-domingo\/#respond"]}]},{"@type":"WebPage","@id":"https:\/\/brasilnoticias.org\/site\/cerca-de-200-bombeiros-militares-combatem-incendios-florestais-na-bahia-neste-domingo\/","url":"https:\/\/brasilnoticias.org\/site\/cerca-de-200-bombeiros-militares-combatem-incendios-florestais-na-bahia-neste-domingo\/","name":"Cerca de 200 bombeiros militares combatem inc\u00eandios florestais na Bahia neste domingo - Brasil not\u00edcias","isPartOf":{"@id":"https:\/\/brasilnoticias.org\/site\/#website"},"primaryImageOfPage":{"@id":"https:\/\/brasilnoticias.org\/site\/cerca-de-200-bombeiros-militares-combatem-incendios-florestais-na-bahia-neste-domingo\/#primaryimage"},"image":{"@id":"https:\/\/brasilnoticias.org\/site\/cerca-de-200-bombeiros-militares-combatem-incendios-florestais-na-bahia-neste-domingo\/#primaryimage"},"thumbnailUrl":"https:\/\/brasilnoticias.org\/site\/wp-content\/uploads\/2023\/12\/incendios-florestais-740x470-1.jpg","datePublished":"2023-12-04T00:40:48+00:00","breadcrumb":{"@id":"https:\/\/brasilnoticias.org\/site\/cerca-de-200-bombeiros-militares-combatem-incendios-florestais-na-bahia-neste-domingo\/#breadcrumb"},"inLanguage":"pt-PT","potentialAction":[{"@type":"ReadAction","target":["https:\/\/brasilnoticias.org\/site\/cerca-de-200-bombeiros-militares-combatem-incendios-florestais-na-bahia-neste-domingo\/"]}]},{"@type":"ImageObject","inLanguage":"pt-PT","@id":"https:\/\/brasilnoticias.org\/site\/cerca-de-200-bombeiros-militares-combatem-incendios-florestais-na-bahia-neste-domingo\/#primaryimage","url":"https:\/\/brasilnoticias.org\/site\/wp-content\/uploads\/2023\/12\/incendios-florestais-740x470-1.jpg","contentUrl":"https:\/\/brasilnoticias.org\/site\/wp-content\/uploads\/2023\/12\/incendios-florestais-740x470-1.jpg","width":740,"height":470},{"@type":"BreadcrumbList","@id":"https:\/\/brasilnoticias.org\/site\/cerca-de-200-bombeiros-militares-combatem-incendios-florestais-na-bahia-neste-domingo\/#breadcrumb","itemListElement":[{"@type":"ListItem","position":1,"name":"In\u00edcio","item":"https:\/\/brasilnoticias.org\/site\/"},{"@type":"ListItem","position":2,"name":"Cerca de 200 bombeiros militares combatem inc\u00eandios florestais na Bahia neste domingo"}]},{"@type":"WebSite","@id":"https:\/\/brasilnoticias.org\/site\/#website","url":"https:\/\/brasilnoticias.org\/site\/","name":"Brasil not\u00edcias","description":"Brasil not\u00edcias","publisher":{"@id":"https:\/\/brasilnoticias.org\/site\/#organization"},"potentialAction":[{"@type":"SearchAction","target":{"@type":"EntryPoint","urlTemplate":"https:\/\/brasilnoticias.org\/site\/?s={search_term_string}"},"query-input":{"@type":"PropertyValueSpecification","valueRequired":true,"valueName":"search_term_string"}}],"inLanguage":"pt-PT"},{"@type":"Organization","@id":"https:\/\/brasilnoticias.org\/site\/#organization","name":"Brasil not\u00edcias","url":"https:\/\/brasilnoticias.org\/site\/","logo":{"@type":"ImageObject","inLanguage":"pt-PT","@id":"https:\/\/brasilnoticias.org\/site\/#\/schema\/logo\/image\/","url":"https:\/\/brasilnoticias.org\/site\/wp-content\/uploads\/2022\/05\/cropped-brasilnoticias-mini.jpg","contentUrl":"https:\/\/brasilnoticias.org\/site\/wp-content\/uploads\/2022\/05\/cropped-brasilnoticias-mini.jpg","width":314,"height":86,"caption":"Brasil not\u00edcias"},"image":{"@id":"https:\/\/brasilnoticias.org\/site\/#\/schema\/logo\/image\/"}},{"@type":"Person","@id":"https:\/\/brasilnoticias.org\/site\/#\/schema\/person\/03bbbfe6c7634ad18c26444ea39049fa","name":"Reda\u00e7\u00e3o","image":{"@type":"ImageObject","inLanguage":"pt-PT","@id":"https:\/\/brasilnoticias.org\/site\/#\/schema\/person\/image\/","url":"https:\/\/secure.gravatar.com\/avatar\/9ecaf7327a696cb23ad926fedded5f1f04d7049de9e445375d55b48c001a6e42?s=96&d=mm&r=g","contentUrl":"https:\/\/secure.gravatar.com\/avatar\/9ecaf7327a696cb23ad926fedded5f1f04d7049de9e445375d55b48c001a6e42?s=96&d=mm&r=g","caption":"Reda\u00e7\u00e3o"},"url":"https:\/\/brasilnoticias.org\/site\/author\/henrique\/"}]}},"_links":{"self":[{"href":"https:\/\/brasilnoticias.org\/site\/wp-json\/wp\/v2\/posts\/11417","targetHints":{"allow":["GET"]}}],"collection":[{"href":"https:\/\/brasilnoticias.org\/site\/wp-json\/wp\/v2\/posts"}],"about":[{"href":"https:\/\/brasilnoticias.org\/site\/wp-json\/wp\/v2\/types\/post"}],"author":[{"embeddable":true,"href":"https:\/\/brasilnoticias.org\/site\/wp-json\/wp\/v2\/users\/4"}],"replies":[{"embeddable":true,"href":"https:\/\/brasilnoticias.org\/site\/wp-json\/wp\/v2\/comments?post=11417"}],"version-history":[{"count":1,"href":"https:\/\/brasilnoticias.org\/site\/wp-json\/wp\/v2\/posts\/11417\/revisions"}],"predecessor-version":[{"id":11419,"href":"https:\/\/brasilnoticias.org\/site\/wp-json\/wp\/v2\/posts\/11417\/revisions\/11419"}],"wp:featuredmedia":[{"embeddable":true,"href":"https:\/\/brasilnoticias.org\/site\/wp-json\/wp\/v2\/media\/11418"}],"wp:attachment":[{"href":"https:\/\/brasilnoticias.org\/site\/wp-json\/wp\/v2\/media?parent=11417"}],"wp:term":[{"taxonomy":"category","embeddable":true,"href":"https:\/\/brasilnoticias.org\/site\/wp-json\/wp\/v2\/categories?post=11417"},{"taxonomy":"post_tag","embeddable":true,"href":"https:\/\/brasilnoticias.org\/site\/wp-json\/wp\/v2\/tags?post=11417"}],"curies":[{"name":"wp","href":"https:\/\/api.w.org\/{rel}","templated":true}]}}