{"id":11429,"date":"2023-12-03T21:48:32","date_gmt":"2023-12-04T00:48:32","guid":{"rendered":"https:\/\/brasilnoticias.org\/site\/?p=11429"},"modified":"2023-12-03T21:48:32","modified_gmt":"2023-12-04T00:48:32","slug":"ministerio-diz-que-situacao-em-mina-da-braskem-em-maceio-e-de-estabilizacao-e-minimiza-chance-de-desmoronamento-generalizado","status":"publish","type":"post","link":"https:\/\/brasilnoticias.org\/site\/ministerio-diz-que-situacao-em-mina-da-braskem-em-maceio-e-de-estabilizacao-e-minimiza-chance-de-desmoronamento-generalizado\/","title":{"rendered":"Minist\u00e9rio diz que situa\u00e7\u00e3o em mina da Braskem em Macei\u00f3 \u00e9 de estabiliza\u00e7\u00e3o e minimiza chance de desmoronamento generalizado"},"content":{"rendered":"<p>Pasta de Minas e Energia afirmou que, por preven\u00e7\u00e3o, desde 2020 tem sido realizada a retirada de moradores em risco; at\u00e9 o momento, j\u00e1 foram deslocados 50 mil habitantes do bairro<\/p>\n<p>O Minist\u00e9rio de Minas e Energia afirmou em relat\u00f3rio neste domingo (3) que a situa\u00e7\u00e3o no bairro de Mutange, onde o solo na \u00e1rea de atividade da mineradora Braskem vem cedendo nas \u00faltimas semanas, \u00e9 de estabiliza\u00e7\u00e3o. No documento, produzido ap\u00f3s reuni\u00e3o realizada no s\u00e1bado, o Minist\u00e9rio afirma que houve redu\u00e7\u00e3o da probabilidade de deslocamentos de terra de larga escala.<\/p>\n<p>Segundo an\u00e1lise dos especialistas do Minist\u00e9rio, houve redu\u00e7\u00e3o da velocidade do deslocamento de terra. No dia 30 de novembro, era de 50cm por dia. No s\u00e1bado, esse n\u00famero caiu para 15 cm por dia. A pasta afirmou, entretanto, que a situa\u00e7\u00e3o ainda demanda aten\u00e7\u00e3o j\u00e1 que a velocidade ainda \u00e9 elevada.<\/p>\n<p>Segundo o relat\u00f3rio, a expectativa dos especialistas \u00e9 de que, se houver desmoronamento, ele ocorrer\u00e1 de forma localizada e n\u00e3o generalizada.<\/p>\n<p>&#8220;H\u00e1, no momento, sensores instalados ao redor da \u00e1rea, que permitem monitoramento em tempo real pela Defesa Civil em Macei\u00f3. O SGB\/CPRM destacou equipe especializada para acompanhar a evolu\u00e7\u00e3o da situa\u00e7\u00e3o&#8221;, afirmou o relat\u00f3rio.<\/p>\n<p>O Minist\u00e9rio de Minas e Energia afirmou que desde 2020 tem sido realizada a retirada de moradores em risco. At\u00e9 o momento, j\u00e1 foram deslocados 50 mil habitantes do bairro. Os c\u00e1lculos dos especialistas apontam, entretanto, tend\u00eancia de equil\u00edbrio no sistema geol\u00f3gico do local.<\/p>\n<p>Essa conclus\u00e3o \u00e9 corroborada, de acordo com o minist\u00e9rio, por sistemas de monitoramento, que mostram diminui\u00e7\u00e3o da intensidade e quantidade de microsismos (movimentos de terra).<\/p>\n<p>Foto: Reprodu\u00e7\u00e3o \/ Google Maps<br \/>\nPor: Metro1<\/p>\n","protected":false},"excerpt":{"rendered":"<p>Pasta de Minas e Energia afirmou que, por preven\u00e7\u00e3o, desde 2020 tem sido realizada a retirada de moradores em risco;<\/p>\n","protected":false},"author":4,"featured_media":11431,"comment_status":"open","ping_status":"open","sticky":false,"template":"","format":"standard","meta":{"colormag_page_container_layout":"default_layout","colormag_page_sidebar_layout":"default_layout","_FSMCFIC_featured_image_caption":"","_FSMCFIC_featured_image_nocaption":"","_FSMCFIC_featured_image_hide":"","footnotes":""},"categories":[2,1],"tags":[],"class_list":["post-11429","post","type-post","status-publish","format-standard","has-post-thumbnail","hentry","category-noticias","category-ultimas"],"yoast_head":"<!-- This site is optimized with the Yoast SEO plugin v27.1.1 - https:\/\/yoast.com\/product\/yoast-seo-wordpress\/ -->\n<title>Minist\u00e9rio diz que situa\u00e7\u00e3o em mina da Braskem em Macei\u00f3 \u00e9 de estabiliza\u00e7\u00e3o e minimiza chance de desmoronamento generalizado - Brasil not\u00edcias<\/title>\n<meta name=\"robots\" content=\"index, follow, max-snippet:-1, max-image-preview:large, max-video-preview:-1\" \/>\n<link rel=\"canonical\" href=\"https:\/\/brasilnoticias.org\/site\/ministerio-diz-que-situacao-em-mina-da-braskem-em-maceio-e-de-estabilizacao-e-minimiza-chance-de-desmoronamento-generalizado\/\" \/>\n<meta property=\"og:locale\" content=\"pt_PT\" \/>\n<meta property=\"og:type\" content=\"article\" \/>\n<meta property=\"og:title\" content=\"Minist\u00e9rio diz que situa\u00e7\u00e3o em mina da Braskem em Macei\u00f3 \u00e9 de estabiliza\u00e7\u00e3o e minimiza chance de desmoronamento generalizado - Brasil not\u00edcias\" \/>\n<meta property=\"og:description\" content=\"Pasta de Minas e Energia afirmou que, por preven\u00e7\u00e3o, desde 2020 tem sido realizada a retirada de moradores em risco;\" \/>\n<meta property=\"og:url\" content=\"https:\/\/brasilnoticias.org\/site\/ministerio-diz-que-situacao-em-mina-da-braskem-em-maceio-e-de-estabilizacao-e-minimiza-chance-de-desmoronamento-generalizado\/\" \/>\n<meta property=\"og:site_name\" content=\"Brasil not\u00edcias\" \/>\n<meta property=\"article:published_time\" content=\"2023-12-04T00:48:32+00:00\" \/>\n<meta property=\"og:image\" content=\"https:\/\/brasilnoticias.org\/site\/wp-content\/uploads\/2023\/12\/143837ministerio-diz-que-situacao-em-mina-da-braskem-em-maceio-e-de-estabilizacao-e-minimiza-chance-de-desmoronamento-generalizado-3.jpg\" \/>\n\t<meta property=\"og:image:width\" content=\"1600\" \/>\n\t<meta property=\"og:image:height\" content=\"752\" \/>\n\t<meta property=\"og:image:type\" content=\"image\/jpeg\" \/>\n<meta name=\"author\" content=\"Reda\u00e7\u00e3o\" \/>\n<meta name=\"twitter:card\" content=\"summary_large_image\" \/>\n<meta name=\"twitter:label1\" content=\"Escrito por\" \/>\n\t<meta name=\"twitter:data1\" content=\"Reda\u00e7\u00e3o\" \/>\n<script type=\"application\/ld+json\" class=\"yoast-schema-graph\">{\"@context\":\"https:\/\/schema.org\",\"@graph\":[{\"@type\":\"Article\",\"@id\":\"https:\/\/brasilnoticias.org\/site\/ministerio-diz-que-situacao-em-mina-da-braskem-em-maceio-e-de-estabilizacao-e-minimiza-chance-de-desmoronamento-generalizado\/#article\",\"isPartOf\":{\"@id\":\"https:\/\/brasilnoticias.org\/site\/ministerio-diz-que-situacao-em-mina-da-braskem-em-maceio-e-de-estabilizacao-e-minimiza-chance-de-desmoronamento-generalizado\/\"},\"author\":{\"name\":\"Reda\u00e7\u00e3o\",\"@id\":\"https:\/\/brasilnoticias.org\/site\/#\/schema\/person\/03bbbfe6c7634ad18c26444ea39049fa\"},\"headline\":\"Minist\u00e9rio diz que situa\u00e7\u00e3o em mina da Braskem em Macei\u00f3 \u00e9 de estabiliza\u00e7\u00e3o e minimiza chance de desmoronamento generalizado\",\"datePublished\":\"2023-12-04T00:48:32+00:00\",\"mainEntityOfPage\":{\"@id\":\"https:\/\/brasilnoticias.org\/site\/ministerio-diz-que-situacao-em-mina-da-braskem-em-maceio-e-de-estabilizacao-e-minimiza-chance-de-desmoronamento-generalizado\/\"},\"wordCount\":314,\"commentCount\":0,\"publisher\":{\"@id\":\"https:\/\/brasilnoticias.org\/site\/#organization\"},\"image\":{\"@id\":\"https:\/\/brasilnoticias.org\/site\/ministerio-diz-que-situacao-em-mina-da-braskem-em-maceio-e-de-estabilizacao-e-minimiza-chance-de-desmoronamento-generalizado\/#primaryimage\"},\"thumbnailUrl\":\"https:\/\/brasilnoticias.org\/site\/wp-content\/uploads\/2023\/12\/143837ministerio-diz-que-situacao-em-mina-da-braskem-em-maceio-e-de-estabilizacao-e-minimiza-chance-de-desmoronamento-generalizado-3.jpg\",\"articleSection\":[\"Not\u00edcias\",\"\u00daltimas\"],\"inLanguage\":\"pt-PT\",\"potentialAction\":[{\"@type\":\"CommentAction\",\"name\":\"Comment\",\"target\":[\"https:\/\/brasilnoticias.org\/site\/ministerio-diz-que-situacao-em-mina-da-braskem-em-maceio-e-de-estabilizacao-e-minimiza-chance-de-desmoronamento-generalizado\/#respond\"]}]},{\"@type\":\"WebPage\",\"@id\":\"https:\/\/brasilnoticias.org\/site\/ministerio-diz-que-situacao-em-mina-da-braskem-em-maceio-e-de-estabilizacao-e-minimiza-chance-de-desmoronamento-generalizado\/\",\"url\":\"https:\/\/brasilnoticias.org\/site\/ministerio-diz-que-situacao-em-mina-da-braskem-em-maceio-e-de-estabilizacao-e-minimiza-chance-de-desmoronamento-generalizado\/\",\"name\":\"Minist\u00e9rio diz que situa\u00e7\u00e3o em mina da Braskem em Macei\u00f3 \u00e9 de estabiliza\u00e7\u00e3o e minimiza chance de desmoronamento generalizado - Brasil not\u00edcias\",\"isPartOf\":{\"@id\":\"https:\/\/brasilnoticias.org\/site\/#website\"},\"primaryImageOfPage\":{\"@id\":\"https:\/\/brasilnoticias.org\/site\/ministerio-diz-que-situacao-em-mina-da-braskem-em-maceio-e-de-estabilizacao-e-minimiza-chance-de-desmoronamento-generalizado\/#primaryimage\"},\"image\":{\"@id\":\"https:\/\/brasilnoticias.org\/site\/ministerio-diz-que-situacao-em-mina-da-braskem-em-maceio-e-de-estabilizacao-e-minimiza-chance-de-desmoronamento-generalizado\/#primaryimage\"},\"thumbnailUrl\":\"https:\/\/brasilnoticias.org\/site\/wp-content\/uploads\/2023\/12\/143837ministerio-diz-que-situacao-em-mina-da-braskem-em-maceio-e-de-estabilizacao-e-minimiza-chance-de-desmoronamento-generalizado-3.jpg\",\"datePublished\":\"2023-12-04T00:48:32+00:00\",\"breadcrumb\":{\"@id\":\"https:\/\/brasilnoticias.org\/site\/ministerio-diz-que-situacao-em-mina-da-braskem-em-maceio-e-de-estabilizacao-e-minimiza-chance-de-desmoronamento-generalizado\/#breadcrumb\"},\"inLanguage\":\"pt-PT\",\"potentialAction\":[{\"@type\":\"ReadAction\",\"target\":[\"https:\/\/brasilnoticias.org\/site\/ministerio-diz-que-situacao-em-mina-da-braskem-em-maceio-e-de-estabilizacao-e-minimiza-chance-de-desmoronamento-generalizado\/\"]}]},{\"@type\":\"ImageObject\",\"inLanguage\":\"pt-PT\",\"@id\":\"https:\/\/brasilnoticias.org\/site\/ministerio-diz-que-situacao-em-mina-da-braskem-em-maceio-e-de-estabilizacao-e-minimiza-chance-de-desmoronamento-generalizado\/#primaryimage\",\"url\":\"https:\/\/brasilnoticias.org\/site\/wp-content\/uploads\/2023\/12\/143837ministerio-diz-que-situacao-em-mina-da-braskem-em-maceio-e-de-estabilizacao-e-minimiza-chance-de-desmoronamento-generalizado-3.jpg\",\"contentUrl\":\"https:\/\/brasilnoticias.org\/site\/wp-content\/uploads\/2023\/12\/143837ministerio-diz-que-situacao-em-mina-da-braskem-em-maceio-e-de-estabilizacao-e-minimiza-chance-de-desmoronamento-generalizado-3.jpg\",\"width\":1600,\"height\":752},{\"@type\":\"BreadcrumbList\",\"@id\":\"https:\/\/brasilnoticias.org\/site\/ministerio-diz-que-situacao-em-mina-da-braskem-em-maceio-e-de-estabilizacao-e-minimiza-chance-de-desmoronamento-generalizado\/#breadcrumb\",\"itemListElement\":[{\"@type\":\"ListItem\",\"position\":1,\"name\":\"In\u00edcio\",\"item\":\"https:\/\/brasilnoticias.org\/site\/\"},{\"@type\":\"ListItem\",\"position\":2,\"name\":\"Minist\u00e9rio diz que situa\u00e7\u00e3o em mina da Braskem em Macei\u00f3 \u00e9 de estabiliza\u00e7\u00e3o e minimiza chance de desmoronamento generalizado\"}]},{\"@type\":\"WebSite\",\"@id\":\"https:\/\/brasilnoticias.org\/site\/#website\",\"url\":\"https:\/\/brasilnoticias.org\/site\/\",\"name\":\"Brasil not\u00edcias\",\"description\":\"Brasil not\u00edcias\",\"publisher\":{\"@id\":\"https:\/\/brasilnoticias.org\/site\/#organization\"},\"potentialAction\":[{\"@type\":\"SearchAction\",\"target\":{\"@type\":\"EntryPoint\",\"urlTemplate\":\"https:\/\/brasilnoticias.org\/site\/?s={search_term_string}\"},\"query-input\":{\"@type\":\"PropertyValueSpecification\",\"valueRequired\":true,\"valueName\":\"search_term_string\"}}],\"inLanguage\":\"pt-PT\"},{\"@type\":\"Organization\",\"@id\":\"https:\/\/brasilnoticias.org\/site\/#organization\",\"name\":\"Brasil not\u00edcias\",\"url\":\"https:\/\/brasilnoticias.org\/site\/\",\"logo\":{\"@type\":\"ImageObject\",\"inLanguage\":\"pt-PT\",\"@id\":\"https:\/\/brasilnoticias.org\/site\/#\/schema\/logo\/image\/\",\"url\":\"https:\/\/brasilnoticias.org\/site\/wp-content\/uploads\/2022\/05\/cropped-brasilnoticias-mini.jpg\",\"contentUrl\":\"https:\/\/brasilnoticias.org\/site\/wp-content\/uploads\/2022\/05\/cropped-brasilnoticias-mini.jpg\",\"width\":314,\"height\":86,\"caption\":\"Brasil not\u00edcias\"},\"image\":{\"@id\":\"https:\/\/brasilnoticias.org\/site\/#\/schema\/logo\/image\/\"}},{\"@type\":\"Person\",\"@id\":\"https:\/\/brasilnoticias.org\/site\/#\/schema\/person\/03bbbfe6c7634ad18c26444ea39049fa\",\"name\":\"Reda\u00e7\u00e3o\",\"image\":{\"@type\":\"ImageObject\",\"inLanguage\":\"pt-PT\",\"@id\":\"https:\/\/brasilnoticias.org\/site\/#\/schema\/person\/image\/\",\"url\":\"https:\/\/secure.gravatar.com\/avatar\/9ecaf7327a696cb23ad926fedded5f1f04d7049de9e445375d55b48c001a6e42?s=96&d=mm&r=g\",\"contentUrl\":\"https:\/\/secure.gravatar.com\/avatar\/9ecaf7327a696cb23ad926fedded5f1f04d7049de9e445375d55b48c001a6e42?s=96&d=mm&r=g\",\"caption\":\"Reda\u00e7\u00e3o\"},\"url\":\"https:\/\/brasilnoticias.org\/site\/author\/henrique\/\"}]}<\/script>\n<!-- \/ Yoast SEO plugin. -->","yoast_head_json":{"title":"Minist\u00e9rio diz que situa\u00e7\u00e3o em mina da Braskem em Macei\u00f3 \u00e9 de estabiliza\u00e7\u00e3o e minimiza chance de desmoronamento generalizado - Brasil not\u00edcias","robots":{"index":"index","follow":"follow","max-snippet":"max-snippet:-1","max-image-preview":"max-image-preview:large","max-video-preview":"max-video-preview:-1"},"canonical":"https:\/\/brasilnoticias.org\/site\/ministerio-diz-que-situacao-em-mina-da-braskem-em-maceio-e-de-estabilizacao-e-minimiza-chance-de-desmoronamento-generalizado\/","og_locale":"pt_PT","og_type":"article","og_title":"Minist\u00e9rio diz que situa\u00e7\u00e3o em mina da Braskem em Macei\u00f3 \u00e9 de estabiliza\u00e7\u00e3o e minimiza chance de desmoronamento generalizado - Brasil not\u00edcias","og_description":"Pasta de Minas e Energia afirmou que, por preven\u00e7\u00e3o, desde 2020 tem sido realizada a retirada de moradores em risco;","og_url":"https:\/\/brasilnoticias.org\/site\/ministerio-diz-que-situacao-em-mina-da-braskem-em-maceio-e-de-estabilizacao-e-minimiza-chance-de-desmoronamento-generalizado\/","og_site_name":"Brasil not\u00edcias","article_published_time":"2023-12-04T00:48:32+00:00","og_image":[{"width":1600,"height":752,"url":"https:\/\/brasilnoticias.org\/site\/wp-content\/uploads\/2023\/12\/143837ministerio-diz-que-situacao-em-mina-da-braskem-em-maceio-e-de-estabilizacao-e-minimiza-chance-de-desmoronamento-generalizado-3.jpg","type":"image\/jpeg"}],"author":"Reda\u00e7\u00e3o","twitter_card":"summary_large_image","twitter_misc":{"Escrito por":"Reda\u00e7\u00e3o"},"schema":{"@context":"https:\/\/schema.org","@graph":[{"@type":"Article","@id":"https:\/\/brasilnoticias.org\/site\/ministerio-diz-que-situacao-em-mina-da-braskem-em-maceio-e-de-estabilizacao-e-minimiza-chance-de-desmoronamento-generalizado\/#article","isPartOf":{"@id":"https:\/\/brasilnoticias.org\/site\/ministerio-diz-que-situacao-em-mina-da-braskem-em-maceio-e-de-estabilizacao-e-minimiza-chance-de-desmoronamento-generalizado\/"},"author":{"name":"Reda\u00e7\u00e3o","@id":"https:\/\/brasilnoticias.org\/site\/#\/schema\/person\/03bbbfe6c7634ad18c26444ea39049fa"},"headline":"Minist\u00e9rio diz que situa\u00e7\u00e3o em mina da Braskem em Macei\u00f3 \u00e9 de estabiliza\u00e7\u00e3o e minimiza chance de desmoronamento generalizado","datePublished":"2023-12-04T00:48:32+00:00","mainEntityOfPage":{"@id":"https:\/\/brasilnoticias.org\/site\/ministerio-diz-que-situacao-em-mina-da-braskem-em-maceio-e-de-estabilizacao-e-minimiza-chance-de-desmoronamento-generalizado\/"},"wordCount":314,"commentCount":0,"publisher":{"@id":"https:\/\/brasilnoticias.org\/site\/#organization"},"image":{"@id":"https:\/\/brasilnoticias.org\/site\/ministerio-diz-que-situacao-em-mina-da-braskem-em-maceio-e-de-estabilizacao-e-minimiza-chance-de-desmoronamento-generalizado\/#primaryimage"},"thumbnailUrl":"https:\/\/brasilnoticias.org\/site\/wp-content\/uploads\/2023\/12\/143837ministerio-diz-que-situacao-em-mina-da-braskem-em-maceio-e-de-estabilizacao-e-minimiza-chance-de-desmoronamento-generalizado-3.jpg","articleSection":["Not\u00edcias","\u00daltimas"],"inLanguage":"pt-PT","potentialAction":[{"@type":"CommentAction","name":"Comment","target":["https:\/\/brasilnoticias.org\/site\/ministerio-diz-que-situacao-em-mina-da-braskem-em-maceio-e-de-estabilizacao-e-minimiza-chance-de-desmoronamento-generalizado\/#respond"]}]},{"@type":"WebPage","@id":"https:\/\/brasilnoticias.org\/site\/ministerio-diz-que-situacao-em-mina-da-braskem-em-maceio-e-de-estabilizacao-e-minimiza-chance-de-desmoronamento-generalizado\/","url":"https:\/\/brasilnoticias.org\/site\/ministerio-diz-que-situacao-em-mina-da-braskem-em-maceio-e-de-estabilizacao-e-minimiza-chance-de-desmoronamento-generalizado\/","name":"Minist\u00e9rio diz que situa\u00e7\u00e3o em mina da Braskem em Macei\u00f3 \u00e9 de estabiliza\u00e7\u00e3o e minimiza chance de desmoronamento generalizado - Brasil not\u00edcias","isPartOf":{"@id":"https:\/\/brasilnoticias.org\/site\/#website"},"primaryImageOfPage":{"@id":"https:\/\/brasilnoticias.org\/site\/ministerio-diz-que-situacao-em-mina-da-braskem-em-maceio-e-de-estabilizacao-e-minimiza-chance-de-desmoronamento-generalizado\/#primaryimage"},"image":{"@id":"https:\/\/brasilnoticias.org\/site\/ministerio-diz-que-situacao-em-mina-da-braskem-em-maceio-e-de-estabilizacao-e-minimiza-chance-de-desmoronamento-generalizado\/#primaryimage"},"thumbnailUrl":"https:\/\/brasilnoticias.org\/site\/wp-content\/uploads\/2023\/12\/143837ministerio-diz-que-situacao-em-mina-da-braskem-em-maceio-e-de-estabilizacao-e-minimiza-chance-de-desmoronamento-generalizado-3.jpg","datePublished":"2023-12-04T00:48:32+00:00","breadcrumb":{"@id":"https:\/\/brasilnoticias.org\/site\/ministerio-diz-que-situacao-em-mina-da-braskem-em-maceio-e-de-estabilizacao-e-minimiza-chance-de-desmoronamento-generalizado\/#breadcrumb"},"inLanguage":"pt-PT","potentialAction":[{"@type":"ReadAction","target":["https:\/\/brasilnoticias.org\/site\/ministerio-diz-que-situacao-em-mina-da-braskem-em-maceio-e-de-estabilizacao-e-minimiza-chance-de-desmoronamento-generalizado\/"]}]},{"@type":"ImageObject","inLanguage":"pt-PT","@id":"https:\/\/brasilnoticias.org\/site\/ministerio-diz-que-situacao-em-mina-da-braskem-em-maceio-e-de-estabilizacao-e-minimiza-chance-de-desmoronamento-generalizado\/#primaryimage","url":"https:\/\/brasilnoticias.org\/site\/wp-content\/uploads\/2023\/12\/143837ministerio-diz-que-situacao-em-mina-da-braskem-em-maceio-e-de-estabilizacao-e-minimiza-chance-de-desmoronamento-generalizado-3.jpg","contentUrl":"https:\/\/brasilnoticias.org\/site\/wp-content\/uploads\/2023\/12\/143837ministerio-diz-que-situacao-em-mina-da-braskem-em-maceio-e-de-estabilizacao-e-minimiza-chance-de-desmoronamento-generalizado-3.jpg","width":1600,"height":752},{"@type":"BreadcrumbList","@id":"https:\/\/brasilnoticias.org\/site\/ministerio-diz-que-situacao-em-mina-da-braskem-em-maceio-e-de-estabilizacao-e-minimiza-chance-de-desmoronamento-generalizado\/#breadcrumb","itemListElement":[{"@type":"ListItem","position":1,"name":"In\u00edcio","item":"https:\/\/brasilnoticias.org\/site\/"},{"@type":"ListItem","position":2,"name":"Minist\u00e9rio diz que situa\u00e7\u00e3o em mina da Braskem em Macei\u00f3 \u00e9 de estabiliza\u00e7\u00e3o e minimiza chance de desmoronamento generalizado"}]},{"@type":"WebSite","@id":"https:\/\/brasilnoticias.org\/site\/#website","url":"https:\/\/brasilnoticias.org\/site\/","name":"Brasil not\u00edcias","description":"Brasil not\u00edcias","publisher":{"@id":"https:\/\/brasilnoticias.org\/site\/#organization"},"potentialAction":[{"@type":"SearchAction","target":{"@type":"EntryPoint","urlTemplate":"https:\/\/brasilnoticias.org\/site\/?s={search_term_string}"},"query-input":{"@type":"PropertyValueSpecification","valueRequired":true,"valueName":"search_term_string"}}],"inLanguage":"pt-PT"},{"@type":"Organization","@id":"https:\/\/brasilnoticias.org\/site\/#organization","name":"Brasil not\u00edcias","url":"https:\/\/brasilnoticias.org\/site\/","logo":{"@type":"ImageObject","inLanguage":"pt-PT","@id":"https:\/\/brasilnoticias.org\/site\/#\/schema\/logo\/image\/","url":"https:\/\/brasilnoticias.org\/site\/wp-content\/uploads\/2022\/05\/cropped-brasilnoticias-mini.jpg","contentUrl":"https:\/\/brasilnoticias.org\/site\/wp-content\/uploads\/2022\/05\/cropped-brasilnoticias-mini.jpg","width":314,"height":86,"caption":"Brasil not\u00edcias"},"image":{"@id":"https:\/\/brasilnoticias.org\/site\/#\/schema\/logo\/image\/"}},{"@type":"Person","@id":"https:\/\/brasilnoticias.org\/site\/#\/schema\/person\/03bbbfe6c7634ad18c26444ea39049fa","name":"Reda\u00e7\u00e3o","image":{"@type":"ImageObject","inLanguage":"pt-PT","@id":"https:\/\/brasilnoticias.org\/site\/#\/schema\/person\/image\/","url":"https:\/\/secure.gravatar.com\/avatar\/9ecaf7327a696cb23ad926fedded5f1f04d7049de9e445375d55b48c001a6e42?s=96&d=mm&r=g","contentUrl":"https:\/\/secure.gravatar.com\/avatar\/9ecaf7327a696cb23ad926fedded5f1f04d7049de9e445375d55b48c001a6e42?s=96&d=mm&r=g","caption":"Reda\u00e7\u00e3o"},"url":"https:\/\/brasilnoticias.org\/site\/author\/henrique\/"}]}},"_links":{"self":[{"href":"https:\/\/brasilnoticias.org\/site\/wp-json\/wp\/v2\/posts\/11429","targetHints":{"allow":["GET"]}}],"collection":[{"href":"https:\/\/brasilnoticias.org\/site\/wp-json\/wp\/v2\/posts"}],"about":[{"href":"https:\/\/brasilnoticias.org\/site\/wp-json\/wp\/v2\/types\/post"}],"author":[{"embeddable":true,"href":"https:\/\/brasilnoticias.org\/site\/wp-json\/wp\/v2\/users\/4"}],"replies":[{"embeddable":true,"href":"https:\/\/brasilnoticias.org\/site\/wp-json\/wp\/v2\/comments?post=11429"}],"version-history":[{"count":1,"href":"https:\/\/brasilnoticias.org\/site\/wp-json\/wp\/v2\/posts\/11429\/revisions"}],"predecessor-version":[{"id":11432,"href":"https:\/\/brasilnoticias.org\/site\/wp-json\/wp\/v2\/posts\/11429\/revisions\/11432"}],"wp:featuredmedia":[{"embeddable":true,"href":"https:\/\/brasilnoticias.org\/site\/wp-json\/wp\/v2\/media\/11431"}],"wp:attachment":[{"href":"https:\/\/brasilnoticias.org\/site\/wp-json\/wp\/v2\/media?parent=11429"}],"wp:term":[{"taxonomy":"category","embeddable":true,"href":"https:\/\/brasilnoticias.org\/site\/wp-json\/wp\/v2\/categories?post=11429"},{"taxonomy":"post_tag","embeddable":true,"href":"https:\/\/brasilnoticias.org\/site\/wp-json\/wp\/v2\/tags?post=11429"}],"curies":[{"name":"wp","href":"https:\/\/api.w.org\/{rel}","templated":true}]}}