{"id":11443,"date":"2023-12-04T08:00:56","date_gmt":"2023-12-04T11:00:56","guid":{"rendered":"https:\/\/brasilnoticias.org\/site\/?p=11443"},"modified":"2023-12-03T21:58:44","modified_gmt":"2023-12-04T00:58:44","slug":"taxacao-de-big-techs-e-multinacionais-sao-prioridades-do-brasil-a-frente-do-g20","status":"publish","type":"post","link":"https:\/\/brasilnoticias.org\/site\/taxacao-de-big-techs-e-multinacionais-sao-prioridades-do-brasil-a-frente-do-g20\/","title":{"rendered":"Taxa\u00e7\u00e3o de Big Techs e multinacionais s\u00e3o prioridades do Brasil \u00e0 frente do G20"},"content":{"rendered":"<p>Ideia \u00e9 de que o Brasil leve \u00e0 frente esta agenda durante sua gest\u00e3o, capacitando administra\u00e7\u00f5es tribut\u00e1rias para implementar as a\u00e7\u00f5es<\/p>\n<p>Fixar uma al\u00edquota m\u00ednima para a taxa\u00e7\u00e3o de multinacionais e estabelecer novas regras para a tributa\u00e7\u00e3o de Big Techs est\u00e3o entre as prioridades do Brasil na presid\u00eancia do G20, o grupo das principais economias globais.<\/p>\n<p>Em 2021, a Organiza\u00e7\u00e3o para Coopera\u00e7\u00e3o e Desenvolvimento Econ\u00f4mico (OCDE) e o G20 constru\u00edram uma \u201csolu\u00e7\u00e3o de dois pilares\u201d para enfrentar os desafios da digitaliza\u00e7\u00e3o da economia. A ideia \u00e9 de que o Brasil leve \u00e0 frente esta agenda durante sua gest\u00e3o, capacitando administra\u00e7\u00f5es tribut\u00e1rias para implementar as a\u00e7\u00f5es.<\/p>\n<p>A secret\u00e1ria de Assuntos Internacionais do Minist\u00e9rio da Fazenda, Tatiana Rosito, explica \u00e0 CNN que o Pilar 1 define como os lucros de grandes multinacionais s\u00e3o distribu\u00eddos aos mercados consumidores. Essa \u00e9 uma quest\u00e3o relevante para as chamadas Big Techs, como Google, Meta, Amazon \u2014 que t\u00eam suas opera\u00e7\u00f5es em determinado mercado, mas s\u00e3o consumidas em outros.<\/p>\n<p>Foto: alexsl\/iStock<br \/>\nPor: Metro1<\/p>\n","protected":false},"excerpt":{"rendered":"<p>Ideia \u00e9 de que o Brasil leve \u00e0 frente esta agenda durante sua gest\u00e3o, capacitando administra\u00e7\u00f5es tribut\u00e1rias para implementar as<\/p>\n","protected":false},"author":4,"featured_media":11444,"comment_status":"open","ping_status":"open","sticky":false,"template":"","format":"standard","meta":{"colormag_page_container_layout":"default_layout","colormag_page_sidebar_layout":"default_layout","_FSMCFIC_featured_image_caption":"","_FSMCFIC_featured_image_nocaption":"","_FSMCFIC_featured_image_hide":"","footnotes":""},"categories":[5,1],"tags":[],"class_list":["post-11443","post","type-post","status-publish","format-standard","has-post-thumbnail","hentry","category-politica","category-ultimas"],"yoast_head":"<!-- This site is optimized with the Yoast SEO plugin v27.1.1 - https:\/\/yoast.com\/product\/yoast-seo-wordpress\/ -->\n<title>Taxa\u00e7\u00e3o de Big Techs e multinacionais s\u00e3o prioridades do Brasil \u00e0 frente do G20 - Brasil not\u00edcias<\/title>\n<meta name=\"robots\" content=\"index, follow, max-snippet:-1, max-image-preview:large, max-video-preview:-1\" \/>\n<link rel=\"canonical\" href=\"https:\/\/brasilnoticias.org\/site\/taxacao-de-big-techs-e-multinacionais-sao-prioridades-do-brasil-a-frente-do-g20\/\" \/>\n<meta property=\"og:locale\" content=\"pt_PT\" \/>\n<meta property=\"og:type\" content=\"article\" \/>\n<meta property=\"og:title\" content=\"Taxa\u00e7\u00e3o de Big Techs e multinacionais s\u00e3o prioridades do Brasil \u00e0 frente do G20 - Brasil not\u00edcias\" \/>\n<meta property=\"og:description\" content=\"Ideia \u00e9 de que o Brasil leve \u00e0 frente esta agenda durante sua gest\u00e3o, capacitando administra\u00e7\u00f5es tribut\u00e1rias para implementar as\" \/>\n<meta property=\"og:url\" content=\"https:\/\/brasilnoticias.org\/site\/taxacao-de-big-techs-e-multinacionais-sao-prioridades-do-brasil-a-frente-do-g20\/\" \/>\n<meta property=\"og:site_name\" content=\"Brasil not\u00edcias\" \/>\n<meta property=\"article:published_time\" content=\"2023-12-04T11:00:56+00:00\" \/>\n<meta property=\"og:image\" content=\"https:\/\/brasilnoticias.org\/site\/wp-content\/uploads\/2023\/12\/143842taxacao-de-big-techs-e-multinacionais-sao-prioridades-do-brasil-a-frente-do-g20-3.jpg\" \/>\n\t<meta property=\"og:image:width\" content=\"1600\" \/>\n\t<meta property=\"og:image:height\" content=\"752\" \/>\n\t<meta property=\"og:image:type\" content=\"image\/jpeg\" \/>\n<meta name=\"author\" content=\"Reda\u00e7\u00e3o\" \/>\n<meta name=\"twitter:card\" content=\"summary_large_image\" \/>\n<meta name=\"twitter:label1\" content=\"Escrito por\" \/>\n\t<meta name=\"twitter:data1\" content=\"Reda\u00e7\u00e3o\" \/>\n\t<meta name=\"twitter:label2\" content=\"Tempo estimado de leitura\" \/>\n\t<meta name=\"twitter:data2\" content=\"1 minuto\" \/>\n<script type=\"application\/ld+json\" class=\"yoast-schema-graph\">{\"@context\":\"https:\/\/schema.org\",\"@graph\":[{\"@type\":\"Article\",\"@id\":\"https:\/\/brasilnoticias.org\/site\/taxacao-de-big-techs-e-multinacionais-sao-prioridades-do-brasil-a-frente-do-g20\/#article\",\"isPartOf\":{\"@id\":\"https:\/\/brasilnoticias.org\/site\/taxacao-de-big-techs-e-multinacionais-sao-prioridades-do-brasil-a-frente-do-g20\/\"},\"author\":{\"name\":\"Reda\u00e7\u00e3o\",\"@id\":\"https:\/\/brasilnoticias.org\/site\/#\/schema\/person\/03bbbfe6c7634ad18c26444ea39049fa\"},\"headline\":\"Taxa\u00e7\u00e3o de Big Techs e multinacionais s\u00e3o prioridades do Brasil \u00e0 frente do G20\",\"datePublished\":\"2023-12-04T11:00:56+00:00\",\"mainEntityOfPage\":{\"@id\":\"https:\/\/brasilnoticias.org\/site\/taxacao-de-big-techs-e-multinacionais-sao-prioridades-do-brasil-a-frente-do-g20\/\"},\"wordCount\":201,\"commentCount\":0,\"publisher\":{\"@id\":\"https:\/\/brasilnoticias.org\/site\/#organization\"},\"image\":{\"@id\":\"https:\/\/brasilnoticias.org\/site\/taxacao-de-big-techs-e-multinacionais-sao-prioridades-do-brasil-a-frente-do-g20\/#primaryimage\"},\"thumbnailUrl\":\"https:\/\/brasilnoticias.org\/site\/wp-content\/uploads\/2023\/12\/143842taxacao-de-big-techs-e-multinacionais-sao-prioridades-do-brasil-a-frente-do-g20-3.jpg\",\"articleSection\":[\"Pol\u00edtica\",\"\u00daltimas\"],\"inLanguage\":\"pt-PT\",\"potentialAction\":[{\"@type\":\"CommentAction\",\"name\":\"Comment\",\"target\":[\"https:\/\/brasilnoticias.org\/site\/taxacao-de-big-techs-e-multinacionais-sao-prioridades-do-brasil-a-frente-do-g20\/#respond\"]}]},{\"@type\":\"WebPage\",\"@id\":\"https:\/\/brasilnoticias.org\/site\/taxacao-de-big-techs-e-multinacionais-sao-prioridades-do-brasil-a-frente-do-g20\/\",\"url\":\"https:\/\/brasilnoticias.org\/site\/taxacao-de-big-techs-e-multinacionais-sao-prioridades-do-brasil-a-frente-do-g20\/\",\"name\":\"Taxa\u00e7\u00e3o de Big Techs e multinacionais s\u00e3o prioridades do Brasil \u00e0 frente do G20 - Brasil not\u00edcias\",\"isPartOf\":{\"@id\":\"https:\/\/brasilnoticias.org\/site\/#website\"},\"primaryImageOfPage\":{\"@id\":\"https:\/\/brasilnoticias.org\/site\/taxacao-de-big-techs-e-multinacionais-sao-prioridades-do-brasil-a-frente-do-g20\/#primaryimage\"},\"image\":{\"@id\":\"https:\/\/brasilnoticias.org\/site\/taxacao-de-big-techs-e-multinacionais-sao-prioridades-do-brasil-a-frente-do-g20\/#primaryimage\"},\"thumbnailUrl\":\"https:\/\/brasilnoticias.org\/site\/wp-content\/uploads\/2023\/12\/143842taxacao-de-big-techs-e-multinacionais-sao-prioridades-do-brasil-a-frente-do-g20-3.jpg\",\"datePublished\":\"2023-12-04T11:00:56+00:00\",\"breadcrumb\":{\"@id\":\"https:\/\/brasilnoticias.org\/site\/taxacao-de-big-techs-e-multinacionais-sao-prioridades-do-brasil-a-frente-do-g20\/#breadcrumb\"},\"inLanguage\":\"pt-PT\",\"potentialAction\":[{\"@type\":\"ReadAction\",\"target\":[\"https:\/\/brasilnoticias.org\/site\/taxacao-de-big-techs-e-multinacionais-sao-prioridades-do-brasil-a-frente-do-g20\/\"]}]},{\"@type\":\"ImageObject\",\"inLanguage\":\"pt-PT\",\"@id\":\"https:\/\/brasilnoticias.org\/site\/taxacao-de-big-techs-e-multinacionais-sao-prioridades-do-brasil-a-frente-do-g20\/#primaryimage\",\"url\":\"https:\/\/brasilnoticias.org\/site\/wp-content\/uploads\/2023\/12\/143842taxacao-de-big-techs-e-multinacionais-sao-prioridades-do-brasil-a-frente-do-g20-3.jpg\",\"contentUrl\":\"https:\/\/brasilnoticias.org\/site\/wp-content\/uploads\/2023\/12\/143842taxacao-de-big-techs-e-multinacionais-sao-prioridades-do-brasil-a-frente-do-g20-3.jpg\",\"width\":1600,\"height\":752},{\"@type\":\"BreadcrumbList\",\"@id\":\"https:\/\/brasilnoticias.org\/site\/taxacao-de-big-techs-e-multinacionais-sao-prioridades-do-brasil-a-frente-do-g20\/#breadcrumb\",\"itemListElement\":[{\"@type\":\"ListItem\",\"position\":1,\"name\":\"In\u00edcio\",\"item\":\"https:\/\/brasilnoticias.org\/site\/\"},{\"@type\":\"ListItem\",\"position\":2,\"name\":\"Taxa\u00e7\u00e3o de Big Techs e multinacionais s\u00e3o prioridades do Brasil \u00e0 frente do G20\"}]},{\"@type\":\"WebSite\",\"@id\":\"https:\/\/brasilnoticias.org\/site\/#website\",\"url\":\"https:\/\/brasilnoticias.org\/site\/\",\"name\":\"Brasil not\u00edcias\",\"description\":\"Brasil not\u00edcias\",\"publisher\":{\"@id\":\"https:\/\/brasilnoticias.org\/site\/#organization\"},\"potentialAction\":[{\"@type\":\"SearchAction\",\"target\":{\"@type\":\"EntryPoint\",\"urlTemplate\":\"https:\/\/brasilnoticias.org\/site\/?s={search_term_string}\"},\"query-input\":{\"@type\":\"PropertyValueSpecification\",\"valueRequired\":true,\"valueName\":\"search_term_string\"}}],\"inLanguage\":\"pt-PT\"},{\"@type\":\"Organization\",\"@id\":\"https:\/\/brasilnoticias.org\/site\/#organization\",\"name\":\"Brasil not\u00edcias\",\"url\":\"https:\/\/brasilnoticias.org\/site\/\",\"logo\":{\"@type\":\"ImageObject\",\"inLanguage\":\"pt-PT\",\"@id\":\"https:\/\/brasilnoticias.org\/site\/#\/schema\/logo\/image\/\",\"url\":\"https:\/\/brasilnoticias.org\/site\/wp-content\/uploads\/2022\/05\/cropped-brasilnoticias-mini.jpg\",\"contentUrl\":\"https:\/\/brasilnoticias.org\/site\/wp-content\/uploads\/2022\/05\/cropped-brasilnoticias-mini.jpg\",\"width\":314,\"height\":86,\"caption\":\"Brasil not\u00edcias\"},\"image\":{\"@id\":\"https:\/\/brasilnoticias.org\/site\/#\/schema\/logo\/image\/\"}},{\"@type\":\"Person\",\"@id\":\"https:\/\/brasilnoticias.org\/site\/#\/schema\/person\/03bbbfe6c7634ad18c26444ea39049fa\",\"name\":\"Reda\u00e7\u00e3o\",\"image\":{\"@type\":\"ImageObject\",\"inLanguage\":\"pt-PT\",\"@id\":\"https:\/\/brasilnoticias.org\/site\/#\/schema\/person\/image\/\",\"url\":\"https:\/\/secure.gravatar.com\/avatar\/9ecaf7327a696cb23ad926fedded5f1f04d7049de9e445375d55b48c001a6e42?s=96&d=mm&r=g\",\"contentUrl\":\"https:\/\/secure.gravatar.com\/avatar\/9ecaf7327a696cb23ad926fedded5f1f04d7049de9e445375d55b48c001a6e42?s=96&d=mm&r=g\",\"caption\":\"Reda\u00e7\u00e3o\"},\"url\":\"https:\/\/brasilnoticias.org\/site\/author\/henrique\/\"}]}<\/script>\n<!-- \/ Yoast SEO plugin. -->","yoast_head_json":{"title":"Taxa\u00e7\u00e3o de Big Techs e multinacionais s\u00e3o prioridades do Brasil \u00e0 frente do G20 - Brasil not\u00edcias","robots":{"index":"index","follow":"follow","max-snippet":"max-snippet:-1","max-image-preview":"max-image-preview:large","max-video-preview":"max-video-preview:-1"},"canonical":"https:\/\/brasilnoticias.org\/site\/taxacao-de-big-techs-e-multinacionais-sao-prioridades-do-brasil-a-frente-do-g20\/","og_locale":"pt_PT","og_type":"article","og_title":"Taxa\u00e7\u00e3o de Big Techs e multinacionais s\u00e3o prioridades do Brasil \u00e0 frente do G20 - Brasil not\u00edcias","og_description":"Ideia \u00e9 de que o Brasil leve \u00e0 frente esta agenda durante sua gest\u00e3o, capacitando administra\u00e7\u00f5es tribut\u00e1rias para implementar as","og_url":"https:\/\/brasilnoticias.org\/site\/taxacao-de-big-techs-e-multinacionais-sao-prioridades-do-brasil-a-frente-do-g20\/","og_site_name":"Brasil not\u00edcias","article_published_time":"2023-12-04T11:00:56+00:00","og_image":[{"width":1600,"height":752,"url":"https:\/\/brasilnoticias.org\/site\/wp-content\/uploads\/2023\/12\/143842taxacao-de-big-techs-e-multinacionais-sao-prioridades-do-brasil-a-frente-do-g20-3.jpg","type":"image\/jpeg"}],"author":"Reda\u00e7\u00e3o","twitter_card":"summary_large_image","twitter_misc":{"Escrito por":"Reda\u00e7\u00e3o","Tempo estimado de leitura":"1 minuto"},"schema":{"@context":"https:\/\/schema.org","@graph":[{"@type":"Article","@id":"https:\/\/brasilnoticias.org\/site\/taxacao-de-big-techs-e-multinacionais-sao-prioridades-do-brasil-a-frente-do-g20\/#article","isPartOf":{"@id":"https:\/\/brasilnoticias.org\/site\/taxacao-de-big-techs-e-multinacionais-sao-prioridades-do-brasil-a-frente-do-g20\/"},"author":{"name":"Reda\u00e7\u00e3o","@id":"https:\/\/brasilnoticias.org\/site\/#\/schema\/person\/03bbbfe6c7634ad18c26444ea39049fa"},"headline":"Taxa\u00e7\u00e3o de Big Techs e multinacionais s\u00e3o prioridades do Brasil \u00e0 frente do G20","datePublished":"2023-12-04T11:00:56+00:00","mainEntityOfPage":{"@id":"https:\/\/brasilnoticias.org\/site\/taxacao-de-big-techs-e-multinacionais-sao-prioridades-do-brasil-a-frente-do-g20\/"},"wordCount":201,"commentCount":0,"publisher":{"@id":"https:\/\/brasilnoticias.org\/site\/#organization"},"image":{"@id":"https:\/\/brasilnoticias.org\/site\/taxacao-de-big-techs-e-multinacionais-sao-prioridades-do-brasil-a-frente-do-g20\/#primaryimage"},"thumbnailUrl":"https:\/\/brasilnoticias.org\/site\/wp-content\/uploads\/2023\/12\/143842taxacao-de-big-techs-e-multinacionais-sao-prioridades-do-brasil-a-frente-do-g20-3.jpg","articleSection":["Pol\u00edtica","\u00daltimas"],"inLanguage":"pt-PT","potentialAction":[{"@type":"CommentAction","name":"Comment","target":["https:\/\/brasilnoticias.org\/site\/taxacao-de-big-techs-e-multinacionais-sao-prioridades-do-brasil-a-frente-do-g20\/#respond"]}]},{"@type":"WebPage","@id":"https:\/\/brasilnoticias.org\/site\/taxacao-de-big-techs-e-multinacionais-sao-prioridades-do-brasil-a-frente-do-g20\/","url":"https:\/\/brasilnoticias.org\/site\/taxacao-de-big-techs-e-multinacionais-sao-prioridades-do-brasil-a-frente-do-g20\/","name":"Taxa\u00e7\u00e3o de Big Techs e multinacionais s\u00e3o prioridades do Brasil \u00e0 frente do G20 - Brasil not\u00edcias","isPartOf":{"@id":"https:\/\/brasilnoticias.org\/site\/#website"},"primaryImageOfPage":{"@id":"https:\/\/brasilnoticias.org\/site\/taxacao-de-big-techs-e-multinacionais-sao-prioridades-do-brasil-a-frente-do-g20\/#primaryimage"},"image":{"@id":"https:\/\/brasilnoticias.org\/site\/taxacao-de-big-techs-e-multinacionais-sao-prioridades-do-brasil-a-frente-do-g20\/#primaryimage"},"thumbnailUrl":"https:\/\/brasilnoticias.org\/site\/wp-content\/uploads\/2023\/12\/143842taxacao-de-big-techs-e-multinacionais-sao-prioridades-do-brasil-a-frente-do-g20-3.jpg","datePublished":"2023-12-04T11:00:56+00:00","breadcrumb":{"@id":"https:\/\/brasilnoticias.org\/site\/taxacao-de-big-techs-e-multinacionais-sao-prioridades-do-brasil-a-frente-do-g20\/#breadcrumb"},"inLanguage":"pt-PT","potentialAction":[{"@type":"ReadAction","target":["https:\/\/brasilnoticias.org\/site\/taxacao-de-big-techs-e-multinacionais-sao-prioridades-do-brasil-a-frente-do-g20\/"]}]},{"@type":"ImageObject","inLanguage":"pt-PT","@id":"https:\/\/brasilnoticias.org\/site\/taxacao-de-big-techs-e-multinacionais-sao-prioridades-do-brasil-a-frente-do-g20\/#primaryimage","url":"https:\/\/brasilnoticias.org\/site\/wp-content\/uploads\/2023\/12\/143842taxacao-de-big-techs-e-multinacionais-sao-prioridades-do-brasil-a-frente-do-g20-3.jpg","contentUrl":"https:\/\/brasilnoticias.org\/site\/wp-content\/uploads\/2023\/12\/143842taxacao-de-big-techs-e-multinacionais-sao-prioridades-do-brasil-a-frente-do-g20-3.jpg","width":1600,"height":752},{"@type":"BreadcrumbList","@id":"https:\/\/brasilnoticias.org\/site\/taxacao-de-big-techs-e-multinacionais-sao-prioridades-do-brasil-a-frente-do-g20\/#breadcrumb","itemListElement":[{"@type":"ListItem","position":1,"name":"In\u00edcio","item":"https:\/\/brasilnoticias.org\/site\/"},{"@type":"ListItem","position":2,"name":"Taxa\u00e7\u00e3o de Big Techs e multinacionais s\u00e3o prioridades do Brasil \u00e0 frente do G20"}]},{"@type":"WebSite","@id":"https:\/\/brasilnoticias.org\/site\/#website","url":"https:\/\/brasilnoticias.org\/site\/","name":"Brasil not\u00edcias","description":"Brasil not\u00edcias","publisher":{"@id":"https:\/\/brasilnoticias.org\/site\/#organization"},"potentialAction":[{"@type":"SearchAction","target":{"@type":"EntryPoint","urlTemplate":"https:\/\/brasilnoticias.org\/site\/?s={search_term_string}"},"query-input":{"@type":"PropertyValueSpecification","valueRequired":true,"valueName":"search_term_string"}}],"inLanguage":"pt-PT"},{"@type":"Organization","@id":"https:\/\/brasilnoticias.org\/site\/#organization","name":"Brasil not\u00edcias","url":"https:\/\/brasilnoticias.org\/site\/","logo":{"@type":"ImageObject","inLanguage":"pt-PT","@id":"https:\/\/brasilnoticias.org\/site\/#\/schema\/logo\/image\/","url":"https:\/\/brasilnoticias.org\/site\/wp-content\/uploads\/2022\/05\/cropped-brasilnoticias-mini.jpg","contentUrl":"https:\/\/brasilnoticias.org\/site\/wp-content\/uploads\/2022\/05\/cropped-brasilnoticias-mini.jpg","width":314,"height":86,"caption":"Brasil not\u00edcias"},"image":{"@id":"https:\/\/brasilnoticias.org\/site\/#\/schema\/logo\/image\/"}},{"@type":"Person","@id":"https:\/\/brasilnoticias.org\/site\/#\/schema\/person\/03bbbfe6c7634ad18c26444ea39049fa","name":"Reda\u00e7\u00e3o","image":{"@type":"ImageObject","inLanguage":"pt-PT","@id":"https:\/\/brasilnoticias.org\/site\/#\/schema\/person\/image\/","url":"https:\/\/secure.gravatar.com\/avatar\/9ecaf7327a696cb23ad926fedded5f1f04d7049de9e445375d55b48c001a6e42?s=96&d=mm&r=g","contentUrl":"https:\/\/secure.gravatar.com\/avatar\/9ecaf7327a696cb23ad926fedded5f1f04d7049de9e445375d55b48c001a6e42?s=96&d=mm&r=g","caption":"Reda\u00e7\u00e3o"},"url":"https:\/\/brasilnoticias.org\/site\/author\/henrique\/"}]}},"_links":{"self":[{"href":"https:\/\/brasilnoticias.org\/site\/wp-json\/wp\/v2\/posts\/11443","targetHints":{"allow":["GET"]}}],"collection":[{"href":"https:\/\/brasilnoticias.org\/site\/wp-json\/wp\/v2\/posts"}],"about":[{"href":"https:\/\/brasilnoticias.org\/site\/wp-json\/wp\/v2\/types\/post"}],"author":[{"embeddable":true,"href":"https:\/\/brasilnoticias.org\/site\/wp-json\/wp\/v2\/users\/4"}],"replies":[{"embeddable":true,"href":"https:\/\/brasilnoticias.org\/site\/wp-json\/wp\/v2\/comments?post=11443"}],"version-history":[{"count":1,"href":"https:\/\/brasilnoticias.org\/site\/wp-json\/wp\/v2\/posts\/11443\/revisions"}],"predecessor-version":[{"id":11445,"href":"https:\/\/brasilnoticias.org\/site\/wp-json\/wp\/v2\/posts\/11443\/revisions\/11445"}],"wp:featuredmedia":[{"embeddable":true,"href":"https:\/\/brasilnoticias.org\/site\/wp-json\/wp\/v2\/media\/11444"}],"wp:attachment":[{"href":"https:\/\/brasilnoticias.org\/site\/wp-json\/wp\/v2\/media?parent=11443"}],"wp:term":[{"taxonomy":"category","embeddable":true,"href":"https:\/\/brasilnoticias.org\/site\/wp-json\/wp\/v2\/categories?post=11443"},{"taxonomy":"post_tag","embeddable":true,"href":"https:\/\/brasilnoticias.org\/site\/wp-json\/wp\/v2\/tags?post=11443"}],"curies":[{"name":"wp","href":"https:\/\/api.w.org\/{rel}","templated":true}]}}